{"id":23736,"date":"2022-07-18T13:09:57","date_gmt":"2022-07-18T13:09:57","guid":{"rendered":"https:\/\/www.africa-press.net\/cameroun\/politique\/cameroun-40-milliards-de-fcfa-divisent-lambassadeur-francais-et-un-ministre"},"modified":"2022-07-18T15:12:29","modified_gmt":"2022-07-18T15:12:29","slug":"cameroun-40-milliards-de-fcfa-divisent-lambassadeur-francais-et-un-ministre","status":"publish","type":"post","link":"https:\/\/www.africa-press.net\/cameroun\/politique\/cameroun-40-milliards-de-fcfa-divisent-lambassadeur-francais-et-un-ministre","title":{"rendered":"Cameroun : 40 milliards de FCFA divisent l\u2019ambassadeur fran\u00e7ais et un ministre"},"content":{"rendered":"<p><span style=\"color: #ff6600\"><strong>Africa-Press &#8211; Cameroun. <\/strong><\/span>Le ministre camerounais Paul Tasong d\u00e9clare attendre le versement de cette somme promise par la France dans le cadre du Plan de reconstruction des r\u00e9gions en crise. L\u2019ambassadeur Christophe Guilhou soutient que la France en a donn\u00e9 plus.<\/p>\n<p>Entre le coordonnateur du Plan pr\u00e9sidentiel pour la reconstruction et le d\u00e9veloppement (Pprd) des r\u00e9gions du Nord-Ouest et du Sud-Ouest et l\u2019ambassadeur de France Au Cameroun, les paroles sont discordantes. Le 08 juillet 2022, \u00e0 l\u2019occasion de la quatri\u00e8me session d\u2019\u00e9valuation des 18 premiers mois du Pprd \u00e0 l\u2019auditorium des services du Premier ministre, Paul Tasong d\u00e9clare que la contribution de la France reste attendue.<\/p>\n<p>Celle-ci, annonc\u00e9e en octobre 2019 par le ministre de l\u2019Europe et des affaires \u00e9trang\u00e8res Jean-Yves Le Drian de l\u2019\u00e9poque, s\u2019\u00e9l\u00e8ve \u00e0 40 milliards de FCFA. Une d\u00e9claration qui montre que le Plan pourrait encore multiplier les r\u00e9alisations si toutes les promesses sont tenues.<\/p>\n<p>Or, cette nouvelle qui cr\u00e9e une sorte de pol\u00e9mique au sein de l\u2019opinion, ne rencontre pas l\u2019assentiment du partenaire historique du Cameroun. Par la voix de son ambassadeur, la France d\u00e9ment l\u2019information.<\/p>\n<p>\u00ab Contrairement \u00e0 ce qui a \u00e9t\u00e9 dit, la France n\u2019a jamais reni\u00e9 les engagements qui ont \u00e9t\u00e9 annonc\u00e9s par l\u2019ancien ministre de l\u2019Europe et des Affaires \u00e9trang\u00e8res, Jean-Yves Le Drian, lors de sa visite qu\u2019il a effectu\u00e9 au Cameroun en octobre 2019. Depuis sa visite, et pour les prochaines ann\u00e9es, la France aura consacr\u00e9 plus de 40 milliards de francs Cfa au d\u00e9veloppement et \u00e0 la reconstruction du NOSO. 40 milliards de CFA, la pol\u00e9mique est close \u00bb.<\/p>\n<p>Ainsi r\u00e9pond Christophe Guilhou le 14 juillet 2022 lors de la c\u00e9l\u00e9bration de la f\u00eate nationale de France \u00e0 sa r\u00e9sidence \u00e0 Yaound\u00e9. Plusieurs membres du gouvernement camerounais prenaient part \u00e0 cette c\u00e9r\u00e9monie.<\/p>\n<p>Suite \u00e0 cette r\u00e9plique, il est difficile \u00e0 pr\u00e9sent de savoir de quel c\u00f4t\u00e9 se trouve la v\u00e9rit\u00e9. N\u00e9anmoins, dans son discours de circonstance le 14 juillet dernier, l\u2019ambassadeur a \u00e9nonc\u00e9 une suite de r\u00e9alisations de la France au Cameroun.<\/p>\n<p>C\u2019est par exemple dans le secteur \u00e9ducatif, avec la signature de 30 conventions entre les instituts fran\u00e7ais et camerounais, la d\u00e9livrance de 1700 visas d\u2019\u00e9tudiants en 2020, 2500 et 2021 et 3500 en 2022 ; la r\u00e9alisation du barrage de Nachtigal (17 milliards de Fcfa) dont Proparco est le principal financier, etc.<\/p>\n<p>Pour rappel, ce d\u00e9saccord \u00e9clate au moment o\u00f9 le chef de l\u2019Etat fran\u00e7ais est annonc\u00e9 au Cameroun. Emmanuel Macron effectuera une visite de deux jours du 25 au 26 juillet 2022 \u00e0 Yaound\u00e9.<\/p>\n<p><strong>Pour plus d&rsquo;informations et d&rsquo;analyses sur la <a href=\"https:\/\/www.africa-press.net\/cameroun\">Cameroun<\/a>, suivez <a href=\"https:\/\/www.africa-press.net\/\">Africa-Press<\/a><\/strong><\/p>\n","protected":false},"excerpt":{"rendered":"<p>Africa-Press &#8211; Cameroun. Le ministre camerounais Paul Tasong d\u00e9clare attendre le versement de cette somme promise par la France dans le cadre du Plan de reconstruction des r\u00e9gions en crise. L\u2019ambassadeur Christophe Guilhou soutient que la France en a donn\u00e9 plus. Entre le coordonnateur du Plan pr\u00e9sidentiel pour la reconstruction et le d\u00e9veloppement (Pprd) des [&hellip;]<\/p>\n","protected":false},"author":82,"featured_media":23735,"comment_status":"open","ping_status":"closed","sticky":false,"template":"","format":"standard","meta":{"footnotes":""},"categories":[11,2,10],"tags":[36,50,49],"class_list":["post-23736","post","type-post","status-publish","format-standard","has-post-thumbnail","hentry","category-homepage-french","category-politique","category-toutes-les-actualites","tag-africa-press","tag-africa-press-cameroun","tag-cameroun"],"yoast_head":"<!-- This site is optimized with the Yoast SEO Premium plugin v26.1 (Yoast SEO v27.0) - https:\/\/yoast.com\/product\/yoast-seo-premium-wordpress\/ -->\n<title>Cameroun : 40 milliards de FCFA divisent l\u2019ambassadeur fran\u00e7ais et un ministre - Cameroun<\/title>\n<meta name=\"description\" content=\"Le ministre camerounais Paul Tasong d\u00e9clare attendre le versement de cette somme promise par la France dans le cadre du ...\" \/>\n<meta name=\"robots\" content=\"index, follow, max-snippet:-1, max-image-preview:large, max-video-preview:-1\" \/>\n<link rel=\"canonical\" href=\"https:\/\/www.africa-press.net\/cameroun\/politique\/cameroun-40-milliards-de-fcfa-divisent-lambassadeur-francais-et-un-ministre\" \/>\n<meta property=\"og:locale\" content=\"fr_FR\" \/>\n<meta property=\"og:type\" content=\"article\" \/>\n<meta property=\"og:title\" content=\"Cameroun : 40 milliards de FCFA divisent l\u2019ambassadeur fran\u00e7ais et un ministre\" \/>\n<meta property=\"og:description\" content=\"Le ministre camerounais Paul Tasong d\u00e9clare attendre le versement de cette somme promise par la France dans le cadre du ...\" \/>\n<meta property=\"og:url\" content=\"https:\/\/www.africa-press.net\/cameroun\/politique\/cameroun-40-milliards-de-fcfa-divisent-lambassadeur-francais-et-un-ministre\" \/>\n<meta property=\"og:site_name\" content=\"Cameroun\" \/>\n<meta property=\"article:published_time\" content=\"2022-07-18T13:09:57+00:00\" \/>\n<meta property=\"article:modified_time\" content=\"2022-07-18T15:12:29+00:00\" \/>\n<meta property=\"og:image\" content=\"https:\/\/static.africa-press.net\/cameroun\/sites\/57\/2022\/07\/img-62d5782ee3b04.jpg\" \/>\n\t<meta property=\"og:image:width\" content=\"826\" \/>\n\t<meta property=\"og:image:height\" content=\"488\" \/>\n\t<meta property=\"og:image:type\" content=\"image\/jpeg\" \/>\n<meta name=\"author\" content=\"cfeditorfr\" \/>\n<meta name=\"twitter:card\" content=\"summary_large_image\" \/>\n<meta name=\"twitter:label1\" content=\"\u00c9crit par\" \/>\n\t<meta name=\"twitter:data1\" content=\"cfeditorfr\" \/>\n\t<meta name=\"twitter:label2\" content=\"Dur\u00e9e de lecture estim\u00e9e\" \/>\n\t<meta name=\"twitter:data2\" content=\"2 minutes\" \/>\n<script type=\"application\/ld+json\" class=\"yoast-schema-graph\">{\"@context\":\"https:\/\/schema.org\",\"@graph\":[{\"@type\":\"Article\",\"@id\":\"https:\/\/www.africa-press.net\/cameroun\/politique\/cameroun-40-milliards-de-fcfa-divisent-lambassadeur-francais-et-un-ministre#article\",\"isPartOf\":{\"@id\":\"https:\/\/www.africa-press.net\/cameroun\/politique\/cameroun-40-milliards-de-fcfa-divisent-lambassadeur-francais-et-un-ministre\"},\"author\":{\"name\":\"cfeditorfr\",\"@id\":\"https:\/\/www.africa-press.net\/cameroun\/#\/schema\/person\/2b1cf3cd81a31e3cd26889ca66d677f1\"},\"headline\":\"Cameroun : 40 milliards de FCFA divisent l\u2019ambassadeur fran\u00e7ais et un ministre\",\"datePublished\":\"2022-07-18T13:09:57+00:00\",\"dateModified\":\"2022-07-18T15:12:29+00:00\",\"mainEntityOfPage\":{\"@id\":\"https:\/\/www.africa-press.net\/cameroun\/politique\/cameroun-40-milliards-de-fcfa-divisent-lambassadeur-francais-et-un-ministre\"},\"wordCount\":463,\"commentCount\":0,\"image\":{\"@id\":\"https:\/\/www.africa-press.net\/cameroun\/politique\/cameroun-40-milliards-de-fcfa-divisent-lambassadeur-francais-et-un-ministre#primaryimage\"},\"thumbnailUrl\":\"https:\/\/static.africa-press.net\/cameroun\/sites\/57\/2022\/07\/img-62d5782ee3b04.jpg\",\"keywords\":[\"Africa Press\",\"Africa Press-Cameroun\",\"Cameroun\"],\"articleSection\":[\"homepage-french\",\"Politique\",\"Toutes les actualit\u00e9s\"],\"inLanguage\":\"fr-FR\",\"potentialAction\":[{\"@type\":\"CommentAction\",\"name\":\"Comment\",\"target\":[\"https:\/\/www.africa-press.net\/cameroun\/politique\/cameroun-40-milliards-de-fcfa-divisent-lambassadeur-francais-et-un-ministre#respond\"]}]},{\"@type\":\"WebPage\",\"@id\":\"https:\/\/www.africa-press.net\/cameroun\/politique\/cameroun-40-milliards-de-fcfa-divisent-lambassadeur-francais-et-un-ministre\",\"url\":\"https:\/\/www.africa-press.net\/cameroun\/politique\/cameroun-40-milliards-de-fcfa-divisent-lambassadeur-francais-et-un-ministre\",\"name\":\"Cameroun : 40 milliards de FCFA divisent l\u2019ambassadeur fran\u00e7ais et un ministre - Cameroun\",\"isPartOf\":{\"@id\":\"https:\/\/www.africa-press.net\/cameroun\/#website\"},\"primaryImageOfPage\":{\"@id\":\"https:\/\/www.africa-press.net\/cameroun\/politique\/cameroun-40-milliards-de-fcfa-divisent-lambassadeur-francais-et-un-ministre#primaryimage\"},\"image\":{\"@id\":\"https:\/\/www.africa-press.net\/cameroun\/politique\/cameroun-40-milliards-de-fcfa-divisent-lambassadeur-francais-et-un-ministre#primaryimage\"},\"thumbnailUrl\":\"https:\/\/static.africa-press.net\/cameroun\/sites\/57\/2022\/07\/img-62d5782ee3b04.jpg\",\"datePublished\":\"2022-07-18T13:09:57+00:00\",\"dateModified\":\"2022-07-18T15:12:29+00:00\",\"author\":{\"@id\":\"https:\/\/www.africa-press.net\/cameroun\/#\/schema\/person\/2b1cf3cd81a31e3cd26889ca66d677f1\"},\"description\":\"Le ministre camerounais Paul Tasong d\u00e9clare attendre le versement de cette somme promise par la France dans le cadre du ...\",\"breadcrumb\":{\"@id\":\"https:\/\/www.africa-press.net\/cameroun\/politique\/cameroun-40-milliards-de-fcfa-divisent-lambassadeur-francais-et-un-ministre#breadcrumb\"},\"inLanguage\":\"fr-FR\",\"potentialAction\":[{\"@type\":\"ReadAction\",\"target\":[\"https:\/\/www.africa-press.net\/cameroun\/politique\/cameroun-40-milliards-de-fcfa-divisent-lambassadeur-francais-et-un-ministre\"]}]},{\"@type\":\"ImageObject\",\"inLanguage\":\"fr-FR\",\"@id\":\"https:\/\/www.africa-press.net\/cameroun\/politique\/cameroun-40-milliards-de-fcfa-divisent-lambassadeur-francais-et-un-ministre#primaryimage\",\"url\":\"https:\/\/static.africa-press.net\/cameroun\/sites\/57\/2022\/07\/img-62d5782ee3b04.jpg\",\"contentUrl\":\"https:\/\/static.africa-press.net\/cameroun\/sites\/57\/2022\/07\/img-62d5782ee3b04.jpg\",\"width\":826,\"height\":488,\"caption\":\"Cameroun : 40 milliards de FCFA divisent l\u2019ambassadeur fran\u00e7ais et un ministre\"},{\"@type\":\"BreadcrumbList\",\"@id\":\"https:\/\/www.africa-press.net\/cameroun\/politique\/cameroun-40-milliards-de-fcfa-divisent-lambassadeur-francais-et-un-ministre#breadcrumb\",\"itemListElement\":[{\"@type\":\"ListItem\",\"position\":1,\"name\":\"Accueil\",\"item\":\"https:\/\/www.africa-press.net\/cameroun\/\"},{\"@type\":\"ListItem\",\"position\":2,\"name\":\"Cameroun : 40 milliards de FCFA divisent l\u2019ambassadeur fran\u00e7ais et un ministre\"}]},{\"@type\":\"WebSite\",\"@id\":\"https:\/\/www.africa-press.net\/cameroun\/#website\",\"url\":\"https:\/\/www.africa-press.net\/cameroun\/\",\"name\":\"Cameroun\",\"description\":\"Just another Africa News Agency Sites site\",\"potentialAction\":[{\"@type\":\"SearchAction\",\"target\":{\"@type\":\"EntryPoint\",\"urlTemplate\":\"https:\/\/www.africa-press.net\/cameroun\/?s={search_term_string}\"},\"query-input\":{\"@type\":\"PropertyValueSpecification\",\"valueRequired\":true,\"valueName\":\"search_term_string\"}}],\"inLanguage\":\"fr-FR\"},{\"@type\":\"Person\",\"@id\":\"https:\/\/www.africa-press.net\/cameroun\/#\/schema\/person\/2b1cf3cd81a31e3cd26889ca66d677f1\",\"name\":\"cfeditorfr\"}]}<\/script>\n<!-- \/ Yoast SEO Premium plugin. -->","yoast_head_json":{"title":"Cameroun : 40 milliards de FCFA divisent l\u2019ambassadeur fran\u00e7ais et un ministre - Cameroun","description":"Le ministre camerounais Paul Tasong d\u00e9clare attendre le versement de cette somme promise par la France dans le cadre du ...","robots":{"index":"index","follow":"follow","max-snippet":"max-snippet:-1","max-image-preview":"max-image-preview:large","max-video-preview":"max-video-preview:-1"},"canonical":"https:\/\/www.africa-press.net\/cameroun\/politique\/cameroun-40-milliards-de-fcfa-divisent-lambassadeur-francais-et-un-ministre","og_locale":"fr_FR","og_type":"article","og_title":"Cameroun : 40 milliards de FCFA divisent l\u2019ambassadeur fran\u00e7ais et un ministre","og_description":"Le ministre camerounais Paul Tasong d\u00e9clare attendre le versement de cette somme promise par la France dans le cadre du ...","og_url":"https:\/\/www.africa-press.net\/cameroun\/politique\/cameroun-40-milliards-de-fcfa-divisent-lambassadeur-francais-et-un-ministre","og_site_name":"Cameroun","article_published_time":"2022-07-18T13:09:57+00:00","article_modified_time":"2022-07-18T15:12:29+00:00","og_image":[{"width":826,"height":488,"url":"https:\/\/static.africa-press.net\/cameroun\/sites\/57\/2022\/07\/img-62d5782ee3b04.jpg","type":"image\/jpeg"}],"author":"cfeditorfr","twitter_card":"summary_large_image","twitter_misc":{"\u00c9crit par":"cfeditorfr","Dur\u00e9e de lecture estim\u00e9e":"2 minutes"},"schema":{"@context":"https:\/\/schema.org","@graph":[{"@type":"Article","@id":"https:\/\/www.africa-press.net\/cameroun\/politique\/cameroun-40-milliards-de-fcfa-divisent-lambassadeur-francais-et-un-ministre#article","isPartOf":{"@id":"https:\/\/www.africa-press.net\/cameroun\/politique\/cameroun-40-milliards-de-fcfa-divisent-lambassadeur-francais-et-un-ministre"},"author":{"name":"cfeditorfr","@id":"https:\/\/www.africa-press.net\/cameroun\/#\/schema\/person\/2b1cf3cd81a31e3cd26889ca66d677f1"},"headline":"Cameroun : 40 milliards de FCFA divisent l\u2019ambassadeur fran\u00e7ais et un ministre","datePublished":"2022-07-18T13:09:57+00:00","dateModified":"2022-07-18T15:12:29+00:00","mainEntityOfPage":{"@id":"https:\/\/www.africa-press.net\/cameroun\/politique\/cameroun-40-milliards-de-fcfa-divisent-lambassadeur-francais-et-un-ministre"},"wordCount":463,"commentCount":0,"image":{"@id":"https:\/\/www.africa-press.net\/cameroun\/politique\/cameroun-40-milliards-de-fcfa-divisent-lambassadeur-francais-et-un-ministre#primaryimage"},"thumbnailUrl":"https:\/\/static.africa-press.net\/cameroun\/sites\/57\/2022\/07\/img-62d5782ee3b04.jpg","keywords":["Africa Press","Africa Press-Cameroun","Cameroun"],"articleSection":["homepage-french","Politique","Toutes les actualit\u00e9s"],"inLanguage":"fr-FR","potentialAction":[{"@type":"CommentAction","name":"Comment","target":["https:\/\/www.africa-press.net\/cameroun\/politique\/cameroun-40-milliards-de-fcfa-divisent-lambassadeur-francais-et-un-ministre#respond"]}]},{"@type":"WebPage","@id":"https:\/\/www.africa-press.net\/cameroun\/politique\/cameroun-40-milliards-de-fcfa-divisent-lambassadeur-francais-et-un-ministre","url":"https:\/\/www.africa-press.net\/cameroun\/politique\/cameroun-40-milliards-de-fcfa-divisent-lambassadeur-francais-et-un-ministre","name":"Cameroun : 40 milliards de FCFA divisent l\u2019ambassadeur fran\u00e7ais et un ministre - Cameroun","isPartOf":{"@id":"https:\/\/www.africa-press.net\/cameroun\/#website"},"primaryImageOfPage":{"@id":"https:\/\/www.africa-press.net\/cameroun\/politique\/cameroun-40-milliards-de-fcfa-divisent-lambassadeur-francais-et-un-ministre#primaryimage"},"image":{"@id":"https:\/\/www.africa-press.net\/cameroun\/politique\/cameroun-40-milliards-de-fcfa-divisent-lambassadeur-francais-et-un-ministre#primaryimage"},"thumbnailUrl":"https:\/\/static.africa-press.net\/cameroun\/sites\/57\/2022\/07\/img-62d5782ee3b04.jpg","datePublished":"2022-07-18T13:09:57+00:00","dateModified":"2022-07-18T15:12:29+00:00","author":{"@id":"https:\/\/www.africa-press.net\/cameroun\/#\/schema\/person\/2b1cf3cd81a31e3cd26889ca66d677f1"},"description":"Le ministre camerounais Paul Tasong d\u00e9clare attendre le versement de cette somme promise par la France dans le cadre du ...","breadcrumb":{"@id":"https:\/\/www.africa-press.net\/cameroun\/politique\/cameroun-40-milliards-de-fcfa-divisent-lambassadeur-francais-et-un-ministre#breadcrumb"},"inLanguage":"fr-FR","potentialAction":[{"@type":"ReadAction","target":["https:\/\/www.africa-press.net\/cameroun\/politique\/cameroun-40-milliards-de-fcfa-divisent-lambassadeur-francais-et-un-ministre"]}]},{"@type":"ImageObject","inLanguage":"fr-FR","@id":"https:\/\/www.africa-press.net\/cameroun\/politique\/cameroun-40-milliards-de-fcfa-divisent-lambassadeur-francais-et-un-ministre#primaryimage","url":"https:\/\/static.africa-press.net\/cameroun\/sites\/57\/2022\/07\/img-62d5782ee3b04.jpg","contentUrl":"https:\/\/static.africa-press.net\/cameroun\/sites\/57\/2022\/07\/img-62d5782ee3b04.jpg","width":826,"height":488,"caption":"Cameroun : 40 milliards de FCFA divisent l\u2019ambassadeur fran\u00e7ais et un ministre"},{"@type":"BreadcrumbList","@id":"https:\/\/www.africa-press.net\/cameroun\/politique\/cameroun-40-milliards-de-fcfa-divisent-lambassadeur-francais-et-un-ministre#breadcrumb","itemListElement":[{"@type":"ListItem","position":1,"name":"Accueil","item":"https:\/\/www.africa-press.net\/cameroun\/"},{"@type":"ListItem","position":2,"name":"Cameroun : 40 milliards de FCFA divisent l\u2019ambassadeur fran\u00e7ais et un ministre"}]},{"@type":"WebSite","@id":"https:\/\/www.africa-press.net\/cameroun\/#website","url":"https:\/\/www.africa-press.net\/cameroun\/","name":"Cameroun","description":"Just another Africa News Agency Sites site","potentialAction":[{"@type":"SearchAction","target":{"@type":"EntryPoint","urlTemplate":"https:\/\/www.africa-press.net\/cameroun\/?s={search_term_string}"},"query-input":{"@type":"PropertyValueSpecification","valueRequired":true,"valueName":"search_term_string"}}],"inLanguage":"fr-FR"},{"@type":"Person","@id":"https:\/\/www.africa-press.net\/cameroun\/#\/schema\/person\/2b1cf3cd81a31e3cd26889ca66d677f1","name":"cfeditorfr"}]}},"_links":{"self":[{"href":"https:\/\/www.africa-press.net\/cameroun\/wp-json\/wp\/v2\/posts\/23736","targetHints":{"allow":["GET"]}}],"collection":[{"href":"https:\/\/www.africa-press.net\/cameroun\/wp-json\/wp\/v2\/posts"}],"about":[{"href":"https:\/\/www.africa-press.net\/cameroun\/wp-json\/wp\/v2\/types\/post"}],"author":[{"embeddable":true,"href":"https:\/\/www.africa-press.net\/cameroun\/wp-json\/wp\/v2\/users\/82"}],"replies":[{"embeddable":true,"href":"https:\/\/www.africa-press.net\/cameroun\/wp-json\/wp\/v2\/comments?post=23736"}],"version-history":[{"count":0,"href":"https:\/\/www.africa-press.net\/cameroun\/wp-json\/wp\/v2\/posts\/23736\/revisions"}],"wp:featuredmedia":[{"embeddable":true,"href":"https:\/\/www.africa-press.net\/cameroun\/wp-json\/wp\/v2\/media\/23735"}],"wp:attachment":[{"href":"https:\/\/www.africa-press.net\/cameroun\/wp-json\/wp\/v2\/media?parent=23736"}],"wp:term":[{"taxonomy":"category","embeddable":true,"href":"https:\/\/www.africa-press.net\/cameroun\/wp-json\/wp\/v2\/categories?post=23736"},{"taxonomy":"post_tag","embeddable":true,"href":"https:\/\/www.africa-press.net\/cameroun\/wp-json\/wp\/v2\/tags?post=23736"}],"curies":[{"name":"wp","href":"https:\/\/api.w.org\/{rel}","templated":true}]}}