{"id":23742,"date":"2022-07-18T13:25:38","date_gmt":"2022-07-18T13:25:38","guid":{"rendered":"https:\/\/www.africa-press.net\/cameroun\/politique\/environnement-le-cameroun-parmi-les-15-finalistes-du-afri-plastics-challenge"},"modified":"2022-07-18T15:14:12","modified_gmt":"2022-07-18T15:14:12","slug":"environnement-le-cameroun-parmi-les-15-finalistes-du-afri-plastics-challenge","status":"publish","type":"post","link":"https:\/\/www.africa-press.net\/cameroun\/toutes-les-actualites\/environnement-le-cameroun-parmi-les-15-finalistes-du-afri-plastics-challenge","title":{"rendered":"Environnement\u00a0: le Cameroun parmi les 15 finalistes du Afri-Plastics Challenge"},"content":{"rendered":"<p><span style=\"color: #ff6600\"><strong>Africa-Press &#8211; Cameroun. <\/strong><\/span>Afri-Plastics indique que les finalistes, situ\u00e9s au Botswana, au Burkina Faso, au Cameroun, en \u00c9thiopie, au Ghana, au Kenya, au Nigeria, au S\u00e9n\u00e9gal, en Afrique du Sud et en Ouganda.<\/p>\n<p>Quinze (15) \u00e9quipes d\u2019innovateurs de toute l\u2019Afrique subsaharienne ont \u00e9t\u00e9 nomm\u00e9es finalistes du Afri-Plastics Challenge avec des solutions qui changeront \u00e0 la fois le comportement des individus et des communaut\u00e9s autour des d\u00e9chets plastiques en Afrique subsaharienne.<\/p>\n<p>Le Cameroun est en lice avec un mod\u00e8le Formation-Autonomisation-Promotion (TEP) d\u00e9velopp\u00e9 par Catharina Natang, une organisation camerounaise. Le mod\u00e8le TEP vise \u00e0 fournir une formation sur la mode durable et la mobilisation des ressources aux cr\u00e9ateurs de mode.<\/p>\n<p>Il vise \u00e9galement \u00e0 aider les cr\u00e9ateurs locaux \u00e0 comprendre la pr\u00e9sence subtile mais massive des tissus \u00e0 base de plastique dans l\u2019industrie de la mode et comment cela contribue au probl\u00e8me mondial des d\u00e9chets plastiques. Les \u00e9l\u00e8ves apprendront les alternatives non plastiques, comment y acc\u00e9der, comment recycler, \u00e9liminer correctement et s\u00e9lectionner des alternatives non plastiques.<\/p>\n<p>Le projet organisera des \u00e9v\u00e9nements annuels de mode durable pour \u00e9largir la sensibilisation du public \u00e0 la mode durable afin de r\u00e9duire le plastique qui se retrouve dans les oc\u00e9ans.<\/p>\n<p>Ces finalistes, ambassadeurs de la protection de l\u2019environnement sont charg\u00e9s de promouvoir le changement, ils d\u00e9velopperont \u00e0 cet effet, des strat\u00e9gies d\u2019engagement telles que la gamification, les incitations et la narration pour promouvoir le changement de comportement et \u00e9duquer les communaut\u00e9s. Les finalistes donnent \u00e9galement un aper\u00e7u des r\u00f4les que jouent les femmes dans la cha\u00eene de valeur.<\/p>\n<p>Ceux-ci recevront une subvention de 50 000 livres, soit environ 59 000 dollars, plus de 38 millions de FCFA pour d\u00e9velopper leurs solutions. Les finalistes seront soutenus par un portefeuille de renforcement des capacit\u00e9s d\u2019experts en la mati\u00e8re au cours des prochains mois pour d\u00e9velopper davantage leurs solutions.<\/p>\n<p>\u00ab Le probl\u00e8me de la pollution plastique marine s\u2019est rapidement d\u00e9velopp\u00e9 ces derni\u00e8res ann\u00e9es \u00bb, explique Constance Agyeman, directrice du d\u00e9veloppement international pour Challenge Works. \u00ab Il est crucial que la sensibilisation se traduise par des actions et un changement de comportement \u00e0 long terme, tant au niveau individuel que collectif \u00bb.<\/p>\n<p>Apr\u00e8s avoir travers\u00e9 la demi-finale, chaque finaliste recevra des subventions de 5 000 livres pour d\u00e9velopper ses id\u00e9es. Trois projets gagnants recevront chacun 250 000 livres, c\u2019est-\u00e0-dire environ 297 000 $, donc plus de 193 millions de FCFA en mars 2023.<\/p>\n<p><strong>Pour plus d&rsquo;informations et d&rsquo;analyses sur la <a href=\"https:\/\/www.africa-press.net\/cameroun\">Cameroun<\/a>, suivez <a href=\"https:\/\/www.africa-press.net\/\">Africa-Press<\/a><\/strong><\/p>\n","protected":false},"excerpt":{"rendered":"<p>Africa-Press &#8211; Cameroun. Afri-Plastics indique que les finalistes, situ\u00e9s au Botswana, au Burkina Faso, au Cameroun, en \u00c9thiopie, au Ghana, au Kenya, au Nigeria, au S\u00e9n\u00e9gal, en Afrique du Sud et en Ouganda. Quinze (15) \u00e9quipes d\u2019innovateurs de toute l\u2019Afrique subsaharienne ont \u00e9t\u00e9 nomm\u00e9es finalistes du Afri-Plastics Challenge avec des solutions qui changeront \u00e0 la [&hellip;]<\/p>\n","protected":false},"author":82,"featured_media":23741,"comment_status":"open","ping_status":"closed","sticky":false,"template":"","format":"standard","meta":{"footnotes":""},"categories":[21,11,10],"tags":[36,50,49],"class_list":["post-23742","post","type-post","status-publish","format-standard","has-post-thumbnail","hentry","category-communaute","category-homepage-french","category-toutes-les-actualites","tag-africa-press","tag-africa-press-cameroun","tag-cameroun"],"yoast_head":"<!-- This site is optimized with the Yoast SEO Premium plugin v26.1 (Yoast SEO v27.0) - https:\/\/yoast.com\/product\/yoast-seo-premium-wordpress\/ -->\n<title>Environnement\u00a0: le Cameroun parmi les 15 finalistes du Afri-Plastics Challenge - Cameroun<\/title>\n<meta name=\"description\" content=\"Afri-Plastics indique que les finalistes, situ\u00e9s au Botswana, au Burkina Faso, au Cameroun, en \u00c9thiopie, au Ghana, au Ke ...\" \/>\n<meta name=\"robots\" content=\"index, follow, max-snippet:-1, max-image-preview:large, max-video-preview:-1\" \/>\n<link rel=\"canonical\" href=\"https:\/\/www.africa-press.net\/cameroun\/toutes-les-actualites\/environnement-le-cameroun-parmi-les-15-finalistes-du-afri-plastics-challenge\" \/>\n<meta property=\"og:locale\" content=\"fr_FR\" \/>\n<meta property=\"og:type\" content=\"article\" \/>\n<meta property=\"og:title\" content=\"Environnement\u00a0: le Cameroun parmi les 15 finalistes du Afri-Plastics Challenge\" \/>\n<meta property=\"og:description\" content=\"Afri-Plastics indique que les finalistes, situ\u00e9s au Botswana, au Burkina Faso, au Cameroun, en \u00c9thiopie, au Ghana, au Ke ...\" \/>\n<meta property=\"og:url\" content=\"https:\/\/www.africa-press.net\/cameroun\/toutes-les-actualites\/environnement-le-cameroun-parmi-les-15-finalistes-du-afri-plastics-challenge\" \/>\n<meta property=\"og:site_name\" content=\"Cameroun\" \/>\n<meta property=\"article:published_time\" content=\"2022-07-18T13:25:38+00:00\" \/>\n<meta property=\"article:modified_time\" content=\"2022-07-18T15:14:12+00:00\" \/>\n<meta property=\"og:image\" content=\"https:\/\/static.africa-press.net\/cameroun\/sites\/57\/2022\/07\/img-62d57892b7842.jpg\" \/>\n\t<meta property=\"og:image:width\" content=\"768\" \/>\n\t<meta property=\"og:image:height\" content=\"472\" \/>\n\t<meta property=\"og:image:type\" content=\"image\/jpeg\" \/>\n<meta name=\"author\" content=\"cfeditorfr\" \/>\n<meta name=\"twitter:card\" content=\"summary_large_image\" \/>\n<meta name=\"twitter:label1\" content=\"\u00c9crit par\" \/>\n\t<meta name=\"twitter:data1\" content=\"cfeditorfr\" \/>\n\t<meta name=\"twitter:label2\" content=\"Dur\u00e9e de lecture estim\u00e9e\" \/>\n\t<meta name=\"twitter:data2\" content=\"2 minutes\" \/>\n<script type=\"application\/ld+json\" class=\"yoast-schema-graph\">{\"@context\":\"https:\/\/schema.org\",\"@graph\":[{\"@type\":\"Article\",\"@id\":\"https:\/\/www.africa-press.net\/cameroun\/toutes-les-actualites\/environnement-le-cameroun-parmi-les-15-finalistes-du-afri-plastics-challenge#article\",\"isPartOf\":{\"@id\":\"https:\/\/www.africa-press.net\/cameroun\/toutes-les-actualites\/environnement-le-cameroun-parmi-les-15-finalistes-du-afri-plastics-challenge\"},\"author\":{\"name\":\"cfeditorfr\",\"@id\":\"https:\/\/www.africa-press.net\/cameroun\/#\/schema\/person\/2b1cf3cd81a31e3cd26889ca66d677f1\"},\"headline\":\"Environnement\u00a0: le Cameroun parmi les 15 finalistes du Afri-Plastics Challenge\",\"datePublished\":\"2022-07-18T13:25:38+00:00\",\"dateModified\":\"2022-07-18T15:14:12+00:00\",\"mainEntityOfPage\":{\"@id\":\"https:\/\/www.africa-press.net\/cameroun\/toutes-les-actualites\/environnement-le-cameroun-parmi-les-15-finalistes-du-afri-plastics-challenge\"},\"wordCount\":435,\"commentCount\":0,\"image\":{\"@id\":\"https:\/\/www.africa-press.net\/cameroun\/toutes-les-actualites\/environnement-le-cameroun-parmi-les-15-finalistes-du-afri-plastics-challenge#primaryimage\"},\"thumbnailUrl\":\"https:\/\/static.africa-press.net\/cameroun\/sites\/57\/2022\/07\/img-62d57892b7842.jpg\",\"keywords\":[\"Africa Press\",\"Africa Press-Cameroun\",\"Cameroun\"],\"articleSection\":[\"Communaut\u00e9\",\"homepage-french\",\"Toutes les actualit\u00e9s\"],\"inLanguage\":\"fr-FR\",\"potentialAction\":[{\"@type\":\"CommentAction\",\"name\":\"Comment\",\"target\":[\"https:\/\/www.africa-press.net\/cameroun\/toutes-les-actualites\/environnement-le-cameroun-parmi-les-15-finalistes-du-afri-plastics-challenge#respond\"]}]},{\"@type\":\"WebPage\",\"@id\":\"https:\/\/www.africa-press.net\/cameroun\/toutes-les-actualites\/environnement-le-cameroun-parmi-les-15-finalistes-du-afri-plastics-challenge\",\"url\":\"https:\/\/www.africa-press.net\/cameroun\/toutes-les-actualites\/environnement-le-cameroun-parmi-les-15-finalistes-du-afri-plastics-challenge\",\"name\":\"Environnement\u00a0: le Cameroun parmi les 15 finalistes du Afri-Plastics Challenge - Cameroun\",\"isPartOf\":{\"@id\":\"https:\/\/www.africa-press.net\/cameroun\/#website\"},\"primaryImageOfPage\":{\"@id\":\"https:\/\/www.africa-press.net\/cameroun\/toutes-les-actualites\/environnement-le-cameroun-parmi-les-15-finalistes-du-afri-plastics-challenge#primaryimage\"},\"image\":{\"@id\":\"https:\/\/www.africa-press.net\/cameroun\/toutes-les-actualites\/environnement-le-cameroun-parmi-les-15-finalistes-du-afri-plastics-challenge#primaryimage\"},\"thumbnailUrl\":\"https:\/\/static.africa-press.net\/cameroun\/sites\/57\/2022\/07\/img-62d57892b7842.jpg\",\"datePublished\":\"2022-07-18T13:25:38+00:00\",\"dateModified\":\"2022-07-18T15:14:12+00:00\",\"author\":{\"@id\":\"https:\/\/www.africa-press.net\/cameroun\/#\/schema\/person\/2b1cf3cd81a31e3cd26889ca66d677f1\"},\"description\":\"Afri-Plastics indique que les finalistes, situ\u00e9s au Botswana, au Burkina Faso, au Cameroun, en \u00c9thiopie, au Ghana, au Ke ...\",\"breadcrumb\":{\"@id\":\"https:\/\/www.africa-press.net\/cameroun\/toutes-les-actualites\/environnement-le-cameroun-parmi-les-15-finalistes-du-afri-plastics-challenge#breadcrumb\"},\"inLanguage\":\"fr-FR\",\"potentialAction\":[{\"@type\":\"ReadAction\",\"target\":[\"https:\/\/www.africa-press.net\/cameroun\/toutes-les-actualites\/environnement-le-cameroun-parmi-les-15-finalistes-du-afri-plastics-challenge\"]}]},{\"@type\":\"ImageObject\",\"inLanguage\":\"fr-FR\",\"@id\":\"https:\/\/www.africa-press.net\/cameroun\/toutes-les-actualites\/environnement-le-cameroun-parmi-les-15-finalistes-du-afri-plastics-challenge#primaryimage\",\"url\":\"https:\/\/static.africa-press.net\/cameroun\/sites\/57\/2022\/07\/img-62d57892b7842.jpg\",\"contentUrl\":\"https:\/\/static.africa-press.net\/cameroun\/sites\/57\/2022\/07\/img-62d57892b7842.jpg\",\"width\":768,\"height\":472,\"caption\":\"Environnement\u00a0: le Cameroun parmi les 15 finalistes du Afri-Plastics Challenge\"},{\"@type\":\"BreadcrumbList\",\"@id\":\"https:\/\/www.africa-press.net\/cameroun\/toutes-les-actualites\/environnement-le-cameroun-parmi-les-15-finalistes-du-afri-plastics-challenge#breadcrumb\",\"itemListElement\":[{\"@type\":\"ListItem\",\"position\":1,\"name\":\"Accueil\",\"item\":\"https:\/\/www.africa-press.net\/cameroun\/\"},{\"@type\":\"ListItem\",\"position\":2,\"name\":\"Environnement\u00a0: le Cameroun parmi les 15 finalistes du Afri-Plastics Challenge\"}]},{\"@type\":\"WebSite\",\"@id\":\"https:\/\/www.africa-press.net\/cameroun\/#website\",\"url\":\"https:\/\/www.africa-press.net\/cameroun\/\",\"name\":\"Cameroun\",\"description\":\"Just another Africa News Agency Sites site\",\"potentialAction\":[{\"@type\":\"SearchAction\",\"target\":{\"@type\":\"EntryPoint\",\"urlTemplate\":\"https:\/\/www.africa-press.net\/cameroun\/?s={search_term_string}\"},\"query-input\":{\"@type\":\"PropertyValueSpecification\",\"valueRequired\":true,\"valueName\":\"search_term_string\"}}],\"inLanguage\":\"fr-FR\"},{\"@type\":\"Person\",\"@id\":\"https:\/\/www.africa-press.net\/cameroun\/#\/schema\/person\/2b1cf3cd81a31e3cd26889ca66d677f1\",\"name\":\"cfeditorfr\"}]}<\/script>\n<!-- \/ Yoast SEO Premium plugin. -->","yoast_head_json":{"title":"Environnement\u00a0: le Cameroun parmi les 15 finalistes du Afri-Plastics Challenge - Cameroun","description":"Afri-Plastics indique que les finalistes, situ\u00e9s au Botswana, au Burkina Faso, au Cameroun, en \u00c9thiopie, au Ghana, au Ke ...","robots":{"index":"index","follow":"follow","max-snippet":"max-snippet:-1","max-image-preview":"max-image-preview:large","max-video-preview":"max-video-preview:-1"},"canonical":"https:\/\/www.africa-press.net\/cameroun\/toutes-les-actualites\/environnement-le-cameroun-parmi-les-15-finalistes-du-afri-plastics-challenge","og_locale":"fr_FR","og_type":"article","og_title":"Environnement\u00a0: le Cameroun parmi les 15 finalistes du Afri-Plastics Challenge","og_description":"Afri-Plastics indique que les finalistes, situ\u00e9s au Botswana, au Burkina Faso, au Cameroun, en \u00c9thiopie, au Ghana, au Ke ...","og_url":"https:\/\/www.africa-press.net\/cameroun\/toutes-les-actualites\/environnement-le-cameroun-parmi-les-15-finalistes-du-afri-plastics-challenge","og_site_name":"Cameroun","article_published_time":"2022-07-18T13:25:38+00:00","article_modified_time":"2022-07-18T15:14:12+00:00","og_image":[{"width":768,"height":472,"url":"https:\/\/static.africa-press.net\/cameroun\/sites\/57\/2022\/07\/img-62d57892b7842.jpg","type":"image\/jpeg"}],"author":"cfeditorfr","twitter_card":"summary_large_image","twitter_misc":{"\u00c9crit par":"cfeditorfr","Dur\u00e9e de lecture estim\u00e9e":"2 minutes"},"schema":{"@context":"https:\/\/schema.org","@graph":[{"@type":"Article","@id":"https:\/\/www.africa-press.net\/cameroun\/toutes-les-actualites\/environnement-le-cameroun-parmi-les-15-finalistes-du-afri-plastics-challenge#article","isPartOf":{"@id":"https:\/\/www.africa-press.net\/cameroun\/toutes-les-actualites\/environnement-le-cameroun-parmi-les-15-finalistes-du-afri-plastics-challenge"},"author":{"name":"cfeditorfr","@id":"https:\/\/www.africa-press.net\/cameroun\/#\/schema\/person\/2b1cf3cd81a31e3cd26889ca66d677f1"},"headline":"Environnement\u00a0: le Cameroun parmi les 15 finalistes du Afri-Plastics Challenge","datePublished":"2022-07-18T13:25:38+00:00","dateModified":"2022-07-18T15:14:12+00:00","mainEntityOfPage":{"@id":"https:\/\/www.africa-press.net\/cameroun\/toutes-les-actualites\/environnement-le-cameroun-parmi-les-15-finalistes-du-afri-plastics-challenge"},"wordCount":435,"commentCount":0,"image":{"@id":"https:\/\/www.africa-press.net\/cameroun\/toutes-les-actualites\/environnement-le-cameroun-parmi-les-15-finalistes-du-afri-plastics-challenge#primaryimage"},"thumbnailUrl":"https:\/\/static.africa-press.net\/cameroun\/sites\/57\/2022\/07\/img-62d57892b7842.jpg","keywords":["Africa Press","Africa Press-Cameroun","Cameroun"],"articleSection":["Communaut\u00e9","homepage-french","Toutes les actualit\u00e9s"],"inLanguage":"fr-FR","potentialAction":[{"@type":"CommentAction","name":"Comment","target":["https:\/\/www.africa-press.net\/cameroun\/toutes-les-actualites\/environnement-le-cameroun-parmi-les-15-finalistes-du-afri-plastics-challenge#respond"]}]},{"@type":"WebPage","@id":"https:\/\/www.africa-press.net\/cameroun\/toutes-les-actualites\/environnement-le-cameroun-parmi-les-15-finalistes-du-afri-plastics-challenge","url":"https:\/\/www.africa-press.net\/cameroun\/toutes-les-actualites\/environnement-le-cameroun-parmi-les-15-finalistes-du-afri-plastics-challenge","name":"Environnement\u00a0: le Cameroun parmi les 15 finalistes du Afri-Plastics Challenge - Cameroun","isPartOf":{"@id":"https:\/\/www.africa-press.net\/cameroun\/#website"},"primaryImageOfPage":{"@id":"https:\/\/www.africa-press.net\/cameroun\/toutes-les-actualites\/environnement-le-cameroun-parmi-les-15-finalistes-du-afri-plastics-challenge#primaryimage"},"image":{"@id":"https:\/\/www.africa-press.net\/cameroun\/toutes-les-actualites\/environnement-le-cameroun-parmi-les-15-finalistes-du-afri-plastics-challenge#primaryimage"},"thumbnailUrl":"https:\/\/static.africa-press.net\/cameroun\/sites\/57\/2022\/07\/img-62d57892b7842.jpg","datePublished":"2022-07-18T13:25:38+00:00","dateModified":"2022-07-18T15:14:12+00:00","author":{"@id":"https:\/\/www.africa-press.net\/cameroun\/#\/schema\/person\/2b1cf3cd81a31e3cd26889ca66d677f1"},"description":"Afri-Plastics indique que les finalistes, situ\u00e9s au Botswana, au Burkina Faso, au Cameroun, en \u00c9thiopie, au Ghana, au Ke ...","breadcrumb":{"@id":"https:\/\/www.africa-press.net\/cameroun\/toutes-les-actualites\/environnement-le-cameroun-parmi-les-15-finalistes-du-afri-plastics-challenge#breadcrumb"},"inLanguage":"fr-FR","potentialAction":[{"@type":"ReadAction","target":["https:\/\/www.africa-press.net\/cameroun\/toutes-les-actualites\/environnement-le-cameroun-parmi-les-15-finalistes-du-afri-plastics-challenge"]}]},{"@type":"ImageObject","inLanguage":"fr-FR","@id":"https:\/\/www.africa-press.net\/cameroun\/toutes-les-actualites\/environnement-le-cameroun-parmi-les-15-finalistes-du-afri-plastics-challenge#primaryimage","url":"https:\/\/static.africa-press.net\/cameroun\/sites\/57\/2022\/07\/img-62d57892b7842.jpg","contentUrl":"https:\/\/static.africa-press.net\/cameroun\/sites\/57\/2022\/07\/img-62d57892b7842.jpg","width":768,"height":472,"caption":"Environnement\u00a0: le Cameroun parmi les 15 finalistes du Afri-Plastics Challenge"},{"@type":"BreadcrumbList","@id":"https:\/\/www.africa-press.net\/cameroun\/toutes-les-actualites\/environnement-le-cameroun-parmi-les-15-finalistes-du-afri-plastics-challenge#breadcrumb","itemListElement":[{"@type":"ListItem","position":1,"name":"Accueil","item":"https:\/\/www.africa-press.net\/cameroun\/"},{"@type":"ListItem","position":2,"name":"Environnement\u00a0: le Cameroun parmi les 15 finalistes du Afri-Plastics Challenge"}]},{"@type":"WebSite","@id":"https:\/\/www.africa-press.net\/cameroun\/#website","url":"https:\/\/www.africa-press.net\/cameroun\/","name":"Cameroun","description":"Just another Africa News Agency Sites site","potentialAction":[{"@type":"SearchAction","target":{"@type":"EntryPoint","urlTemplate":"https:\/\/www.africa-press.net\/cameroun\/?s={search_term_string}"},"query-input":{"@type":"PropertyValueSpecification","valueRequired":true,"valueName":"search_term_string"}}],"inLanguage":"fr-FR"},{"@type":"Person","@id":"https:\/\/www.africa-press.net\/cameroun\/#\/schema\/person\/2b1cf3cd81a31e3cd26889ca66d677f1","name":"cfeditorfr"}]}},"_links":{"self":[{"href":"https:\/\/www.africa-press.net\/cameroun\/wp-json\/wp\/v2\/posts\/23742","targetHints":{"allow":["GET"]}}],"collection":[{"href":"https:\/\/www.africa-press.net\/cameroun\/wp-json\/wp\/v2\/posts"}],"about":[{"href":"https:\/\/www.africa-press.net\/cameroun\/wp-json\/wp\/v2\/types\/post"}],"author":[{"embeddable":true,"href":"https:\/\/www.africa-press.net\/cameroun\/wp-json\/wp\/v2\/users\/82"}],"replies":[{"embeddable":true,"href":"https:\/\/www.africa-press.net\/cameroun\/wp-json\/wp\/v2\/comments?post=23742"}],"version-history":[{"count":0,"href":"https:\/\/www.africa-press.net\/cameroun\/wp-json\/wp\/v2\/posts\/23742\/revisions"}],"wp:featuredmedia":[{"embeddable":true,"href":"https:\/\/www.africa-press.net\/cameroun\/wp-json\/wp\/v2\/media\/23741"}],"wp:attachment":[{"href":"https:\/\/www.africa-press.net\/cameroun\/wp-json\/wp\/v2\/media?parent=23742"}],"wp:term":[{"taxonomy":"category","embeddable":true,"href":"https:\/\/www.africa-press.net\/cameroun\/wp-json\/wp\/v2\/categories?post=23742"},{"taxonomy":"post_tag","embeddable":true,"href":"https:\/\/www.africa-press.net\/cameroun\/wp-json\/wp\/v2\/tags?post=23742"}],"curies":[{"name":"wp","href":"https:\/\/api.w.org\/{rel}","templated":true}]}}