{"id":23766,"date":"2022-07-18T15:07:54","date_gmt":"2022-07-18T15:07:54","guid":{"rendered":"https:\/\/www.africa-press.net\/cameroun\/politique\/covidgate-letat-porte-plainte-manaouda-malachie-inconsolable"},"modified":"2022-07-18T15:31:06","modified_gmt":"2022-07-18T15:31:06","slug":"covidgate-letat-porte-plainte-manaouda-malachie-inconsolable","status":"publish","type":"post","link":"https:\/\/www.africa-press.net\/cameroun\/politique\/covidgate-letat-porte-plainte-manaouda-malachie-inconsolable","title":{"rendered":"CovidGate : l\u2019Etat porte plainte, Manaouda Malachie inconsolable"},"content":{"rendered":"<p><span style=\"color: #ff6600\"><strong>Africa-Press &#8211; Cameroun. <\/strong><\/span>Selon le pr\u00e9sident de la Conac, le rapport d\u2019audit transmis au ministre en charge de la Justice par le procureur g\u00e9n\u00e9ral pr\u00e8s la cour supr\u00eame vaut plainte au nom de l\u2019Etat.<\/p>\n<p>L\u2019annonce est de Dieudonn\u00e9 Massi Gams, pr\u00e9sident de la commission nationale anti-corruption (Conac). Selon le pr\u00e9sident de cette institution de lutte contre la corruption en effet, \u00ab au Cameroun, personne ne l\u2019ignore, la gestion de la riposte contre la Covid- 19 a fait l\u2019objet d\u2019un audit conduit par la chambre des comptes, de la cour supr\u00eame \u00bb.<\/p>\n<p>Attention ! Fait observer le pr\u00e9sident de la Conac, \u00e0 ce sujet, il convient de rappeler que la loi no 2003\/005 du 21 avril 2003 fixant les attributions, l\u2019organisation et le fonctionnement de la chambre des comptes de la cour supr\u00eame, en son article 37, dit clairement que, \u00ab si l\u2019instruction ou l\u2019examen des comptes fait appara\u00eetre des faits susceptibles de constituer des infractions \u00e0 la loi p\u00e9nale, le dossier est transmis au ministre de la Justice par le procureur g\u00e9n\u00e9ral pr\u00e8s la cour supr\u00eame \u00bb.<\/p>\n<p>Et Dieudonn\u00e9 Massi Gams d\u2019avertir, \u00ab cette transmission vaut plainte au nom de l\u2019Etat \u00bb. D\u2019ailleurs, la 6\u00e8 \u00e9dition de la journ\u00e9e africaine de lutte contre la corruption s\u2019est c\u00e9l\u00e9br\u00e9 le 11 juillet 2022 sous le th\u00e8me : \u00ab Strat\u00e9gies et m\u00e9canismes pour une gestion transparente des fonds destin\u00e9s \u00e0 la Covid-19 \u00bb.<\/p>\n<p>R\u00e9f\u00e9rentiels du Commonwealth<\/p>\n<p>Le pr\u00e9sident de la commission nationale anti-corruption s\u2019exprimait sur le sujet jeudi, 14 juillet 2022 \u00e0 Ebolowa \u00e0 l\u2019occasion de la comm\u00e9moration de la 6\u00e8 \u00e9dition de la journ\u00e9e africaine de lutte contre la corruption. Une comm\u00e9moration ayant donn\u00e9 lieu \u00e0 la tenue d\u2019un atelier de formation des pr\u00e9sidents des cellules de lutte contre la corruption aux r\u00e9f\u00e9rentiels du Commonwealth sur la lutte contre la corruption.<\/p>\n<p>Des r\u00e9f\u00e9rentiels \u00e9labor\u00e9s en collaboration avec l\u2019Union africaine, le Fonds mon\u00e9taire international, l\u2019Office des Nations unies contre la drogue et le crime, ainsi que les agences nationales de lutte contre la corruption.<\/p>\n<p>Lesdits r\u00e9f\u00e9rentiels \u00e9tant reconnus comme de bonnes pratiques en mati\u00e8re de lutte contre la corruption au Cameroun. D\u2019oU l\u2019objectif g\u00e9n\u00e9ral de l\u2019atelier de formation d\u2019Ebolowa \u00e0 savoir, impr\u00e9gner les participants de ces bonnes pratiques afin qu\u2019ils s\u2019en inspirent dans l\u2019accomplissement de leurs missions de contribuer \u00e0 la lutte contre la corruption au Cameroun.<\/p>\n<p>A titre de rappel, la comm\u00e9moration de la journ\u00e9e africaine de lutte contre la corruption, en m\u00e9moire de l\u2019adoption par l\u2019Union Africaine le 11 juillet 2003 \u00e0 Maputo, au Mozambique, de la convention Africaine sur la pr\u00e9vention et la lutte contre la corruption \u00e9tant une occasion pour les citoyens et les agences nationales de lutte contre la corruption d\u2019exhorter les Etats membres de l\u2019Union Africaine \u00e0 la mise en \u0153uvre effective de ladite convention.<\/p>\n<p><strong>Pour plus d&rsquo;informations et d&rsquo;analyses sur la <a href=\"https:\/\/www.africa-press.net\/cameroun\">Cameroun<\/a>, suivez <a href=\"https:\/\/www.africa-press.net\/\">Africa-Press<\/a><\/strong><\/p>\n","protected":false},"excerpt":{"rendered":"<p>Africa-Press &#8211; Cameroun. Selon le pr\u00e9sident de la Conac, le rapport d\u2019audit transmis au ministre en charge de la Justice par le procureur g\u00e9n\u00e9ral pr\u00e8s la cour supr\u00eame vaut plainte au nom de l\u2019Etat. L\u2019annonce est de Dieudonn\u00e9 Massi Gams, pr\u00e9sident de la commission nationale anti-corruption (Conac). Selon le pr\u00e9sident de cette institution de lutte [&hellip;]<\/p>\n","protected":false},"author":82,"featured_media":23765,"comment_status":"open","ping_status":"closed","sticky":false,"template":"","format":"standard","meta":{"footnotes":""},"categories":[11,2,10],"tags":[36,50,49],"class_list":["post-23766","post","type-post","status-publish","format-standard","has-post-thumbnail","hentry","category-homepage-french","category-politique","category-toutes-les-actualites","tag-africa-press","tag-africa-press-cameroun","tag-cameroun"],"yoast_head":"<!-- This site is optimized with the Yoast SEO Premium plugin v26.1 (Yoast SEO v27.0) - https:\/\/yoast.com\/product\/yoast-seo-premium-wordpress\/ -->\n<title>CovidGate : l\u2019Etat porte plainte, Manaouda Malachie inconsolable - Cameroun<\/title>\n<meta name=\"description\" content=\"Selon le pr\u00e9sident de la Conac, le rapport d\u2019audit transmis au ministre en charge de la Justice par le procureur g\u00e9n\u00e9ral ...\" \/>\n<meta name=\"robots\" content=\"index, follow, max-snippet:-1, max-image-preview:large, max-video-preview:-1\" \/>\n<link rel=\"canonical\" href=\"https:\/\/www.africa-press.net\/cameroun\/politique\/covidgate-letat-porte-plainte-manaouda-malachie-inconsolable\" \/>\n<meta property=\"og:locale\" content=\"fr_FR\" \/>\n<meta property=\"og:type\" content=\"article\" \/>\n<meta property=\"og:title\" content=\"CovidGate : l\u2019Etat porte plainte, Manaouda Malachie inconsolable\" \/>\n<meta property=\"og:description\" content=\"Selon le pr\u00e9sident de la Conac, le rapport d\u2019audit transmis au ministre en charge de la Justice par le procureur g\u00e9n\u00e9ral ...\" \/>\n<meta property=\"og:url\" content=\"https:\/\/www.africa-press.net\/cameroun\/politique\/covidgate-letat-porte-plainte-manaouda-malachie-inconsolable\" \/>\n<meta property=\"og:site_name\" content=\"Cameroun\" \/>\n<meta property=\"article:published_time\" content=\"2022-07-18T15:07:54+00:00\" \/>\n<meta property=\"article:modified_time\" content=\"2022-07-18T15:31:06+00:00\" \/>\n<meta property=\"og:image\" content=\"https:\/\/static.africa-press.net\/cameroun\/sites\/57\/2022\/07\/postQueueImg_1-62d57c6aeb8eb.jpg\" \/>\n\t<meta property=\"og:image:width\" content=\"600\" \/>\n\t<meta property=\"og:image:height\" content=\"302\" \/>\n\t<meta property=\"og:image:type\" content=\"image\/jpeg\" \/>\n<meta name=\"author\" content=\"cfeditorfr\" \/>\n<meta name=\"twitter:card\" content=\"summary_large_image\" \/>\n<meta name=\"twitter:label1\" content=\"\u00c9crit par\" \/>\n\t<meta name=\"twitter:data1\" content=\"cfeditorfr\" \/>\n\t<meta name=\"twitter:label2\" content=\"Dur\u00e9e de lecture estim\u00e9e\" \/>\n\t<meta name=\"twitter:data2\" content=\"3 minutes\" \/>\n<script type=\"application\/ld+json\" class=\"yoast-schema-graph\">{\"@context\":\"https:\/\/schema.org\",\"@graph\":[{\"@type\":\"Article\",\"@id\":\"https:\/\/www.africa-press.net\/cameroun\/politique\/covidgate-letat-porte-plainte-manaouda-malachie-inconsolable#article\",\"isPartOf\":{\"@id\":\"https:\/\/www.africa-press.net\/cameroun\/politique\/covidgate-letat-porte-plainte-manaouda-malachie-inconsolable\"},\"author\":{\"name\":\"cfeditorfr\",\"@id\":\"https:\/\/www.africa-press.net\/cameroun\/#\/schema\/person\/2b1cf3cd81a31e3cd26889ca66d677f1\"},\"headline\":\"CovidGate : l\u2019Etat porte plainte, Manaouda Malachie inconsolable\",\"datePublished\":\"2022-07-18T15:07:54+00:00\",\"dateModified\":\"2022-07-18T15:31:06+00:00\",\"mainEntityOfPage\":{\"@id\":\"https:\/\/www.africa-press.net\/cameroun\/politique\/covidgate-letat-porte-plainte-manaouda-malachie-inconsolable\"},\"wordCount\":520,\"commentCount\":0,\"image\":{\"@id\":\"https:\/\/www.africa-press.net\/cameroun\/politique\/covidgate-letat-porte-plainte-manaouda-malachie-inconsolable#primaryimage\"},\"thumbnailUrl\":\"https:\/\/static.africa-press.net\/cameroun\/sites\/57\/2022\/07\/postQueueImg_1-62d57c6aeb8eb.jpg\",\"keywords\":[\"Africa Press\",\"Africa Press-Cameroun\",\"Cameroun\"],\"articleSection\":[\"homepage-french\",\"Politique\",\"Toutes les actualit\u00e9s\"],\"inLanguage\":\"fr-FR\",\"potentialAction\":[{\"@type\":\"CommentAction\",\"name\":\"Comment\",\"target\":[\"https:\/\/www.africa-press.net\/cameroun\/politique\/covidgate-letat-porte-plainte-manaouda-malachie-inconsolable#respond\"]}]},{\"@type\":\"WebPage\",\"@id\":\"https:\/\/www.africa-press.net\/cameroun\/politique\/covidgate-letat-porte-plainte-manaouda-malachie-inconsolable\",\"url\":\"https:\/\/www.africa-press.net\/cameroun\/politique\/covidgate-letat-porte-plainte-manaouda-malachie-inconsolable\",\"name\":\"CovidGate : l\u2019Etat porte plainte, Manaouda Malachie inconsolable - Cameroun\",\"isPartOf\":{\"@id\":\"https:\/\/www.africa-press.net\/cameroun\/#website\"},\"primaryImageOfPage\":{\"@id\":\"https:\/\/www.africa-press.net\/cameroun\/politique\/covidgate-letat-porte-plainte-manaouda-malachie-inconsolable#primaryimage\"},\"image\":{\"@id\":\"https:\/\/www.africa-press.net\/cameroun\/politique\/covidgate-letat-porte-plainte-manaouda-malachie-inconsolable#primaryimage\"},\"thumbnailUrl\":\"https:\/\/static.africa-press.net\/cameroun\/sites\/57\/2022\/07\/postQueueImg_1-62d57c6aeb8eb.jpg\",\"datePublished\":\"2022-07-18T15:07:54+00:00\",\"dateModified\":\"2022-07-18T15:31:06+00:00\",\"author\":{\"@id\":\"https:\/\/www.africa-press.net\/cameroun\/#\/schema\/person\/2b1cf3cd81a31e3cd26889ca66d677f1\"},\"description\":\"Selon le pr\u00e9sident de la Conac, le rapport d\u2019audit transmis au ministre en charge de la Justice par le procureur g\u00e9n\u00e9ral ...\",\"breadcrumb\":{\"@id\":\"https:\/\/www.africa-press.net\/cameroun\/politique\/covidgate-letat-porte-plainte-manaouda-malachie-inconsolable#breadcrumb\"},\"inLanguage\":\"fr-FR\",\"potentialAction\":[{\"@type\":\"ReadAction\",\"target\":[\"https:\/\/www.africa-press.net\/cameroun\/politique\/covidgate-letat-porte-plainte-manaouda-malachie-inconsolable\"]}]},{\"@type\":\"ImageObject\",\"inLanguage\":\"fr-FR\",\"@id\":\"https:\/\/www.africa-press.net\/cameroun\/politique\/covidgate-letat-porte-plainte-manaouda-malachie-inconsolable#primaryimage\",\"url\":\"https:\/\/static.africa-press.net\/cameroun\/sites\/57\/2022\/07\/postQueueImg_1-62d57c6aeb8eb.jpg\",\"contentUrl\":\"https:\/\/static.africa-press.net\/cameroun\/sites\/57\/2022\/07\/postQueueImg_1-62d57c6aeb8eb.jpg\",\"width\":600,\"height\":302,\"caption\":\"CovidGate : l\u2019Etat porte plainte, Manaouda Malachie inconsolable\"},{\"@type\":\"BreadcrumbList\",\"@id\":\"https:\/\/www.africa-press.net\/cameroun\/politique\/covidgate-letat-porte-plainte-manaouda-malachie-inconsolable#breadcrumb\",\"itemListElement\":[{\"@type\":\"ListItem\",\"position\":1,\"name\":\"Accueil\",\"item\":\"https:\/\/www.africa-press.net\/cameroun\/\"},{\"@type\":\"ListItem\",\"position\":2,\"name\":\"CovidGate : l\u2019Etat porte plainte, Manaouda Malachie inconsolable\"}]},{\"@type\":\"WebSite\",\"@id\":\"https:\/\/www.africa-press.net\/cameroun\/#website\",\"url\":\"https:\/\/www.africa-press.net\/cameroun\/\",\"name\":\"Cameroun\",\"description\":\"Just another Africa News Agency Sites site\",\"potentialAction\":[{\"@type\":\"SearchAction\",\"target\":{\"@type\":\"EntryPoint\",\"urlTemplate\":\"https:\/\/www.africa-press.net\/cameroun\/?s={search_term_string}\"},\"query-input\":{\"@type\":\"PropertyValueSpecification\",\"valueRequired\":true,\"valueName\":\"search_term_string\"}}],\"inLanguage\":\"fr-FR\"},{\"@type\":\"Person\",\"@id\":\"https:\/\/www.africa-press.net\/cameroun\/#\/schema\/person\/2b1cf3cd81a31e3cd26889ca66d677f1\",\"name\":\"cfeditorfr\"}]}<\/script>\n<!-- \/ Yoast SEO Premium plugin. -->","yoast_head_json":{"title":"CovidGate : l\u2019Etat porte plainte, Manaouda Malachie inconsolable - Cameroun","description":"Selon le pr\u00e9sident de la Conac, le rapport d\u2019audit transmis au ministre en charge de la Justice par le procureur g\u00e9n\u00e9ral ...","robots":{"index":"index","follow":"follow","max-snippet":"max-snippet:-1","max-image-preview":"max-image-preview:large","max-video-preview":"max-video-preview:-1"},"canonical":"https:\/\/www.africa-press.net\/cameroun\/politique\/covidgate-letat-porte-plainte-manaouda-malachie-inconsolable","og_locale":"fr_FR","og_type":"article","og_title":"CovidGate : l\u2019Etat porte plainte, Manaouda Malachie inconsolable","og_description":"Selon le pr\u00e9sident de la Conac, le rapport d\u2019audit transmis au ministre en charge de la Justice par le procureur g\u00e9n\u00e9ral ...","og_url":"https:\/\/www.africa-press.net\/cameroun\/politique\/covidgate-letat-porte-plainte-manaouda-malachie-inconsolable","og_site_name":"Cameroun","article_published_time":"2022-07-18T15:07:54+00:00","article_modified_time":"2022-07-18T15:31:06+00:00","og_image":[{"width":600,"height":302,"url":"https:\/\/static.africa-press.net\/cameroun\/sites\/57\/2022\/07\/postQueueImg_1-62d57c6aeb8eb.jpg","type":"image\/jpeg"}],"author":"cfeditorfr","twitter_card":"summary_large_image","twitter_misc":{"\u00c9crit par":"cfeditorfr","Dur\u00e9e de lecture estim\u00e9e":"3 minutes"},"schema":{"@context":"https:\/\/schema.org","@graph":[{"@type":"Article","@id":"https:\/\/www.africa-press.net\/cameroun\/politique\/covidgate-letat-porte-plainte-manaouda-malachie-inconsolable#article","isPartOf":{"@id":"https:\/\/www.africa-press.net\/cameroun\/politique\/covidgate-letat-porte-plainte-manaouda-malachie-inconsolable"},"author":{"name":"cfeditorfr","@id":"https:\/\/www.africa-press.net\/cameroun\/#\/schema\/person\/2b1cf3cd81a31e3cd26889ca66d677f1"},"headline":"CovidGate : l\u2019Etat porte plainte, Manaouda Malachie inconsolable","datePublished":"2022-07-18T15:07:54+00:00","dateModified":"2022-07-18T15:31:06+00:00","mainEntityOfPage":{"@id":"https:\/\/www.africa-press.net\/cameroun\/politique\/covidgate-letat-porte-plainte-manaouda-malachie-inconsolable"},"wordCount":520,"commentCount":0,"image":{"@id":"https:\/\/www.africa-press.net\/cameroun\/politique\/covidgate-letat-porte-plainte-manaouda-malachie-inconsolable#primaryimage"},"thumbnailUrl":"https:\/\/static.africa-press.net\/cameroun\/sites\/57\/2022\/07\/postQueueImg_1-62d57c6aeb8eb.jpg","keywords":["Africa Press","Africa Press-Cameroun","Cameroun"],"articleSection":["homepage-french","Politique","Toutes les actualit\u00e9s"],"inLanguage":"fr-FR","potentialAction":[{"@type":"CommentAction","name":"Comment","target":["https:\/\/www.africa-press.net\/cameroun\/politique\/covidgate-letat-porte-plainte-manaouda-malachie-inconsolable#respond"]}]},{"@type":"WebPage","@id":"https:\/\/www.africa-press.net\/cameroun\/politique\/covidgate-letat-porte-plainte-manaouda-malachie-inconsolable","url":"https:\/\/www.africa-press.net\/cameroun\/politique\/covidgate-letat-porte-plainte-manaouda-malachie-inconsolable","name":"CovidGate : l\u2019Etat porte plainte, Manaouda Malachie inconsolable - Cameroun","isPartOf":{"@id":"https:\/\/www.africa-press.net\/cameroun\/#website"},"primaryImageOfPage":{"@id":"https:\/\/www.africa-press.net\/cameroun\/politique\/covidgate-letat-porte-plainte-manaouda-malachie-inconsolable#primaryimage"},"image":{"@id":"https:\/\/www.africa-press.net\/cameroun\/politique\/covidgate-letat-porte-plainte-manaouda-malachie-inconsolable#primaryimage"},"thumbnailUrl":"https:\/\/static.africa-press.net\/cameroun\/sites\/57\/2022\/07\/postQueueImg_1-62d57c6aeb8eb.jpg","datePublished":"2022-07-18T15:07:54+00:00","dateModified":"2022-07-18T15:31:06+00:00","author":{"@id":"https:\/\/www.africa-press.net\/cameroun\/#\/schema\/person\/2b1cf3cd81a31e3cd26889ca66d677f1"},"description":"Selon le pr\u00e9sident de la Conac, le rapport d\u2019audit transmis au ministre en charge de la Justice par le procureur g\u00e9n\u00e9ral ...","breadcrumb":{"@id":"https:\/\/www.africa-press.net\/cameroun\/politique\/covidgate-letat-porte-plainte-manaouda-malachie-inconsolable#breadcrumb"},"inLanguage":"fr-FR","potentialAction":[{"@type":"ReadAction","target":["https:\/\/www.africa-press.net\/cameroun\/politique\/covidgate-letat-porte-plainte-manaouda-malachie-inconsolable"]}]},{"@type":"ImageObject","inLanguage":"fr-FR","@id":"https:\/\/www.africa-press.net\/cameroun\/politique\/covidgate-letat-porte-plainte-manaouda-malachie-inconsolable#primaryimage","url":"https:\/\/static.africa-press.net\/cameroun\/sites\/57\/2022\/07\/postQueueImg_1-62d57c6aeb8eb.jpg","contentUrl":"https:\/\/static.africa-press.net\/cameroun\/sites\/57\/2022\/07\/postQueueImg_1-62d57c6aeb8eb.jpg","width":600,"height":302,"caption":"CovidGate : l\u2019Etat porte plainte, Manaouda Malachie inconsolable"},{"@type":"BreadcrumbList","@id":"https:\/\/www.africa-press.net\/cameroun\/politique\/covidgate-letat-porte-plainte-manaouda-malachie-inconsolable#breadcrumb","itemListElement":[{"@type":"ListItem","position":1,"name":"Accueil","item":"https:\/\/www.africa-press.net\/cameroun\/"},{"@type":"ListItem","position":2,"name":"CovidGate : l\u2019Etat porte plainte, Manaouda Malachie inconsolable"}]},{"@type":"WebSite","@id":"https:\/\/www.africa-press.net\/cameroun\/#website","url":"https:\/\/www.africa-press.net\/cameroun\/","name":"Cameroun","description":"Just another Africa News Agency Sites site","potentialAction":[{"@type":"SearchAction","target":{"@type":"EntryPoint","urlTemplate":"https:\/\/www.africa-press.net\/cameroun\/?s={search_term_string}"},"query-input":{"@type":"PropertyValueSpecification","valueRequired":true,"valueName":"search_term_string"}}],"inLanguage":"fr-FR"},{"@type":"Person","@id":"https:\/\/www.africa-press.net\/cameroun\/#\/schema\/person\/2b1cf3cd81a31e3cd26889ca66d677f1","name":"cfeditorfr"}]}},"_links":{"self":[{"href":"https:\/\/www.africa-press.net\/cameroun\/wp-json\/wp\/v2\/posts\/23766","targetHints":{"allow":["GET"]}}],"collection":[{"href":"https:\/\/www.africa-press.net\/cameroun\/wp-json\/wp\/v2\/posts"}],"about":[{"href":"https:\/\/www.africa-press.net\/cameroun\/wp-json\/wp\/v2\/types\/post"}],"author":[{"embeddable":true,"href":"https:\/\/www.africa-press.net\/cameroun\/wp-json\/wp\/v2\/users\/82"}],"replies":[{"embeddable":true,"href":"https:\/\/www.africa-press.net\/cameroun\/wp-json\/wp\/v2\/comments?post=23766"}],"version-history":[{"count":0,"href":"https:\/\/www.africa-press.net\/cameroun\/wp-json\/wp\/v2\/posts\/23766\/revisions"}],"wp:featuredmedia":[{"embeddable":true,"href":"https:\/\/www.africa-press.net\/cameroun\/wp-json\/wp\/v2\/media\/23765"}],"wp:attachment":[{"href":"https:\/\/www.africa-press.net\/cameroun\/wp-json\/wp\/v2\/media?parent=23766"}],"wp:term":[{"taxonomy":"category","embeddable":true,"href":"https:\/\/www.africa-press.net\/cameroun\/wp-json\/wp\/v2\/categories?post=23766"},{"taxonomy":"post_tag","embeddable":true,"href":"https:\/\/www.africa-press.net\/cameroun\/wp-json\/wp\/v2\/tags?post=23766"}],"curies":[{"name":"wp","href":"https:\/\/api.w.org\/{rel}","templated":true}]}}