{"id":23769,"date":"2022-07-18T15:09:41","date_gmt":"2022-07-18T15:09:41","guid":{"rendered":"https:\/\/www.africa-press.net\/cameroun\/politique\/revelations-le-president-francais-emmanuel-macron-detient-les-cles-du-remaniement-ministeriel"},"modified":"2022-07-18T15:32:05","modified_gmt":"2022-07-18T15:32:05","slug":"revelations-le-president-francais-emmanuel-macron-detient-les-cles-du-remaniement-ministeriel","status":"publish","type":"post","link":"https:\/\/www.africa-press.net\/cameroun\/politique\/revelations-le-president-francais-emmanuel-macron-detient-les-cles-du-remaniement-ministeriel","title":{"rendered":"R\u00e9v\u00e9lations : le pr\u00e9sident fran\u00e7ais, Emmanuel Macron d\u00e9tient les cl\u00e9s du remaniement minist\u00e9riel"},"content":{"rendered":"<p><span style=\"color: #ff6600\"><strong>Africa-Press &#8211; Cameroun. <\/strong><\/span>La venue du pr\u00e9sident fran\u00e7ais Emmanuel Macron au Cameroun n&rsquo;est plus un secret. M\u00eame si le r\u00e9gime de Yaound\u00e9 n&rsquo;en parle pas encore, les m\u00e9dias fran\u00e7ais en font une actualit\u00e9 depuis quelques jours.<\/p>\n<p>Le Pr\u00e9sident Emmanuel Macron se rendra au Cameroun le 26 juillet 2022. Il sera accompagn\u00e9 par une forte et puissante d\u00e9l\u00e9gation compos\u00e9e de Catherine Colonna, ministre des Affaires europ\u00e9ennes et \u00e9trang\u00e8res, Alexis Kohler, secr\u00e9taire g\u00e9n\u00e9ral de l\u2019\u00c9lys\u00e9e, Franck Paris, conseiller Afrique du pr\u00e9sident de la R\u00e9publique et Christophe Bigot, directeur Afrique du minist\u00e8re des Affaires europ\u00e9ennes et \u00e9trang\u00e8res.<\/p>\n<p>Cependant, ce qu&rsquo;on ignore que le remaniement minist\u00e9riel tant attend a Cameroun soit li\u00e9 \u00e0 sa venue. En effet, d&rsquo;apr\u00e8s le Journal Sans D\u00e9tour de ce lundi 18 Juillet 2022, un vent de remaniement minist\u00e9riel souffle sur Etoudi avant la visite d&rsquo;Emmanuel Macron. Le pr\u00e9sident fran\u00e7ais serait donc le d\u00e9clic qu&rsquo;il fallait \u00e0 Paul Biya pour que le remaniement se fasse.<\/p>\n<p>Au programme, des audiences avec des acteurs cl\u00e9 de la politique camerounaise. Apr\u00e8s Paul Biya, on apprend que le pr\u00e9sident fran\u00e7ais va recevoir en audience 3 leaders d&rsquo;opposition.<\/p>\n<p>Il s&rsquo;agit notamment de Maurice Kamto, le pr\u00e9sident national du Mouvement pour la renaissance du Cameroun, Cabral Libii, le pr\u00e9sident national du Parti camerounais pour la r\u00e9conciliation nationale, mais aussi Fru Ndi, le pr\u00e9sident national du Social democartic front (Sdf).<\/p>\n<p>Au menu des \u00e9changes entre les deux pr\u00e9sidents, on \u00e9voque des questions politiques et des enjeux s\u00e9curitaires dont la crise anglophone et la menace de Boko Haram dans le nord du Cameroun. La question de la s\u00e9curit\u00e9 alimentaire s&rsquo;invite \u00e9galement au menu des discussions.<\/p>\n<p>Aussi, l&rsquo;affaire Michel-Thierry Atangana peut \u00eatre \u00e9voqu\u00e9e, informe le m\u00e9dia fran\u00e7ais. \u00ab Un retournement de situation que l\u2019ing\u00e9nieur, citoyen d\u2019honneur de Saint-Pol-de-L\u00e9on (Finist\u00e8re), n\u2019esp\u00e9rait plus. Il esp\u00e8re \u00eatre reconnu comme victime par le pays camerounais \u00bb, a-t-il ajout\u00e9.<\/p>\n<p>Il faut rappeler que c&rsquo;est la premi\u00e8re visite d&rsquo;Emmanuel Macron en Afrique apr\u00e8s sa r\u00e9\u00e9lection \u00e0 la t\u00eate de la magistrature supr\u00eame de la France. Apr\u00e8s Yaound\u00e9, le pr\u00e9sident fran\u00e7ais mettra le cap sur le B\u00e9nin.<\/p>\n<p><strong>Pour plus d&rsquo;informations et d&rsquo;analyses sur la <a href=\"https:\/\/www.africa-press.net\/cameroun\">Cameroun<\/a>, suivez <a href=\"https:\/\/www.africa-press.net\/\">Africa-Press<\/a><\/strong><\/p>\n","protected":false},"excerpt":{"rendered":"<p>Africa-Press &#8211; Cameroun. La venue du pr\u00e9sident fran\u00e7ais Emmanuel Macron au Cameroun n&rsquo;est plus un secret. M\u00eame si le r\u00e9gime de Yaound\u00e9 n&rsquo;en parle pas encore, les m\u00e9dias fran\u00e7ais en font une actualit\u00e9 depuis quelques jours. Le Pr\u00e9sident Emmanuel Macron se rendra au Cameroun le 26 juillet 2022. Il sera accompagn\u00e9 par une forte et [&hellip;]<\/p>\n","protected":false},"author":82,"featured_media":23768,"comment_status":"open","ping_status":"closed","sticky":false,"template":"","format":"standard","meta":{"footnotes":""},"categories":[7,11,2,10],"tags":[36,50,49],"class_list":["post-23769","post","type-post","status-publish","format-standard","has-post-thumbnail","hentry","category-dossiers","category-homepage-french","category-politique","category-toutes-les-actualites","tag-africa-press","tag-africa-press-cameroun","tag-cameroun"],"yoast_head":"<!-- This site is optimized with the Yoast SEO Premium plugin v26.1 (Yoast SEO v27.0) - https:\/\/yoast.com\/product\/yoast-seo-premium-wordpress\/ -->\n<title>R\u00e9v\u00e9lations : le pr\u00e9sident fran\u00e7ais, Emmanuel Macron d\u00e9tient les cl\u00e9s du remaniement minist\u00e9riel - Cameroun<\/title>\n<meta name=\"description\" content=\"La venue du pr\u00e9sident fran\u00e7ais Emmanuel Macron au Cameroun n&#039;est plus un secret. M\u00eame si le r\u00e9gime de Yaound\u00e9 n&#039;en parle ...\" \/>\n<meta name=\"robots\" content=\"index, follow, max-snippet:-1, max-image-preview:large, max-video-preview:-1\" \/>\n<link rel=\"canonical\" href=\"https:\/\/www.africa-press.net\/cameroun\/politique\/revelations-le-president-francais-emmanuel-macron-detient-les-cles-du-remaniement-ministeriel\" \/>\n<meta property=\"og:locale\" content=\"fr_FR\" \/>\n<meta property=\"og:type\" content=\"article\" \/>\n<meta property=\"og:title\" content=\"R\u00e9v\u00e9lations : le pr\u00e9sident fran\u00e7ais, Emmanuel Macron d\u00e9tient les cl\u00e9s du remaniement minist\u00e9riel\" \/>\n<meta property=\"og:description\" content=\"La venue du pr\u00e9sident fran\u00e7ais Emmanuel Macron au Cameroun n&#039;est plus un secret. M\u00eame si le r\u00e9gime de Yaound\u00e9 n&#039;en parle ...\" \/>\n<meta property=\"og:url\" content=\"https:\/\/www.africa-press.net\/cameroun\/politique\/revelations-le-president-francais-emmanuel-macron-detient-les-cles-du-remaniement-ministeriel\" \/>\n<meta property=\"og:site_name\" content=\"Cameroun\" \/>\n<meta property=\"article:published_time\" content=\"2022-07-18T15:09:41+00:00\" \/>\n<meta property=\"article:modified_time\" content=\"2022-07-18T15:32:05+00:00\" \/>\n<meta property=\"og:image\" content=\"https:\/\/static.africa-press.net\/cameroun\/sites\/57\/2022\/07\/postQueueImg_2-62d57cc0b4dba.jpg\" \/>\n\t<meta property=\"og:image:width\" content=\"600\" \/>\n\t<meta property=\"og:image:height\" content=\"300\" \/>\n\t<meta property=\"og:image:type\" content=\"image\/jpeg\" \/>\n<meta name=\"author\" content=\"cfeditorfr\" \/>\n<meta name=\"twitter:card\" content=\"summary_large_image\" \/>\n<meta name=\"twitter:label1\" content=\"\u00c9crit par\" \/>\n\t<meta name=\"twitter:data1\" content=\"cfeditorfr\" \/>\n\t<meta name=\"twitter:label2\" content=\"Dur\u00e9e de lecture estim\u00e9e\" \/>\n\t<meta name=\"twitter:data2\" content=\"2 minutes\" \/>\n<script type=\"application\/ld+json\" class=\"yoast-schema-graph\">{\"@context\":\"https:\/\/schema.org\",\"@graph\":[{\"@type\":\"Article\",\"@id\":\"https:\/\/www.africa-press.net\/cameroun\/politique\/revelations-le-president-francais-emmanuel-macron-detient-les-cles-du-remaniement-ministeriel#article\",\"isPartOf\":{\"@id\":\"https:\/\/www.africa-press.net\/cameroun\/politique\/revelations-le-president-francais-emmanuel-macron-detient-les-cles-du-remaniement-ministeriel\"},\"author\":{\"name\":\"cfeditorfr\",\"@id\":\"https:\/\/www.africa-press.net\/cameroun\/#\/schema\/person\/2b1cf3cd81a31e3cd26889ca66d677f1\"},\"headline\":\"R\u00e9v\u00e9lations : le pr\u00e9sident fran\u00e7ais, Emmanuel Macron d\u00e9tient les cl\u00e9s du remaniement minist\u00e9riel\",\"datePublished\":\"2022-07-18T15:09:41+00:00\",\"dateModified\":\"2022-07-18T15:32:05+00:00\",\"mainEntityOfPage\":{\"@id\":\"https:\/\/www.africa-press.net\/cameroun\/politique\/revelations-le-president-francais-emmanuel-macron-detient-les-cles-du-remaniement-ministeriel\"},\"wordCount\":433,\"commentCount\":0,\"image\":{\"@id\":\"https:\/\/www.africa-press.net\/cameroun\/politique\/revelations-le-president-francais-emmanuel-macron-detient-les-cles-du-remaniement-ministeriel#primaryimage\"},\"thumbnailUrl\":\"https:\/\/static.africa-press.net\/cameroun\/sites\/57\/2022\/07\/postQueueImg_2-62d57cc0b4dba.jpg\",\"keywords\":[\"Africa Press\",\"Africa Press-Cameroun\",\"Cameroun\"],\"articleSection\":[\"Dossiers\",\"homepage-french\",\"Politique\",\"Toutes les actualit\u00e9s\"],\"inLanguage\":\"fr-FR\",\"potentialAction\":[{\"@type\":\"CommentAction\",\"name\":\"Comment\",\"target\":[\"https:\/\/www.africa-press.net\/cameroun\/politique\/revelations-le-president-francais-emmanuel-macron-detient-les-cles-du-remaniement-ministeriel#respond\"]}]},{\"@type\":\"WebPage\",\"@id\":\"https:\/\/www.africa-press.net\/cameroun\/politique\/revelations-le-president-francais-emmanuel-macron-detient-les-cles-du-remaniement-ministeriel\",\"url\":\"https:\/\/www.africa-press.net\/cameroun\/politique\/revelations-le-president-francais-emmanuel-macron-detient-les-cles-du-remaniement-ministeriel\",\"name\":\"R\u00e9v\u00e9lations : le pr\u00e9sident fran\u00e7ais, Emmanuel Macron d\u00e9tient les cl\u00e9s du remaniement minist\u00e9riel - Cameroun\",\"isPartOf\":{\"@id\":\"https:\/\/www.africa-press.net\/cameroun\/#website\"},\"primaryImageOfPage\":{\"@id\":\"https:\/\/www.africa-press.net\/cameroun\/politique\/revelations-le-president-francais-emmanuel-macron-detient-les-cles-du-remaniement-ministeriel#primaryimage\"},\"image\":{\"@id\":\"https:\/\/www.africa-press.net\/cameroun\/politique\/revelations-le-president-francais-emmanuel-macron-detient-les-cles-du-remaniement-ministeriel#primaryimage\"},\"thumbnailUrl\":\"https:\/\/static.africa-press.net\/cameroun\/sites\/57\/2022\/07\/postQueueImg_2-62d57cc0b4dba.jpg\",\"datePublished\":\"2022-07-18T15:09:41+00:00\",\"dateModified\":\"2022-07-18T15:32:05+00:00\",\"author\":{\"@id\":\"https:\/\/www.africa-press.net\/cameroun\/#\/schema\/person\/2b1cf3cd81a31e3cd26889ca66d677f1\"},\"description\":\"La venue du pr\u00e9sident fran\u00e7ais Emmanuel Macron au Cameroun n'est plus un secret. M\u00eame si le r\u00e9gime de Yaound\u00e9 n'en parle ...\",\"breadcrumb\":{\"@id\":\"https:\/\/www.africa-press.net\/cameroun\/politique\/revelations-le-president-francais-emmanuel-macron-detient-les-cles-du-remaniement-ministeriel#breadcrumb\"},\"inLanguage\":\"fr-FR\",\"potentialAction\":[{\"@type\":\"ReadAction\",\"target\":[\"https:\/\/www.africa-press.net\/cameroun\/politique\/revelations-le-president-francais-emmanuel-macron-detient-les-cles-du-remaniement-ministeriel\"]}]},{\"@type\":\"ImageObject\",\"inLanguage\":\"fr-FR\",\"@id\":\"https:\/\/www.africa-press.net\/cameroun\/politique\/revelations-le-president-francais-emmanuel-macron-detient-les-cles-du-remaniement-ministeriel#primaryimage\",\"url\":\"https:\/\/static.africa-press.net\/cameroun\/sites\/57\/2022\/07\/postQueueImg_2-62d57cc0b4dba.jpg\",\"contentUrl\":\"https:\/\/static.africa-press.net\/cameroun\/sites\/57\/2022\/07\/postQueueImg_2-62d57cc0b4dba.jpg\",\"width\":600,\"height\":300,\"caption\":\"R\u00e9v\u00e9lations : le pr\u00e9sident fran\u00e7ais, Emmanuel Macron d\u00e9tient les cl\u00e9s du remaniement minist\u00e9riel\"},{\"@type\":\"BreadcrumbList\",\"@id\":\"https:\/\/www.africa-press.net\/cameroun\/politique\/revelations-le-president-francais-emmanuel-macron-detient-les-cles-du-remaniement-ministeriel#breadcrumb\",\"itemListElement\":[{\"@type\":\"ListItem\",\"position\":1,\"name\":\"Accueil\",\"item\":\"https:\/\/www.africa-press.net\/cameroun\/\"},{\"@type\":\"ListItem\",\"position\":2,\"name\":\"R\u00e9v\u00e9lations : le pr\u00e9sident fran\u00e7ais, Emmanuel Macron d\u00e9tient les cl\u00e9s du remaniement minist\u00e9riel\"}]},{\"@type\":\"WebSite\",\"@id\":\"https:\/\/www.africa-press.net\/cameroun\/#website\",\"url\":\"https:\/\/www.africa-press.net\/cameroun\/\",\"name\":\"Cameroun\",\"description\":\"Just another Africa News Agency Sites site\",\"potentialAction\":[{\"@type\":\"SearchAction\",\"target\":{\"@type\":\"EntryPoint\",\"urlTemplate\":\"https:\/\/www.africa-press.net\/cameroun\/?s={search_term_string}\"},\"query-input\":{\"@type\":\"PropertyValueSpecification\",\"valueRequired\":true,\"valueName\":\"search_term_string\"}}],\"inLanguage\":\"fr-FR\"},{\"@type\":\"Person\",\"@id\":\"https:\/\/www.africa-press.net\/cameroun\/#\/schema\/person\/2b1cf3cd81a31e3cd26889ca66d677f1\",\"name\":\"cfeditorfr\"}]}<\/script>\n<!-- \/ Yoast SEO Premium plugin. -->","yoast_head_json":{"title":"R\u00e9v\u00e9lations : le pr\u00e9sident fran\u00e7ais, Emmanuel Macron d\u00e9tient les cl\u00e9s du remaniement minist\u00e9riel - Cameroun","description":"La venue du pr\u00e9sident fran\u00e7ais Emmanuel Macron au Cameroun n'est plus un secret. M\u00eame si le r\u00e9gime de Yaound\u00e9 n'en parle ...","robots":{"index":"index","follow":"follow","max-snippet":"max-snippet:-1","max-image-preview":"max-image-preview:large","max-video-preview":"max-video-preview:-1"},"canonical":"https:\/\/www.africa-press.net\/cameroun\/politique\/revelations-le-president-francais-emmanuel-macron-detient-les-cles-du-remaniement-ministeriel","og_locale":"fr_FR","og_type":"article","og_title":"R\u00e9v\u00e9lations : le pr\u00e9sident fran\u00e7ais, Emmanuel Macron d\u00e9tient les cl\u00e9s du remaniement minist\u00e9riel","og_description":"La venue du pr\u00e9sident fran\u00e7ais Emmanuel Macron au Cameroun n'est plus un secret. M\u00eame si le r\u00e9gime de Yaound\u00e9 n'en parle ...","og_url":"https:\/\/www.africa-press.net\/cameroun\/politique\/revelations-le-president-francais-emmanuel-macron-detient-les-cles-du-remaniement-ministeriel","og_site_name":"Cameroun","article_published_time":"2022-07-18T15:09:41+00:00","article_modified_time":"2022-07-18T15:32:05+00:00","og_image":[{"width":600,"height":300,"url":"https:\/\/static.africa-press.net\/cameroun\/sites\/57\/2022\/07\/postQueueImg_2-62d57cc0b4dba.jpg","type":"image\/jpeg"}],"author":"cfeditorfr","twitter_card":"summary_large_image","twitter_misc":{"\u00c9crit par":"cfeditorfr","Dur\u00e9e de lecture estim\u00e9e":"2 minutes"},"schema":{"@context":"https:\/\/schema.org","@graph":[{"@type":"Article","@id":"https:\/\/www.africa-press.net\/cameroun\/politique\/revelations-le-president-francais-emmanuel-macron-detient-les-cles-du-remaniement-ministeriel#article","isPartOf":{"@id":"https:\/\/www.africa-press.net\/cameroun\/politique\/revelations-le-president-francais-emmanuel-macron-detient-les-cles-du-remaniement-ministeriel"},"author":{"name":"cfeditorfr","@id":"https:\/\/www.africa-press.net\/cameroun\/#\/schema\/person\/2b1cf3cd81a31e3cd26889ca66d677f1"},"headline":"R\u00e9v\u00e9lations : le pr\u00e9sident fran\u00e7ais, Emmanuel Macron d\u00e9tient les cl\u00e9s du remaniement minist\u00e9riel","datePublished":"2022-07-18T15:09:41+00:00","dateModified":"2022-07-18T15:32:05+00:00","mainEntityOfPage":{"@id":"https:\/\/www.africa-press.net\/cameroun\/politique\/revelations-le-president-francais-emmanuel-macron-detient-les-cles-du-remaniement-ministeriel"},"wordCount":433,"commentCount":0,"image":{"@id":"https:\/\/www.africa-press.net\/cameroun\/politique\/revelations-le-president-francais-emmanuel-macron-detient-les-cles-du-remaniement-ministeriel#primaryimage"},"thumbnailUrl":"https:\/\/static.africa-press.net\/cameroun\/sites\/57\/2022\/07\/postQueueImg_2-62d57cc0b4dba.jpg","keywords":["Africa Press","Africa Press-Cameroun","Cameroun"],"articleSection":["Dossiers","homepage-french","Politique","Toutes les actualit\u00e9s"],"inLanguage":"fr-FR","potentialAction":[{"@type":"CommentAction","name":"Comment","target":["https:\/\/www.africa-press.net\/cameroun\/politique\/revelations-le-president-francais-emmanuel-macron-detient-les-cles-du-remaniement-ministeriel#respond"]}]},{"@type":"WebPage","@id":"https:\/\/www.africa-press.net\/cameroun\/politique\/revelations-le-president-francais-emmanuel-macron-detient-les-cles-du-remaniement-ministeriel","url":"https:\/\/www.africa-press.net\/cameroun\/politique\/revelations-le-president-francais-emmanuel-macron-detient-les-cles-du-remaniement-ministeriel","name":"R\u00e9v\u00e9lations : le pr\u00e9sident fran\u00e7ais, Emmanuel Macron d\u00e9tient les cl\u00e9s du remaniement minist\u00e9riel - Cameroun","isPartOf":{"@id":"https:\/\/www.africa-press.net\/cameroun\/#website"},"primaryImageOfPage":{"@id":"https:\/\/www.africa-press.net\/cameroun\/politique\/revelations-le-president-francais-emmanuel-macron-detient-les-cles-du-remaniement-ministeriel#primaryimage"},"image":{"@id":"https:\/\/www.africa-press.net\/cameroun\/politique\/revelations-le-president-francais-emmanuel-macron-detient-les-cles-du-remaniement-ministeriel#primaryimage"},"thumbnailUrl":"https:\/\/static.africa-press.net\/cameroun\/sites\/57\/2022\/07\/postQueueImg_2-62d57cc0b4dba.jpg","datePublished":"2022-07-18T15:09:41+00:00","dateModified":"2022-07-18T15:32:05+00:00","author":{"@id":"https:\/\/www.africa-press.net\/cameroun\/#\/schema\/person\/2b1cf3cd81a31e3cd26889ca66d677f1"},"description":"La venue du pr\u00e9sident fran\u00e7ais Emmanuel Macron au Cameroun n'est plus un secret. M\u00eame si le r\u00e9gime de Yaound\u00e9 n'en parle ...","breadcrumb":{"@id":"https:\/\/www.africa-press.net\/cameroun\/politique\/revelations-le-president-francais-emmanuel-macron-detient-les-cles-du-remaniement-ministeriel#breadcrumb"},"inLanguage":"fr-FR","potentialAction":[{"@type":"ReadAction","target":["https:\/\/www.africa-press.net\/cameroun\/politique\/revelations-le-president-francais-emmanuel-macron-detient-les-cles-du-remaniement-ministeriel"]}]},{"@type":"ImageObject","inLanguage":"fr-FR","@id":"https:\/\/www.africa-press.net\/cameroun\/politique\/revelations-le-president-francais-emmanuel-macron-detient-les-cles-du-remaniement-ministeriel#primaryimage","url":"https:\/\/static.africa-press.net\/cameroun\/sites\/57\/2022\/07\/postQueueImg_2-62d57cc0b4dba.jpg","contentUrl":"https:\/\/static.africa-press.net\/cameroun\/sites\/57\/2022\/07\/postQueueImg_2-62d57cc0b4dba.jpg","width":600,"height":300,"caption":"R\u00e9v\u00e9lations : le pr\u00e9sident fran\u00e7ais, Emmanuel Macron d\u00e9tient les cl\u00e9s du remaniement minist\u00e9riel"},{"@type":"BreadcrumbList","@id":"https:\/\/www.africa-press.net\/cameroun\/politique\/revelations-le-president-francais-emmanuel-macron-detient-les-cles-du-remaniement-ministeriel#breadcrumb","itemListElement":[{"@type":"ListItem","position":1,"name":"Accueil","item":"https:\/\/www.africa-press.net\/cameroun\/"},{"@type":"ListItem","position":2,"name":"R\u00e9v\u00e9lations : le pr\u00e9sident fran\u00e7ais, Emmanuel Macron d\u00e9tient les cl\u00e9s du remaniement minist\u00e9riel"}]},{"@type":"WebSite","@id":"https:\/\/www.africa-press.net\/cameroun\/#website","url":"https:\/\/www.africa-press.net\/cameroun\/","name":"Cameroun","description":"Just another Africa News Agency Sites site","potentialAction":[{"@type":"SearchAction","target":{"@type":"EntryPoint","urlTemplate":"https:\/\/www.africa-press.net\/cameroun\/?s={search_term_string}"},"query-input":{"@type":"PropertyValueSpecification","valueRequired":true,"valueName":"search_term_string"}}],"inLanguage":"fr-FR"},{"@type":"Person","@id":"https:\/\/www.africa-press.net\/cameroun\/#\/schema\/person\/2b1cf3cd81a31e3cd26889ca66d677f1","name":"cfeditorfr"}]}},"_links":{"self":[{"href":"https:\/\/www.africa-press.net\/cameroun\/wp-json\/wp\/v2\/posts\/23769","targetHints":{"allow":["GET"]}}],"collection":[{"href":"https:\/\/www.africa-press.net\/cameroun\/wp-json\/wp\/v2\/posts"}],"about":[{"href":"https:\/\/www.africa-press.net\/cameroun\/wp-json\/wp\/v2\/types\/post"}],"author":[{"embeddable":true,"href":"https:\/\/www.africa-press.net\/cameroun\/wp-json\/wp\/v2\/users\/82"}],"replies":[{"embeddable":true,"href":"https:\/\/www.africa-press.net\/cameroun\/wp-json\/wp\/v2\/comments?post=23769"}],"version-history":[{"count":0,"href":"https:\/\/www.africa-press.net\/cameroun\/wp-json\/wp\/v2\/posts\/23769\/revisions"}],"wp:featuredmedia":[{"embeddable":true,"href":"https:\/\/www.africa-press.net\/cameroun\/wp-json\/wp\/v2\/media\/23768"}],"wp:attachment":[{"href":"https:\/\/www.africa-press.net\/cameroun\/wp-json\/wp\/v2\/media?parent=23769"}],"wp:term":[{"taxonomy":"category","embeddable":true,"href":"https:\/\/www.africa-press.net\/cameroun\/wp-json\/wp\/v2\/categories?post=23769"},{"taxonomy":"post_tag","embeddable":true,"href":"https:\/\/www.africa-press.net\/cameroun\/wp-json\/wp\/v2\/tags?post=23769"}],"curies":[{"name":"wp","href":"https:\/\/api.w.org\/{rel}","templated":true}]}}