{"id":23772,"date":"2022-07-18T15:10:14","date_gmt":"2022-07-18T15:10:14","guid":{"rendered":"https:\/\/www.africa-press.net\/cameroun\/politique\/voici-les-3-leaders-dopposition-que-macron-va-rencontrer-apres-biya"},"modified":"2022-07-18T15:33:07","modified_gmt":"2022-07-18T15:33:07","slug":"voici-les-3-leaders-dopposition-que-macron-va-rencontrer-apres-biya","status":"publish","type":"post","link":"https:\/\/www.africa-press.net\/cameroun\/politique\/voici-les-3-leaders-dopposition-que-macron-va-rencontrer-apres-biya","title":{"rendered":"Voici les 3 leaders d&rsquo;opposition que Macron va rencontrer apr\u00e8s Biya"},"content":{"rendered":"<p><span style=\"color: #ff6600\"><strong>Africa-Press &#8211; Cameroun. <\/strong><\/span>L&rsquo;arriv\u00e9e d&rsquo;Emmanuel Macron au Cameroun est confirm\u00e9e. Les m\u00e9dias fran\u00e7ais en parlent d\u00e9j\u00e0. Les choses se confirment peu a peu.<\/p>\n<p>\u00ab Le Pr\u00e9sident Emmanuel Macron doit se rendre au Cameroun le 26 juillet 2022. Accompagn\u00e9 de Catherine Colonna, ministre des Affaires europ\u00e9ennes et \u00e9trang\u00e8res, Alexis Kohler, secr\u00e9taire g\u00e9n\u00e9ral de l\u2019\u00c9lys\u00e9e, Franck Paris, conseiller Afrique du pr\u00e9sident de la R\u00e9publique et Christophe Bigot, directeur Afrique du minist\u00e8re des Affaires europ\u00e9ennes et \u00e9trang\u00e8res \u00bb, \u00e9crit le m\u00e9dia fran\u00e7ais Ouest-France.<\/p>\n<p>Au menu des \u00e9changes entre les deux pr\u00e9sidents, on \u00e9voque des questions politiques et des enjeux s\u00e9curitaires dont la crise anglophone et la menace de Boko Haram dans le nord du Cameroun. Lema question de la s\u00e9curit\u00e9 alimentaire s&rsquo;invite \u00e9galement au menu des discussions.<\/p>\n<p>Aux derni\u00e8res nouvelles, on apprend que le pr\u00e9sident fran\u00e7ais va recevoir des membres de l&rsquo;opposition camerounaise.<\/p>\n<p>Selon le programme exclusif publi\u00e9 par nos confr\u00e8res de Actu Cameroun, on note que le pr\u00e9sident Emmanuel Macron va \u00e9changer avec 3 leaders d&rsquo;opposition camerounais.<\/p>\n<p>Il \u00e9changera notamment avec Maurice Kamto, le pr\u00e9sident national du Mouvement pour la renaissance du Cameroun, Cabral Libii, le pr\u00e9sident national du Parti camerounais pour la r\u00e9conciliation nationale et Fru Ndi, le pr\u00e9sident national du Social democartic front (Sdf).<\/p>\n<p>Voici le programme de la visite d\u2019Emmanuel Macron au Cameroun<\/p>\n<p>Programme () :<\/p>\n<p>25\/07<\/p>\n<p>\u2013 Arriv\u00e9e en soir\u00e9e \u00e0 20h.<\/p>\n<p>\u2013 Installation au Hilton.<\/p>\n<p>26\/07<\/p>\n<p>\u2013 Audience au Palais avec HP.<\/p>\n<p>\u2013 Point de Presse.<\/p>\n<p>\u2013 D\u00e9jeuner offert (pas plus de 30 Convives).<\/p>\n<p>\u2013 Retour au Hilton.<\/p>\n<p>\u2013 Ambassade de France :<\/p>\n<p>\u2013 Audiences avec KAMTO, NI JOHN, CABRAL\u2026.<\/p>\n<p>\u2013 S\u00e9ance de travail avec le Personnel de l\u2019ambassade.<\/p>\n<p>\u2013 D\u00e9part pour le Club NOAH (Rencontre avec tous les Fran\u00e7ais r\u00e9sidents au Cameroun).<\/p>\n<p>\u2013 Retour au Hilton.<\/p>\n<p>27\/07<\/p>\n<p>\u2013 7h 30: D\u00e9part pour l\u2019a\u00e9roport.<\/p>\n<p>\u2013 8h 00: D\u00e9collage.<\/p>\n<p>Fin de la visite.<\/p>\n<p><strong>Pour plus d&rsquo;informations et d&rsquo;analyses sur la <a href=\"https:\/\/www.africa-press.net\/cameroun\">Cameroun<\/a>, suivez <a href=\"https:\/\/www.africa-press.net\/\">Africa-Press<\/a><\/strong><\/p>\n","protected":false},"excerpt":{"rendered":"<p>Africa-Press &#8211; Cameroun. L&rsquo;arriv\u00e9e d&rsquo;Emmanuel Macron au Cameroun est confirm\u00e9e. Les m\u00e9dias fran\u00e7ais en parlent d\u00e9j\u00e0. Les choses se confirment peu a peu. \u00ab Le Pr\u00e9sident Emmanuel Macron doit se rendre au Cameroun le 26 juillet 2022. Accompagn\u00e9 de Catherine Colonna, ministre des Affaires europ\u00e9ennes et \u00e9trang\u00e8res, Alexis Kohler, secr\u00e9taire g\u00e9n\u00e9ral de l\u2019\u00c9lys\u00e9e, Franck Paris, [&hellip;]<\/p>\n","protected":false},"author":82,"featured_media":23771,"comment_status":"open","ping_status":"closed","sticky":false,"template":"","format":"standard","meta":{"footnotes":""},"categories":[11,2,10],"tags":[36,50,49],"class_list":["post-23772","post","type-post","status-publish","format-standard","has-post-thumbnail","hentry","category-homepage-french","category-politique","category-toutes-les-actualites","tag-africa-press","tag-africa-press-cameroun","tag-cameroun"],"yoast_head":"<!-- This site is optimized with the Yoast SEO Premium plugin v26.1 (Yoast SEO v27.0) - https:\/\/yoast.com\/product\/yoast-seo-premium-wordpress\/ -->\n<title>Voici les 3 leaders d&#039;opposition que Macron va rencontrer apr\u00e8s Biya - Cameroun<\/title>\n<meta name=\"description\" content=\"L&#039;arriv\u00e9e d&#039;Emmanuel Macron au Cameroun est confirm\u00e9e. Les m\u00e9dias fran\u00e7ais en parlent d\u00e9j\u00e0. Les choses se confirment peu ...\" \/>\n<meta name=\"robots\" content=\"index, follow, max-snippet:-1, max-image-preview:large, max-video-preview:-1\" \/>\n<link rel=\"canonical\" href=\"https:\/\/www.africa-press.net\/cameroun\/politique\/voici-les-3-leaders-dopposition-que-macron-va-rencontrer-apres-biya\" \/>\n<meta property=\"og:locale\" content=\"fr_FR\" \/>\n<meta property=\"og:type\" content=\"article\" \/>\n<meta property=\"og:title\" content=\"Voici les 3 leaders d&#039;opposition que Macron va rencontrer apr\u00e8s Biya\" \/>\n<meta property=\"og:description\" content=\"L&#039;arriv\u00e9e d&#039;Emmanuel Macron au Cameroun est confirm\u00e9e. Les m\u00e9dias fran\u00e7ais en parlent d\u00e9j\u00e0. Les choses se confirment peu ...\" \/>\n<meta property=\"og:url\" content=\"https:\/\/www.africa-press.net\/cameroun\/politique\/voici-les-3-leaders-dopposition-que-macron-va-rencontrer-apres-biya\" \/>\n<meta property=\"og:site_name\" content=\"Cameroun\" \/>\n<meta property=\"article:published_time\" content=\"2022-07-18T15:10:14+00:00\" \/>\n<meta property=\"article:modified_time\" content=\"2022-07-18T15:33:07+00:00\" \/>\n<meta property=\"og:image\" content=\"https:\/\/static.africa-press.net\/cameroun\/sites\/57\/2022\/07\/postQueueImg_3-62d57cfbd0c19.jpg\" \/>\n\t<meta property=\"og:image:width\" content=\"600\" \/>\n\t<meta property=\"og:image:height\" content=\"300\" \/>\n\t<meta property=\"og:image:type\" content=\"image\/jpeg\" \/>\n<meta name=\"author\" content=\"cfeditorfr\" \/>\n<meta name=\"twitter:card\" content=\"summary_large_image\" \/>\n<meta name=\"twitter:label1\" content=\"\u00c9crit par\" \/>\n\t<meta name=\"twitter:data1\" content=\"cfeditorfr\" \/>\n\t<meta name=\"twitter:label2\" content=\"Dur\u00e9e de lecture estim\u00e9e\" \/>\n\t<meta name=\"twitter:data2\" content=\"2 minutes\" \/>\n<script type=\"application\/ld+json\" class=\"yoast-schema-graph\">{\"@context\":\"https:\/\/schema.org\",\"@graph\":[{\"@type\":\"Article\",\"@id\":\"https:\/\/www.africa-press.net\/cameroun\/politique\/voici-les-3-leaders-dopposition-que-macron-va-rencontrer-apres-biya#article\",\"isPartOf\":{\"@id\":\"https:\/\/www.africa-press.net\/cameroun\/politique\/voici-les-3-leaders-dopposition-que-macron-va-rencontrer-apres-biya\"},\"author\":{\"name\":\"cfeditorfr\",\"@id\":\"https:\/\/www.africa-press.net\/cameroun\/#\/schema\/person\/2b1cf3cd81a31e3cd26889ca66d677f1\"},\"headline\":\"Voici les 3 leaders d&rsquo;opposition que Macron va rencontrer apr\u00e8s Biya\",\"datePublished\":\"2022-07-18T15:10:14+00:00\",\"dateModified\":\"2022-07-18T15:33:07+00:00\",\"mainEntityOfPage\":{\"@id\":\"https:\/\/www.africa-press.net\/cameroun\/politique\/voici-les-3-leaders-dopposition-que-macron-va-rencontrer-apres-biya\"},\"wordCount\":351,\"commentCount\":0,\"image\":{\"@id\":\"https:\/\/www.africa-press.net\/cameroun\/politique\/voici-les-3-leaders-dopposition-que-macron-va-rencontrer-apres-biya#primaryimage\"},\"thumbnailUrl\":\"https:\/\/static.africa-press.net\/cameroun\/sites\/57\/2022\/07\/postQueueImg_3-62d57cfbd0c19.jpg\",\"keywords\":[\"Africa Press\",\"Africa Press-Cameroun\",\"Cameroun\"],\"articleSection\":[\"homepage-french\",\"Politique\",\"Toutes les actualit\u00e9s\"],\"inLanguage\":\"fr-FR\",\"potentialAction\":[{\"@type\":\"CommentAction\",\"name\":\"Comment\",\"target\":[\"https:\/\/www.africa-press.net\/cameroun\/politique\/voici-les-3-leaders-dopposition-que-macron-va-rencontrer-apres-biya#respond\"]}]},{\"@type\":\"WebPage\",\"@id\":\"https:\/\/www.africa-press.net\/cameroun\/politique\/voici-les-3-leaders-dopposition-que-macron-va-rencontrer-apres-biya\",\"url\":\"https:\/\/www.africa-press.net\/cameroun\/politique\/voici-les-3-leaders-dopposition-que-macron-va-rencontrer-apres-biya\",\"name\":\"Voici les 3 leaders d'opposition que Macron va rencontrer apr\u00e8s Biya - Cameroun\",\"isPartOf\":{\"@id\":\"https:\/\/www.africa-press.net\/cameroun\/#website\"},\"primaryImageOfPage\":{\"@id\":\"https:\/\/www.africa-press.net\/cameroun\/politique\/voici-les-3-leaders-dopposition-que-macron-va-rencontrer-apres-biya#primaryimage\"},\"image\":{\"@id\":\"https:\/\/www.africa-press.net\/cameroun\/politique\/voici-les-3-leaders-dopposition-que-macron-va-rencontrer-apres-biya#primaryimage\"},\"thumbnailUrl\":\"https:\/\/static.africa-press.net\/cameroun\/sites\/57\/2022\/07\/postQueueImg_3-62d57cfbd0c19.jpg\",\"datePublished\":\"2022-07-18T15:10:14+00:00\",\"dateModified\":\"2022-07-18T15:33:07+00:00\",\"author\":{\"@id\":\"https:\/\/www.africa-press.net\/cameroun\/#\/schema\/person\/2b1cf3cd81a31e3cd26889ca66d677f1\"},\"description\":\"L'arriv\u00e9e d'Emmanuel Macron au Cameroun est confirm\u00e9e. Les m\u00e9dias fran\u00e7ais en parlent d\u00e9j\u00e0. Les choses se confirment peu ...\",\"breadcrumb\":{\"@id\":\"https:\/\/www.africa-press.net\/cameroun\/politique\/voici-les-3-leaders-dopposition-que-macron-va-rencontrer-apres-biya#breadcrumb\"},\"inLanguage\":\"fr-FR\",\"potentialAction\":[{\"@type\":\"ReadAction\",\"target\":[\"https:\/\/www.africa-press.net\/cameroun\/politique\/voici-les-3-leaders-dopposition-que-macron-va-rencontrer-apres-biya\"]}]},{\"@type\":\"ImageObject\",\"inLanguage\":\"fr-FR\",\"@id\":\"https:\/\/www.africa-press.net\/cameroun\/politique\/voici-les-3-leaders-dopposition-que-macron-va-rencontrer-apres-biya#primaryimage\",\"url\":\"https:\/\/static.africa-press.net\/cameroun\/sites\/57\/2022\/07\/postQueueImg_3-62d57cfbd0c19.jpg\",\"contentUrl\":\"https:\/\/static.africa-press.net\/cameroun\/sites\/57\/2022\/07\/postQueueImg_3-62d57cfbd0c19.jpg\",\"width\":600,\"height\":300,\"caption\":\"Voici les 3 leaders d'opposition que Macron va rencontrer apr\u00e8s Biya\"},{\"@type\":\"BreadcrumbList\",\"@id\":\"https:\/\/www.africa-press.net\/cameroun\/politique\/voici-les-3-leaders-dopposition-que-macron-va-rencontrer-apres-biya#breadcrumb\",\"itemListElement\":[{\"@type\":\"ListItem\",\"position\":1,\"name\":\"Accueil\",\"item\":\"https:\/\/www.africa-press.net\/cameroun\/\"},{\"@type\":\"ListItem\",\"position\":2,\"name\":\"Voici les 3 leaders d&#8217;opposition que Macron va rencontrer apr\u00e8s Biya\"}]},{\"@type\":\"WebSite\",\"@id\":\"https:\/\/www.africa-press.net\/cameroun\/#website\",\"url\":\"https:\/\/www.africa-press.net\/cameroun\/\",\"name\":\"Cameroun\",\"description\":\"Just another Africa News Agency Sites site\",\"potentialAction\":[{\"@type\":\"SearchAction\",\"target\":{\"@type\":\"EntryPoint\",\"urlTemplate\":\"https:\/\/www.africa-press.net\/cameroun\/?s={search_term_string}\"},\"query-input\":{\"@type\":\"PropertyValueSpecification\",\"valueRequired\":true,\"valueName\":\"search_term_string\"}}],\"inLanguage\":\"fr-FR\"},{\"@type\":\"Person\",\"@id\":\"https:\/\/www.africa-press.net\/cameroun\/#\/schema\/person\/2b1cf3cd81a31e3cd26889ca66d677f1\",\"name\":\"cfeditorfr\"}]}<\/script>\n<!-- \/ Yoast SEO Premium plugin. -->","yoast_head_json":{"title":"Voici les 3 leaders d'opposition que Macron va rencontrer apr\u00e8s Biya - Cameroun","description":"L'arriv\u00e9e d'Emmanuel Macron au Cameroun est confirm\u00e9e. Les m\u00e9dias fran\u00e7ais en parlent d\u00e9j\u00e0. Les choses se confirment peu ...","robots":{"index":"index","follow":"follow","max-snippet":"max-snippet:-1","max-image-preview":"max-image-preview:large","max-video-preview":"max-video-preview:-1"},"canonical":"https:\/\/www.africa-press.net\/cameroun\/politique\/voici-les-3-leaders-dopposition-que-macron-va-rencontrer-apres-biya","og_locale":"fr_FR","og_type":"article","og_title":"Voici les 3 leaders d'opposition que Macron va rencontrer apr\u00e8s Biya","og_description":"L'arriv\u00e9e d'Emmanuel Macron au Cameroun est confirm\u00e9e. Les m\u00e9dias fran\u00e7ais en parlent d\u00e9j\u00e0. Les choses se confirment peu ...","og_url":"https:\/\/www.africa-press.net\/cameroun\/politique\/voici-les-3-leaders-dopposition-que-macron-va-rencontrer-apres-biya","og_site_name":"Cameroun","article_published_time":"2022-07-18T15:10:14+00:00","article_modified_time":"2022-07-18T15:33:07+00:00","og_image":[{"width":600,"height":300,"url":"https:\/\/static.africa-press.net\/cameroun\/sites\/57\/2022\/07\/postQueueImg_3-62d57cfbd0c19.jpg","type":"image\/jpeg"}],"author":"cfeditorfr","twitter_card":"summary_large_image","twitter_misc":{"\u00c9crit par":"cfeditorfr","Dur\u00e9e de lecture estim\u00e9e":"2 minutes"},"schema":{"@context":"https:\/\/schema.org","@graph":[{"@type":"Article","@id":"https:\/\/www.africa-press.net\/cameroun\/politique\/voici-les-3-leaders-dopposition-que-macron-va-rencontrer-apres-biya#article","isPartOf":{"@id":"https:\/\/www.africa-press.net\/cameroun\/politique\/voici-les-3-leaders-dopposition-que-macron-va-rencontrer-apres-biya"},"author":{"name":"cfeditorfr","@id":"https:\/\/www.africa-press.net\/cameroun\/#\/schema\/person\/2b1cf3cd81a31e3cd26889ca66d677f1"},"headline":"Voici les 3 leaders d&rsquo;opposition que Macron va rencontrer apr\u00e8s Biya","datePublished":"2022-07-18T15:10:14+00:00","dateModified":"2022-07-18T15:33:07+00:00","mainEntityOfPage":{"@id":"https:\/\/www.africa-press.net\/cameroun\/politique\/voici-les-3-leaders-dopposition-que-macron-va-rencontrer-apres-biya"},"wordCount":351,"commentCount":0,"image":{"@id":"https:\/\/www.africa-press.net\/cameroun\/politique\/voici-les-3-leaders-dopposition-que-macron-va-rencontrer-apres-biya#primaryimage"},"thumbnailUrl":"https:\/\/static.africa-press.net\/cameroun\/sites\/57\/2022\/07\/postQueueImg_3-62d57cfbd0c19.jpg","keywords":["Africa Press","Africa Press-Cameroun","Cameroun"],"articleSection":["homepage-french","Politique","Toutes les actualit\u00e9s"],"inLanguage":"fr-FR","potentialAction":[{"@type":"CommentAction","name":"Comment","target":["https:\/\/www.africa-press.net\/cameroun\/politique\/voici-les-3-leaders-dopposition-que-macron-va-rencontrer-apres-biya#respond"]}]},{"@type":"WebPage","@id":"https:\/\/www.africa-press.net\/cameroun\/politique\/voici-les-3-leaders-dopposition-que-macron-va-rencontrer-apres-biya","url":"https:\/\/www.africa-press.net\/cameroun\/politique\/voici-les-3-leaders-dopposition-que-macron-va-rencontrer-apres-biya","name":"Voici les 3 leaders d'opposition que Macron va rencontrer apr\u00e8s Biya - Cameroun","isPartOf":{"@id":"https:\/\/www.africa-press.net\/cameroun\/#website"},"primaryImageOfPage":{"@id":"https:\/\/www.africa-press.net\/cameroun\/politique\/voici-les-3-leaders-dopposition-que-macron-va-rencontrer-apres-biya#primaryimage"},"image":{"@id":"https:\/\/www.africa-press.net\/cameroun\/politique\/voici-les-3-leaders-dopposition-que-macron-va-rencontrer-apres-biya#primaryimage"},"thumbnailUrl":"https:\/\/static.africa-press.net\/cameroun\/sites\/57\/2022\/07\/postQueueImg_3-62d57cfbd0c19.jpg","datePublished":"2022-07-18T15:10:14+00:00","dateModified":"2022-07-18T15:33:07+00:00","author":{"@id":"https:\/\/www.africa-press.net\/cameroun\/#\/schema\/person\/2b1cf3cd81a31e3cd26889ca66d677f1"},"description":"L'arriv\u00e9e d'Emmanuel Macron au Cameroun est confirm\u00e9e. Les m\u00e9dias fran\u00e7ais en parlent d\u00e9j\u00e0. Les choses se confirment peu ...","breadcrumb":{"@id":"https:\/\/www.africa-press.net\/cameroun\/politique\/voici-les-3-leaders-dopposition-que-macron-va-rencontrer-apres-biya#breadcrumb"},"inLanguage":"fr-FR","potentialAction":[{"@type":"ReadAction","target":["https:\/\/www.africa-press.net\/cameroun\/politique\/voici-les-3-leaders-dopposition-que-macron-va-rencontrer-apres-biya"]}]},{"@type":"ImageObject","inLanguage":"fr-FR","@id":"https:\/\/www.africa-press.net\/cameroun\/politique\/voici-les-3-leaders-dopposition-que-macron-va-rencontrer-apres-biya#primaryimage","url":"https:\/\/static.africa-press.net\/cameroun\/sites\/57\/2022\/07\/postQueueImg_3-62d57cfbd0c19.jpg","contentUrl":"https:\/\/static.africa-press.net\/cameroun\/sites\/57\/2022\/07\/postQueueImg_3-62d57cfbd0c19.jpg","width":600,"height":300,"caption":"Voici les 3 leaders d'opposition que Macron va rencontrer apr\u00e8s Biya"},{"@type":"BreadcrumbList","@id":"https:\/\/www.africa-press.net\/cameroun\/politique\/voici-les-3-leaders-dopposition-que-macron-va-rencontrer-apres-biya#breadcrumb","itemListElement":[{"@type":"ListItem","position":1,"name":"Accueil","item":"https:\/\/www.africa-press.net\/cameroun\/"},{"@type":"ListItem","position":2,"name":"Voici les 3 leaders d&#8217;opposition que Macron va rencontrer apr\u00e8s Biya"}]},{"@type":"WebSite","@id":"https:\/\/www.africa-press.net\/cameroun\/#website","url":"https:\/\/www.africa-press.net\/cameroun\/","name":"Cameroun","description":"Just another Africa News Agency Sites site","potentialAction":[{"@type":"SearchAction","target":{"@type":"EntryPoint","urlTemplate":"https:\/\/www.africa-press.net\/cameroun\/?s={search_term_string}"},"query-input":{"@type":"PropertyValueSpecification","valueRequired":true,"valueName":"search_term_string"}}],"inLanguage":"fr-FR"},{"@type":"Person","@id":"https:\/\/www.africa-press.net\/cameroun\/#\/schema\/person\/2b1cf3cd81a31e3cd26889ca66d677f1","name":"cfeditorfr"}]}},"_links":{"self":[{"href":"https:\/\/www.africa-press.net\/cameroun\/wp-json\/wp\/v2\/posts\/23772","targetHints":{"allow":["GET"]}}],"collection":[{"href":"https:\/\/www.africa-press.net\/cameroun\/wp-json\/wp\/v2\/posts"}],"about":[{"href":"https:\/\/www.africa-press.net\/cameroun\/wp-json\/wp\/v2\/types\/post"}],"author":[{"embeddable":true,"href":"https:\/\/www.africa-press.net\/cameroun\/wp-json\/wp\/v2\/users\/82"}],"replies":[{"embeddable":true,"href":"https:\/\/www.africa-press.net\/cameroun\/wp-json\/wp\/v2\/comments?post=23772"}],"version-history":[{"count":0,"href":"https:\/\/www.africa-press.net\/cameroun\/wp-json\/wp\/v2\/posts\/23772\/revisions"}],"wp:featuredmedia":[{"embeddable":true,"href":"https:\/\/www.africa-press.net\/cameroun\/wp-json\/wp\/v2\/media\/23771"}],"wp:attachment":[{"href":"https:\/\/www.africa-press.net\/cameroun\/wp-json\/wp\/v2\/media?parent=23772"}],"wp:term":[{"taxonomy":"category","embeddable":true,"href":"https:\/\/www.africa-press.net\/cameroun\/wp-json\/wp\/v2\/categories?post=23772"},{"taxonomy":"post_tag","embeddable":true,"href":"https:\/\/www.africa-press.net\/cameroun\/wp-json\/wp\/v2\/tags?post=23772"}],"curies":[{"name":"wp","href":"https:\/\/api.w.org\/{rel}","templated":true}]}}