{"id":23775,"date":"2022-07-18T14:00:00","date_gmt":"2022-07-18T14:00:00","guid":{"rendered":"https:\/\/www.africa-press.net\/cameroun\/politique\/succession-de-biya-alamine-ousmane-mey-le-ministre-sort-de-lombre-et-montre-ses-muscles"},"modified":"2022-07-18T15:34:17","modified_gmt":"2022-07-18T15:34:17","slug":"succession-de-biya-alamine-ousmane-mey-le-ministre-sort-de-lombre-et-montre-ses-muscles","status":"publish","type":"post","link":"https:\/\/www.africa-press.net\/cameroun\/politique\/succession-de-biya-alamine-ousmane-mey-le-ministre-sort-de-lombre-et-montre-ses-muscles","title":{"rendered":"Succession de Biya: Alamine Ousmane Mey, le ministre sort de l&rsquo;ombre et montre ses muscles"},"content":{"rendered":"<p><span style=\"color: #ff6600\"><strong>Africa-Press &#8211; Cameroun. <\/strong><\/span>Tr\u00e8s discret mais influent selon certains, et sans grande influence selon d&rsquo;autres, Alamine Ousmane Mey ne figurait m\u00eame pas dans la short liste des potentiels successeurs de Paul Biya jusqu&rsquo;\u00e0 maintenant.<\/p>\n<p>Les potentiels successeurs de Biya souvent cit\u00e9s sont Ferdinand Ngoh Ngoh, Franck Biya, Paul Motaz\u00e9, Joseph Dion Ngute etc. Mais Alamine Ousmane Mey, personne ne l&rsquo;a jamais vu comme potentiel successeur de Biya ou aspirant \u00e0 diriger le Cameroun. Et pourtant, l&rsquo;homme a toujours b\u00e9n\u00e9fici\u00e9 de la confiance de Biya. Pour empruter le terme du lanceur d&rsquo;alertes Shance Lions, Ousmane Mey est \u00ab\u00a0tr\u00e8s souvent envoy\u00e9 pour repr\u00e9senter le pr\u00e9sident de la R\u00e9publique\u00a0\u00bb.<\/p>\n<p>Il y a quelques heures, le lanceur d&rsquo;alertes Shance Lion a publi\u00e9 la biographie du ministre Alamine Ousmane Mey, avec un commentaire qui ne laisse pas indiff\u00e9rent.<\/p>\n<p>Voici ce qu&rsquo;il \u00e9crit:<\/p>\n<p>\u00ab\u00a0Tr\u00e8s Souvent envoy\u00e9 pour repr\u00e9senter le Pr\u00e9sident de la R\u00e9publique, ALAMINE OUMANE MEY est le fils de l&rsquo;ancien gouverneur Abba Ousmane Mey et \u00e9lev\u00e9 dans une famille de classe moyenne, Alamine Ousmane Mey \u00e9tudie l&rsquo;\u00e9lectronique en Allemagne \u00e0 l&rsquo;Universit\u00e9 technique de Rh\u00e9nanie-Westphalie \u00e0 Aix-la-Chapelle, en Belgique et en Turquie.<\/p>\n<p>En 1993, il entre \u00e0 la banque CCEI (qui deviendra Afriland First Bank), et en est promu directeur g\u00e9n\u00e9ral en 2003.<\/p>\n<p>En 2004, il pilote le lancement de I-CARD, le premier porte-monnaie \u00e9lectronique dans la sous-r\u00e9gion d&rsquo;Afrique centrale.<\/p>\n<p>Les 26 et 27 avril 2010, accompagn\u00e9 de deux autres hommes d&rsquo;affaires camerounais, il accompagne Paul Biya, pr\u00e9sident de la R\u00e9publique \u00e0 un sommet sur la cr\u00e9ation d&rsquo;entreprise \u00e0 Washington.<\/p>\n<p>Le 9 d\u00e9cembre 2011, il est nomm\u00e9 ministre des Finances du Cameroun. Sous son mandat, le pipeline Lom Pangar est achev\u00e9 et le Cameroun passe le cap des 5 % de croissance dans un contexte financier international moribond. Il m\u00e8ne des r\u00e9formes de simplification des proc\u00e9dures et de modernisation des administrations.<\/p>\n<p>Sous son impulsion, le premier site internet du minist\u00e8re des finances camerounais est lanc\u00e9.<\/p>\n<p>En d\u00e9cembre 2012, il met un point d&rsquo;honneur \u00e0 d\u00e9fendre et r\u00e9guler le secteur de la microfinance qu&rsquo;il identifie comme un excellent vecteur de croissance du pays.<\/p>\n<p>En f\u00e9vrier 2014, il fait fermer 84 \u00e9tablissements de microfinance ill\u00e9gaux au Cameroun, et rappelle \u00e0 l&rsquo;ordre les autres l&rsquo;ann\u00e9e suivante pour faire respecter scrupuleusement les r\u00e8gles en vigueur.<\/p>\n<p>N\u00e9 le 26 f\u00e9vrier 1966 \u00e0 Kouss\u00e9ri au Cameroun, est un homme d&rsquo;affaires. Il est ministre des Finances du Cameroun de 2011 \u00e0 2018.<\/p>\n<p>Depuis 2018, il est ministre de l\u2019\u00c9conomie, de la Planification et de l&rsquo;Am\u00e9nagement du territoire.<\/p>\n<p><strong>Pour plus d&rsquo;informations et d&rsquo;analyses sur la <a href=\"https:\/\/www.africa-press.net\/cameroun\">Cameroun<\/a>, suivez <a href=\"https:\/\/www.africa-press.net\/\">Africa-Press<\/a><\/strong><\/p>\n","protected":false},"excerpt":{"rendered":"<p>Africa-Press &#8211; Cameroun. Tr\u00e8s discret mais influent selon certains, et sans grande influence selon d&rsquo;autres, Alamine Ousmane Mey ne figurait m\u00eame pas dans la short liste des potentiels successeurs de Paul Biya jusqu&rsquo;\u00e0 maintenant. Les potentiels successeurs de Biya souvent cit\u00e9s sont Ferdinand Ngoh Ngoh, Franck Biya, Paul Motaz\u00e9, Joseph Dion Ngute etc. Mais Alamine [&hellip;]<\/p>\n","protected":false},"author":82,"featured_media":23774,"comment_status":"open","ping_status":"closed","sticky":false,"template":"","format":"standard","meta":{"footnotes":""},"categories":[11,2,10],"tags":[36,50,49],"class_list":["post-23775","post","type-post","status-publish","format-standard","has-post-thumbnail","hentry","category-homepage-french","category-politique","category-toutes-les-actualites","tag-africa-press","tag-africa-press-cameroun","tag-cameroun"],"yoast_head":"<!-- This site is optimized with the Yoast SEO Premium plugin v26.1 (Yoast SEO v27.0) - https:\/\/yoast.com\/product\/yoast-seo-premium-wordpress\/ -->\n<title>Succession de Biya: Alamine Ousmane Mey, le ministre sort de l&#039;ombre et montre ses muscles - Cameroun<\/title>\n<meta name=\"description\" content=\"Tr\u00e8s discret mais influent selon certains, et sans grande influence selon d&#039;autres, Alamine Ousmane Mey ne figurait m\u00eame ...\" \/>\n<meta name=\"robots\" content=\"index, follow, max-snippet:-1, max-image-preview:large, max-video-preview:-1\" \/>\n<link rel=\"canonical\" href=\"https:\/\/www.africa-press.net\/cameroun\/politique\/succession-de-biya-alamine-ousmane-mey-le-ministre-sort-de-lombre-et-montre-ses-muscles\" \/>\n<meta property=\"og:locale\" content=\"fr_FR\" \/>\n<meta property=\"og:type\" content=\"article\" \/>\n<meta property=\"og:title\" content=\"Succession de Biya: Alamine Ousmane Mey, le ministre sort de l&#039;ombre et montre ses muscles\" \/>\n<meta property=\"og:description\" content=\"Tr\u00e8s discret mais influent selon certains, et sans grande influence selon d&#039;autres, Alamine Ousmane Mey ne figurait m\u00eame ...\" \/>\n<meta property=\"og:url\" content=\"https:\/\/www.africa-press.net\/cameroun\/politique\/succession-de-biya-alamine-ousmane-mey-le-ministre-sort-de-lombre-et-montre-ses-muscles\" \/>\n<meta property=\"og:site_name\" content=\"Cameroun\" \/>\n<meta property=\"article:published_time\" content=\"2022-07-18T14:00:00+00:00\" \/>\n<meta property=\"article:modified_time\" content=\"2022-07-18T15:34:17+00:00\" \/>\n<meta property=\"og:image\" content=\"https:\/\/static.africa-press.net\/cameroun\/sites\/57\/2022\/07\/postQueueImg_4-62d57d39af95a.jpg\" \/>\n\t<meta property=\"og:image:width\" content=\"600\" \/>\n\t<meta property=\"og:image:height\" content=\"300\" \/>\n\t<meta property=\"og:image:type\" content=\"image\/jpeg\" \/>\n<meta name=\"author\" content=\"cfeditorfr\" \/>\n<meta name=\"twitter:card\" content=\"summary_large_image\" \/>\n<meta name=\"twitter:label1\" content=\"\u00c9crit par\" \/>\n\t<meta name=\"twitter:data1\" content=\"cfeditorfr\" \/>\n\t<meta name=\"twitter:label2\" content=\"Dur\u00e9e de lecture estim\u00e9e\" \/>\n\t<meta name=\"twitter:data2\" content=\"2 minutes\" \/>\n<script type=\"application\/ld+json\" class=\"yoast-schema-graph\">{\"@context\":\"https:\/\/schema.org\",\"@graph\":[{\"@type\":\"Article\",\"@id\":\"https:\/\/www.africa-press.net\/cameroun\/politique\/succession-de-biya-alamine-ousmane-mey-le-ministre-sort-de-lombre-et-montre-ses-muscles#article\",\"isPartOf\":{\"@id\":\"https:\/\/www.africa-press.net\/cameroun\/politique\/succession-de-biya-alamine-ousmane-mey-le-ministre-sort-de-lombre-et-montre-ses-muscles\"},\"author\":{\"name\":\"cfeditorfr\",\"@id\":\"https:\/\/www.africa-press.net\/cameroun\/#\/schema\/person\/2b1cf3cd81a31e3cd26889ca66d677f1\"},\"headline\":\"Succession de Biya: Alamine Ousmane Mey, le ministre sort de l&rsquo;ombre et montre ses muscles\",\"datePublished\":\"2022-07-18T14:00:00+00:00\",\"dateModified\":\"2022-07-18T15:34:17+00:00\",\"mainEntityOfPage\":{\"@id\":\"https:\/\/www.africa-press.net\/cameroun\/politique\/succession-de-biya-alamine-ousmane-mey-le-ministre-sort-de-lombre-et-montre-ses-muscles\"},\"wordCount\":469,\"commentCount\":0,\"image\":{\"@id\":\"https:\/\/www.africa-press.net\/cameroun\/politique\/succession-de-biya-alamine-ousmane-mey-le-ministre-sort-de-lombre-et-montre-ses-muscles#primaryimage\"},\"thumbnailUrl\":\"https:\/\/static.africa-press.net\/cameroun\/sites\/57\/2022\/07\/postQueueImg_4-62d57d39af95a.jpg\",\"keywords\":[\"Africa Press\",\"Africa Press-Cameroun\",\"Cameroun\"],\"articleSection\":[\"homepage-french\",\"Politique\",\"Toutes les actualit\u00e9s\"],\"inLanguage\":\"fr-FR\",\"potentialAction\":[{\"@type\":\"CommentAction\",\"name\":\"Comment\",\"target\":[\"https:\/\/www.africa-press.net\/cameroun\/politique\/succession-de-biya-alamine-ousmane-mey-le-ministre-sort-de-lombre-et-montre-ses-muscles#respond\"]}]},{\"@type\":\"WebPage\",\"@id\":\"https:\/\/www.africa-press.net\/cameroun\/politique\/succession-de-biya-alamine-ousmane-mey-le-ministre-sort-de-lombre-et-montre-ses-muscles\",\"url\":\"https:\/\/www.africa-press.net\/cameroun\/politique\/succession-de-biya-alamine-ousmane-mey-le-ministre-sort-de-lombre-et-montre-ses-muscles\",\"name\":\"Succession de Biya: Alamine Ousmane Mey, le ministre sort de l'ombre et montre ses muscles - Cameroun\",\"isPartOf\":{\"@id\":\"https:\/\/www.africa-press.net\/cameroun\/#website\"},\"primaryImageOfPage\":{\"@id\":\"https:\/\/www.africa-press.net\/cameroun\/politique\/succession-de-biya-alamine-ousmane-mey-le-ministre-sort-de-lombre-et-montre-ses-muscles#primaryimage\"},\"image\":{\"@id\":\"https:\/\/www.africa-press.net\/cameroun\/politique\/succession-de-biya-alamine-ousmane-mey-le-ministre-sort-de-lombre-et-montre-ses-muscles#primaryimage\"},\"thumbnailUrl\":\"https:\/\/static.africa-press.net\/cameroun\/sites\/57\/2022\/07\/postQueueImg_4-62d57d39af95a.jpg\",\"datePublished\":\"2022-07-18T14:00:00+00:00\",\"dateModified\":\"2022-07-18T15:34:17+00:00\",\"author\":{\"@id\":\"https:\/\/www.africa-press.net\/cameroun\/#\/schema\/person\/2b1cf3cd81a31e3cd26889ca66d677f1\"},\"description\":\"Tr\u00e8s discret mais influent selon certains, et sans grande influence selon d'autres, Alamine Ousmane Mey ne figurait m\u00eame ...\",\"breadcrumb\":{\"@id\":\"https:\/\/www.africa-press.net\/cameroun\/politique\/succession-de-biya-alamine-ousmane-mey-le-ministre-sort-de-lombre-et-montre-ses-muscles#breadcrumb\"},\"inLanguage\":\"fr-FR\",\"potentialAction\":[{\"@type\":\"ReadAction\",\"target\":[\"https:\/\/www.africa-press.net\/cameroun\/politique\/succession-de-biya-alamine-ousmane-mey-le-ministre-sort-de-lombre-et-montre-ses-muscles\"]}]},{\"@type\":\"ImageObject\",\"inLanguage\":\"fr-FR\",\"@id\":\"https:\/\/www.africa-press.net\/cameroun\/politique\/succession-de-biya-alamine-ousmane-mey-le-ministre-sort-de-lombre-et-montre-ses-muscles#primaryimage\",\"url\":\"https:\/\/static.africa-press.net\/cameroun\/sites\/57\/2022\/07\/postQueueImg_4-62d57d39af95a.jpg\",\"contentUrl\":\"https:\/\/static.africa-press.net\/cameroun\/sites\/57\/2022\/07\/postQueueImg_4-62d57d39af95a.jpg\",\"width\":600,\"height\":300,\"caption\":\"Succession de Biya: Alamine Ousmane Mey, le ministre sort de l'ombre et montre ses muscles\"},{\"@type\":\"BreadcrumbList\",\"@id\":\"https:\/\/www.africa-press.net\/cameroun\/politique\/succession-de-biya-alamine-ousmane-mey-le-ministre-sort-de-lombre-et-montre-ses-muscles#breadcrumb\",\"itemListElement\":[{\"@type\":\"ListItem\",\"position\":1,\"name\":\"Accueil\",\"item\":\"https:\/\/www.africa-press.net\/cameroun\/\"},{\"@type\":\"ListItem\",\"position\":2,\"name\":\"Succession de Biya: Alamine Ousmane Mey, le ministre sort de l&#8217;ombre et montre ses muscles\"}]},{\"@type\":\"WebSite\",\"@id\":\"https:\/\/www.africa-press.net\/cameroun\/#website\",\"url\":\"https:\/\/www.africa-press.net\/cameroun\/\",\"name\":\"Cameroun\",\"description\":\"Just another Africa News Agency Sites site\",\"potentialAction\":[{\"@type\":\"SearchAction\",\"target\":{\"@type\":\"EntryPoint\",\"urlTemplate\":\"https:\/\/www.africa-press.net\/cameroun\/?s={search_term_string}\"},\"query-input\":{\"@type\":\"PropertyValueSpecification\",\"valueRequired\":true,\"valueName\":\"search_term_string\"}}],\"inLanguage\":\"fr-FR\"},{\"@type\":\"Person\",\"@id\":\"https:\/\/www.africa-press.net\/cameroun\/#\/schema\/person\/2b1cf3cd81a31e3cd26889ca66d677f1\",\"name\":\"cfeditorfr\"}]}<\/script>\n<!-- \/ Yoast SEO Premium plugin. -->","yoast_head_json":{"title":"Succession de Biya: Alamine Ousmane Mey, le ministre sort de l'ombre et montre ses muscles - Cameroun","description":"Tr\u00e8s discret mais influent selon certains, et sans grande influence selon d'autres, Alamine Ousmane Mey ne figurait m\u00eame ...","robots":{"index":"index","follow":"follow","max-snippet":"max-snippet:-1","max-image-preview":"max-image-preview:large","max-video-preview":"max-video-preview:-1"},"canonical":"https:\/\/www.africa-press.net\/cameroun\/politique\/succession-de-biya-alamine-ousmane-mey-le-ministre-sort-de-lombre-et-montre-ses-muscles","og_locale":"fr_FR","og_type":"article","og_title":"Succession de Biya: Alamine Ousmane Mey, le ministre sort de l'ombre et montre ses muscles","og_description":"Tr\u00e8s discret mais influent selon certains, et sans grande influence selon d'autres, Alamine Ousmane Mey ne figurait m\u00eame ...","og_url":"https:\/\/www.africa-press.net\/cameroun\/politique\/succession-de-biya-alamine-ousmane-mey-le-ministre-sort-de-lombre-et-montre-ses-muscles","og_site_name":"Cameroun","article_published_time":"2022-07-18T14:00:00+00:00","article_modified_time":"2022-07-18T15:34:17+00:00","og_image":[{"width":600,"height":300,"url":"https:\/\/static.africa-press.net\/cameroun\/sites\/57\/2022\/07\/postQueueImg_4-62d57d39af95a.jpg","type":"image\/jpeg"}],"author":"cfeditorfr","twitter_card":"summary_large_image","twitter_misc":{"\u00c9crit par":"cfeditorfr","Dur\u00e9e de lecture estim\u00e9e":"2 minutes"},"schema":{"@context":"https:\/\/schema.org","@graph":[{"@type":"Article","@id":"https:\/\/www.africa-press.net\/cameroun\/politique\/succession-de-biya-alamine-ousmane-mey-le-ministre-sort-de-lombre-et-montre-ses-muscles#article","isPartOf":{"@id":"https:\/\/www.africa-press.net\/cameroun\/politique\/succession-de-biya-alamine-ousmane-mey-le-ministre-sort-de-lombre-et-montre-ses-muscles"},"author":{"name":"cfeditorfr","@id":"https:\/\/www.africa-press.net\/cameroun\/#\/schema\/person\/2b1cf3cd81a31e3cd26889ca66d677f1"},"headline":"Succession de Biya: Alamine Ousmane Mey, le ministre sort de l&rsquo;ombre et montre ses muscles","datePublished":"2022-07-18T14:00:00+00:00","dateModified":"2022-07-18T15:34:17+00:00","mainEntityOfPage":{"@id":"https:\/\/www.africa-press.net\/cameroun\/politique\/succession-de-biya-alamine-ousmane-mey-le-ministre-sort-de-lombre-et-montre-ses-muscles"},"wordCount":469,"commentCount":0,"image":{"@id":"https:\/\/www.africa-press.net\/cameroun\/politique\/succession-de-biya-alamine-ousmane-mey-le-ministre-sort-de-lombre-et-montre-ses-muscles#primaryimage"},"thumbnailUrl":"https:\/\/static.africa-press.net\/cameroun\/sites\/57\/2022\/07\/postQueueImg_4-62d57d39af95a.jpg","keywords":["Africa Press","Africa Press-Cameroun","Cameroun"],"articleSection":["homepage-french","Politique","Toutes les actualit\u00e9s"],"inLanguage":"fr-FR","potentialAction":[{"@type":"CommentAction","name":"Comment","target":["https:\/\/www.africa-press.net\/cameroun\/politique\/succession-de-biya-alamine-ousmane-mey-le-ministre-sort-de-lombre-et-montre-ses-muscles#respond"]}]},{"@type":"WebPage","@id":"https:\/\/www.africa-press.net\/cameroun\/politique\/succession-de-biya-alamine-ousmane-mey-le-ministre-sort-de-lombre-et-montre-ses-muscles","url":"https:\/\/www.africa-press.net\/cameroun\/politique\/succession-de-biya-alamine-ousmane-mey-le-ministre-sort-de-lombre-et-montre-ses-muscles","name":"Succession de Biya: Alamine Ousmane Mey, le ministre sort de l'ombre et montre ses muscles - Cameroun","isPartOf":{"@id":"https:\/\/www.africa-press.net\/cameroun\/#website"},"primaryImageOfPage":{"@id":"https:\/\/www.africa-press.net\/cameroun\/politique\/succession-de-biya-alamine-ousmane-mey-le-ministre-sort-de-lombre-et-montre-ses-muscles#primaryimage"},"image":{"@id":"https:\/\/www.africa-press.net\/cameroun\/politique\/succession-de-biya-alamine-ousmane-mey-le-ministre-sort-de-lombre-et-montre-ses-muscles#primaryimage"},"thumbnailUrl":"https:\/\/static.africa-press.net\/cameroun\/sites\/57\/2022\/07\/postQueueImg_4-62d57d39af95a.jpg","datePublished":"2022-07-18T14:00:00+00:00","dateModified":"2022-07-18T15:34:17+00:00","author":{"@id":"https:\/\/www.africa-press.net\/cameroun\/#\/schema\/person\/2b1cf3cd81a31e3cd26889ca66d677f1"},"description":"Tr\u00e8s discret mais influent selon certains, et sans grande influence selon d'autres, Alamine Ousmane Mey ne figurait m\u00eame ...","breadcrumb":{"@id":"https:\/\/www.africa-press.net\/cameroun\/politique\/succession-de-biya-alamine-ousmane-mey-le-ministre-sort-de-lombre-et-montre-ses-muscles#breadcrumb"},"inLanguage":"fr-FR","potentialAction":[{"@type":"ReadAction","target":["https:\/\/www.africa-press.net\/cameroun\/politique\/succession-de-biya-alamine-ousmane-mey-le-ministre-sort-de-lombre-et-montre-ses-muscles"]}]},{"@type":"ImageObject","inLanguage":"fr-FR","@id":"https:\/\/www.africa-press.net\/cameroun\/politique\/succession-de-biya-alamine-ousmane-mey-le-ministre-sort-de-lombre-et-montre-ses-muscles#primaryimage","url":"https:\/\/static.africa-press.net\/cameroun\/sites\/57\/2022\/07\/postQueueImg_4-62d57d39af95a.jpg","contentUrl":"https:\/\/static.africa-press.net\/cameroun\/sites\/57\/2022\/07\/postQueueImg_4-62d57d39af95a.jpg","width":600,"height":300,"caption":"Succession de Biya: Alamine Ousmane Mey, le ministre sort de l'ombre et montre ses muscles"},{"@type":"BreadcrumbList","@id":"https:\/\/www.africa-press.net\/cameroun\/politique\/succession-de-biya-alamine-ousmane-mey-le-ministre-sort-de-lombre-et-montre-ses-muscles#breadcrumb","itemListElement":[{"@type":"ListItem","position":1,"name":"Accueil","item":"https:\/\/www.africa-press.net\/cameroun\/"},{"@type":"ListItem","position":2,"name":"Succession de Biya: Alamine Ousmane Mey, le ministre sort de l&#8217;ombre et montre ses muscles"}]},{"@type":"WebSite","@id":"https:\/\/www.africa-press.net\/cameroun\/#website","url":"https:\/\/www.africa-press.net\/cameroun\/","name":"Cameroun","description":"Just another Africa News Agency Sites site","potentialAction":[{"@type":"SearchAction","target":{"@type":"EntryPoint","urlTemplate":"https:\/\/www.africa-press.net\/cameroun\/?s={search_term_string}"},"query-input":{"@type":"PropertyValueSpecification","valueRequired":true,"valueName":"search_term_string"}}],"inLanguage":"fr-FR"},{"@type":"Person","@id":"https:\/\/www.africa-press.net\/cameroun\/#\/schema\/person\/2b1cf3cd81a31e3cd26889ca66d677f1","name":"cfeditorfr"}]}},"_links":{"self":[{"href":"https:\/\/www.africa-press.net\/cameroun\/wp-json\/wp\/v2\/posts\/23775","targetHints":{"allow":["GET"]}}],"collection":[{"href":"https:\/\/www.africa-press.net\/cameroun\/wp-json\/wp\/v2\/posts"}],"about":[{"href":"https:\/\/www.africa-press.net\/cameroun\/wp-json\/wp\/v2\/types\/post"}],"author":[{"embeddable":true,"href":"https:\/\/www.africa-press.net\/cameroun\/wp-json\/wp\/v2\/users\/82"}],"replies":[{"embeddable":true,"href":"https:\/\/www.africa-press.net\/cameroun\/wp-json\/wp\/v2\/comments?post=23775"}],"version-history":[{"count":0,"href":"https:\/\/www.africa-press.net\/cameroun\/wp-json\/wp\/v2\/posts\/23775\/revisions"}],"wp:featuredmedia":[{"embeddable":true,"href":"https:\/\/www.africa-press.net\/cameroun\/wp-json\/wp\/v2\/media\/23774"}],"wp:attachment":[{"href":"https:\/\/www.africa-press.net\/cameroun\/wp-json\/wp\/v2\/media?parent=23775"}],"wp:term":[{"taxonomy":"category","embeddable":true,"href":"https:\/\/www.africa-press.net\/cameroun\/wp-json\/wp\/v2\/categories?post=23775"},{"taxonomy":"post_tag","embeddable":true,"href":"https:\/\/www.africa-press.net\/cameroun\/wp-json\/wp\/v2\/tags?post=23775"}],"curies":[{"name":"wp","href":"https:\/\/api.w.org\/{rel}","templated":true}]}}