{"id":23783,"date":"2022-07-19T15:57:54","date_gmt":"2022-07-19T15:57:54","guid":{"rendered":"https:\/\/www.africa-press.net\/cameroun\/politique\/succession-de-paul-biya-le-coordonnateur-du-mouvement-progressiste-hilaire-nzipang-declare-que-le-president-du-senat-ne-va-pas-pouvoir-assurer-linterim"},"modified":"2022-07-19T15:58:13","modified_gmt":"2022-07-19T15:58:13","slug":"succession-de-paul-biya-le-coordonnateur-du-mouvement-progressiste-hilaire-nzipang-declare-que-le-president-du-senat-ne-va-pas-pouvoir-assurer-linterim","status":"publish","type":"post","link":"https:\/\/www.africa-press.net\/cameroun\/politique\/succession-de-paul-biya-le-coordonnateur-du-mouvement-progressiste-hilaire-nzipang-declare-que-le-president-du-senat-ne-va-pas-pouvoir-assurer-linterim","title":{"rendered":"Succession de Paul Biya: Le coordonnateur du Mouvement Progressiste Hilaire Nzipang, d\u00e9clare que le pr\u00e9sident du S\u00e9nat ne va pas pouvoir assurer l\u2019int\u00e9rim"},"content":{"rendered":"<p><span style=\"color: #ff6600\"><strong>Africa-Press &#8211; Cameroun. <\/strong><\/span>Existe-t-il des zones d\u2019ombre sur le m\u00e9canisme de succession \u00e0 la fonction de pr\u00e9sident de la R\u00e9publique du Cameroun ? L\u2018opposant Hilaire Nzipang r\u00e9pond par l\u2019affirmative. Le coordonnateur du Mouvement Progressiste (MP) croit avoir d\u00e9cel\u00e9 deux failles. Il les a identifi\u00e9es au cours de la Matinale de Radio Balafon de ce 18 Juillet 2022.<\/p>\n<p>La premi\u00e8re concerne le constat de la vacance du poste de pr\u00e9sident de la R\u00e9publique. Il assure que la Constitution ne dit pas qui doit le faire. \u00ab Ce que la Constitution ne dit pas, c\u2019est qui constate la vacance ? En fait, c\u2019est le Conseil constitutionnel qui doit constater la vacance. Mais il n\u2019y a pas de m\u00e9canisme juridique qui permet la constatation. Il n\u2019y a personne pour saisir le pr\u00e9sident du conseil constitutionnel. Parce qu\u2019on a laiss\u00e9 \u00e7a express\u00e9ment ! Vous ne pouvez pas le saisir si vous n\u2019en avez pas qualit\u00e9 \u00bb, dit Hilaire Nzipang.<\/p>\n<p>Pour ce qui concerne le successeur charg\u00e9 d\u2019assurer la transition, le patron du MP croit que l\u2019actuel pr\u00e9sident du S\u00e9nat Marcel Niat Njifenji est d\u2019ores et d\u00e9j\u00e0 disqualifi\u00e9 par les textes de son parti politique, le RDPC. \u00ab\u00a0Rien ne dit qu\u2019on peut changer le pr\u00e9sident du S\u00e9nat en fonction. Parce que c\u2019est le RDPC qui d\u00e9cide. Et au RDPC, le pr\u00e9sident du S\u00e9nat actuel n\u2019est pas membre du Bureau Politique. L\u2019instance qui investit le candidat ou qui r\u00e9investit le pr\u00e9sident de la R\u00e9publique, c\u2019est le Bureau Politique. Le vice-pr\u00e9sident du S\u00e9nat est membre du Bureau politique. Par contre, le pr\u00e9sident de l\u2019Assembl\u00e9e nationale est membre du Bureau politique. Le pr\u00e9sident du groupe parlementaire RDPC au S\u00e9nat est membre du Bureau Politique. Comment, \u00e0 l\u2019instance du Parti, peut-on d\u00e9signer quelqu\u2019un qui n\u2019est pas pr\u00e9sent dans cette instance ?\u00a0\u00bb , s&rsquo;interroge Hilaire Nzipang.<\/p>\n<p>En rapplel Pourtant, la Constitution camerounaise stipule qu\u2019en cas de vacance du poste de pr\u00e9sident de la R\u00e9publique c\u2019est le pr\u00e9sident du S\u00e9nat qui assure la transition. Le diable serait-il dansles d\u00e9tails?<\/p>\n<p><strong>Pour plus d&rsquo;informations et d&rsquo;analyses sur la <a href=\"https:\/\/www.africa-press.net\/cameroun\">Cameroun<\/a>, suivez <a href=\"https:\/\/www.africa-press.net\/\">Africa-Press<\/a><\/strong><\/p>\n","protected":false},"excerpt":{"rendered":"<p>Africa-Press &#8211; Cameroun. Existe-t-il des zones d\u2019ombre sur le m\u00e9canisme de succession \u00e0 la fonction de pr\u00e9sident de la R\u00e9publique du Cameroun ? L\u2018opposant Hilaire Nzipang r\u00e9pond par l\u2019affirmative. Le coordonnateur du Mouvement Progressiste (MP) croit avoir d\u00e9cel\u00e9 deux failles. Il les a identifi\u00e9es au cours de la Matinale de Radio Balafon de ce 18 [&hellip;]<\/p>\n","protected":false},"author":82,"featured_media":23782,"comment_status":"open","ping_status":"closed","sticky":false,"template":"","format":"standard","meta":{"footnotes":""},"categories":[11,2,10],"tags":[36,50,49],"class_list":["post-23783","post","type-post","status-publish","format-standard","has-post-thumbnail","hentry","category-homepage-french","category-politique","category-toutes-les-actualites","tag-africa-press","tag-africa-press-cameroun","tag-cameroun"],"yoast_head":"<!-- This site is optimized with the Yoast SEO Premium plugin v26.1 (Yoast SEO v27.0) - https:\/\/yoast.com\/product\/yoast-seo-premium-wordpress\/ -->\n<title>Succession de Paul Biya: Le coordonnateur du Mouvement Progressiste Hilaire Nzipang, d\u00e9clare que le pr\u00e9sident du S\u00e9nat ne va pas pouvoir assurer l\u2019int\u00e9rim - Cameroun<\/title>\n<meta name=\"description\" content=\"Existe-t-il des zones d\u2019ombre sur le m\u00e9canisme de succession \u00e0 la fonction de pr\u00e9sident de la R\u00e9publique du Cameroun ? L ...\" \/>\n<meta name=\"robots\" content=\"index, follow, max-snippet:-1, max-image-preview:large, max-video-preview:-1\" \/>\n<link rel=\"canonical\" href=\"https:\/\/www.africa-press.net\/cameroun\/politique\/succession-de-paul-biya-le-coordonnateur-du-mouvement-progressiste-hilaire-nzipang-declare-que-le-president-du-senat-ne-va-pas-pouvoir-assurer-linterim\" \/>\n<meta property=\"og:locale\" content=\"fr_FR\" \/>\n<meta property=\"og:type\" content=\"article\" \/>\n<meta property=\"og:title\" content=\"Succession de Paul Biya: Le coordonnateur du Mouvement Progressiste Hilaire Nzipang, d\u00e9clare que le pr\u00e9sident du S\u00e9nat ne va pas pouvoir assurer l\u2019int\u00e9rim\" \/>\n<meta property=\"og:description\" content=\"Existe-t-il des zones d\u2019ombre sur le m\u00e9canisme de succession \u00e0 la fonction de pr\u00e9sident de la R\u00e9publique du Cameroun ? L ...\" \/>\n<meta property=\"og:url\" content=\"https:\/\/www.africa-press.net\/cameroun\/politique\/succession-de-paul-biya-le-coordonnateur-du-mouvement-progressiste-hilaire-nzipang-declare-que-le-president-du-senat-ne-va-pas-pouvoir-assurer-linterim\" \/>\n<meta property=\"og:site_name\" content=\"Cameroun\" \/>\n<meta property=\"article:published_time\" content=\"2022-07-19T15:57:54+00:00\" \/>\n<meta property=\"article:modified_time\" content=\"2022-07-19T15:58:13+00:00\" \/>\n<meta property=\"og:image\" content=\"https:\/\/static.africa-press.net\/cameroun\/sites\/57\/2022\/07\/img-62d6d47741104.jpg\" \/>\n\t<meta property=\"og:image:width\" content=\"800\" \/>\n\t<meta property=\"og:image:height\" content=\"613\" \/>\n\t<meta property=\"og:image:type\" content=\"image\/jpeg\" \/>\n<meta name=\"author\" content=\"cfeditorfr\" \/>\n<meta name=\"twitter:card\" content=\"summary_large_image\" \/>\n<meta name=\"twitter:label1\" content=\"\u00c9crit par\" \/>\n\t<meta name=\"twitter:data1\" content=\"cfeditorfr\" \/>\n\t<meta name=\"twitter:label2\" content=\"Dur\u00e9e de lecture estim\u00e9e\" \/>\n\t<meta name=\"twitter:data2\" content=\"2 minutes\" \/>\n<script type=\"application\/ld+json\" class=\"yoast-schema-graph\">{\"@context\":\"https:\/\/schema.org\",\"@graph\":[{\"@type\":\"Article\",\"@id\":\"https:\/\/www.africa-press.net\/cameroun\/politique\/succession-de-paul-biya-le-coordonnateur-du-mouvement-progressiste-hilaire-nzipang-declare-que-le-president-du-senat-ne-va-pas-pouvoir-assurer-linterim#article\",\"isPartOf\":{\"@id\":\"https:\/\/www.africa-press.net\/cameroun\/politique\/succession-de-paul-biya-le-coordonnateur-du-mouvement-progressiste-hilaire-nzipang-declare-que-le-president-du-senat-ne-va-pas-pouvoir-assurer-linterim\"},\"author\":{\"name\":\"cfeditorfr\",\"@id\":\"https:\/\/www.africa-press.net\/cameroun\/#\/schema\/person\/2b1cf3cd81a31e3cd26889ca66d677f1\"},\"headline\":\"Succession de Paul Biya: Le coordonnateur du Mouvement Progressiste Hilaire Nzipang, d\u00e9clare que le pr\u00e9sident du S\u00e9nat ne va pas pouvoir assurer l\u2019int\u00e9rim\",\"datePublished\":\"2022-07-19T15:57:54+00:00\",\"dateModified\":\"2022-07-19T15:58:13+00:00\",\"mainEntityOfPage\":{\"@id\":\"https:\/\/www.africa-press.net\/cameroun\/politique\/succession-de-paul-biya-le-coordonnateur-du-mouvement-progressiste-hilaire-nzipang-declare-que-le-president-du-senat-ne-va-pas-pouvoir-assurer-linterim\"},\"wordCount\":417,\"commentCount\":0,\"image\":{\"@id\":\"https:\/\/www.africa-press.net\/cameroun\/politique\/succession-de-paul-biya-le-coordonnateur-du-mouvement-progressiste-hilaire-nzipang-declare-que-le-president-du-senat-ne-va-pas-pouvoir-assurer-linterim#primaryimage\"},\"thumbnailUrl\":\"https:\/\/static.africa-press.net\/cameroun\/sites\/57\/2022\/07\/img-62d6d47741104.jpg\",\"keywords\":[\"Africa Press\",\"Africa Press-Cameroun\",\"Cameroun\"],\"articleSection\":[\"homepage-french\",\"Politique\",\"Toutes les actualit\u00e9s\"],\"inLanguage\":\"fr-FR\",\"potentialAction\":[{\"@type\":\"CommentAction\",\"name\":\"Comment\",\"target\":[\"https:\/\/www.africa-press.net\/cameroun\/politique\/succession-de-paul-biya-le-coordonnateur-du-mouvement-progressiste-hilaire-nzipang-declare-que-le-president-du-senat-ne-va-pas-pouvoir-assurer-linterim#respond\"]}]},{\"@type\":\"WebPage\",\"@id\":\"https:\/\/www.africa-press.net\/cameroun\/politique\/succession-de-paul-biya-le-coordonnateur-du-mouvement-progressiste-hilaire-nzipang-declare-que-le-president-du-senat-ne-va-pas-pouvoir-assurer-linterim\",\"url\":\"https:\/\/www.africa-press.net\/cameroun\/politique\/succession-de-paul-biya-le-coordonnateur-du-mouvement-progressiste-hilaire-nzipang-declare-que-le-president-du-senat-ne-va-pas-pouvoir-assurer-linterim\",\"name\":\"Succession de Paul Biya: Le coordonnateur du Mouvement Progressiste Hilaire Nzipang, d\u00e9clare que le pr\u00e9sident du S\u00e9nat ne va pas pouvoir assurer l\u2019int\u00e9rim - Cameroun\",\"isPartOf\":{\"@id\":\"https:\/\/www.africa-press.net\/cameroun\/#website\"},\"primaryImageOfPage\":{\"@id\":\"https:\/\/www.africa-press.net\/cameroun\/politique\/succession-de-paul-biya-le-coordonnateur-du-mouvement-progressiste-hilaire-nzipang-declare-que-le-president-du-senat-ne-va-pas-pouvoir-assurer-linterim#primaryimage\"},\"image\":{\"@id\":\"https:\/\/www.africa-press.net\/cameroun\/politique\/succession-de-paul-biya-le-coordonnateur-du-mouvement-progressiste-hilaire-nzipang-declare-que-le-president-du-senat-ne-va-pas-pouvoir-assurer-linterim#primaryimage\"},\"thumbnailUrl\":\"https:\/\/static.africa-press.net\/cameroun\/sites\/57\/2022\/07\/img-62d6d47741104.jpg\",\"datePublished\":\"2022-07-19T15:57:54+00:00\",\"dateModified\":\"2022-07-19T15:58:13+00:00\",\"author\":{\"@id\":\"https:\/\/www.africa-press.net\/cameroun\/#\/schema\/person\/2b1cf3cd81a31e3cd26889ca66d677f1\"},\"description\":\"Existe-t-il des zones d\u2019ombre sur le m\u00e9canisme de succession \u00e0 la fonction de pr\u00e9sident de la R\u00e9publique du Cameroun ? L ...\",\"breadcrumb\":{\"@id\":\"https:\/\/www.africa-press.net\/cameroun\/politique\/succession-de-paul-biya-le-coordonnateur-du-mouvement-progressiste-hilaire-nzipang-declare-que-le-president-du-senat-ne-va-pas-pouvoir-assurer-linterim#breadcrumb\"},\"inLanguage\":\"fr-FR\",\"potentialAction\":[{\"@type\":\"ReadAction\",\"target\":[\"https:\/\/www.africa-press.net\/cameroun\/politique\/succession-de-paul-biya-le-coordonnateur-du-mouvement-progressiste-hilaire-nzipang-declare-que-le-president-du-senat-ne-va-pas-pouvoir-assurer-linterim\"]}]},{\"@type\":\"ImageObject\",\"inLanguage\":\"fr-FR\",\"@id\":\"https:\/\/www.africa-press.net\/cameroun\/politique\/succession-de-paul-biya-le-coordonnateur-du-mouvement-progressiste-hilaire-nzipang-declare-que-le-president-du-senat-ne-va-pas-pouvoir-assurer-linterim#primaryimage\",\"url\":\"https:\/\/static.africa-press.net\/cameroun\/sites\/57\/2022\/07\/img-62d6d47741104.jpg\",\"contentUrl\":\"https:\/\/static.africa-press.net\/cameroun\/sites\/57\/2022\/07\/img-62d6d47741104.jpg\",\"width\":800,\"height\":613,\"caption\":\"Succession de Paul Biya: Le coordonnateur du Mouvement Progressiste Hilaire Nzipang, d\u00e9clare que le pr\u00e9sident du S\u00e9nat ne va pas pouvoir assurer l\u2019int\u00e9rim\"},{\"@type\":\"BreadcrumbList\",\"@id\":\"https:\/\/www.africa-press.net\/cameroun\/politique\/succession-de-paul-biya-le-coordonnateur-du-mouvement-progressiste-hilaire-nzipang-declare-que-le-president-du-senat-ne-va-pas-pouvoir-assurer-linterim#breadcrumb\",\"itemListElement\":[{\"@type\":\"ListItem\",\"position\":1,\"name\":\"Accueil\",\"item\":\"https:\/\/www.africa-press.net\/cameroun\/\"},{\"@type\":\"ListItem\",\"position\":2,\"name\":\"Succession de Paul Biya: Le coordonnateur du Mouvement Progressiste Hilaire Nzipang, d\u00e9clare que le pr\u00e9sident du S\u00e9nat ne va pas pouvoir assurer l\u2019int\u00e9rim\"}]},{\"@type\":\"WebSite\",\"@id\":\"https:\/\/www.africa-press.net\/cameroun\/#website\",\"url\":\"https:\/\/www.africa-press.net\/cameroun\/\",\"name\":\"Cameroun\",\"description\":\"Just another Africa News Agency Sites site\",\"potentialAction\":[{\"@type\":\"SearchAction\",\"target\":{\"@type\":\"EntryPoint\",\"urlTemplate\":\"https:\/\/www.africa-press.net\/cameroun\/?s={search_term_string}\"},\"query-input\":{\"@type\":\"PropertyValueSpecification\",\"valueRequired\":true,\"valueName\":\"search_term_string\"}}],\"inLanguage\":\"fr-FR\"},{\"@type\":\"Person\",\"@id\":\"https:\/\/www.africa-press.net\/cameroun\/#\/schema\/person\/2b1cf3cd81a31e3cd26889ca66d677f1\",\"name\":\"cfeditorfr\"}]}<\/script>\n<!-- \/ Yoast SEO Premium plugin. -->","yoast_head_json":{"title":"Succession de Paul Biya: Le coordonnateur du Mouvement Progressiste Hilaire Nzipang, d\u00e9clare que le pr\u00e9sident du S\u00e9nat ne va pas pouvoir assurer l\u2019int\u00e9rim - Cameroun","description":"Existe-t-il des zones d\u2019ombre sur le m\u00e9canisme de succession \u00e0 la fonction de pr\u00e9sident de la R\u00e9publique du Cameroun ? L ...","robots":{"index":"index","follow":"follow","max-snippet":"max-snippet:-1","max-image-preview":"max-image-preview:large","max-video-preview":"max-video-preview:-1"},"canonical":"https:\/\/www.africa-press.net\/cameroun\/politique\/succession-de-paul-biya-le-coordonnateur-du-mouvement-progressiste-hilaire-nzipang-declare-que-le-president-du-senat-ne-va-pas-pouvoir-assurer-linterim","og_locale":"fr_FR","og_type":"article","og_title":"Succession de Paul Biya: Le coordonnateur du Mouvement Progressiste Hilaire Nzipang, d\u00e9clare que le pr\u00e9sident du S\u00e9nat ne va pas pouvoir assurer l\u2019int\u00e9rim","og_description":"Existe-t-il des zones d\u2019ombre sur le m\u00e9canisme de succession \u00e0 la fonction de pr\u00e9sident de la R\u00e9publique du Cameroun ? L ...","og_url":"https:\/\/www.africa-press.net\/cameroun\/politique\/succession-de-paul-biya-le-coordonnateur-du-mouvement-progressiste-hilaire-nzipang-declare-que-le-president-du-senat-ne-va-pas-pouvoir-assurer-linterim","og_site_name":"Cameroun","article_published_time":"2022-07-19T15:57:54+00:00","article_modified_time":"2022-07-19T15:58:13+00:00","og_image":[{"width":800,"height":613,"url":"https:\/\/static.africa-press.net\/cameroun\/sites\/57\/2022\/07\/img-62d6d47741104.jpg","type":"image\/jpeg"}],"author":"cfeditorfr","twitter_card":"summary_large_image","twitter_misc":{"\u00c9crit par":"cfeditorfr","Dur\u00e9e de lecture estim\u00e9e":"2 minutes"},"schema":{"@context":"https:\/\/schema.org","@graph":[{"@type":"Article","@id":"https:\/\/www.africa-press.net\/cameroun\/politique\/succession-de-paul-biya-le-coordonnateur-du-mouvement-progressiste-hilaire-nzipang-declare-que-le-president-du-senat-ne-va-pas-pouvoir-assurer-linterim#article","isPartOf":{"@id":"https:\/\/www.africa-press.net\/cameroun\/politique\/succession-de-paul-biya-le-coordonnateur-du-mouvement-progressiste-hilaire-nzipang-declare-que-le-president-du-senat-ne-va-pas-pouvoir-assurer-linterim"},"author":{"name":"cfeditorfr","@id":"https:\/\/www.africa-press.net\/cameroun\/#\/schema\/person\/2b1cf3cd81a31e3cd26889ca66d677f1"},"headline":"Succession de Paul Biya: Le coordonnateur du Mouvement Progressiste Hilaire Nzipang, d\u00e9clare que le pr\u00e9sident du S\u00e9nat ne va pas pouvoir assurer l\u2019int\u00e9rim","datePublished":"2022-07-19T15:57:54+00:00","dateModified":"2022-07-19T15:58:13+00:00","mainEntityOfPage":{"@id":"https:\/\/www.africa-press.net\/cameroun\/politique\/succession-de-paul-biya-le-coordonnateur-du-mouvement-progressiste-hilaire-nzipang-declare-que-le-president-du-senat-ne-va-pas-pouvoir-assurer-linterim"},"wordCount":417,"commentCount":0,"image":{"@id":"https:\/\/www.africa-press.net\/cameroun\/politique\/succession-de-paul-biya-le-coordonnateur-du-mouvement-progressiste-hilaire-nzipang-declare-que-le-president-du-senat-ne-va-pas-pouvoir-assurer-linterim#primaryimage"},"thumbnailUrl":"https:\/\/static.africa-press.net\/cameroun\/sites\/57\/2022\/07\/img-62d6d47741104.jpg","keywords":["Africa Press","Africa Press-Cameroun","Cameroun"],"articleSection":["homepage-french","Politique","Toutes les actualit\u00e9s"],"inLanguage":"fr-FR","potentialAction":[{"@type":"CommentAction","name":"Comment","target":["https:\/\/www.africa-press.net\/cameroun\/politique\/succession-de-paul-biya-le-coordonnateur-du-mouvement-progressiste-hilaire-nzipang-declare-que-le-president-du-senat-ne-va-pas-pouvoir-assurer-linterim#respond"]}]},{"@type":"WebPage","@id":"https:\/\/www.africa-press.net\/cameroun\/politique\/succession-de-paul-biya-le-coordonnateur-du-mouvement-progressiste-hilaire-nzipang-declare-que-le-president-du-senat-ne-va-pas-pouvoir-assurer-linterim","url":"https:\/\/www.africa-press.net\/cameroun\/politique\/succession-de-paul-biya-le-coordonnateur-du-mouvement-progressiste-hilaire-nzipang-declare-que-le-president-du-senat-ne-va-pas-pouvoir-assurer-linterim","name":"Succession de Paul Biya: Le coordonnateur du Mouvement Progressiste Hilaire Nzipang, d\u00e9clare que le pr\u00e9sident du S\u00e9nat ne va pas pouvoir assurer l\u2019int\u00e9rim - Cameroun","isPartOf":{"@id":"https:\/\/www.africa-press.net\/cameroun\/#website"},"primaryImageOfPage":{"@id":"https:\/\/www.africa-press.net\/cameroun\/politique\/succession-de-paul-biya-le-coordonnateur-du-mouvement-progressiste-hilaire-nzipang-declare-que-le-president-du-senat-ne-va-pas-pouvoir-assurer-linterim#primaryimage"},"image":{"@id":"https:\/\/www.africa-press.net\/cameroun\/politique\/succession-de-paul-biya-le-coordonnateur-du-mouvement-progressiste-hilaire-nzipang-declare-que-le-president-du-senat-ne-va-pas-pouvoir-assurer-linterim#primaryimage"},"thumbnailUrl":"https:\/\/static.africa-press.net\/cameroun\/sites\/57\/2022\/07\/img-62d6d47741104.jpg","datePublished":"2022-07-19T15:57:54+00:00","dateModified":"2022-07-19T15:58:13+00:00","author":{"@id":"https:\/\/www.africa-press.net\/cameroun\/#\/schema\/person\/2b1cf3cd81a31e3cd26889ca66d677f1"},"description":"Existe-t-il des zones d\u2019ombre sur le m\u00e9canisme de succession \u00e0 la fonction de pr\u00e9sident de la R\u00e9publique du Cameroun ? L ...","breadcrumb":{"@id":"https:\/\/www.africa-press.net\/cameroun\/politique\/succession-de-paul-biya-le-coordonnateur-du-mouvement-progressiste-hilaire-nzipang-declare-que-le-president-du-senat-ne-va-pas-pouvoir-assurer-linterim#breadcrumb"},"inLanguage":"fr-FR","potentialAction":[{"@type":"ReadAction","target":["https:\/\/www.africa-press.net\/cameroun\/politique\/succession-de-paul-biya-le-coordonnateur-du-mouvement-progressiste-hilaire-nzipang-declare-que-le-president-du-senat-ne-va-pas-pouvoir-assurer-linterim"]}]},{"@type":"ImageObject","inLanguage":"fr-FR","@id":"https:\/\/www.africa-press.net\/cameroun\/politique\/succession-de-paul-biya-le-coordonnateur-du-mouvement-progressiste-hilaire-nzipang-declare-que-le-president-du-senat-ne-va-pas-pouvoir-assurer-linterim#primaryimage","url":"https:\/\/static.africa-press.net\/cameroun\/sites\/57\/2022\/07\/img-62d6d47741104.jpg","contentUrl":"https:\/\/static.africa-press.net\/cameroun\/sites\/57\/2022\/07\/img-62d6d47741104.jpg","width":800,"height":613,"caption":"Succession de Paul Biya: Le coordonnateur du Mouvement Progressiste Hilaire Nzipang, d\u00e9clare que le pr\u00e9sident du S\u00e9nat ne va pas pouvoir assurer l\u2019int\u00e9rim"},{"@type":"BreadcrumbList","@id":"https:\/\/www.africa-press.net\/cameroun\/politique\/succession-de-paul-biya-le-coordonnateur-du-mouvement-progressiste-hilaire-nzipang-declare-que-le-president-du-senat-ne-va-pas-pouvoir-assurer-linterim#breadcrumb","itemListElement":[{"@type":"ListItem","position":1,"name":"Accueil","item":"https:\/\/www.africa-press.net\/cameroun\/"},{"@type":"ListItem","position":2,"name":"Succession de Paul Biya: Le coordonnateur du Mouvement Progressiste Hilaire Nzipang, d\u00e9clare que le pr\u00e9sident du S\u00e9nat ne va pas pouvoir assurer l\u2019int\u00e9rim"}]},{"@type":"WebSite","@id":"https:\/\/www.africa-press.net\/cameroun\/#website","url":"https:\/\/www.africa-press.net\/cameroun\/","name":"Cameroun","description":"Just another Africa News Agency Sites site","potentialAction":[{"@type":"SearchAction","target":{"@type":"EntryPoint","urlTemplate":"https:\/\/www.africa-press.net\/cameroun\/?s={search_term_string}"},"query-input":{"@type":"PropertyValueSpecification","valueRequired":true,"valueName":"search_term_string"}}],"inLanguage":"fr-FR"},{"@type":"Person","@id":"https:\/\/www.africa-press.net\/cameroun\/#\/schema\/person\/2b1cf3cd81a31e3cd26889ca66d677f1","name":"cfeditorfr"}]}},"_links":{"self":[{"href":"https:\/\/www.africa-press.net\/cameroun\/wp-json\/wp\/v2\/posts\/23783","targetHints":{"allow":["GET"]}}],"collection":[{"href":"https:\/\/www.africa-press.net\/cameroun\/wp-json\/wp\/v2\/posts"}],"about":[{"href":"https:\/\/www.africa-press.net\/cameroun\/wp-json\/wp\/v2\/types\/post"}],"author":[{"embeddable":true,"href":"https:\/\/www.africa-press.net\/cameroun\/wp-json\/wp\/v2\/users\/82"}],"replies":[{"embeddable":true,"href":"https:\/\/www.africa-press.net\/cameroun\/wp-json\/wp\/v2\/comments?post=23783"}],"version-history":[{"count":0,"href":"https:\/\/www.africa-press.net\/cameroun\/wp-json\/wp\/v2\/posts\/23783\/revisions"}],"wp:featuredmedia":[{"embeddable":true,"href":"https:\/\/www.africa-press.net\/cameroun\/wp-json\/wp\/v2\/media\/23782"}],"wp:attachment":[{"href":"https:\/\/www.africa-press.net\/cameroun\/wp-json\/wp\/v2\/media?parent=23783"}],"wp:term":[{"taxonomy":"category","embeddable":true,"href":"https:\/\/www.africa-press.net\/cameroun\/wp-json\/wp\/v2\/categories?post=23783"},{"taxonomy":"post_tag","embeddable":true,"href":"https:\/\/www.africa-press.net\/cameroun\/wp-json\/wp\/v2\/tags?post=23783"}],"curies":[{"name":"wp","href":"https:\/\/api.w.org\/{rel}","templated":true}]}}