{"id":23786,"date":"2022-07-19T13:08:33","date_gmt":"2022-07-19T13:08:33","guid":{"rendered":"https:\/\/www.africa-press.net\/cameroun\/politique\/gangsterisme-un-capitaine-darmee-a-la-retraite-mis-aux-arrets-soupconne-davoir-commandite-une-tentative-dassassinat-contre-un-fonctionnaire-de-la-republique-video"},"modified":"2022-07-19T15:58:50","modified_gmt":"2022-07-19T15:58:50","slug":"gangsterisme-un-capitaine-darmee-a-la-retraite-mis-aux-arrets-soupconne-davoir-commandite-une-tentative-dassassinat-contre-un-fonctionnaire-de-la-republique-video","status":"publish","type":"post","link":"https:\/\/www.africa-press.net\/cameroun\/politique\/gangsterisme-un-capitaine-darmee-a-la-retraite-mis-aux-arrets-soupconne-davoir-commandite-une-tentative-dassassinat-contre-un-fonctionnaire-de-la-republique-video","title":{"rendered":"Gangst\u00e9risme: Un capitaine d\u2019arm\u00e9e \u00e0 la retraite mis aux arr\u00eats, soup\u00e7onn\u00e9 d\u2019avoir commandit\u00e9 une tentative d\u2019assassinat contre un fonctionnaire de la R\u00e9publique (vid\u00e9o)"},"content":{"rendered":"<p><span style=\"color: #ff6600\"><strong>Africa-Press &#8211; Cameroun. <\/strong><\/span>Les photos de Michel Julio Effa Effa circulent abondamment sur les r\u00e9seaux sociaux depuis la soir\u00e9e du lundi 18 juillet 2022. Ce capitaine d\u2019arm\u00e9e \u00e0 la retraite et par ailleurs pasteur de l\u2019Eglise Jean Baptiste du Cameroun (EJBC) dans la ville de Sangm\u00e9lima, r\u00e9gion du Sud, assis \u00e0 m\u00eame le sol, menott\u00e9s et li\u00e9 des pieds, dans les locaux de la Direction de la Police Judiciaire (DPJ) de Yaound\u00e9, est selon le journaliste et lanceur d\u2019alerte Boris Bertolt, l\u2019homme qui aurait commandit\u00e9 le braquage et la torture il y a un mois de Jean Sylvain Mvondo, Directeur de la Planification des Investissements Publics au minist\u00e8re de la planification, de l&rsquo;\u00e9conomie, du plan et de l&rsquo;am\u00e9nagement du territoire.<\/p>\n<p>Le confr\u00e8re Pierre Laverdure Ombang, rapporte en outre que ce \u00ab pasteur a \u00e9t\u00e9 interpell\u00e9 et mis aux arr\u00eats dans son village Aka \u00e0 Esse \u00e0 pr\u00e8s de 7 km de Sangm\u00e9lima, apr\u00e8s une fouille minutieuse dans son \u00e9glise o\u00f9 la police a d\u00e9couvert une cache d\u2019armes. Ce sont au total 25 armes saisies au cours de cette op\u00e9ration (\u2026) parmi lesquels trois armes emport\u00e9es apr\u00e8s l&rsquo;agression du Directeur de la Planification des Investissements Publiques, Jean Sylvain Mvondo \u00bb.<\/p>\n<p>Les sources polici\u00e8res n\u2019ont pas encore communiqu\u00e9 sur cette affaire. Entretemps, le haut fonctionnaire du Minepat tortur\u00e9 \u00e0 mort a \u00e9t\u00e9 \u00e9vacu\u00e9 en France pour des soins plus appropri\u00e9s.<\/p>\n<p><b>Voici le reportage de Vision4 sur l\u2019arrestation du pasteur Effa Effa :<\/b><\/p>\n<p><strong>Pour plus d&rsquo;informations et d&rsquo;analyses sur la <a href=\"https:\/\/www.africa-press.net\/cameroun\">Cameroun<\/a>, suivez <a href=\"https:\/\/www.africa-press.net\/\">Africa-Press<\/a><\/strong><\/p>\n","protected":false},"excerpt":{"rendered":"<p>Africa-Press &#8211; Cameroun. Les photos de Michel Julio Effa Effa circulent abondamment sur les r\u00e9seaux sociaux depuis la soir\u00e9e du lundi 18 juillet 2022. Ce capitaine d\u2019arm\u00e9e \u00e0 la retraite et par ailleurs pasteur de l\u2019Eglise Jean Baptiste du Cameroun (EJBC) dans la ville de Sangm\u00e9lima, r\u00e9gion du Sud, assis \u00e0 m\u00eame le sol, menott\u00e9s [&hellip;]<\/p>\n","protected":false},"author":82,"featured_media":23785,"comment_status":"open","ping_status":"closed","sticky":false,"template":"","format":"standard","meta":{"footnotes":""},"categories":[11,2,20,10],"tags":[36,50,49],"class_list":["post-23786","post","type-post","status-publish","format-standard","has-post-thumbnail","hentry","category-homepage-french","category-politique","category-top-nouvelles","category-toutes-les-actualites","tag-africa-press","tag-africa-press-cameroun","tag-cameroun"],"yoast_head":"<!-- This site is optimized with the Yoast SEO Premium plugin v26.1 (Yoast SEO v27.0) - https:\/\/yoast.com\/product\/yoast-seo-premium-wordpress\/ -->\n<title>Gangst\u00e9risme: Un capitaine d\u2019arm\u00e9e \u00e0 la retraite mis aux arr\u00eats, soup\u00e7onn\u00e9 d\u2019avoir commandit\u00e9 une tentative d\u2019assassinat contre un fonctionnaire de la R\u00e9publique (vid\u00e9o) - Cameroun<\/title>\n<meta name=\"description\" content=\"Les photos de Michel Julio Effa Effa circulent abondamment sur les r\u00e9seaux sociaux depuis la soir\u00e9e du lundi 18 juillet ...\" \/>\n<meta name=\"robots\" content=\"index, follow, max-snippet:-1, max-image-preview:large, max-video-preview:-1\" \/>\n<link rel=\"canonical\" href=\"https:\/\/www.africa-press.net\/cameroun\/politique\/gangsterisme-un-capitaine-darmee-a-la-retraite-mis-aux-arrets-soupconne-davoir-commandite-une-tentative-dassassinat-contre-un-fonctionnaire-de-la-republique-video\" \/>\n<meta property=\"og:locale\" content=\"fr_FR\" \/>\n<meta property=\"og:type\" content=\"article\" \/>\n<meta property=\"og:title\" content=\"Gangst\u00e9risme: Un capitaine d\u2019arm\u00e9e \u00e0 la retraite mis aux arr\u00eats, soup\u00e7onn\u00e9 d\u2019avoir commandit\u00e9 une tentative d\u2019assassinat contre un fonctionnaire de la R\u00e9publique (vid\u00e9o)\" \/>\n<meta property=\"og:description\" content=\"Les photos de Michel Julio Effa Effa circulent abondamment sur les r\u00e9seaux sociaux depuis la soir\u00e9e du lundi 18 juillet ...\" \/>\n<meta property=\"og:url\" content=\"https:\/\/www.africa-press.net\/cameroun\/politique\/gangsterisme-un-capitaine-darmee-a-la-retraite-mis-aux-arrets-soupconne-davoir-commandite-une-tentative-dassassinat-contre-un-fonctionnaire-de-la-republique-video\" \/>\n<meta property=\"og:site_name\" content=\"Cameroun\" \/>\n<meta property=\"article:published_time\" content=\"2022-07-19T13:08:33+00:00\" \/>\n<meta property=\"article:modified_time\" content=\"2022-07-19T15:58:50+00:00\" \/>\n<meta property=\"og:image\" content=\"https:\/\/static.africa-press.net\/cameroun\/sites\/57\/2022\/07\/img-62d6d49eeeffe.jpg\" \/>\n\t<meta property=\"og:image:width\" content=\"800\" \/>\n\t<meta property=\"og:image:height\" content=\"640\" \/>\n\t<meta property=\"og:image:type\" content=\"image\/jpeg\" \/>\n<meta name=\"author\" content=\"cfeditorfr\" \/>\n<meta name=\"twitter:card\" content=\"summary_large_image\" \/>\n<meta name=\"twitter:label1\" content=\"\u00c9crit par\" \/>\n\t<meta name=\"twitter:data1\" content=\"cfeditorfr\" \/>\n\t<meta name=\"twitter:label2\" content=\"Dur\u00e9e de lecture estim\u00e9e\" \/>\n\t<meta name=\"twitter:data2\" content=\"1 minute\" \/>\n<script type=\"application\/ld+json\" class=\"yoast-schema-graph\">{\"@context\":\"https:\/\/schema.org\",\"@graph\":[{\"@type\":\"Article\",\"@id\":\"https:\/\/www.africa-press.net\/cameroun\/politique\/gangsterisme-un-capitaine-darmee-a-la-retraite-mis-aux-arrets-soupconne-davoir-commandite-une-tentative-dassassinat-contre-un-fonctionnaire-de-la-republique-video#article\",\"isPartOf\":{\"@id\":\"https:\/\/www.africa-press.net\/cameroun\/politique\/gangsterisme-un-capitaine-darmee-a-la-retraite-mis-aux-arrets-soupconne-davoir-commandite-une-tentative-dassassinat-contre-un-fonctionnaire-de-la-republique-video\"},\"author\":{\"name\":\"cfeditorfr\",\"@id\":\"https:\/\/www.africa-press.net\/cameroun\/#\/schema\/person\/2b1cf3cd81a31e3cd26889ca66d677f1\"},\"headline\":\"Gangst\u00e9risme: Un capitaine d\u2019arm\u00e9e \u00e0 la retraite mis aux arr\u00eats, soup\u00e7onn\u00e9 d\u2019avoir commandit\u00e9 une tentative d\u2019assassinat contre un fonctionnaire de la R\u00e9publique (vid\u00e9o)\",\"datePublished\":\"2022-07-19T13:08:33+00:00\",\"dateModified\":\"2022-07-19T15:58:50+00:00\",\"mainEntityOfPage\":{\"@id\":\"https:\/\/www.africa-press.net\/cameroun\/politique\/gangsterisme-un-capitaine-darmee-a-la-retraite-mis-aux-arrets-soupconne-davoir-commandite-une-tentative-dassassinat-contre-un-fonctionnaire-de-la-republique-video\"},\"wordCount\":300,\"commentCount\":0,\"image\":{\"@id\":\"https:\/\/www.africa-press.net\/cameroun\/politique\/gangsterisme-un-capitaine-darmee-a-la-retraite-mis-aux-arrets-soupconne-davoir-commandite-une-tentative-dassassinat-contre-un-fonctionnaire-de-la-republique-video#primaryimage\"},\"thumbnailUrl\":\"https:\/\/static.africa-press.net\/cameroun\/sites\/57\/2022\/07\/img-62d6d49eeeffe.jpg\",\"keywords\":[\"Africa Press\",\"Africa Press-Cameroun\",\"Cameroun\"],\"articleSection\":[\"homepage-french\",\"Politique\",\"Top Nouvelles\",\"Toutes les actualit\u00e9s\"],\"inLanguage\":\"fr-FR\",\"potentialAction\":[{\"@type\":\"CommentAction\",\"name\":\"Comment\",\"target\":[\"https:\/\/www.africa-press.net\/cameroun\/politique\/gangsterisme-un-capitaine-darmee-a-la-retraite-mis-aux-arrets-soupconne-davoir-commandite-une-tentative-dassassinat-contre-un-fonctionnaire-de-la-republique-video#respond\"]}]},{\"@type\":\"WebPage\",\"@id\":\"https:\/\/www.africa-press.net\/cameroun\/politique\/gangsterisme-un-capitaine-darmee-a-la-retraite-mis-aux-arrets-soupconne-davoir-commandite-une-tentative-dassassinat-contre-un-fonctionnaire-de-la-republique-video\",\"url\":\"https:\/\/www.africa-press.net\/cameroun\/politique\/gangsterisme-un-capitaine-darmee-a-la-retraite-mis-aux-arrets-soupconne-davoir-commandite-une-tentative-dassassinat-contre-un-fonctionnaire-de-la-republique-video\",\"name\":\"Gangst\u00e9risme: Un capitaine d\u2019arm\u00e9e \u00e0 la retraite mis aux arr\u00eats, soup\u00e7onn\u00e9 d\u2019avoir commandit\u00e9 une tentative d\u2019assassinat contre un fonctionnaire de la R\u00e9publique (vid\u00e9o) - Cameroun\",\"isPartOf\":{\"@id\":\"https:\/\/www.africa-press.net\/cameroun\/#website\"},\"primaryImageOfPage\":{\"@id\":\"https:\/\/www.africa-press.net\/cameroun\/politique\/gangsterisme-un-capitaine-darmee-a-la-retraite-mis-aux-arrets-soupconne-davoir-commandite-une-tentative-dassassinat-contre-un-fonctionnaire-de-la-republique-video#primaryimage\"},\"image\":{\"@id\":\"https:\/\/www.africa-press.net\/cameroun\/politique\/gangsterisme-un-capitaine-darmee-a-la-retraite-mis-aux-arrets-soupconne-davoir-commandite-une-tentative-dassassinat-contre-un-fonctionnaire-de-la-republique-video#primaryimage\"},\"thumbnailUrl\":\"https:\/\/static.africa-press.net\/cameroun\/sites\/57\/2022\/07\/img-62d6d49eeeffe.jpg\",\"datePublished\":\"2022-07-19T13:08:33+00:00\",\"dateModified\":\"2022-07-19T15:58:50+00:00\",\"author\":{\"@id\":\"https:\/\/www.africa-press.net\/cameroun\/#\/schema\/person\/2b1cf3cd81a31e3cd26889ca66d677f1\"},\"description\":\"Les photos de Michel Julio Effa Effa circulent abondamment sur les r\u00e9seaux sociaux depuis la soir\u00e9e du lundi 18 juillet ...\",\"breadcrumb\":{\"@id\":\"https:\/\/www.africa-press.net\/cameroun\/politique\/gangsterisme-un-capitaine-darmee-a-la-retraite-mis-aux-arrets-soupconne-davoir-commandite-une-tentative-dassassinat-contre-un-fonctionnaire-de-la-republique-video#breadcrumb\"},\"inLanguage\":\"fr-FR\",\"potentialAction\":[{\"@type\":\"ReadAction\",\"target\":[\"https:\/\/www.africa-press.net\/cameroun\/politique\/gangsterisme-un-capitaine-darmee-a-la-retraite-mis-aux-arrets-soupconne-davoir-commandite-une-tentative-dassassinat-contre-un-fonctionnaire-de-la-republique-video\"]}]},{\"@type\":\"ImageObject\",\"inLanguage\":\"fr-FR\",\"@id\":\"https:\/\/www.africa-press.net\/cameroun\/politique\/gangsterisme-un-capitaine-darmee-a-la-retraite-mis-aux-arrets-soupconne-davoir-commandite-une-tentative-dassassinat-contre-un-fonctionnaire-de-la-republique-video#primaryimage\",\"url\":\"https:\/\/static.africa-press.net\/cameroun\/sites\/57\/2022\/07\/img-62d6d49eeeffe.jpg\",\"contentUrl\":\"https:\/\/static.africa-press.net\/cameroun\/sites\/57\/2022\/07\/img-62d6d49eeeffe.jpg\",\"width\":800,\"height\":640,\"caption\":\"Gangst\u00e9risme: Un capitaine d\u2019arm\u00e9e \u00e0 la retraite mis aux arr\u00eats, soup\u00e7onn\u00e9 d\u2019avoir commandit\u00e9 une tentative d\u2019assassinat contre un fonctionnaire de la R\u00e9publique (vid\u00e9o)\"},{\"@type\":\"BreadcrumbList\",\"@id\":\"https:\/\/www.africa-press.net\/cameroun\/politique\/gangsterisme-un-capitaine-darmee-a-la-retraite-mis-aux-arrets-soupconne-davoir-commandite-une-tentative-dassassinat-contre-un-fonctionnaire-de-la-republique-video#breadcrumb\",\"itemListElement\":[{\"@type\":\"ListItem\",\"position\":1,\"name\":\"Accueil\",\"item\":\"https:\/\/www.africa-press.net\/cameroun\/\"},{\"@type\":\"ListItem\",\"position\":2,\"name\":\"Gangst\u00e9risme: Un capitaine d\u2019arm\u00e9e \u00e0 la retraite mis aux arr\u00eats, soup\u00e7onn\u00e9 d\u2019avoir commandit\u00e9 une tentative d\u2019assassinat contre un fonctionnaire de la R\u00e9publique (vid\u00e9o)\"}]},{\"@type\":\"WebSite\",\"@id\":\"https:\/\/www.africa-press.net\/cameroun\/#website\",\"url\":\"https:\/\/www.africa-press.net\/cameroun\/\",\"name\":\"Cameroun\",\"description\":\"Just another Africa News Agency Sites site\",\"potentialAction\":[{\"@type\":\"SearchAction\",\"target\":{\"@type\":\"EntryPoint\",\"urlTemplate\":\"https:\/\/www.africa-press.net\/cameroun\/?s={search_term_string}\"},\"query-input\":{\"@type\":\"PropertyValueSpecification\",\"valueRequired\":true,\"valueName\":\"search_term_string\"}}],\"inLanguage\":\"fr-FR\"},{\"@type\":\"Person\",\"@id\":\"https:\/\/www.africa-press.net\/cameroun\/#\/schema\/person\/2b1cf3cd81a31e3cd26889ca66d677f1\",\"name\":\"cfeditorfr\"}]}<\/script>\n<!-- \/ Yoast SEO Premium plugin. -->","yoast_head_json":{"title":"Gangst\u00e9risme: Un capitaine d\u2019arm\u00e9e \u00e0 la retraite mis aux arr\u00eats, soup\u00e7onn\u00e9 d\u2019avoir commandit\u00e9 une tentative d\u2019assassinat contre un fonctionnaire de la R\u00e9publique (vid\u00e9o) - Cameroun","description":"Les photos de Michel Julio Effa Effa circulent abondamment sur les r\u00e9seaux sociaux depuis la soir\u00e9e du lundi 18 juillet ...","robots":{"index":"index","follow":"follow","max-snippet":"max-snippet:-1","max-image-preview":"max-image-preview:large","max-video-preview":"max-video-preview:-1"},"canonical":"https:\/\/www.africa-press.net\/cameroun\/politique\/gangsterisme-un-capitaine-darmee-a-la-retraite-mis-aux-arrets-soupconne-davoir-commandite-une-tentative-dassassinat-contre-un-fonctionnaire-de-la-republique-video","og_locale":"fr_FR","og_type":"article","og_title":"Gangst\u00e9risme: Un capitaine d\u2019arm\u00e9e \u00e0 la retraite mis aux arr\u00eats, soup\u00e7onn\u00e9 d\u2019avoir commandit\u00e9 une tentative d\u2019assassinat contre un fonctionnaire de la R\u00e9publique (vid\u00e9o)","og_description":"Les photos de Michel Julio Effa Effa circulent abondamment sur les r\u00e9seaux sociaux depuis la soir\u00e9e du lundi 18 juillet ...","og_url":"https:\/\/www.africa-press.net\/cameroun\/politique\/gangsterisme-un-capitaine-darmee-a-la-retraite-mis-aux-arrets-soupconne-davoir-commandite-une-tentative-dassassinat-contre-un-fonctionnaire-de-la-republique-video","og_site_name":"Cameroun","article_published_time":"2022-07-19T13:08:33+00:00","article_modified_time":"2022-07-19T15:58:50+00:00","og_image":[{"width":800,"height":640,"url":"https:\/\/static.africa-press.net\/cameroun\/sites\/57\/2022\/07\/img-62d6d49eeeffe.jpg","type":"image\/jpeg"}],"author":"cfeditorfr","twitter_card":"summary_large_image","twitter_misc":{"\u00c9crit par":"cfeditorfr","Dur\u00e9e de lecture estim\u00e9e":"1 minute"},"schema":{"@context":"https:\/\/schema.org","@graph":[{"@type":"Article","@id":"https:\/\/www.africa-press.net\/cameroun\/politique\/gangsterisme-un-capitaine-darmee-a-la-retraite-mis-aux-arrets-soupconne-davoir-commandite-une-tentative-dassassinat-contre-un-fonctionnaire-de-la-republique-video#article","isPartOf":{"@id":"https:\/\/www.africa-press.net\/cameroun\/politique\/gangsterisme-un-capitaine-darmee-a-la-retraite-mis-aux-arrets-soupconne-davoir-commandite-une-tentative-dassassinat-contre-un-fonctionnaire-de-la-republique-video"},"author":{"name":"cfeditorfr","@id":"https:\/\/www.africa-press.net\/cameroun\/#\/schema\/person\/2b1cf3cd81a31e3cd26889ca66d677f1"},"headline":"Gangst\u00e9risme: Un capitaine d\u2019arm\u00e9e \u00e0 la retraite mis aux arr\u00eats, soup\u00e7onn\u00e9 d\u2019avoir commandit\u00e9 une tentative d\u2019assassinat contre un fonctionnaire de la R\u00e9publique (vid\u00e9o)","datePublished":"2022-07-19T13:08:33+00:00","dateModified":"2022-07-19T15:58:50+00:00","mainEntityOfPage":{"@id":"https:\/\/www.africa-press.net\/cameroun\/politique\/gangsterisme-un-capitaine-darmee-a-la-retraite-mis-aux-arrets-soupconne-davoir-commandite-une-tentative-dassassinat-contre-un-fonctionnaire-de-la-republique-video"},"wordCount":300,"commentCount":0,"image":{"@id":"https:\/\/www.africa-press.net\/cameroun\/politique\/gangsterisme-un-capitaine-darmee-a-la-retraite-mis-aux-arrets-soupconne-davoir-commandite-une-tentative-dassassinat-contre-un-fonctionnaire-de-la-republique-video#primaryimage"},"thumbnailUrl":"https:\/\/static.africa-press.net\/cameroun\/sites\/57\/2022\/07\/img-62d6d49eeeffe.jpg","keywords":["Africa Press","Africa Press-Cameroun","Cameroun"],"articleSection":["homepage-french","Politique","Top Nouvelles","Toutes les actualit\u00e9s"],"inLanguage":"fr-FR","potentialAction":[{"@type":"CommentAction","name":"Comment","target":["https:\/\/www.africa-press.net\/cameroun\/politique\/gangsterisme-un-capitaine-darmee-a-la-retraite-mis-aux-arrets-soupconne-davoir-commandite-une-tentative-dassassinat-contre-un-fonctionnaire-de-la-republique-video#respond"]}]},{"@type":"WebPage","@id":"https:\/\/www.africa-press.net\/cameroun\/politique\/gangsterisme-un-capitaine-darmee-a-la-retraite-mis-aux-arrets-soupconne-davoir-commandite-une-tentative-dassassinat-contre-un-fonctionnaire-de-la-republique-video","url":"https:\/\/www.africa-press.net\/cameroun\/politique\/gangsterisme-un-capitaine-darmee-a-la-retraite-mis-aux-arrets-soupconne-davoir-commandite-une-tentative-dassassinat-contre-un-fonctionnaire-de-la-republique-video","name":"Gangst\u00e9risme: Un capitaine d\u2019arm\u00e9e \u00e0 la retraite mis aux arr\u00eats, soup\u00e7onn\u00e9 d\u2019avoir commandit\u00e9 une tentative d\u2019assassinat contre un fonctionnaire de la R\u00e9publique (vid\u00e9o) - Cameroun","isPartOf":{"@id":"https:\/\/www.africa-press.net\/cameroun\/#website"},"primaryImageOfPage":{"@id":"https:\/\/www.africa-press.net\/cameroun\/politique\/gangsterisme-un-capitaine-darmee-a-la-retraite-mis-aux-arrets-soupconne-davoir-commandite-une-tentative-dassassinat-contre-un-fonctionnaire-de-la-republique-video#primaryimage"},"image":{"@id":"https:\/\/www.africa-press.net\/cameroun\/politique\/gangsterisme-un-capitaine-darmee-a-la-retraite-mis-aux-arrets-soupconne-davoir-commandite-une-tentative-dassassinat-contre-un-fonctionnaire-de-la-republique-video#primaryimage"},"thumbnailUrl":"https:\/\/static.africa-press.net\/cameroun\/sites\/57\/2022\/07\/img-62d6d49eeeffe.jpg","datePublished":"2022-07-19T13:08:33+00:00","dateModified":"2022-07-19T15:58:50+00:00","author":{"@id":"https:\/\/www.africa-press.net\/cameroun\/#\/schema\/person\/2b1cf3cd81a31e3cd26889ca66d677f1"},"description":"Les photos de Michel Julio Effa Effa circulent abondamment sur les r\u00e9seaux sociaux depuis la soir\u00e9e du lundi 18 juillet ...","breadcrumb":{"@id":"https:\/\/www.africa-press.net\/cameroun\/politique\/gangsterisme-un-capitaine-darmee-a-la-retraite-mis-aux-arrets-soupconne-davoir-commandite-une-tentative-dassassinat-contre-un-fonctionnaire-de-la-republique-video#breadcrumb"},"inLanguage":"fr-FR","potentialAction":[{"@type":"ReadAction","target":["https:\/\/www.africa-press.net\/cameroun\/politique\/gangsterisme-un-capitaine-darmee-a-la-retraite-mis-aux-arrets-soupconne-davoir-commandite-une-tentative-dassassinat-contre-un-fonctionnaire-de-la-republique-video"]}]},{"@type":"ImageObject","inLanguage":"fr-FR","@id":"https:\/\/www.africa-press.net\/cameroun\/politique\/gangsterisme-un-capitaine-darmee-a-la-retraite-mis-aux-arrets-soupconne-davoir-commandite-une-tentative-dassassinat-contre-un-fonctionnaire-de-la-republique-video#primaryimage","url":"https:\/\/static.africa-press.net\/cameroun\/sites\/57\/2022\/07\/img-62d6d49eeeffe.jpg","contentUrl":"https:\/\/static.africa-press.net\/cameroun\/sites\/57\/2022\/07\/img-62d6d49eeeffe.jpg","width":800,"height":640,"caption":"Gangst\u00e9risme: Un capitaine d\u2019arm\u00e9e \u00e0 la retraite mis aux arr\u00eats, soup\u00e7onn\u00e9 d\u2019avoir commandit\u00e9 une tentative d\u2019assassinat contre un fonctionnaire de la R\u00e9publique (vid\u00e9o)"},{"@type":"BreadcrumbList","@id":"https:\/\/www.africa-press.net\/cameroun\/politique\/gangsterisme-un-capitaine-darmee-a-la-retraite-mis-aux-arrets-soupconne-davoir-commandite-une-tentative-dassassinat-contre-un-fonctionnaire-de-la-republique-video#breadcrumb","itemListElement":[{"@type":"ListItem","position":1,"name":"Accueil","item":"https:\/\/www.africa-press.net\/cameroun\/"},{"@type":"ListItem","position":2,"name":"Gangst\u00e9risme: Un capitaine d\u2019arm\u00e9e \u00e0 la retraite mis aux arr\u00eats, soup\u00e7onn\u00e9 d\u2019avoir commandit\u00e9 une tentative d\u2019assassinat contre un fonctionnaire de la R\u00e9publique (vid\u00e9o)"}]},{"@type":"WebSite","@id":"https:\/\/www.africa-press.net\/cameroun\/#website","url":"https:\/\/www.africa-press.net\/cameroun\/","name":"Cameroun","description":"Just another Africa News Agency Sites site","potentialAction":[{"@type":"SearchAction","target":{"@type":"EntryPoint","urlTemplate":"https:\/\/www.africa-press.net\/cameroun\/?s={search_term_string}"},"query-input":{"@type":"PropertyValueSpecification","valueRequired":true,"valueName":"search_term_string"}}],"inLanguage":"fr-FR"},{"@type":"Person","@id":"https:\/\/www.africa-press.net\/cameroun\/#\/schema\/person\/2b1cf3cd81a31e3cd26889ca66d677f1","name":"cfeditorfr"}]}},"_links":{"self":[{"href":"https:\/\/www.africa-press.net\/cameroun\/wp-json\/wp\/v2\/posts\/23786","targetHints":{"allow":["GET"]}}],"collection":[{"href":"https:\/\/www.africa-press.net\/cameroun\/wp-json\/wp\/v2\/posts"}],"about":[{"href":"https:\/\/www.africa-press.net\/cameroun\/wp-json\/wp\/v2\/types\/post"}],"author":[{"embeddable":true,"href":"https:\/\/www.africa-press.net\/cameroun\/wp-json\/wp\/v2\/users\/82"}],"replies":[{"embeddable":true,"href":"https:\/\/www.africa-press.net\/cameroun\/wp-json\/wp\/v2\/comments?post=23786"}],"version-history":[{"count":0,"href":"https:\/\/www.africa-press.net\/cameroun\/wp-json\/wp\/v2\/posts\/23786\/revisions"}],"wp:featuredmedia":[{"embeddable":true,"href":"https:\/\/www.africa-press.net\/cameroun\/wp-json\/wp\/v2\/media\/23785"}],"wp:attachment":[{"href":"https:\/\/www.africa-press.net\/cameroun\/wp-json\/wp\/v2\/media?parent=23786"}],"wp:term":[{"taxonomy":"category","embeddable":true,"href":"https:\/\/www.africa-press.net\/cameroun\/wp-json\/wp\/v2\/categories?post=23786"},{"taxonomy":"post_tag","embeddable":true,"href":"https:\/\/www.africa-press.net\/cameroun\/wp-json\/wp\/v2\/tags?post=23786"}],"curies":[{"name":"wp","href":"https:\/\/api.w.org\/{rel}","templated":true}]}}