{"id":23789,"date":"2022-07-19T13:18:12","date_gmt":"2022-07-19T13:18:12","guid":{"rendered":"https:\/\/www.africa-press.net\/cameroun\/politique\/coup-de-gueule-le-ministre-delegue-a-la-justice-jean-de-dieu-momo-accuse-equinoxe-tv-de-payer-des-salaires-minables-a-ses-employes"},"modified":"2022-07-19T15:59:24","modified_gmt":"2022-07-19T15:59:24","slug":"coup-de-gueule-le-ministre-delegue-a-la-justice-jean-de-dieu-momo-accuse-equinoxe-tv-de-payer-des-salaires-minables-a-ses-employes","status":"publish","type":"post","link":"https:\/\/www.africa-press.net\/cameroun\/toutes-les-actualites\/coup-de-gueule-le-ministre-delegue-a-la-justice-jean-de-dieu-momo-accuse-equinoxe-tv-de-payer-des-salaires-minables-a-ses-employes","title":{"rendered":"Coup de gueule: Le ministre d\u00e9l\u00e9gu\u00e9 \u00e0 la Justice, Jean De Dieu Momo, accuse Equinoxe TV de payer des salaires minables \u00e0 ses employ\u00e9s"},"content":{"rendered":"<p><span style=\"color: #ff6600\"><strong>Africa-Press &#8211; Cameroun. <\/strong><\/span>Le ministre d\u00e9l\u00e9gu\u00e9 aupr\u00e8s du ministre de la Justice, Jean De Dieu Momo, n\u2019a pas eu besoin de consacrer plus d\u2019une ligne \u00e0 Equinoxe TV pour passer son message : celui d\u2019un media parmi les mauvais payeurs, qui ne garantit pas un meilleur traitement salarial \u00e0 ses employ\u00e9s. Et il a gliss\u00e9 cette pique dans un message laudateur \u00e0 l\u2019endroit d\u2019un ancien de cette boite, Sylvestre Nzangawou, aujourd\u2019hui directeur g\u00e9n\u00e9ral de Radio Audace \u00e9mettant \u00e0 Douala, r\u00e9gion du Littoral.<\/p>\n<p>\u00ab J&rsquo;ai eu le plaisir de recevoir ce jour \u00e0 mon cabinet Monsieur Nzangawou Sylvestre, Directeur G\u00e9n\u00e9ral de la Radio Audace 106.8FM et du Magazine Audace. Ah pour de l&rsquo;audace il lui en a fallu car apr\u00e8s avoir pass\u00e9 plus de douze ans \u00e0 Equinoxe TV, \u00e0 guetter un minable salaire et une cotisation CNPS incertaine ou \u00e0 compte-gouttes, il s&rsquo;est r\u00e9solu \u00e0 s&rsquo;\u00e9vader avant d\u2019\u00eatre compl\u00e8tement empoisonn\u00e9 \u00e0 la cigu\u00eb du d\u00e9nigrement syst\u00e9matique des actions gouvernementales \u00bb, a publi\u00e9 Jean De Dieu Momo sur son compte Facebook, apr\u00e8s avoir re\u00e7u ce confr\u00e8re \u00e0 son cabinet le lundi 18 juillet 2022.<\/p>\n<p>Il insinue clairement que le patron d\u2019Equinoxe TV compte parmi les n\u00e9griers de la presse camerounaise, bien que r\u00e9tribuant r\u00e9guli\u00e8rement ses employ\u00e9s. Le pr\u00e9sident du Patriotes d\u00e9mocrates pour le d\u00e9veloppement du Cameroun (PADDEC) pense qu\u2019en se lan\u00e7ant dans cette nouvelle aventure, Sylvestre Nzangawou s\u2019est affranchi de l\u2019environnement de ce media priv\u00e9 qui ne lui garantissait pas un meilleur \u00e9panouissement professionnel, et encourage les jeunes \u00e0 se montrer audacieux \u00e0 son image. \u00ab Il lui en a fallu de l&rsquo;audace et nous l&rsquo;en f\u00e9licitons et l&rsquo;encourageons. Bravo \u00e0 la jeunesse qui ose et qui a de l&rsquo;audace. Nous encourageons les autres \u00e0 se lancer : le populisme qu\u2019ils nomment h\u00e9ro\u00efsme ou patriotisme pour avoir bien critiqu\u00e9 les dirigeants est un pis-aller. Parole d\u2019un v\u00e9t\u00e9ran du d\u00e9nigrement \u00bb, conclut le membre du gouvernement.<\/p>\n<p><strong>Pour plus d&rsquo;informations et d&rsquo;analyses sur la <a href=\"https:\/\/www.africa-press.net\/cameroun\">Cameroun<\/a>, suivez <a href=\"https:\/\/www.africa-press.net\/\">Africa-Press<\/a><\/strong><\/p>\n","protected":false},"excerpt":{"rendered":"<p>Africa-Press &#8211; Cameroun. Le ministre d\u00e9l\u00e9gu\u00e9 aupr\u00e8s du ministre de la Justice, Jean De Dieu Momo, n\u2019a pas eu besoin de consacrer plus d\u2019une ligne \u00e0 Equinoxe TV pour passer son message : celui d\u2019un media parmi les mauvais payeurs, qui ne garantit pas un meilleur traitement salarial \u00e0 ses employ\u00e9s. Et il a gliss\u00e9 [&hellip;]<\/p>\n","protected":false},"author":82,"featured_media":23788,"comment_status":"open","ping_status":"closed","sticky":false,"template":"","format":"standard","meta":{"footnotes":""},"categories":[21,11,10],"tags":[36,50,49],"class_list":["post-23789","post","type-post","status-publish","format-standard","has-post-thumbnail","hentry","category-communaute","category-homepage-french","category-toutes-les-actualites","tag-africa-press","tag-africa-press-cameroun","tag-cameroun"],"yoast_head":"<!-- This site is optimized with the Yoast SEO Premium plugin v26.1 (Yoast SEO v27.0) - https:\/\/yoast.com\/product\/yoast-seo-premium-wordpress\/ -->\n<title>Coup de gueule: Le ministre d\u00e9l\u00e9gu\u00e9 \u00e0 la Justice, Jean De Dieu Momo, accuse Equinoxe TV de payer des salaires minables \u00e0 ses employ\u00e9s - Cameroun<\/title>\n<meta name=\"description\" content=\"Le ministre d\u00e9l\u00e9gu\u00e9 aupr\u00e8s du ministre de la Justice, Jean De Dieu Momo, n\u2019a pas eu besoin de consacrer plus d\u2019une ligne ...\" \/>\n<meta name=\"robots\" content=\"index, follow, max-snippet:-1, max-image-preview:large, max-video-preview:-1\" \/>\n<link rel=\"canonical\" href=\"https:\/\/www.africa-press.net\/cameroun\/toutes-les-actualites\/coup-de-gueule-le-ministre-delegue-a-la-justice-jean-de-dieu-momo-accuse-equinoxe-tv-de-payer-des-salaires-minables-a-ses-employes\" \/>\n<meta property=\"og:locale\" content=\"fr_FR\" \/>\n<meta property=\"og:type\" content=\"article\" \/>\n<meta property=\"og:title\" content=\"Coup de gueule: Le ministre d\u00e9l\u00e9gu\u00e9 \u00e0 la Justice, Jean De Dieu Momo, accuse Equinoxe TV de payer des salaires minables \u00e0 ses employ\u00e9s\" \/>\n<meta property=\"og:description\" content=\"Le ministre d\u00e9l\u00e9gu\u00e9 aupr\u00e8s du ministre de la Justice, Jean De Dieu Momo, n\u2019a pas eu besoin de consacrer plus d\u2019une ligne ...\" \/>\n<meta property=\"og:url\" content=\"https:\/\/www.africa-press.net\/cameroun\/toutes-les-actualites\/coup-de-gueule-le-ministre-delegue-a-la-justice-jean-de-dieu-momo-accuse-equinoxe-tv-de-payer-des-salaires-minables-a-ses-employes\" \/>\n<meta property=\"og:site_name\" content=\"Cameroun\" \/>\n<meta property=\"article:published_time\" content=\"2022-07-19T13:18:12+00:00\" \/>\n<meta property=\"article:modified_time\" content=\"2022-07-19T15:59:24+00:00\" \/>\n<meta property=\"og:image\" content=\"https:\/\/static.africa-press.net\/cameroun\/sites\/57\/2022\/07\/img-62d6d4c5c8b25.jpg\" \/>\n\t<meta property=\"og:image:width\" content=\"800\" \/>\n\t<meta property=\"og:image:height\" content=\"705\" \/>\n\t<meta property=\"og:image:type\" content=\"image\/jpeg\" \/>\n<meta name=\"author\" content=\"cfeditorfr\" \/>\n<meta name=\"twitter:card\" content=\"summary_large_image\" \/>\n<meta name=\"twitter:label1\" content=\"\u00c9crit par\" \/>\n\t<meta name=\"twitter:data1\" content=\"cfeditorfr\" \/>\n\t<meta name=\"twitter:label2\" content=\"Dur\u00e9e de lecture estim\u00e9e\" \/>\n\t<meta name=\"twitter:data2\" content=\"2 minutes\" \/>\n<script type=\"application\/ld+json\" class=\"yoast-schema-graph\">{\"@context\":\"https:\/\/schema.org\",\"@graph\":[{\"@type\":\"Article\",\"@id\":\"https:\/\/www.africa-press.net\/cameroun\/toutes-les-actualites\/coup-de-gueule-le-ministre-delegue-a-la-justice-jean-de-dieu-momo-accuse-equinoxe-tv-de-payer-des-salaires-minables-a-ses-employes#article\",\"isPartOf\":{\"@id\":\"https:\/\/www.africa-press.net\/cameroun\/toutes-les-actualites\/coup-de-gueule-le-ministre-delegue-a-la-justice-jean-de-dieu-momo-accuse-equinoxe-tv-de-payer-des-salaires-minables-a-ses-employes\"},\"author\":{\"name\":\"cfeditorfr\",\"@id\":\"https:\/\/www.africa-press.net\/cameroun\/#\/schema\/person\/2b1cf3cd81a31e3cd26889ca66d677f1\"},\"headline\":\"Coup de gueule: Le ministre d\u00e9l\u00e9gu\u00e9 \u00e0 la Justice, Jean De Dieu Momo, accuse Equinoxe TV de payer des salaires minables \u00e0 ses employ\u00e9s\",\"datePublished\":\"2022-07-19T13:18:12+00:00\",\"dateModified\":\"2022-07-19T15:59:24+00:00\",\"mainEntityOfPage\":{\"@id\":\"https:\/\/www.africa-press.net\/cameroun\/toutes-les-actualites\/coup-de-gueule-le-ministre-delegue-a-la-justice-jean-de-dieu-momo-accuse-equinoxe-tv-de-payer-des-salaires-minables-a-ses-employes\"},\"wordCount\":381,\"commentCount\":0,\"image\":{\"@id\":\"https:\/\/www.africa-press.net\/cameroun\/toutes-les-actualites\/coup-de-gueule-le-ministre-delegue-a-la-justice-jean-de-dieu-momo-accuse-equinoxe-tv-de-payer-des-salaires-minables-a-ses-employes#primaryimage\"},\"thumbnailUrl\":\"https:\/\/static.africa-press.net\/cameroun\/sites\/57\/2022\/07\/img-62d6d4c5c8b25.jpg\",\"keywords\":[\"Africa Press\",\"Africa Press-Cameroun\",\"Cameroun\"],\"articleSection\":[\"Communaut\u00e9\",\"homepage-french\",\"Toutes les actualit\u00e9s\"],\"inLanguage\":\"fr-FR\",\"potentialAction\":[{\"@type\":\"CommentAction\",\"name\":\"Comment\",\"target\":[\"https:\/\/www.africa-press.net\/cameroun\/toutes-les-actualites\/coup-de-gueule-le-ministre-delegue-a-la-justice-jean-de-dieu-momo-accuse-equinoxe-tv-de-payer-des-salaires-minables-a-ses-employes#respond\"]}]},{\"@type\":\"WebPage\",\"@id\":\"https:\/\/www.africa-press.net\/cameroun\/toutes-les-actualites\/coup-de-gueule-le-ministre-delegue-a-la-justice-jean-de-dieu-momo-accuse-equinoxe-tv-de-payer-des-salaires-minables-a-ses-employes\",\"url\":\"https:\/\/www.africa-press.net\/cameroun\/toutes-les-actualites\/coup-de-gueule-le-ministre-delegue-a-la-justice-jean-de-dieu-momo-accuse-equinoxe-tv-de-payer-des-salaires-minables-a-ses-employes\",\"name\":\"Coup de gueule: Le ministre d\u00e9l\u00e9gu\u00e9 \u00e0 la Justice, Jean De Dieu Momo, accuse Equinoxe TV de payer des salaires minables \u00e0 ses employ\u00e9s - Cameroun\",\"isPartOf\":{\"@id\":\"https:\/\/www.africa-press.net\/cameroun\/#website\"},\"primaryImageOfPage\":{\"@id\":\"https:\/\/www.africa-press.net\/cameroun\/toutes-les-actualites\/coup-de-gueule-le-ministre-delegue-a-la-justice-jean-de-dieu-momo-accuse-equinoxe-tv-de-payer-des-salaires-minables-a-ses-employes#primaryimage\"},\"image\":{\"@id\":\"https:\/\/www.africa-press.net\/cameroun\/toutes-les-actualites\/coup-de-gueule-le-ministre-delegue-a-la-justice-jean-de-dieu-momo-accuse-equinoxe-tv-de-payer-des-salaires-minables-a-ses-employes#primaryimage\"},\"thumbnailUrl\":\"https:\/\/static.africa-press.net\/cameroun\/sites\/57\/2022\/07\/img-62d6d4c5c8b25.jpg\",\"datePublished\":\"2022-07-19T13:18:12+00:00\",\"dateModified\":\"2022-07-19T15:59:24+00:00\",\"author\":{\"@id\":\"https:\/\/www.africa-press.net\/cameroun\/#\/schema\/person\/2b1cf3cd81a31e3cd26889ca66d677f1\"},\"description\":\"Le ministre d\u00e9l\u00e9gu\u00e9 aupr\u00e8s du ministre de la Justice, Jean De Dieu Momo, n\u2019a pas eu besoin de consacrer plus d\u2019une ligne ...\",\"breadcrumb\":{\"@id\":\"https:\/\/www.africa-press.net\/cameroun\/toutes-les-actualites\/coup-de-gueule-le-ministre-delegue-a-la-justice-jean-de-dieu-momo-accuse-equinoxe-tv-de-payer-des-salaires-minables-a-ses-employes#breadcrumb\"},\"inLanguage\":\"fr-FR\",\"potentialAction\":[{\"@type\":\"ReadAction\",\"target\":[\"https:\/\/www.africa-press.net\/cameroun\/toutes-les-actualites\/coup-de-gueule-le-ministre-delegue-a-la-justice-jean-de-dieu-momo-accuse-equinoxe-tv-de-payer-des-salaires-minables-a-ses-employes\"]}]},{\"@type\":\"ImageObject\",\"inLanguage\":\"fr-FR\",\"@id\":\"https:\/\/www.africa-press.net\/cameroun\/toutes-les-actualites\/coup-de-gueule-le-ministre-delegue-a-la-justice-jean-de-dieu-momo-accuse-equinoxe-tv-de-payer-des-salaires-minables-a-ses-employes#primaryimage\",\"url\":\"https:\/\/static.africa-press.net\/cameroun\/sites\/57\/2022\/07\/img-62d6d4c5c8b25.jpg\",\"contentUrl\":\"https:\/\/static.africa-press.net\/cameroun\/sites\/57\/2022\/07\/img-62d6d4c5c8b25.jpg\",\"width\":800,\"height\":705,\"caption\":\"Coup de gueule: Le ministre d\u00e9l\u00e9gu\u00e9 \u00e0 la Justice, Jean De Dieu Momo, accuse Equinoxe TV de payer des salaires minables \u00e0 ses employ\u00e9s\"},{\"@type\":\"BreadcrumbList\",\"@id\":\"https:\/\/www.africa-press.net\/cameroun\/toutes-les-actualites\/coup-de-gueule-le-ministre-delegue-a-la-justice-jean-de-dieu-momo-accuse-equinoxe-tv-de-payer-des-salaires-minables-a-ses-employes#breadcrumb\",\"itemListElement\":[{\"@type\":\"ListItem\",\"position\":1,\"name\":\"Accueil\",\"item\":\"https:\/\/www.africa-press.net\/cameroun\/\"},{\"@type\":\"ListItem\",\"position\":2,\"name\":\"Coup de gueule: Le ministre d\u00e9l\u00e9gu\u00e9 \u00e0 la Justice, Jean De Dieu Momo, accuse Equinoxe TV de payer des salaires minables \u00e0 ses employ\u00e9s\"}]},{\"@type\":\"WebSite\",\"@id\":\"https:\/\/www.africa-press.net\/cameroun\/#website\",\"url\":\"https:\/\/www.africa-press.net\/cameroun\/\",\"name\":\"Cameroun\",\"description\":\"Just another Africa News Agency Sites site\",\"potentialAction\":[{\"@type\":\"SearchAction\",\"target\":{\"@type\":\"EntryPoint\",\"urlTemplate\":\"https:\/\/www.africa-press.net\/cameroun\/?s={search_term_string}\"},\"query-input\":{\"@type\":\"PropertyValueSpecification\",\"valueRequired\":true,\"valueName\":\"search_term_string\"}}],\"inLanguage\":\"fr-FR\"},{\"@type\":\"Person\",\"@id\":\"https:\/\/www.africa-press.net\/cameroun\/#\/schema\/person\/2b1cf3cd81a31e3cd26889ca66d677f1\",\"name\":\"cfeditorfr\"}]}<\/script>\n<!-- \/ Yoast SEO Premium plugin. -->","yoast_head_json":{"title":"Coup de gueule: Le ministre d\u00e9l\u00e9gu\u00e9 \u00e0 la Justice, Jean De Dieu Momo, accuse Equinoxe TV de payer des salaires minables \u00e0 ses employ\u00e9s - Cameroun","description":"Le ministre d\u00e9l\u00e9gu\u00e9 aupr\u00e8s du ministre de la Justice, Jean De Dieu Momo, n\u2019a pas eu besoin de consacrer plus d\u2019une ligne ...","robots":{"index":"index","follow":"follow","max-snippet":"max-snippet:-1","max-image-preview":"max-image-preview:large","max-video-preview":"max-video-preview:-1"},"canonical":"https:\/\/www.africa-press.net\/cameroun\/toutes-les-actualites\/coup-de-gueule-le-ministre-delegue-a-la-justice-jean-de-dieu-momo-accuse-equinoxe-tv-de-payer-des-salaires-minables-a-ses-employes","og_locale":"fr_FR","og_type":"article","og_title":"Coup de gueule: Le ministre d\u00e9l\u00e9gu\u00e9 \u00e0 la Justice, Jean De Dieu Momo, accuse Equinoxe TV de payer des salaires minables \u00e0 ses employ\u00e9s","og_description":"Le ministre d\u00e9l\u00e9gu\u00e9 aupr\u00e8s du ministre de la Justice, Jean De Dieu Momo, n\u2019a pas eu besoin de consacrer plus d\u2019une ligne ...","og_url":"https:\/\/www.africa-press.net\/cameroun\/toutes-les-actualites\/coup-de-gueule-le-ministre-delegue-a-la-justice-jean-de-dieu-momo-accuse-equinoxe-tv-de-payer-des-salaires-minables-a-ses-employes","og_site_name":"Cameroun","article_published_time":"2022-07-19T13:18:12+00:00","article_modified_time":"2022-07-19T15:59:24+00:00","og_image":[{"width":800,"height":705,"url":"https:\/\/static.africa-press.net\/cameroun\/sites\/57\/2022\/07\/img-62d6d4c5c8b25.jpg","type":"image\/jpeg"}],"author":"cfeditorfr","twitter_card":"summary_large_image","twitter_misc":{"\u00c9crit par":"cfeditorfr","Dur\u00e9e de lecture estim\u00e9e":"2 minutes"},"schema":{"@context":"https:\/\/schema.org","@graph":[{"@type":"Article","@id":"https:\/\/www.africa-press.net\/cameroun\/toutes-les-actualites\/coup-de-gueule-le-ministre-delegue-a-la-justice-jean-de-dieu-momo-accuse-equinoxe-tv-de-payer-des-salaires-minables-a-ses-employes#article","isPartOf":{"@id":"https:\/\/www.africa-press.net\/cameroun\/toutes-les-actualites\/coup-de-gueule-le-ministre-delegue-a-la-justice-jean-de-dieu-momo-accuse-equinoxe-tv-de-payer-des-salaires-minables-a-ses-employes"},"author":{"name":"cfeditorfr","@id":"https:\/\/www.africa-press.net\/cameroun\/#\/schema\/person\/2b1cf3cd81a31e3cd26889ca66d677f1"},"headline":"Coup de gueule: Le ministre d\u00e9l\u00e9gu\u00e9 \u00e0 la Justice, Jean De Dieu Momo, accuse Equinoxe TV de payer des salaires minables \u00e0 ses employ\u00e9s","datePublished":"2022-07-19T13:18:12+00:00","dateModified":"2022-07-19T15:59:24+00:00","mainEntityOfPage":{"@id":"https:\/\/www.africa-press.net\/cameroun\/toutes-les-actualites\/coup-de-gueule-le-ministre-delegue-a-la-justice-jean-de-dieu-momo-accuse-equinoxe-tv-de-payer-des-salaires-minables-a-ses-employes"},"wordCount":381,"commentCount":0,"image":{"@id":"https:\/\/www.africa-press.net\/cameroun\/toutes-les-actualites\/coup-de-gueule-le-ministre-delegue-a-la-justice-jean-de-dieu-momo-accuse-equinoxe-tv-de-payer-des-salaires-minables-a-ses-employes#primaryimage"},"thumbnailUrl":"https:\/\/static.africa-press.net\/cameroun\/sites\/57\/2022\/07\/img-62d6d4c5c8b25.jpg","keywords":["Africa Press","Africa Press-Cameroun","Cameroun"],"articleSection":["Communaut\u00e9","homepage-french","Toutes les actualit\u00e9s"],"inLanguage":"fr-FR","potentialAction":[{"@type":"CommentAction","name":"Comment","target":["https:\/\/www.africa-press.net\/cameroun\/toutes-les-actualites\/coup-de-gueule-le-ministre-delegue-a-la-justice-jean-de-dieu-momo-accuse-equinoxe-tv-de-payer-des-salaires-minables-a-ses-employes#respond"]}]},{"@type":"WebPage","@id":"https:\/\/www.africa-press.net\/cameroun\/toutes-les-actualites\/coup-de-gueule-le-ministre-delegue-a-la-justice-jean-de-dieu-momo-accuse-equinoxe-tv-de-payer-des-salaires-minables-a-ses-employes","url":"https:\/\/www.africa-press.net\/cameroun\/toutes-les-actualites\/coup-de-gueule-le-ministre-delegue-a-la-justice-jean-de-dieu-momo-accuse-equinoxe-tv-de-payer-des-salaires-minables-a-ses-employes","name":"Coup de gueule: Le ministre d\u00e9l\u00e9gu\u00e9 \u00e0 la Justice, Jean De Dieu Momo, accuse Equinoxe TV de payer des salaires minables \u00e0 ses employ\u00e9s - Cameroun","isPartOf":{"@id":"https:\/\/www.africa-press.net\/cameroun\/#website"},"primaryImageOfPage":{"@id":"https:\/\/www.africa-press.net\/cameroun\/toutes-les-actualites\/coup-de-gueule-le-ministre-delegue-a-la-justice-jean-de-dieu-momo-accuse-equinoxe-tv-de-payer-des-salaires-minables-a-ses-employes#primaryimage"},"image":{"@id":"https:\/\/www.africa-press.net\/cameroun\/toutes-les-actualites\/coup-de-gueule-le-ministre-delegue-a-la-justice-jean-de-dieu-momo-accuse-equinoxe-tv-de-payer-des-salaires-minables-a-ses-employes#primaryimage"},"thumbnailUrl":"https:\/\/static.africa-press.net\/cameroun\/sites\/57\/2022\/07\/img-62d6d4c5c8b25.jpg","datePublished":"2022-07-19T13:18:12+00:00","dateModified":"2022-07-19T15:59:24+00:00","author":{"@id":"https:\/\/www.africa-press.net\/cameroun\/#\/schema\/person\/2b1cf3cd81a31e3cd26889ca66d677f1"},"description":"Le ministre d\u00e9l\u00e9gu\u00e9 aupr\u00e8s du ministre de la Justice, Jean De Dieu Momo, n\u2019a pas eu besoin de consacrer plus d\u2019une ligne ...","breadcrumb":{"@id":"https:\/\/www.africa-press.net\/cameroun\/toutes-les-actualites\/coup-de-gueule-le-ministre-delegue-a-la-justice-jean-de-dieu-momo-accuse-equinoxe-tv-de-payer-des-salaires-minables-a-ses-employes#breadcrumb"},"inLanguage":"fr-FR","potentialAction":[{"@type":"ReadAction","target":["https:\/\/www.africa-press.net\/cameroun\/toutes-les-actualites\/coup-de-gueule-le-ministre-delegue-a-la-justice-jean-de-dieu-momo-accuse-equinoxe-tv-de-payer-des-salaires-minables-a-ses-employes"]}]},{"@type":"ImageObject","inLanguage":"fr-FR","@id":"https:\/\/www.africa-press.net\/cameroun\/toutes-les-actualites\/coup-de-gueule-le-ministre-delegue-a-la-justice-jean-de-dieu-momo-accuse-equinoxe-tv-de-payer-des-salaires-minables-a-ses-employes#primaryimage","url":"https:\/\/static.africa-press.net\/cameroun\/sites\/57\/2022\/07\/img-62d6d4c5c8b25.jpg","contentUrl":"https:\/\/static.africa-press.net\/cameroun\/sites\/57\/2022\/07\/img-62d6d4c5c8b25.jpg","width":800,"height":705,"caption":"Coup de gueule: Le ministre d\u00e9l\u00e9gu\u00e9 \u00e0 la Justice, Jean De Dieu Momo, accuse Equinoxe TV de payer des salaires minables \u00e0 ses employ\u00e9s"},{"@type":"BreadcrumbList","@id":"https:\/\/www.africa-press.net\/cameroun\/toutes-les-actualites\/coup-de-gueule-le-ministre-delegue-a-la-justice-jean-de-dieu-momo-accuse-equinoxe-tv-de-payer-des-salaires-minables-a-ses-employes#breadcrumb","itemListElement":[{"@type":"ListItem","position":1,"name":"Accueil","item":"https:\/\/www.africa-press.net\/cameroun\/"},{"@type":"ListItem","position":2,"name":"Coup de gueule: Le ministre d\u00e9l\u00e9gu\u00e9 \u00e0 la Justice, Jean De Dieu Momo, accuse Equinoxe TV de payer des salaires minables \u00e0 ses employ\u00e9s"}]},{"@type":"WebSite","@id":"https:\/\/www.africa-press.net\/cameroun\/#website","url":"https:\/\/www.africa-press.net\/cameroun\/","name":"Cameroun","description":"Just another Africa News Agency Sites site","potentialAction":[{"@type":"SearchAction","target":{"@type":"EntryPoint","urlTemplate":"https:\/\/www.africa-press.net\/cameroun\/?s={search_term_string}"},"query-input":{"@type":"PropertyValueSpecification","valueRequired":true,"valueName":"search_term_string"}}],"inLanguage":"fr-FR"},{"@type":"Person","@id":"https:\/\/www.africa-press.net\/cameroun\/#\/schema\/person\/2b1cf3cd81a31e3cd26889ca66d677f1","name":"cfeditorfr"}]}},"_links":{"self":[{"href":"https:\/\/www.africa-press.net\/cameroun\/wp-json\/wp\/v2\/posts\/23789","targetHints":{"allow":["GET"]}}],"collection":[{"href":"https:\/\/www.africa-press.net\/cameroun\/wp-json\/wp\/v2\/posts"}],"about":[{"href":"https:\/\/www.africa-press.net\/cameroun\/wp-json\/wp\/v2\/types\/post"}],"author":[{"embeddable":true,"href":"https:\/\/www.africa-press.net\/cameroun\/wp-json\/wp\/v2\/users\/82"}],"replies":[{"embeddable":true,"href":"https:\/\/www.africa-press.net\/cameroun\/wp-json\/wp\/v2\/comments?post=23789"}],"version-history":[{"count":0,"href":"https:\/\/www.africa-press.net\/cameroun\/wp-json\/wp\/v2\/posts\/23789\/revisions"}],"wp:featuredmedia":[{"embeddable":true,"href":"https:\/\/www.africa-press.net\/cameroun\/wp-json\/wp\/v2\/media\/23788"}],"wp:attachment":[{"href":"https:\/\/www.africa-press.net\/cameroun\/wp-json\/wp\/v2\/media?parent=23789"}],"wp:term":[{"taxonomy":"category","embeddable":true,"href":"https:\/\/www.africa-press.net\/cameroun\/wp-json\/wp\/v2\/categories?post=23789"},{"taxonomy":"post_tag","embeddable":true,"href":"https:\/\/www.africa-press.net\/cameroun\/wp-json\/wp\/v2\/tags?post=23789"}],"curies":[{"name":"wp","href":"https:\/\/api.w.org\/{rel}","templated":true}]}}