{"id":23795,"date":"2022-07-19T13:29:24","date_gmt":"2022-07-19T13:29:24","guid":{"rendered":"https:\/\/www.africa-press.net\/cameroun\/politique\/loi-des-finances-les-ministres-louis-paul-motaze-et-alamine-ousmane-mey-vont-lancer-ce-19-juillet-2022-la-preparation-du-budget-de-letat-2023"},"modified":"2022-07-19T16:00:35","modified_gmt":"2022-07-19T16:00:35","slug":"loi-des-finances-les-ministres-louis-paul-motaze-et-alamine-ousmane-mey-vont-lancer-ce-19-juillet-2022-la-preparation-du-budget-de-letat-2023","status":"publish","type":"post","link":"https:\/\/www.africa-press.net\/cameroun\/politique\/loi-des-finances-les-ministres-louis-paul-motaze-et-alamine-ousmane-mey-vont-lancer-ce-19-juillet-2022-la-preparation-du-budget-de-letat-2023","title":{"rendered":"Loi des Finances: Les Ministres Louis Paul Motaze et Alamine Ousmane Mey vont lancer ce 19 juillet 2022 la pr\u00e9paration du budget de l\u2019Etat 2023."},"content":{"rendered":"<p><span style=\"color: #ff6600\"><strong>Africa-Press &#8211; Cameroun. <\/strong><\/span>C\u2019est d\u00e9sormais une tradition. Avant la convocation de la troisi\u00e8me et derni\u00e8re session ordinaire de l\u2019ann\u00e9e l\u00e9gislative en cours, session essentiellement consacr\u00e9e \u00e0 l\u2019examen et adoption de la loi de Finances du prochain exercice, le ministre des Finances et le ministre de l\u2019\u00e9conomie, de la planification et de l\u2019am\u00e9nagement du territoire organisent un s\u00e9minaire de lancement de la pr\u00e9paration du budget de l\u2019Etat pour le prochain exercice.<\/p>\n<p>Aussi, le ministre des finances, Louis Paul Motaze et le ministre de l\u2019\u00e9conomie, de la planification et de l\u2019am\u00e9nagement du territoire, Alamine Ousmane Mey, co-pr\u00e9sideront ce mardi 19 juillet 2022 au Hilton h\u00f4tel de Yaound\u00e9, la c\u00e9r\u00e9monie de lancement des travaux qui vont durer deux jours.<\/p>\n<p>Apr\u00e8s la phase protocole, les experts des deux d\u00e9partements minist\u00e9riels vont animer cette rencontre devant un auditoire constitu\u00e9 des responsables techniques des administrations sectorielles impliqu\u00e9es dans la pr\u00e9paration du budget. L\u2019on apprend que l\u2019objectif des \u00e9changes est la transmission aux s\u00e9minaristes des instruments n\u00e9cessaires pour l\u2019allocation des ressources et une plus grande rationalisation des choix budg\u00e9taires.<\/p>\n<p>L\u2019ann\u00e9e derni\u00e8re en pareille circonstance, le Ministre des Finances avait invit\u00e9 l\u2019ensemble des administrations \u00e0 contribuer pour que le projet de Loi de Finances 2022 soit d\u00e9pos\u00e9 au Parlement dans des d\u00e9lais qui facilitent son exploitation par l\u2019Assembl\u00e9e nationale et le S\u00e9nat. Par ailleurs, il avait engag\u00e9 les s\u00e9minaristes \u00e0 tout mettre en \u0153uvre pour tirer le meilleur parti des travaux \u00e0 travers une \u00e9coute attentive des pr\u00e9sentations et une participation active et contributive dans les \u00e9changes.<\/p>\n<p><strong>Pour plus d&rsquo;informations et d&rsquo;analyses sur la <a href=\"https:\/\/www.africa-press.net\/cameroun\">Cameroun<\/a>, suivez <a href=\"https:\/\/www.africa-press.net\/\">Africa-Press<\/a><\/strong><\/p>\n","protected":false},"excerpt":{"rendered":"<p>Africa-Press &#8211; Cameroun. C\u2019est d\u00e9sormais une tradition. Avant la convocation de la troisi\u00e8me et derni\u00e8re session ordinaire de l\u2019ann\u00e9e l\u00e9gislative en cours, session essentiellement consacr\u00e9e \u00e0 l\u2019examen et adoption de la loi de Finances du prochain exercice, le ministre des Finances et le ministre de l\u2019\u00e9conomie, de la planification et de l\u2019am\u00e9nagement du territoire organisent [&hellip;]<\/p>\n","protected":false},"author":82,"featured_media":23794,"comment_status":"open","ping_status":"closed","sticky":false,"template":"","format":"standard","meta":{"footnotes":""},"categories":[11,2,10],"tags":[36,50,49],"class_list":["post-23795","post","type-post","status-publish","format-standard","has-post-thumbnail","hentry","category-homepage-french","category-politique","category-toutes-les-actualites","tag-africa-press","tag-africa-press-cameroun","tag-cameroun"],"yoast_head":"<!-- This site is optimized with the Yoast SEO Premium plugin v26.1 (Yoast SEO v27.0) - https:\/\/yoast.com\/product\/yoast-seo-premium-wordpress\/ -->\n<title>Loi des Finances: Les Ministres Louis Paul Motaze et Alamine Ousmane Mey vont lancer ce 19 juillet 2022 la pr\u00e9paration du budget de l\u2019Etat 2023. - Cameroun<\/title>\n<meta name=\"description\" content=\"C\u2019est d\u00e9sormais une tradition. Avant la convocation de la troisi\u00e8me et derni\u00e8re session ordinaire de l\u2019ann\u00e9e l\u00e9gislative ...\" \/>\n<meta name=\"robots\" content=\"index, follow, max-snippet:-1, max-image-preview:large, max-video-preview:-1\" \/>\n<link rel=\"canonical\" href=\"https:\/\/www.africa-press.net\/cameroun\/politique\/loi-des-finances-les-ministres-louis-paul-motaze-et-alamine-ousmane-mey-vont-lancer-ce-19-juillet-2022-la-preparation-du-budget-de-letat-2023\" \/>\n<meta property=\"og:locale\" content=\"fr_FR\" \/>\n<meta property=\"og:type\" content=\"article\" \/>\n<meta property=\"og:title\" content=\"Loi des Finances: Les Ministres Louis Paul Motaze et Alamine Ousmane Mey vont lancer ce 19 juillet 2022 la pr\u00e9paration du budget de l\u2019Etat 2023.\" \/>\n<meta property=\"og:description\" content=\"C\u2019est d\u00e9sormais une tradition. Avant la convocation de la troisi\u00e8me et derni\u00e8re session ordinaire de l\u2019ann\u00e9e l\u00e9gislative ...\" \/>\n<meta property=\"og:url\" content=\"https:\/\/www.africa-press.net\/cameroun\/politique\/loi-des-finances-les-ministres-louis-paul-motaze-et-alamine-ousmane-mey-vont-lancer-ce-19-juillet-2022-la-preparation-du-budget-de-letat-2023\" \/>\n<meta property=\"og:site_name\" content=\"Cameroun\" \/>\n<meta property=\"article:published_time\" content=\"2022-07-19T13:29:24+00:00\" \/>\n<meta property=\"article:modified_time\" content=\"2022-07-19T16:00:35+00:00\" \/>\n<meta property=\"og:image\" content=\"https:\/\/static.africa-press.net\/cameroun\/sites\/57\/2022\/07\/img-62d6d50df253b.jpg\" \/>\n\t<meta property=\"og:image:width\" content=\"800\" \/>\n\t<meta property=\"og:image:height\" content=\"533\" \/>\n\t<meta property=\"og:image:type\" content=\"image\/jpeg\" \/>\n<meta name=\"author\" content=\"cfeditorfr\" \/>\n<meta name=\"twitter:card\" content=\"summary_large_image\" \/>\n<meta name=\"twitter:label1\" content=\"\u00c9crit par\" \/>\n\t<meta name=\"twitter:data1\" content=\"cfeditorfr\" \/>\n\t<meta name=\"twitter:label2\" content=\"Dur\u00e9e de lecture estim\u00e9e\" \/>\n\t<meta name=\"twitter:data2\" content=\"1 minute\" \/>\n<script type=\"application\/ld+json\" class=\"yoast-schema-graph\">{\"@context\":\"https:\/\/schema.org\",\"@graph\":[{\"@type\":\"Article\",\"@id\":\"https:\/\/www.africa-press.net\/cameroun\/politique\/loi-des-finances-les-ministres-louis-paul-motaze-et-alamine-ousmane-mey-vont-lancer-ce-19-juillet-2022-la-preparation-du-budget-de-letat-2023#article\",\"isPartOf\":{\"@id\":\"https:\/\/www.africa-press.net\/cameroun\/politique\/loi-des-finances-les-ministres-louis-paul-motaze-et-alamine-ousmane-mey-vont-lancer-ce-19-juillet-2022-la-preparation-du-budget-de-letat-2023\"},\"author\":{\"name\":\"cfeditorfr\",\"@id\":\"https:\/\/www.africa-press.net\/cameroun\/#\/schema\/person\/2b1cf3cd81a31e3cd26889ca66d677f1\"},\"headline\":\"Loi des Finances: Les Ministres Louis Paul Motaze et Alamine Ousmane Mey vont lancer ce 19 juillet 2022 la pr\u00e9paration du budget de l\u2019Etat 2023.\",\"datePublished\":\"2022-07-19T13:29:24+00:00\",\"dateModified\":\"2022-07-19T16:00:35+00:00\",\"mainEntityOfPage\":{\"@id\":\"https:\/\/www.africa-press.net\/cameroun\/politique\/loi-des-finances-les-ministres-louis-paul-motaze-et-alamine-ousmane-mey-vont-lancer-ce-19-juillet-2022-la-preparation-du-budget-de-letat-2023\"},\"wordCount\":322,\"commentCount\":0,\"image\":{\"@id\":\"https:\/\/www.africa-press.net\/cameroun\/politique\/loi-des-finances-les-ministres-louis-paul-motaze-et-alamine-ousmane-mey-vont-lancer-ce-19-juillet-2022-la-preparation-du-budget-de-letat-2023#primaryimage\"},\"thumbnailUrl\":\"https:\/\/static.africa-press.net\/cameroun\/sites\/57\/2022\/07\/img-62d6d50df253b.jpg\",\"keywords\":[\"Africa Press\",\"Africa Press-Cameroun\",\"Cameroun\"],\"articleSection\":[\"homepage-french\",\"Politique\",\"Toutes les actualit\u00e9s\"],\"inLanguage\":\"fr-FR\",\"potentialAction\":[{\"@type\":\"CommentAction\",\"name\":\"Comment\",\"target\":[\"https:\/\/www.africa-press.net\/cameroun\/politique\/loi-des-finances-les-ministres-louis-paul-motaze-et-alamine-ousmane-mey-vont-lancer-ce-19-juillet-2022-la-preparation-du-budget-de-letat-2023#respond\"]}]},{\"@type\":\"WebPage\",\"@id\":\"https:\/\/www.africa-press.net\/cameroun\/politique\/loi-des-finances-les-ministres-louis-paul-motaze-et-alamine-ousmane-mey-vont-lancer-ce-19-juillet-2022-la-preparation-du-budget-de-letat-2023\",\"url\":\"https:\/\/www.africa-press.net\/cameroun\/politique\/loi-des-finances-les-ministres-louis-paul-motaze-et-alamine-ousmane-mey-vont-lancer-ce-19-juillet-2022-la-preparation-du-budget-de-letat-2023\",\"name\":\"Loi des Finances: Les Ministres Louis Paul Motaze et Alamine Ousmane Mey vont lancer ce 19 juillet 2022 la pr\u00e9paration du budget de l\u2019Etat 2023. - Cameroun\",\"isPartOf\":{\"@id\":\"https:\/\/www.africa-press.net\/cameroun\/#website\"},\"primaryImageOfPage\":{\"@id\":\"https:\/\/www.africa-press.net\/cameroun\/politique\/loi-des-finances-les-ministres-louis-paul-motaze-et-alamine-ousmane-mey-vont-lancer-ce-19-juillet-2022-la-preparation-du-budget-de-letat-2023#primaryimage\"},\"image\":{\"@id\":\"https:\/\/www.africa-press.net\/cameroun\/politique\/loi-des-finances-les-ministres-louis-paul-motaze-et-alamine-ousmane-mey-vont-lancer-ce-19-juillet-2022-la-preparation-du-budget-de-letat-2023#primaryimage\"},\"thumbnailUrl\":\"https:\/\/static.africa-press.net\/cameroun\/sites\/57\/2022\/07\/img-62d6d50df253b.jpg\",\"datePublished\":\"2022-07-19T13:29:24+00:00\",\"dateModified\":\"2022-07-19T16:00:35+00:00\",\"author\":{\"@id\":\"https:\/\/www.africa-press.net\/cameroun\/#\/schema\/person\/2b1cf3cd81a31e3cd26889ca66d677f1\"},\"description\":\"C\u2019est d\u00e9sormais une tradition. Avant la convocation de la troisi\u00e8me et derni\u00e8re session ordinaire de l\u2019ann\u00e9e l\u00e9gislative ...\",\"breadcrumb\":{\"@id\":\"https:\/\/www.africa-press.net\/cameroun\/politique\/loi-des-finances-les-ministres-louis-paul-motaze-et-alamine-ousmane-mey-vont-lancer-ce-19-juillet-2022-la-preparation-du-budget-de-letat-2023#breadcrumb\"},\"inLanguage\":\"fr-FR\",\"potentialAction\":[{\"@type\":\"ReadAction\",\"target\":[\"https:\/\/www.africa-press.net\/cameroun\/politique\/loi-des-finances-les-ministres-louis-paul-motaze-et-alamine-ousmane-mey-vont-lancer-ce-19-juillet-2022-la-preparation-du-budget-de-letat-2023\"]}]},{\"@type\":\"ImageObject\",\"inLanguage\":\"fr-FR\",\"@id\":\"https:\/\/www.africa-press.net\/cameroun\/politique\/loi-des-finances-les-ministres-louis-paul-motaze-et-alamine-ousmane-mey-vont-lancer-ce-19-juillet-2022-la-preparation-du-budget-de-letat-2023#primaryimage\",\"url\":\"https:\/\/static.africa-press.net\/cameroun\/sites\/57\/2022\/07\/img-62d6d50df253b.jpg\",\"contentUrl\":\"https:\/\/static.africa-press.net\/cameroun\/sites\/57\/2022\/07\/img-62d6d50df253b.jpg\",\"width\":800,\"height\":533,\"caption\":\"Loi des Finances: Les Ministres Louis Paul Motaze et Alamine Ousmane Mey vont lancer ce 19 juillet 2022 la pr\u00e9paration du budget de l\u2019Etat 2023.\"},{\"@type\":\"BreadcrumbList\",\"@id\":\"https:\/\/www.africa-press.net\/cameroun\/politique\/loi-des-finances-les-ministres-louis-paul-motaze-et-alamine-ousmane-mey-vont-lancer-ce-19-juillet-2022-la-preparation-du-budget-de-letat-2023#breadcrumb\",\"itemListElement\":[{\"@type\":\"ListItem\",\"position\":1,\"name\":\"Accueil\",\"item\":\"https:\/\/www.africa-press.net\/cameroun\/\"},{\"@type\":\"ListItem\",\"position\":2,\"name\":\"Loi des Finances: Les Ministres Louis Paul Motaze et Alamine Ousmane Mey vont lancer ce 19 juillet 2022 la pr\u00e9paration du budget de l\u2019Etat 2023.\"}]},{\"@type\":\"WebSite\",\"@id\":\"https:\/\/www.africa-press.net\/cameroun\/#website\",\"url\":\"https:\/\/www.africa-press.net\/cameroun\/\",\"name\":\"Cameroun\",\"description\":\"Just another Africa News Agency Sites site\",\"potentialAction\":[{\"@type\":\"SearchAction\",\"target\":{\"@type\":\"EntryPoint\",\"urlTemplate\":\"https:\/\/www.africa-press.net\/cameroun\/?s={search_term_string}\"},\"query-input\":{\"@type\":\"PropertyValueSpecification\",\"valueRequired\":true,\"valueName\":\"search_term_string\"}}],\"inLanguage\":\"fr-FR\"},{\"@type\":\"Person\",\"@id\":\"https:\/\/www.africa-press.net\/cameroun\/#\/schema\/person\/2b1cf3cd81a31e3cd26889ca66d677f1\",\"name\":\"cfeditorfr\"}]}<\/script>\n<!-- \/ Yoast SEO Premium plugin. -->","yoast_head_json":{"title":"Loi des Finances: Les Ministres Louis Paul Motaze et Alamine Ousmane Mey vont lancer ce 19 juillet 2022 la pr\u00e9paration du budget de l\u2019Etat 2023. - Cameroun","description":"C\u2019est d\u00e9sormais une tradition. Avant la convocation de la troisi\u00e8me et derni\u00e8re session ordinaire de l\u2019ann\u00e9e l\u00e9gislative ...","robots":{"index":"index","follow":"follow","max-snippet":"max-snippet:-1","max-image-preview":"max-image-preview:large","max-video-preview":"max-video-preview:-1"},"canonical":"https:\/\/www.africa-press.net\/cameroun\/politique\/loi-des-finances-les-ministres-louis-paul-motaze-et-alamine-ousmane-mey-vont-lancer-ce-19-juillet-2022-la-preparation-du-budget-de-letat-2023","og_locale":"fr_FR","og_type":"article","og_title":"Loi des Finances: Les Ministres Louis Paul Motaze et Alamine Ousmane Mey vont lancer ce 19 juillet 2022 la pr\u00e9paration du budget de l\u2019Etat 2023.","og_description":"C\u2019est d\u00e9sormais une tradition. Avant la convocation de la troisi\u00e8me et derni\u00e8re session ordinaire de l\u2019ann\u00e9e l\u00e9gislative ...","og_url":"https:\/\/www.africa-press.net\/cameroun\/politique\/loi-des-finances-les-ministres-louis-paul-motaze-et-alamine-ousmane-mey-vont-lancer-ce-19-juillet-2022-la-preparation-du-budget-de-letat-2023","og_site_name":"Cameroun","article_published_time":"2022-07-19T13:29:24+00:00","article_modified_time":"2022-07-19T16:00:35+00:00","og_image":[{"width":800,"height":533,"url":"https:\/\/static.africa-press.net\/cameroun\/sites\/57\/2022\/07\/img-62d6d50df253b.jpg","type":"image\/jpeg"}],"author":"cfeditorfr","twitter_card":"summary_large_image","twitter_misc":{"\u00c9crit par":"cfeditorfr","Dur\u00e9e de lecture estim\u00e9e":"1 minute"},"schema":{"@context":"https:\/\/schema.org","@graph":[{"@type":"Article","@id":"https:\/\/www.africa-press.net\/cameroun\/politique\/loi-des-finances-les-ministres-louis-paul-motaze-et-alamine-ousmane-mey-vont-lancer-ce-19-juillet-2022-la-preparation-du-budget-de-letat-2023#article","isPartOf":{"@id":"https:\/\/www.africa-press.net\/cameroun\/politique\/loi-des-finances-les-ministres-louis-paul-motaze-et-alamine-ousmane-mey-vont-lancer-ce-19-juillet-2022-la-preparation-du-budget-de-letat-2023"},"author":{"name":"cfeditorfr","@id":"https:\/\/www.africa-press.net\/cameroun\/#\/schema\/person\/2b1cf3cd81a31e3cd26889ca66d677f1"},"headline":"Loi des Finances: Les Ministres Louis Paul Motaze et Alamine Ousmane Mey vont lancer ce 19 juillet 2022 la pr\u00e9paration du budget de l\u2019Etat 2023.","datePublished":"2022-07-19T13:29:24+00:00","dateModified":"2022-07-19T16:00:35+00:00","mainEntityOfPage":{"@id":"https:\/\/www.africa-press.net\/cameroun\/politique\/loi-des-finances-les-ministres-louis-paul-motaze-et-alamine-ousmane-mey-vont-lancer-ce-19-juillet-2022-la-preparation-du-budget-de-letat-2023"},"wordCount":322,"commentCount":0,"image":{"@id":"https:\/\/www.africa-press.net\/cameroun\/politique\/loi-des-finances-les-ministres-louis-paul-motaze-et-alamine-ousmane-mey-vont-lancer-ce-19-juillet-2022-la-preparation-du-budget-de-letat-2023#primaryimage"},"thumbnailUrl":"https:\/\/static.africa-press.net\/cameroun\/sites\/57\/2022\/07\/img-62d6d50df253b.jpg","keywords":["Africa Press","Africa Press-Cameroun","Cameroun"],"articleSection":["homepage-french","Politique","Toutes les actualit\u00e9s"],"inLanguage":"fr-FR","potentialAction":[{"@type":"CommentAction","name":"Comment","target":["https:\/\/www.africa-press.net\/cameroun\/politique\/loi-des-finances-les-ministres-louis-paul-motaze-et-alamine-ousmane-mey-vont-lancer-ce-19-juillet-2022-la-preparation-du-budget-de-letat-2023#respond"]}]},{"@type":"WebPage","@id":"https:\/\/www.africa-press.net\/cameroun\/politique\/loi-des-finances-les-ministres-louis-paul-motaze-et-alamine-ousmane-mey-vont-lancer-ce-19-juillet-2022-la-preparation-du-budget-de-letat-2023","url":"https:\/\/www.africa-press.net\/cameroun\/politique\/loi-des-finances-les-ministres-louis-paul-motaze-et-alamine-ousmane-mey-vont-lancer-ce-19-juillet-2022-la-preparation-du-budget-de-letat-2023","name":"Loi des Finances: Les Ministres Louis Paul Motaze et Alamine Ousmane Mey vont lancer ce 19 juillet 2022 la pr\u00e9paration du budget de l\u2019Etat 2023. - Cameroun","isPartOf":{"@id":"https:\/\/www.africa-press.net\/cameroun\/#website"},"primaryImageOfPage":{"@id":"https:\/\/www.africa-press.net\/cameroun\/politique\/loi-des-finances-les-ministres-louis-paul-motaze-et-alamine-ousmane-mey-vont-lancer-ce-19-juillet-2022-la-preparation-du-budget-de-letat-2023#primaryimage"},"image":{"@id":"https:\/\/www.africa-press.net\/cameroun\/politique\/loi-des-finances-les-ministres-louis-paul-motaze-et-alamine-ousmane-mey-vont-lancer-ce-19-juillet-2022-la-preparation-du-budget-de-letat-2023#primaryimage"},"thumbnailUrl":"https:\/\/static.africa-press.net\/cameroun\/sites\/57\/2022\/07\/img-62d6d50df253b.jpg","datePublished":"2022-07-19T13:29:24+00:00","dateModified":"2022-07-19T16:00:35+00:00","author":{"@id":"https:\/\/www.africa-press.net\/cameroun\/#\/schema\/person\/2b1cf3cd81a31e3cd26889ca66d677f1"},"description":"C\u2019est d\u00e9sormais une tradition. Avant la convocation de la troisi\u00e8me et derni\u00e8re session ordinaire de l\u2019ann\u00e9e l\u00e9gislative ...","breadcrumb":{"@id":"https:\/\/www.africa-press.net\/cameroun\/politique\/loi-des-finances-les-ministres-louis-paul-motaze-et-alamine-ousmane-mey-vont-lancer-ce-19-juillet-2022-la-preparation-du-budget-de-letat-2023#breadcrumb"},"inLanguage":"fr-FR","potentialAction":[{"@type":"ReadAction","target":["https:\/\/www.africa-press.net\/cameroun\/politique\/loi-des-finances-les-ministres-louis-paul-motaze-et-alamine-ousmane-mey-vont-lancer-ce-19-juillet-2022-la-preparation-du-budget-de-letat-2023"]}]},{"@type":"ImageObject","inLanguage":"fr-FR","@id":"https:\/\/www.africa-press.net\/cameroun\/politique\/loi-des-finances-les-ministres-louis-paul-motaze-et-alamine-ousmane-mey-vont-lancer-ce-19-juillet-2022-la-preparation-du-budget-de-letat-2023#primaryimage","url":"https:\/\/static.africa-press.net\/cameroun\/sites\/57\/2022\/07\/img-62d6d50df253b.jpg","contentUrl":"https:\/\/static.africa-press.net\/cameroun\/sites\/57\/2022\/07\/img-62d6d50df253b.jpg","width":800,"height":533,"caption":"Loi des Finances: Les Ministres Louis Paul Motaze et Alamine Ousmane Mey vont lancer ce 19 juillet 2022 la pr\u00e9paration du budget de l\u2019Etat 2023."},{"@type":"BreadcrumbList","@id":"https:\/\/www.africa-press.net\/cameroun\/politique\/loi-des-finances-les-ministres-louis-paul-motaze-et-alamine-ousmane-mey-vont-lancer-ce-19-juillet-2022-la-preparation-du-budget-de-letat-2023#breadcrumb","itemListElement":[{"@type":"ListItem","position":1,"name":"Accueil","item":"https:\/\/www.africa-press.net\/cameroun\/"},{"@type":"ListItem","position":2,"name":"Loi des Finances: Les Ministres Louis Paul Motaze et Alamine Ousmane Mey vont lancer ce 19 juillet 2022 la pr\u00e9paration du budget de l\u2019Etat 2023."}]},{"@type":"WebSite","@id":"https:\/\/www.africa-press.net\/cameroun\/#website","url":"https:\/\/www.africa-press.net\/cameroun\/","name":"Cameroun","description":"Just another Africa News Agency Sites site","potentialAction":[{"@type":"SearchAction","target":{"@type":"EntryPoint","urlTemplate":"https:\/\/www.africa-press.net\/cameroun\/?s={search_term_string}"},"query-input":{"@type":"PropertyValueSpecification","valueRequired":true,"valueName":"search_term_string"}}],"inLanguage":"fr-FR"},{"@type":"Person","@id":"https:\/\/www.africa-press.net\/cameroun\/#\/schema\/person\/2b1cf3cd81a31e3cd26889ca66d677f1","name":"cfeditorfr"}]}},"_links":{"self":[{"href":"https:\/\/www.africa-press.net\/cameroun\/wp-json\/wp\/v2\/posts\/23795","targetHints":{"allow":["GET"]}}],"collection":[{"href":"https:\/\/www.africa-press.net\/cameroun\/wp-json\/wp\/v2\/posts"}],"about":[{"href":"https:\/\/www.africa-press.net\/cameroun\/wp-json\/wp\/v2\/types\/post"}],"author":[{"embeddable":true,"href":"https:\/\/www.africa-press.net\/cameroun\/wp-json\/wp\/v2\/users\/82"}],"replies":[{"embeddable":true,"href":"https:\/\/www.africa-press.net\/cameroun\/wp-json\/wp\/v2\/comments?post=23795"}],"version-history":[{"count":0,"href":"https:\/\/www.africa-press.net\/cameroun\/wp-json\/wp\/v2\/posts\/23795\/revisions"}],"wp:featuredmedia":[{"embeddable":true,"href":"https:\/\/www.africa-press.net\/cameroun\/wp-json\/wp\/v2\/media\/23794"}],"wp:attachment":[{"href":"https:\/\/www.africa-press.net\/cameroun\/wp-json\/wp\/v2\/media?parent=23795"}],"wp:term":[{"taxonomy":"category","embeddable":true,"href":"https:\/\/www.africa-press.net\/cameroun\/wp-json\/wp\/v2\/categories?post=23795"},{"taxonomy":"post_tag","embeddable":true,"href":"https:\/\/www.africa-press.net\/cameroun\/wp-json\/wp\/v2\/tags?post=23795"}],"curies":[{"name":"wp","href":"https:\/\/api.w.org\/{rel}","templated":true}]}}