{"id":23804,"date":"2022-07-19T13:53:11","date_gmt":"2022-07-19T13:53:11","guid":{"rendered":"https:\/\/www.africa-press.net\/cameroun\/politique\/cameroun-defense-de-nouveaux-commandants-de-regions-prennent-fonction-ce-19-juillet"},"modified":"2022-07-19T16:02:26","modified_gmt":"2022-07-19T16:02:26","slug":"cameroun-defense-de-nouveaux-commandants-de-regions-prennent-fonction-ce-19-juillet","status":"publish","type":"post","link":"https:\/\/www.africa-press.net\/cameroun\/politique\/cameroun-defense-de-nouveaux-commandants-de-regions-prennent-fonction-ce-19-juillet","title":{"rendered":"Cameroun-D\u00e9fense : de nouveaux commandants de r\u00e9gions prennent fonction ce 19 juillet"},"content":{"rendered":"<p><span style=\"color: #ff6600\"><strong>Africa-Press &#8211; Cameroun. <\/strong><\/span>Le ministre d\u00e9l\u00e9gu\u00e9 \u00e0 la pr\u00e9sidence charg\u00e9 de la D\u00e9fense pr\u00e9side la c\u00e9r\u00e9monie de prise de commandement \u00e0 Bamenda et \u00e0 Douala ce mardi 19 juillet 2022.<\/p>\n<p>Nomm\u00e9s le 14 juillet 2022 par d\u00e9cret du pr\u00e9sident de la R\u00e9publique, chef des forces arm\u00e9es, les nouveaux responsables territoriaux de la D\u00e9fense prennent le commandement ce mardi 19 juillet 2022. Le ministre charg\u00e9 de la D\u00e9fense Joseph Beti Assomo pr\u00e9side la c\u00e9r\u00e9monie de prise de commandement dans deux villes.<\/p>\n<p>D\u2019abord \u00e0 Bamenda o\u00f9 deux nouveaux commandants sont investis. Le g\u00e9n\u00e9ral de brigade Bouba Dobekreo prend la t\u00eate de la 5\u00e8 r\u00e9gion militaire interarm\u00e9es, couvrant les r\u00e9gions du Nord-Ouest et de l\u2019Ouest, en remplacement du g\u00e9n\u00e9ral de brigade Nka Val\u00e8re. Il laisse ainsi le commandement du 1er secteur de la Force multinationale mixte (Fmm) du bassin du Lac Tchad \u00e0 son successeur le colonel Pierre Loti Tiokap.<\/p>\n<p>Dans la m\u00eame ville, le g\u00e9n\u00e9ral de brigade Housseini Djobo prend le commandement de la 5\u00e8 r\u00e9gion de gendarmerie.<\/p>\n<p>Puis \u00e0 Douala, le ministre Joseph Beti Assomo pr\u00e9side la c\u00e9r\u00e9monie de prise de commandement du g\u00e9n\u00e9ral de brigade Ekongwese Divine Nnoko. Il prend les r\u00eanes de la deuxi\u00e8me r\u00e9gion de gendarmerie couvrant les r\u00e9gions du Littoral et du Sud-Ouest.<\/p>\n<p><strong>Pour plus d&rsquo;informations et d&rsquo;analyses sur la <a href=\"https:\/\/www.africa-press.net\/cameroun\">Cameroun<\/a>, suivez <a href=\"https:\/\/www.africa-press.net\/\">Africa-Press<\/a><\/strong><\/p>\n","protected":false},"excerpt":{"rendered":"<p>Africa-Press &#8211; Cameroun. Le ministre d\u00e9l\u00e9gu\u00e9 \u00e0 la pr\u00e9sidence charg\u00e9 de la D\u00e9fense pr\u00e9side la c\u00e9r\u00e9monie de prise de commandement \u00e0 Bamenda et \u00e0 Douala ce mardi 19 juillet 2022. Nomm\u00e9s le 14 juillet 2022 par d\u00e9cret du pr\u00e9sident de la R\u00e9publique, chef des forces arm\u00e9es, les nouveaux responsables territoriaux de la D\u00e9fense prennent le [&hellip;]<\/p>\n","protected":false},"author":82,"featured_media":23803,"comment_status":"open","ping_status":"closed","sticky":false,"template":"","format":"standard","meta":{"footnotes":""},"categories":[11,2,10],"tags":[36,50,49],"class_list":["post-23804","post","type-post","status-publish","format-standard","has-post-thumbnail","hentry","category-homepage-french","category-politique","category-toutes-les-actualites","tag-africa-press","tag-africa-press-cameroun","tag-cameroun"],"yoast_head":"<!-- This site is optimized with the Yoast SEO Premium plugin v26.1 (Yoast SEO v27.0) - https:\/\/yoast.com\/product\/yoast-seo-premium-wordpress\/ -->\n<title>Cameroun-D\u00e9fense : de nouveaux commandants de r\u00e9gions prennent fonction ce 19 juillet - Cameroun<\/title>\n<meta name=\"description\" content=\"Le ministre d\u00e9l\u00e9gu\u00e9 \u00e0 la pr\u00e9sidence charg\u00e9 de la D\u00e9fense pr\u00e9side la c\u00e9r\u00e9monie de prise de commandement \u00e0 Bamenda et \u00e0 Do ...\" \/>\n<meta name=\"robots\" content=\"index, follow, max-snippet:-1, max-image-preview:large, max-video-preview:-1\" \/>\n<link rel=\"canonical\" href=\"https:\/\/www.africa-press.net\/cameroun\/politique\/cameroun-defense-de-nouveaux-commandants-de-regions-prennent-fonction-ce-19-juillet\" \/>\n<meta property=\"og:locale\" content=\"fr_FR\" \/>\n<meta property=\"og:type\" content=\"article\" \/>\n<meta property=\"og:title\" content=\"Cameroun-D\u00e9fense : de nouveaux commandants de r\u00e9gions prennent fonction ce 19 juillet\" \/>\n<meta property=\"og:description\" content=\"Le ministre d\u00e9l\u00e9gu\u00e9 \u00e0 la pr\u00e9sidence charg\u00e9 de la D\u00e9fense pr\u00e9side la c\u00e9r\u00e9monie de prise de commandement \u00e0 Bamenda et \u00e0 Do ...\" \/>\n<meta property=\"og:url\" content=\"https:\/\/www.africa-press.net\/cameroun\/politique\/cameroun-defense-de-nouveaux-commandants-de-regions-prennent-fonction-ce-19-juillet\" \/>\n<meta property=\"og:site_name\" content=\"Cameroun\" \/>\n<meta property=\"article:published_time\" content=\"2022-07-19T13:53:11+00:00\" \/>\n<meta property=\"article:modified_time\" content=\"2022-07-19T16:02:26+00:00\" \/>\n<meta property=\"og:image\" content=\"https:\/\/static.africa-press.net\/cameroun\/sites\/57\/2022\/07\/img-62d6d57785bbe.jpg\" \/>\n\t<meta property=\"og:image:width\" content=\"1000\" \/>\n\t<meta property=\"og:image:height\" content=\"480\" \/>\n\t<meta property=\"og:image:type\" content=\"image\/jpeg\" \/>\n<meta name=\"author\" content=\"cfeditorfr\" \/>\n<meta name=\"twitter:card\" content=\"summary_large_image\" \/>\n<meta name=\"twitter:label1\" content=\"\u00c9crit par\" \/>\n\t<meta name=\"twitter:data1\" content=\"cfeditorfr\" \/>\n\t<meta name=\"twitter:label2\" content=\"Dur\u00e9e de lecture estim\u00e9e\" \/>\n\t<meta name=\"twitter:data2\" content=\"1 minute\" \/>\n<script type=\"application\/ld+json\" class=\"yoast-schema-graph\">{\"@context\":\"https:\/\/schema.org\",\"@graph\":[{\"@type\":\"Article\",\"@id\":\"https:\/\/www.africa-press.net\/cameroun\/politique\/cameroun-defense-de-nouveaux-commandants-de-regions-prennent-fonction-ce-19-juillet#article\",\"isPartOf\":{\"@id\":\"https:\/\/www.africa-press.net\/cameroun\/politique\/cameroun-defense-de-nouveaux-commandants-de-regions-prennent-fonction-ce-19-juillet\"},\"author\":{\"name\":\"cfeditorfr\",\"@id\":\"https:\/\/www.africa-press.net\/cameroun\/#\/schema\/person\/2b1cf3cd81a31e3cd26889ca66d677f1\"},\"headline\":\"Cameroun-D\u00e9fense : de nouveaux commandants de r\u00e9gions prennent fonction ce 19 juillet\",\"datePublished\":\"2022-07-19T13:53:11+00:00\",\"dateModified\":\"2022-07-19T16:02:26+00:00\",\"mainEntityOfPage\":{\"@id\":\"https:\/\/www.africa-press.net\/cameroun\/politique\/cameroun-defense-de-nouveaux-commandants-de-regions-prennent-fonction-ce-19-juillet\"},\"wordCount\":257,\"commentCount\":0,\"image\":{\"@id\":\"https:\/\/www.africa-press.net\/cameroun\/politique\/cameroun-defense-de-nouveaux-commandants-de-regions-prennent-fonction-ce-19-juillet#primaryimage\"},\"thumbnailUrl\":\"https:\/\/static.africa-press.net\/cameroun\/sites\/57\/2022\/07\/img-62d6d57785bbe.jpg\",\"keywords\":[\"Africa Press\",\"Africa Press-Cameroun\",\"Cameroun\"],\"articleSection\":[\"homepage-french\",\"Politique\",\"Toutes les actualit\u00e9s\"],\"inLanguage\":\"fr-FR\",\"potentialAction\":[{\"@type\":\"CommentAction\",\"name\":\"Comment\",\"target\":[\"https:\/\/www.africa-press.net\/cameroun\/politique\/cameroun-defense-de-nouveaux-commandants-de-regions-prennent-fonction-ce-19-juillet#respond\"]}]},{\"@type\":\"WebPage\",\"@id\":\"https:\/\/www.africa-press.net\/cameroun\/politique\/cameroun-defense-de-nouveaux-commandants-de-regions-prennent-fonction-ce-19-juillet\",\"url\":\"https:\/\/www.africa-press.net\/cameroun\/politique\/cameroun-defense-de-nouveaux-commandants-de-regions-prennent-fonction-ce-19-juillet\",\"name\":\"Cameroun-D\u00e9fense : de nouveaux commandants de r\u00e9gions prennent fonction ce 19 juillet - Cameroun\",\"isPartOf\":{\"@id\":\"https:\/\/www.africa-press.net\/cameroun\/#website\"},\"primaryImageOfPage\":{\"@id\":\"https:\/\/www.africa-press.net\/cameroun\/politique\/cameroun-defense-de-nouveaux-commandants-de-regions-prennent-fonction-ce-19-juillet#primaryimage\"},\"image\":{\"@id\":\"https:\/\/www.africa-press.net\/cameroun\/politique\/cameroun-defense-de-nouveaux-commandants-de-regions-prennent-fonction-ce-19-juillet#primaryimage\"},\"thumbnailUrl\":\"https:\/\/static.africa-press.net\/cameroun\/sites\/57\/2022\/07\/img-62d6d57785bbe.jpg\",\"datePublished\":\"2022-07-19T13:53:11+00:00\",\"dateModified\":\"2022-07-19T16:02:26+00:00\",\"author\":{\"@id\":\"https:\/\/www.africa-press.net\/cameroun\/#\/schema\/person\/2b1cf3cd81a31e3cd26889ca66d677f1\"},\"description\":\"Le ministre d\u00e9l\u00e9gu\u00e9 \u00e0 la pr\u00e9sidence charg\u00e9 de la D\u00e9fense pr\u00e9side la c\u00e9r\u00e9monie de prise de commandement \u00e0 Bamenda et \u00e0 Do ...\",\"breadcrumb\":{\"@id\":\"https:\/\/www.africa-press.net\/cameroun\/politique\/cameroun-defense-de-nouveaux-commandants-de-regions-prennent-fonction-ce-19-juillet#breadcrumb\"},\"inLanguage\":\"fr-FR\",\"potentialAction\":[{\"@type\":\"ReadAction\",\"target\":[\"https:\/\/www.africa-press.net\/cameroun\/politique\/cameroun-defense-de-nouveaux-commandants-de-regions-prennent-fonction-ce-19-juillet\"]}]},{\"@type\":\"ImageObject\",\"inLanguage\":\"fr-FR\",\"@id\":\"https:\/\/www.africa-press.net\/cameroun\/politique\/cameroun-defense-de-nouveaux-commandants-de-regions-prennent-fonction-ce-19-juillet#primaryimage\",\"url\":\"https:\/\/static.africa-press.net\/cameroun\/sites\/57\/2022\/07\/img-62d6d57785bbe.jpg\",\"contentUrl\":\"https:\/\/static.africa-press.net\/cameroun\/sites\/57\/2022\/07\/img-62d6d57785bbe.jpg\",\"width\":1000,\"height\":480,\"caption\":\"Cameroun-D\u00e9fense : de nouveaux commandants de r\u00e9gions prennent fonction ce 19 juillet\"},{\"@type\":\"BreadcrumbList\",\"@id\":\"https:\/\/www.africa-press.net\/cameroun\/politique\/cameroun-defense-de-nouveaux-commandants-de-regions-prennent-fonction-ce-19-juillet#breadcrumb\",\"itemListElement\":[{\"@type\":\"ListItem\",\"position\":1,\"name\":\"Accueil\",\"item\":\"https:\/\/www.africa-press.net\/cameroun\/\"},{\"@type\":\"ListItem\",\"position\":2,\"name\":\"Cameroun-D\u00e9fense : de nouveaux commandants de r\u00e9gions prennent fonction ce 19 juillet\"}]},{\"@type\":\"WebSite\",\"@id\":\"https:\/\/www.africa-press.net\/cameroun\/#website\",\"url\":\"https:\/\/www.africa-press.net\/cameroun\/\",\"name\":\"Cameroun\",\"description\":\"Just another Africa News Agency Sites site\",\"potentialAction\":[{\"@type\":\"SearchAction\",\"target\":{\"@type\":\"EntryPoint\",\"urlTemplate\":\"https:\/\/www.africa-press.net\/cameroun\/?s={search_term_string}\"},\"query-input\":{\"@type\":\"PropertyValueSpecification\",\"valueRequired\":true,\"valueName\":\"search_term_string\"}}],\"inLanguage\":\"fr-FR\"},{\"@type\":\"Person\",\"@id\":\"https:\/\/www.africa-press.net\/cameroun\/#\/schema\/person\/2b1cf3cd81a31e3cd26889ca66d677f1\",\"name\":\"cfeditorfr\"}]}<\/script>\n<!-- \/ Yoast SEO Premium plugin. -->","yoast_head_json":{"title":"Cameroun-D\u00e9fense : de nouveaux commandants de r\u00e9gions prennent fonction ce 19 juillet - Cameroun","description":"Le ministre d\u00e9l\u00e9gu\u00e9 \u00e0 la pr\u00e9sidence charg\u00e9 de la D\u00e9fense pr\u00e9side la c\u00e9r\u00e9monie de prise de commandement \u00e0 Bamenda et \u00e0 Do ...","robots":{"index":"index","follow":"follow","max-snippet":"max-snippet:-1","max-image-preview":"max-image-preview:large","max-video-preview":"max-video-preview:-1"},"canonical":"https:\/\/www.africa-press.net\/cameroun\/politique\/cameroun-defense-de-nouveaux-commandants-de-regions-prennent-fonction-ce-19-juillet","og_locale":"fr_FR","og_type":"article","og_title":"Cameroun-D\u00e9fense : de nouveaux commandants de r\u00e9gions prennent fonction ce 19 juillet","og_description":"Le ministre d\u00e9l\u00e9gu\u00e9 \u00e0 la pr\u00e9sidence charg\u00e9 de la D\u00e9fense pr\u00e9side la c\u00e9r\u00e9monie de prise de commandement \u00e0 Bamenda et \u00e0 Do ...","og_url":"https:\/\/www.africa-press.net\/cameroun\/politique\/cameroun-defense-de-nouveaux-commandants-de-regions-prennent-fonction-ce-19-juillet","og_site_name":"Cameroun","article_published_time":"2022-07-19T13:53:11+00:00","article_modified_time":"2022-07-19T16:02:26+00:00","og_image":[{"width":1000,"height":480,"url":"https:\/\/static.africa-press.net\/cameroun\/sites\/57\/2022\/07\/img-62d6d57785bbe.jpg","type":"image\/jpeg"}],"author":"cfeditorfr","twitter_card":"summary_large_image","twitter_misc":{"\u00c9crit par":"cfeditorfr","Dur\u00e9e de lecture estim\u00e9e":"1 minute"},"schema":{"@context":"https:\/\/schema.org","@graph":[{"@type":"Article","@id":"https:\/\/www.africa-press.net\/cameroun\/politique\/cameroun-defense-de-nouveaux-commandants-de-regions-prennent-fonction-ce-19-juillet#article","isPartOf":{"@id":"https:\/\/www.africa-press.net\/cameroun\/politique\/cameroun-defense-de-nouveaux-commandants-de-regions-prennent-fonction-ce-19-juillet"},"author":{"name":"cfeditorfr","@id":"https:\/\/www.africa-press.net\/cameroun\/#\/schema\/person\/2b1cf3cd81a31e3cd26889ca66d677f1"},"headline":"Cameroun-D\u00e9fense : de nouveaux commandants de r\u00e9gions prennent fonction ce 19 juillet","datePublished":"2022-07-19T13:53:11+00:00","dateModified":"2022-07-19T16:02:26+00:00","mainEntityOfPage":{"@id":"https:\/\/www.africa-press.net\/cameroun\/politique\/cameroun-defense-de-nouveaux-commandants-de-regions-prennent-fonction-ce-19-juillet"},"wordCount":257,"commentCount":0,"image":{"@id":"https:\/\/www.africa-press.net\/cameroun\/politique\/cameroun-defense-de-nouveaux-commandants-de-regions-prennent-fonction-ce-19-juillet#primaryimage"},"thumbnailUrl":"https:\/\/static.africa-press.net\/cameroun\/sites\/57\/2022\/07\/img-62d6d57785bbe.jpg","keywords":["Africa Press","Africa Press-Cameroun","Cameroun"],"articleSection":["homepage-french","Politique","Toutes les actualit\u00e9s"],"inLanguage":"fr-FR","potentialAction":[{"@type":"CommentAction","name":"Comment","target":["https:\/\/www.africa-press.net\/cameroun\/politique\/cameroun-defense-de-nouveaux-commandants-de-regions-prennent-fonction-ce-19-juillet#respond"]}]},{"@type":"WebPage","@id":"https:\/\/www.africa-press.net\/cameroun\/politique\/cameroun-defense-de-nouveaux-commandants-de-regions-prennent-fonction-ce-19-juillet","url":"https:\/\/www.africa-press.net\/cameroun\/politique\/cameroun-defense-de-nouveaux-commandants-de-regions-prennent-fonction-ce-19-juillet","name":"Cameroun-D\u00e9fense : de nouveaux commandants de r\u00e9gions prennent fonction ce 19 juillet - Cameroun","isPartOf":{"@id":"https:\/\/www.africa-press.net\/cameroun\/#website"},"primaryImageOfPage":{"@id":"https:\/\/www.africa-press.net\/cameroun\/politique\/cameroun-defense-de-nouveaux-commandants-de-regions-prennent-fonction-ce-19-juillet#primaryimage"},"image":{"@id":"https:\/\/www.africa-press.net\/cameroun\/politique\/cameroun-defense-de-nouveaux-commandants-de-regions-prennent-fonction-ce-19-juillet#primaryimage"},"thumbnailUrl":"https:\/\/static.africa-press.net\/cameroun\/sites\/57\/2022\/07\/img-62d6d57785bbe.jpg","datePublished":"2022-07-19T13:53:11+00:00","dateModified":"2022-07-19T16:02:26+00:00","author":{"@id":"https:\/\/www.africa-press.net\/cameroun\/#\/schema\/person\/2b1cf3cd81a31e3cd26889ca66d677f1"},"description":"Le ministre d\u00e9l\u00e9gu\u00e9 \u00e0 la pr\u00e9sidence charg\u00e9 de la D\u00e9fense pr\u00e9side la c\u00e9r\u00e9monie de prise de commandement \u00e0 Bamenda et \u00e0 Do ...","breadcrumb":{"@id":"https:\/\/www.africa-press.net\/cameroun\/politique\/cameroun-defense-de-nouveaux-commandants-de-regions-prennent-fonction-ce-19-juillet#breadcrumb"},"inLanguage":"fr-FR","potentialAction":[{"@type":"ReadAction","target":["https:\/\/www.africa-press.net\/cameroun\/politique\/cameroun-defense-de-nouveaux-commandants-de-regions-prennent-fonction-ce-19-juillet"]}]},{"@type":"ImageObject","inLanguage":"fr-FR","@id":"https:\/\/www.africa-press.net\/cameroun\/politique\/cameroun-defense-de-nouveaux-commandants-de-regions-prennent-fonction-ce-19-juillet#primaryimage","url":"https:\/\/static.africa-press.net\/cameroun\/sites\/57\/2022\/07\/img-62d6d57785bbe.jpg","contentUrl":"https:\/\/static.africa-press.net\/cameroun\/sites\/57\/2022\/07\/img-62d6d57785bbe.jpg","width":1000,"height":480,"caption":"Cameroun-D\u00e9fense : de nouveaux commandants de r\u00e9gions prennent fonction ce 19 juillet"},{"@type":"BreadcrumbList","@id":"https:\/\/www.africa-press.net\/cameroun\/politique\/cameroun-defense-de-nouveaux-commandants-de-regions-prennent-fonction-ce-19-juillet#breadcrumb","itemListElement":[{"@type":"ListItem","position":1,"name":"Accueil","item":"https:\/\/www.africa-press.net\/cameroun\/"},{"@type":"ListItem","position":2,"name":"Cameroun-D\u00e9fense : de nouveaux commandants de r\u00e9gions prennent fonction ce 19 juillet"}]},{"@type":"WebSite","@id":"https:\/\/www.africa-press.net\/cameroun\/#website","url":"https:\/\/www.africa-press.net\/cameroun\/","name":"Cameroun","description":"Just another Africa News Agency Sites site","potentialAction":[{"@type":"SearchAction","target":{"@type":"EntryPoint","urlTemplate":"https:\/\/www.africa-press.net\/cameroun\/?s={search_term_string}"},"query-input":{"@type":"PropertyValueSpecification","valueRequired":true,"valueName":"search_term_string"}}],"inLanguage":"fr-FR"},{"@type":"Person","@id":"https:\/\/www.africa-press.net\/cameroun\/#\/schema\/person\/2b1cf3cd81a31e3cd26889ca66d677f1","name":"cfeditorfr"}]}},"_links":{"self":[{"href":"https:\/\/www.africa-press.net\/cameroun\/wp-json\/wp\/v2\/posts\/23804","targetHints":{"allow":["GET"]}}],"collection":[{"href":"https:\/\/www.africa-press.net\/cameroun\/wp-json\/wp\/v2\/posts"}],"about":[{"href":"https:\/\/www.africa-press.net\/cameroun\/wp-json\/wp\/v2\/types\/post"}],"author":[{"embeddable":true,"href":"https:\/\/www.africa-press.net\/cameroun\/wp-json\/wp\/v2\/users\/82"}],"replies":[{"embeddable":true,"href":"https:\/\/www.africa-press.net\/cameroun\/wp-json\/wp\/v2\/comments?post=23804"}],"version-history":[{"count":0,"href":"https:\/\/www.africa-press.net\/cameroun\/wp-json\/wp\/v2\/posts\/23804\/revisions"}],"wp:featuredmedia":[{"embeddable":true,"href":"https:\/\/www.africa-press.net\/cameroun\/wp-json\/wp\/v2\/media\/23803"}],"wp:attachment":[{"href":"https:\/\/www.africa-press.net\/cameroun\/wp-json\/wp\/v2\/media?parent=23804"}],"wp:term":[{"taxonomy":"category","embeddable":true,"href":"https:\/\/www.africa-press.net\/cameroun\/wp-json\/wp\/v2\/categories?post=23804"},{"taxonomy":"post_tag","embeddable":true,"href":"https:\/\/www.africa-press.net\/cameroun\/wp-json\/wp\/v2\/tags?post=23804"}],"curies":[{"name":"wp","href":"https:\/\/api.w.org\/{rel}","templated":true}]}}