{"id":23807,"date":"2022-07-19T14:03:47","date_gmt":"2022-07-19T14:03:47","guid":{"rendered":"https:\/\/www.africa-press.net\/cameroun\/politique\/cameroun-les-investisseurs-americains-a-la-conquete-des-marches"},"modified":"2022-07-19T16:03:06","modified_gmt":"2022-07-19T16:03:06","slug":"cameroun-les-investisseurs-americains-a-la-conquete-des-marches","status":"publish","type":"post","link":"https:\/\/www.africa-press.net\/cameroun\/economie\/cameroun-les-investisseurs-americains-a-la-conquete-des-marches","title":{"rendered":"Cameroun\u00a0: les investisseurs am\u00e9ricains \u00e0 la conqu\u00eate des march\u00e9s"},"content":{"rendered":"<p><span style=\"color: #ff6600\"><strong>Africa-Press &#8211; Cameroun. <\/strong><\/span>Le Ministre des PME, de l\u2019\u00c9conomie Sociale et de l\u2019Artisanat Achille Bassilekin III a re\u00e7u en audience le vendredi 15 juillet 2022, une d\u00e9l\u00e9gation d\u2019investisseurs am\u00e9ricains.<\/p>\n<p>Une d\u00e9l\u00e9gation d\u2019investisseurs am\u00e9ricains s\u00e9journe au Cameroun. Achille Bassilekin III a re\u00e7u cette d\u00e9l\u00e9gation de la Minnesota Africans United, organisation qui compte en son sein des ressortissants de pr\u00e8s de 45 pays de la diaspora africaine.<\/p>\n<p>Conduite par Basil Ajuo, ladite d\u00e9l\u00e9gation d\u2019investisseurs am\u00e9ricains est arriv\u00e9e au Minpmeesa \u00ab avec la ferme intention de d\u00e9velopper des partenariats d\u2019affaires avec le Cameroun dans des secteurs aussi divers que vari\u00e9s : l\u2019agriculture, l\u2019agro-alimentaire, le transport, la transformation du bois, les \u00e9nergies renouvelables, l\u2019industrie sous toutes ses formes \u00bb, souligne le minist\u00e8re des PME.<\/p>\n<p>Par ailleurs, ces investisseurs souhaitent profiter du 2e congr\u00e8s sur l\u2019incubation des entreprises, que le Cameroun projette d\u2019organiser du 15 au 17 d\u00e9cembre 2022, pour exposer leurs plans d\u2019investissements dans le secteur de l\u2019industrie nationale.<\/p>\n<p>Le ministre des PME, a exhort\u00e9 ses h\u00f4tes, au regard de la port\u00e9e multisectorielle de leur champ d\u2019action, \u00e0 s\u2019organiser au cours de leur prochain s\u00e9jour au Cameroun pour rencontrer tous les responsables sectoriels des domaines concern\u00e9s par leurs comp\u00e9tences entrepreneuriales.<\/p>\n<p>Ce qui leur permettra d\u2019avoir un meilleur aper\u00e7u des opportunit\u00e9s li\u00e9es \u00e0 la transformation structurelle de l\u2019\u00e9conomie camerounaise engag\u00e9e dans le cadre de la mise en oeuvre de la SND30.<\/p>\n<p><strong>Pour plus d&rsquo;informations et d&rsquo;analyses sur la <a href=\"https:\/\/www.africa-press.net\/cameroun\">Cameroun<\/a>, suivez <a href=\"https:\/\/www.africa-press.net\/\">Africa-Press<\/a><\/strong><\/p>\n","protected":false},"excerpt":{"rendered":"<p>Africa-Press &#8211; Cameroun. Le Ministre des PME, de l\u2019\u00c9conomie Sociale et de l\u2019Artisanat Achille Bassilekin III a re\u00e7u en audience le vendredi 15 juillet 2022, une d\u00e9l\u00e9gation d\u2019investisseurs am\u00e9ricains. Une d\u00e9l\u00e9gation d\u2019investisseurs am\u00e9ricains s\u00e9journe au Cameroun. Achille Bassilekin III a re\u00e7u cette d\u00e9l\u00e9gation de la Minnesota Africans United, organisation qui compte en son sein des [&hellip;]<\/p>\n","protected":false},"author":82,"featured_media":23806,"comment_status":"open","ping_status":"closed","sticky":false,"template":"","format":"standard","meta":{"footnotes":""},"categories":[3,11,10],"tags":[36,50,49],"class_list":["post-23807","post","type-post","status-publish","format-standard","has-post-thumbnail","hentry","category-economie","category-homepage-french","category-toutes-les-actualites","tag-africa-press","tag-africa-press-cameroun","tag-cameroun"],"yoast_head":"<!-- This site is optimized with the Yoast SEO Premium plugin v26.1 (Yoast SEO v27.0) - https:\/\/yoast.com\/product\/yoast-seo-premium-wordpress\/ -->\n<title>Cameroun\u00a0: les investisseurs am\u00e9ricains \u00e0 la conqu\u00eate des march\u00e9s - Cameroun<\/title>\n<meta name=\"description\" content=\"Le Ministre des PME, de l\u2019\u00c9conomie Sociale et de l\u2019Artisanat Achille Bassilekin III a re\u00e7u en audience le vendredi 15 ju ...\" \/>\n<meta name=\"robots\" content=\"index, follow, max-snippet:-1, max-image-preview:large, max-video-preview:-1\" \/>\n<link rel=\"canonical\" href=\"https:\/\/www.africa-press.net\/cameroun\/economie\/cameroun-les-investisseurs-americains-a-la-conquete-des-marches\" \/>\n<meta property=\"og:locale\" content=\"fr_FR\" \/>\n<meta property=\"og:type\" content=\"article\" \/>\n<meta property=\"og:title\" content=\"Cameroun\u00a0: les investisseurs am\u00e9ricains \u00e0 la conqu\u00eate des march\u00e9s\" \/>\n<meta property=\"og:description\" content=\"Le Ministre des PME, de l\u2019\u00c9conomie Sociale et de l\u2019Artisanat Achille Bassilekin III a re\u00e7u en audience le vendredi 15 ju ...\" \/>\n<meta property=\"og:url\" content=\"https:\/\/www.africa-press.net\/cameroun\/economie\/cameroun-les-investisseurs-americains-a-la-conquete-des-marches\" \/>\n<meta property=\"og:site_name\" content=\"Cameroun\" \/>\n<meta property=\"article:published_time\" content=\"2022-07-19T14:03:47+00:00\" \/>\n<meta property=\"article:modified_time\" content=\"2022-07-19T16:03:06+00:00\" \/>\n<meta property=\"og:image\" content=\"https:\/\/static.africa-press.net\/cameroun\/sites\/57\/2022\/07\/img-62d6d59d157f6.jpg\" \/>\n\t<meta property=\"og:image:width\" content=\"960\" \/>\n\t<meta property=\"og:image:height\" content=\"640\" \/>\n\t<meta property=\"og:image:type\" content=\"image\/jpeg\" \/>\n<meta name=\"author\" content=\"cfeditorfr\" \/>\n<meta name=\"twitter:card\" content=\"summary_large_image\" \/>\n<meta name=\"twitter:label1\" content=\"\u00c9crit par\" \/>\n\t<meta name=\"twitter:data1\" content=\"cfeditorfr\" \/>\n\t<meta name=\"twitter:label2\" content=\"Dur\u00e9e de lecture estim\u00e9e\" \/>\n\t<meta name=\"twitter:data2\" content=\"1 minute\" \/>\n<script type=\"application\/ld+json\" class=\"yoast-schema-graph\">{\"@context\":\"https:\/\/schema.org\",\"@graph\":[{\"@type\":\"Article\",\"@id\":\"https:\/\/www.africa-press.net\/cameroun\/economie\/cameroun-les-investisseurs-americains-a-la-conquete-des-marches#article\",\"isPartOf\":{\"@id\":\"https:\/\/www.africa-press.net\/cameroun\/economie\/cameroun-les-investisseurs-americains-a-la-conquete-des-marches\"},\"author\":{\"name\":\"cfeditorfr\",\"@id\":\"https:\/\/www.africa-press.net\/cameroun\/#\/schema\/person\/2b1cf3cd81a31e3cd26889ca66d677f1\"},\"headline\":\"Cameroun\u00a0: les investisseurs am\u00e9ricains \u00e0 la conqu\u00eate des march\u00e9s\",\"datePublished\":\"2022-07-19T14:03:47+00:00\",\"dateModified\":\"2022-07-19T16:03:06+00:00\",\"mainEntityOfPage\":{\"@id\":\"https:\/\/www.africa-press.net\/cameroun\/economie\/cameroun-les-investisseurs-americains-a-la-conquete-des-marches\"},\"wordCount\":285,\"commentCount\":0,\"image\":{\"@id\":\"https:\/\/www.africa-press.net\/cameroun\/economie\/cameroun-les-investisseurs-americains-a-la-conquete-des-marches#primaryimage\"},\"thumbnailUrl\":\"https:\/\/static.africa-press.net\/cameroun\/sites\/57\/2022\/07\/img-62d6d59d157f6.jpg\",\"keywords\":[\"Africa Press\",\"Africa Press-Cameroun\",\"Cameroun\"],\"articleSection\":[\"\u00c9conomie\",\"homepage-french\",\"Toutes les actualit\u00e9s\"],\"inLanguage\":\"fr-FR\",\"potentialAction\":[{\"@type\":\"CommentAction\",\"name\":\"Comment\",\"target\":[\"https:\/\/www.africa-press.net\/cameroun\/economie\/cameroun-les-investisseurs-americains-a-la-conquete-des-marches#respond\"]}]},{\"@type\":\"WebPage\",\"@id\":\"https:\/\/www.africa-press.net\/cameroun\/economie\/cameroun-les-investisseurs-americains-a-la-conquete-des-marches\",\"url\":\"https:\/\/www.africa-press.net\/cameroun\/economie\/cameroun-les-investisseurs-americains-a-la-conquete-des-marches\",\"name\":\"Cameroun\u00a0: les investisseurs am\u00e9ricains \u00e0 la conqu\u00eate des march\u00e9s - Cameroun\",\"isPartOf\":{\"@id\":\"https:\/\/www.africa-press.net\/cameroun\/#website\"},\"primaryImageOfPage\":{\"@id\":\"https:\/\/www.africa-press.net\/cameroun\/economie\/cameroun-les-investisseurs-americains-a-la-conquete-des-marches#primaryimage\"},\"image\":{\"@id\":\"https:\/\/www.africa-press.net\/cameroun\/economie\/cameroun-les-investisseurs-americains-a-la-conquete-des-marches#primaryimage\"},\"thumbnailUrl\":\"https:\/\/static.africa-press.net\/cameroun\/sites\/57\/2022\/07\/img-62d6d59d157f6.jpg\",\"datePublished\":\"2022-07-19T14:03:47+00:00\",\"dateModified\":\"2022-07-19T16:03:06+00:00\",\"author\":{\"@id\":\"https:\/\/www.africa-press.net\/cameroun\/#\/schema\/person\/2b1cf3cd81a31e3cd26889ca66d677f1\"},\"description\":\"Le Ministre des PME, de l\u2019\u00c9conomie Sociale et de l\u2019Artisanat Achille Bassilekin III a re\u00e7u en audience le vendredi 15 ju ...\",\"breadcrumb\":{\"@id\":\"https:\/\/www.africa-press.net\/cameroun\/economie\/cameroun-les-investisseurs-americains-a-la-conquete-des-marches#breadcrumb\"},\"inLanguage\":\"fr-FR\",\"potentialAction\":[{\"@type\":\"ReadAction\",\"target\":[\"https:\/\/www.africa-press.net\/cameroun\/economie\/cameroun-les-investisseurs-americains-a-la-conquete-des-marches\"]}]},{\"@type\":\"ImageObject\",\"inLanguage\":\"fr-FR\",\"@id\":\"https:\/\/www.africa-press.net\/cameroun\/economie\/cameroun-les-investisseurs-americains-a-la-conquete-des-marches#primaryimage\",\"url\":\"https:\/\/static.africa-press.net\/cameroun\/sites\/57\/2022\/07\/img-62d6d59d157f6.jpg\",\"contentUrl\":\"https:\/\/static.africa-press.net\/cameroun\/sites\/57\/2022\/07\/img-62d6d59d157f6.jpg\",\"width\":960,\"height\":640,\"caption\":\"Cameroun\u00a0: les investisseurs am\u00e9ricains \u00e0 la conqu\u00eate des march\u00e9s\"},{\"@type\":\"BreadcrumbList\",\"@id\":\"https:\/\/www.africa-press.net\/cameroun\/economie\/cameroun-les-investisseurs-americains-a-la-conquete-des-marches#breadcrumb\",\"itemListElement\":[{\"@type\":\"ListItem\",\"position\":1,\"name\":\"Accueil\",\"item\":\"https:\/\/www.africa-press.net\/cameroun\/\"},{\"@type\":\"ListItem\",\"position\":2,\"name\":\"Cameroun\u00a0: les investisseurs am\u00e9ricains \u00e0 la conqu\u00eate des march\u00e9s\"}]},{\"@type\":\"WebSite\",\"@id\":\"https:\/\/www.africa-press.net\/cameroun\/#website\",\"url\":\"https:\/\/www.africa-press.net\/cameroun\/\",\"name\":\"Cameroun\",\"description\":\"Just another Africa News Agency Sites site\",\"potentialAction\":[{\"@type\":\"SearchAction\",\"target\":{\"@type\":\"EntryPoint\",\"urlTemplate\":\"https:\/\/www.africa-press.net\/cameroun\/?s={search_term_string}\"},\"query-input\":{\"@type\":\"PropertyValueSpecification\",\"valueRequired\":true,\"valueName\":\"search_term_string\"}}],\"inLanguage\":\"fr-FR\"},{\"@type\":\"Person\",\"@id\":\"https:\/\/www.africa-press.net\/cameroun\/#\/schema\/person\/2b1cf3cd81a31e3cd26889ca66d677f1\",\"name\":\"cfeditorfr\"}]}<\/script>\n<!-- \/ Yoast SEO Premium plugin. -->","yoast_head_json":{"title":"Cameroun\u00a0: les investisseurs am\u00e9ricains \u00e0 la conqu\u00eate des march\u00e9s - Cameroun","description":"Le Ministre des PME, de l\u2019\u00c9conomie Sociale et de l\u2019Artisanat Achille Bassilekin III a re\u00e7u en audience le vendredi 15 ju ...","robots":{"index":"index","follow":"follow","max-snippet":"max-snippet:-1","max-image-preview":"max-image-preview:large","max-video-preview":"max-video-preview:-1"},"canonical":"https:\/\/www.africa-press.net\/cameroun\/economie\/cameroun-les-investisseurs-americains-a-la-conquete-des-marches","og_locale":"fr_FR","og_type":"article","og_title":"Cameroun\u00a0: les investisseurs am\u00e9ricains \u00e0 la conqu\u00eate des march\u00e9s","og_description":"Le Ministre des PME, de l\u2019\u00c9conomie Sociale et de l\u2019Artisanat Achille Bassilekin III a re\u00e7u en audience le vendredi 15 ju ...","og_url":"https:\/\/www.africa-press.net\/cameroun\/economie\/cameroun-les-investisseurs-americains-a-la-conquete-des-marches","og_site_name":"Cameroun","article_published_time":"2022-07-19T14:03:47+00:00","article_modified_time":"2022-07-19T16:03:06+00:00","og_image":[{"width":960,"height":640,"url":"https:\/\/static.africa-press.net\/cameroun\/sites\/57\/2022\/07\/img-62d6d59d157f6.jpg","type":"image\/jpeg"}],"author":"cfeditorfr","twitter_card":"summary_large_image","twitter_misc":{"\u00c9crit par":"cfeditorfr","Dur\u00e9e de lecture estim\u00e9e":"1 minute"},"schema":{"@context":"https:\/\/schema.org","@graph":[{"@type":"Article","@id":"https:\/\/www.africa-press.net\/cameroun\/economie\/cameroun-les-investisseurs-americains-a-la-conquete-des-marches#article","isPartOf":{"@id":"https:\/\/www.africa-press.net\/cameroun\/economie\/cameroun-les-investisseurs-americains-a-la-conquete-des-marches"},"author":{"name":"cfeditorfr","@id":"https:\/\/www.africa-press.net\/cameroun\/#\/schema\/person\/2b1cf3cd81a31e3cd26889ca66d677f1"},"headline":"Cameroun\u00a0: les investisseurs am\u00e9ricains \u00e0 la conqu\u00eate des march\u00e9s","datePublished":"2022-07-19T14:03:47+00:00","dateModified":"2022-07-19T16:03:06+00:00","mainEntityOfPage":{"@id":"https:\/\/www.africa-press.net\/cameroun\/economie\/cameroun-les-investisseurs-americains-a-la-conquete-des-marches"},"wordCount":285,"commentCount":0,"image":{"@id":"https:\/\/www.africa-press.net\/cameroun\/economie\/cameroun-les-investisseurs-americains-a-la-conquete-des-marches#primaryimage"},"thumbnailUrl":"https:\/\/static.africa-press.net\/cameroun\/sites\/57\/2022\/07\/img-62d6d59d157f6.jpg","keywords":["Africa Press","Africa Press-Cameroun","Cameroun"],"articleSection":["\u00c9conomie","homepage-french","Toutes les actualit\u00e9s"],"inLanguage":"fr-FR","potentialAction":[{"@type":"CommentAction","name":"Comment","target":["https:\/\/www.africa-press.net\/cameroun\/economie\/cameroun-les-investisseurs-americains-a-la-conquete-des-marches#respond"]}]},{"@type":"WebPage","@id":"https:\/\/www.africa-press.net\/cameroun\/economie\/cameroun-les-investisseurs-americains-a-la-conquete-des-marches","url":"https:\/\/www.africa-press.net\/cameroun\/economie\/cameroun-les-investisseurs-americains-a-la-conquete-des-marches","name":"Cameroun\u00a0: les investisseurs am\u00e9ricains \u00e0 la conqu\u00eate des march\u00e9s - Cameroun","isPartOf":{"@id":"https:\/\/www.africa-press.net\/cameroun\/#website"},"primaryImageOfPage":{"@id":"https:\/\/www.africa-press.net\/cameroun\/economie\/cameroun-les-investisseurs-americains-a-la-conquete-des-marches#primaryimage"},"image":{"@id":"https:\/\/www.africa-press.net\/cameroun\/economie\/cameroun-les-investisseurs-americains-a-la-conquete-des-marches#primaryimage"},"thumbnailUrl":"https:\/\/static.africa-press.net\/cameroun\/sites\/57\/2022\/07\/img-62d6d59d157f6.jpg","datePublished":"2022-07-19T14:03:47+00:00","dateModified":"2022-07-19T16:03:06+00:00","author":{"@id":"https:\/\/www.africa-press.net\/cameroun\/#\/schema\/person\/2b1cf3cd81a31e3cd26889ca66d677f1"},"description":"Le Ministre des PME, de l\u2019\u00c9conomie Sociale et de l\u2019Artisanat Achille Bassilekin III a re\u00e7u en audience le vendredi 15 ju ...","breadcrumb":{"@id":"https:\/\/www.africa-press.net\/cameroun\/economie\/cameroun-les-investisseurs-americains-a-la-conquete-des-marches#breadcrumb"},"inLanguage":"fr-FR","potentialAction":[{"@type":"ReadAction","target":["https:\/\/www.africa-press.net\/cameroun\/economie\/cameroun-les-investisseurs-americains-a-la-conquete-des-marches"]}]},{"@type":"ImageObject","inLanguage":"fr-FR","@id":"https:\/\/www.africa-press.net\/cameroun\/economie\/cameroun-les-investisseurs-americains-a-la-conquete-des-marches#primaryimage","url":"https:\/\/static.africa-press.net\/cameroun\/sites\/57\/2022\/07\/img-62d6d59d157f6.jpg","contentUrl":"https:\/\/static.africa-press.net\/cameroun\/sites\/57\/2022\/07\/img-62d6d59d157f6.jpg","width":960,"height":640,"caption":"Cameroun\u00a0: les investisseurs am\u00e9ricains \u00e0 la conqu\u00eate des march\u00e9s"},{"@type":"BreadcrumbList","@id":"https:\/\/www.africa-press.net\/cameroun\/economie\/cameroun-les-investisseurs-americains-a-la-conquete-des-marches#breadcrumb","itemListElement":[{"@type":"ListItem","position":1,"name":"Accueil","item":"https:\/\/www.africa-press.net\/cameroun\/"},{"@type":"ListItem","position":2,"name":"Cameroun\u00a0: les investisseurs am\u00e9ricains \u00e0 la conqu\u00eate des march\u00e9s"}]},{"@type":"WebSite","@id":"https:\/\/www.africa-press.net\/cameroun\/#website","url":"https:\/\/www.africa-press.net\/cameroun\/","name":"Cameroun","description":"Just another Africa News Agency Sites site","potentialAction":[{"@type":"SearchAction","target":{"@type":"EntryPoint","urlTemplate":"https:\/\/www.africa-press.net\/cameroun\/?s={search_term_string}"},"query-input":{"@type":"PropertyValueSpecification","valueRequired":true,"valueName":"search_term_string"}}],"inLanguage":"fr-FR"},{"@type":"Person","@id":"https:\/\/www.africa-press.net\/cameroun\/#\/schema\/person\/2b1cf3cd81a31e3cd26889ca66d677f1","name":"cfeditorfr"}]}},"_links":{"self":[{"href":"https:\/\/www.africa-press.net\/cameroun\/wp-json\/wp\/v2\/posts\/23807","targetHints":{"allow":["GET"]}}],"collection":[{"href":"https:\/\/www.africa-press.net\/cameroun\/wp-json\/wp\/v2\/posts"}],"about":[{"href":"https:\/\/www.africa-press.net\/cameroun\/wp-json\/wp\/v2\/types\/post"}],"author":[{"embeddable":true,"href":"https:\/\/www.africa-press.net\/cameroun\/wp-json\/wp\/v2\/users\/82"}],"replies":[{"embeddable":true,"href":"https:\/\/www.africa-press.net\/cameroun\/wp-json\/wp\/v2\/comments?post=23807"}],"version-history":[{"count":0,"href":"https:\/\/www.africa-press.net\/cameroun\/wp-json\/wp\/v2\/posts\/23807\/revisions"}],"wp:featuredmedia":[{"embeddable":true,"href":"https:\/\/www.africa-press.net\/cameroun\/wp-json\/wp\/v2\/media\/23806"}],"wp:attachment":[{"href":"https:\/\/www.africa-press.net\/cameroun\/wp-json\/wp\/v2\/media?parent=23807"}],"wp:term":[{"taxonomy":"category","embeddable":true,"href":"https:\/\/www.africa-press.net\/cameroun\/wp-json\/wp\/v2\/categories?post=23807"},{"taxonomy":"post_tag","embeddable":true,"href":"https:\/\/www.africa-press.net\/cameroun\/wp-json\/wp\/v2\/tags?post=23807"}],"curies":[{"name":"wp","href":"https:\/\/api.w.org\/{rel}","templated":true}]}}