{"id":23813,"date":"2022-07-19T14:16:58","date_gmt":"2022-07-19T14:16:58","guid":{"rendered":"https:\/\/www.africa-press.net\/cameroun\/politique\/cameroun-camtel-va-connecter-les-logements-sociaux"},"modified":"2022-07-19T16:04:12","modified_gmt":"2022-07-19T16:04:12","slug":"cameroun-camtel-va-connecter-les-logements-sociaux","status":"publish","type":"post","link":"https:\/\/www.africa-press.net\/cameroun\/toutes-les-actualites\/cameroun-camtel-va-connecter-les-logements-sociaux","title":{"rendered":"Cameroun\u00a0: Camtel va connecter les logements sociaux"},"content":{"rendered":"<p><span style=\"color: #ff6600\"><strong>Africa-Press &#8211; Cameroun. <\/strong><\/span>Camtel et le minist\u00e8re de l\u2019Habitat et du D\u00e9veloppement urbain (Minhdu) ont sign\u00e9 le 18 juillet \u00e0 Yaound\u00e9, une convention de partenariat \u00e0 cet effet.<\/p>\n<p>L\u2019accord pr\u00e9voit, le d\u00e9ploiement des infrastructures de la fibre optique et des services internet haut-d\u00e9bit, sur l\u2019ensemble des projets et chantiers relevant de son d\u00e9partement minist\u00e9riel.<\/p>\n<p>\u00ab\u2009Parfois, il faut d\u00e9placer les r\u00e9seaux de fibre optique parce que les projets de logements n\u2019ont pas tenu compte du passage des installations de Camtel. On est parfois oblig\u00e9 de retarder les travaux parce qu\u2019on a creus\u00e9 ou d\u00e9truit des installations de t\u00e9l\u00e9coms \u00bb.<\/p>\n<p>\u00ab Or, si les parties avaient travaill\u00e9 ensemble, l\u2019on saurait d\u00e8s le d\u00e9but du projet o\u00f9 se trouvent les r\u00e9seaux de Camtel et ce qu\u2019il faut faire pour les \u00e9viter et r\u00e9duire des co\u00fbts suppl\u00e9mentaires des d\u00e9placements de la fibre optique\u2009\u00bb, explique l\u2019entreprise de t\u00e9l\u00e9coms.<\/p>\n<p>Conform\u00e9ment aux termes de cette convention, Camtel entend d\u00e9sormais s\u2019associer \u00e0 la maitrise d\u2019\u0153uvre pour les travaux de d\u00e9ploiement des infrastructures d\u2019attente, ou de pr\u00e9-cabl\u00e2ge des immeubles, ou des habitations relevant des projets et programmes gouvernementaux pilot\u00e9s par le Minhdu.<\/p>\n<p>Le d\u00e9ploiement de la fibre optique sur tous les sites des projets et programmes du Minhdu, suivi de la fourniture des services internet haut-d\u00e9bit aux r\u00e9sidents et locataires desdits sites, figurent \u00e9galement comme des obligations de Camtel.<\/p>\n<p>On peut chercher le choix de Camtel dans son portefeuille. Poss\u00e9dant le plus grand Datacenter de l\u2019Afrique Centrale \u00e0 Zamengou\u00e9 inaugur\u00e9 en 2020 construit par Huawei, il est parmi les plus grands projets du Programme National Broadband Network (NBN2).<\/p>\n<p>\u00ab A travers cette convention avec le Minhdu, Camtel qui est l\u2019op\u00e9rateur historique des services de t\u00e9l\u00e9communication au Cameroun, a donc pour obligation de fournir du tr\u00e8s haut-d\u00e9bit \u00e0 l\u2019ensemble des populations \u00bb, Judith Yah Sunday, DG Camtel.<\/p>\n<p><strong>Pour plus d&rsquo;informations et d&rsquo;analyses sur la <a href=\"https:\/\/www.africa-press.net\/cameroun\">Cameroun<\/a>, suivez <a href=\"https:\/\/www.africa-press.net\/\">Africa-Press<\/a><\/strong><\/p>\n","protected":false},"excerpt":{"rendered":"<p>Africa-Press &#8211; Cameroun. Camtel et le minist\u00e8re de l\u2019Habitat et du D\u00e9veloppement urbain (Minhdu) ont sign\u00e9 le 18 juillet \u00e0 Yaound\u00e9, une convention de partenariat \u00e0 cet effet. L\u2019accord pr\u00e9voit, le d\u00e9ploiement des infrastructures de la fibre optique et des services internet haut-d\u00e9bit, sur l\u2019ensemble des projets et chantiers relevant de son d\u00e9partement minist\u00e9riel. \u00ab\u2009Parfois, [&hellip;]<\/p>\n","protected":false},"author":82,"featured_media":23812,"comment_status":"open","ping_status":"closed","sticky":false,"template":"","format":"standard","meta":{"footnotes":""},"categories":[21,11,10],"tags":[36,50,49],"class_list":["post-23813","post","type-post","status-publish","format-standard","has-post-thumbnail","hentry","category-communaute","category-homepage-french","category-toutes-les-actualites","tag-africa-press","tag-africa-press-cameroun","tag-cameroun"],"yoast_head":"<!-- This site is optimized with the Yoast SEO Premium plugin v26.1 (Yoast SEO v27.0) - https:\/\/yoast.com\/product\/yoast-seo-premium-wordpress\/ -->\n<title>Cameroun\u00a0: Camtel va connecter les logements sociaux - Cameroun<\/title>\n<meta name=\"description\" content=\"Camtel et le minist\u00e8re de l\u2019Habitat et du D\u00e9veloppement urbain (Minhdu) ont sign\u00e9 le 18 juillet \u00e0 Yaound\u00e9, une conventio ...\" \/>\n<meta name=\"robots\" content=\"index, follow, max-snippet:-1, max-image-preview:large, max-video-preview:-1\" \/>\n<link rel=\"canonical\" href=\"https:\/\/www.africa-press.net\/cameroun\/toutes-les-actualites\/cameroun-camtel-va-connecter-les-logements-sociaux\" \/>\n<meta property=\"og:locale\" content=\"fr_FR\" \/>\n<meta property=\"og:type\" content=\"article\" \/>\n<meta property=\"og:title\" content=\"Cameroun\u00a0: Camtel va connecter les logements sociaux\" \/>\n<meta property=\"og:description\" content=\"Camtel et le minist\u00e8re de l\u2019Habitat et du D\u00e9veloppement urbain (Minhdu) ont sign\u00e9 le 18 juillet \u00e0 Yaound\u00e9, une conventio ...\" \/>\n<meta property=\"og:url\" content=\"https:\/\/www.africa-press.net\/cameroun\/toutes-les-actualites\/cameroun-camtel-va-connecter-les-logements-sociaux\" \/>\n<meta property=\"og:site_name\" content=\"Cameroun\" \/>\n<meta property=\"article:published_time\" content=\"2022-07-19T14:16:58+00:00\" \/>\n<meta property=\"article:modified_time\" content=\"2022-07-19T16:04:12+00:00\" \/>\n<meta property=\"og:image\" content=\"https:\/\/static.africa-press.net\/cameroun\/sites\/57\/2022\/07\/img-62d6d5e3931fb.jpg\" \/>\n\t<meta property=\"og:image:width\" content=\"960\" \/>\n\t<meta property=\"og:image:height\" content=\"560\" \/>\n\t<meta property=\"og:image:type\" content=\"image\/jpeg\" \/>\n<meta name=\"author\" content=\"cfeditorfr\" \/>\n<meta name=\"twitter:card\" content=\"summary_large_image\" \/>\n<meta name=\"twitter:label1\" content=\"\u00c9crit par\" \/>\n\t<meta name=\"twitter:data1\" content=\"cfeditorfr\" \/>\n\t<meta name=\"twitter:label2\" content=\"Dur\u00e9e de lecture estim\u00e9e\" \/>\n\t<meta name=\"twitter:data2\" content=\"2 minutes\" \/>\n<script type=\"application\/ld+json\" class=\"yoast-schema-graph\">{\"@context\":\"https:\/\/schema.org\",\"@graph\":[{\"@type\":\"Article\",\"@id\":\"https:\/\/www.africa-press.net\/cameroun\/toutes-les-actualites\/cameroun-camtel-va-connecter-les-logements-sociaux#article\",\"isPartOf\":{\"@id\":\"https:\/\/www.africa-press.net\/cameroun\/toutes-les-actualites\/cameroun-camtel-va-connecter-les-logements-sociaux\"},\"author\":{\"name\":\"cfeditorfr\",\"@id\":\"https:\/\/www.africa-press.net\/cameroun\/#\/schema\/person\/2b1cf3cd81a31e3cd26889ca66d677f1\"},\"headline\":\"Cameroun\u00a0: Camtel va connecter les logements sociaux\",\"datePublished\":\"2022-07-19T14:16:58+00:00\",\"dateModified\":\"2022-07-19T16:04:12+00:00\",\"mainEntityOfPage\":{\"@id\":\"https:\/\/www.africa-press.net\/cameroun\/toutes-les-actualites\/cameroun-camtel-va-connecter-les-logements-sociaux\"},\"wordCount\":355,\"commentCount\":0,\"image\":{\"@id\":\"https:\/\/www.africa-press.net\/cameroun\/toutes-les-actualites\/cameroun-camtel-va-connecter-les-logements-sociaux#primaryimage\"},\"thumbnailUrl\":\"https:\/\/static.africa-press.net\/cameroun\/sites\/57\/2022\/07\/img-62d6d5e3931fb.jpg\",\"keywords\":[\"Africa Press\",\"Africa Press-Cameroun\",\"Cameroun\"],\"articleSection\":[\"Communaut\u00e9\",\"homepage-french\",\"Toutes les actualit\u00e9s\"],\"inLanguage\":\"fr-FR\",\"potentialAction\":[{\"@type\":\"CommentAction\",\"name\":\"Comment\",\"target\":[\"https:\/\/www.africa-press.net\/cameroun\/toutes-les-actualites\/cameroun-camtel-va-connecter-les-logements-sociaux#respond\"]}]},{\"@type\":\"WebPage\",\"@id\":\"https:\/\/www.africa-press.net\/cameroun\/toutes-les-actualites\/cameroun-camtel-va-connecter-les-logements-sociaux\",\"url\":\"https:\/\/www.africa-press.net\/cameroun\/toutes-les-actualites\/cameroun-camtel-va-connecter-les-logements-sociaux\",\"name\":\"Cameroun\u00a0: Camtel va connecter les logements sociaux - Cameroun\",\"isPartOf\":{\"@id\":\"https:\/\/www.africa-press.net\/cameroun\/#website\"},\"primaryImageOfPage\":{\"@id\":\"https:\/\/www.africa-press.net\/cameroun\/toutes-les-actualites\/cameroun-camtel-va-connecter-les-logements-sociaux#primaryimage\"},\"image\":{\"@id\":\"https:\/\/www.africa-press.net\/cameroun\/toutes-les-actualites\/cameroun-camtel-va-connecter-les-logements-sociaux#primaryimage\"},\"thumbnailUrl\":\"https:\/\/static.africa-press.net\/cameroun\/sites\/57\/2022\/07\/img-62d6d5e3931fb.jpg\",\"datePublished\":\"2022-07-19T14:16:58+00:00\",\"dateModified\":\"2022-07-19T16:04:12+00:00\",\"author\":{\"@id\":\"https:\/\/www.africa-press.net\/cameroun\/#\/schema\/person\/2b1cf3cd81a31e3cd26889ca66d677f1\"},\"description\":\"Camtel et le minist\u00e8re de l\u2019Habitat et du D\u00e9veloppement urbain (Minhdu) ont sign\u00e9 le 18 juillet \u00e0 Yaound\u00e9, une conventio ...\",\"breadcrumb\":{\"@id\":\"https:\/\/www.africa-press.net\/cameroun\/toutes-les-actualites\/cameroun-camtel-va-connecter-les-logements-sociaux#breadcrumb\"},\"inLanguage\":\"fr-FR\",\"potentialAction\":[{\"@type\":\"ReadAction\",\"target\":[\"https:\/\/www.africa-press.net\/cameroun\/toutes-les-actualites\/cameroun-camtel-va-connecter-les-logements-sociaux\"]}]},{\"@type\":\"ImageObject\",\"inLanguage\":\"fr-FR\",\"@id\":\"https:\/\/www.africa-press.net\/cameroun\/toutes-les-actualites\/cameroun-camtel-va-connecter-les-logements-sociaux#primaryimage\",\"url\":\"https:\/\/static.africa-press.net\/cameroun\/sites\/57\/2022\/07\/img-62d6d5e3931fb.jpg\",\"contentUrl\":\"https:\/\/static.africa-press.net\/cameroun\/sites\/57\/2022\/07\/img-62d6d5e3931fb.jpg\",\"width\":960,\"height\":560,\"caption\":\"Cameroun\u00a0: Camtel va connecter les logements sociaux\"},{\"@type\":\"BreadcrumbList\",\"@id\":\"https:\/\/www.africa-press.net\/cameroun\/toutes-les-actualites\/cameroun-camtel-va-connecter-les-logements-sociaux#breadcrumb\",\"itemListElement\":[{\"@type\":\"ListItem\",\"position\":1,\"name\":\"Accueil\",\"item\":\"https:\/\/www.africa-press.net\/cameroun\/\"},{\"@type\":\"ListItem\",\"position\":2,\"name\":\"Cameroun\u00a0: Camtel va connecter les logements sociaux\"}]},{\"@type\":\"WebSite\",\"@id\":\"https:\/\/www.africa-press.net\/cameroun\/#website\",\"url\":\"https:\/\/www.africa-press.net\/cameroun\/\",\"name\":\"Cameroun\",\"description\":\"Just another Africa News Agency Sites site\",\"potentialAction\":[{\"@type\":\"SearchAction\",\"target\":{\"@type\":\"EntryPoint\",\"urlTemplate\":\"https:\/\/www.africa-press.net\/cameroun\/?s={search_term_string}\"},\"query-input\":{\"@type\":\"PropertyValueSpecification\",\"valueRequired\":true,\"valueName\":\"search_term_string\"}}],\"inLanguage\":\"fr-FR\"},{\"@type\":\"Person\",\"@id\":\"https:\/\/www.africa-press.net\/cameroun\/#\/schema\/person\/2b1cf3cd81a31e3cd26889ca66d677f1\",\"name\":\"cfeditorfr\"}]}<\/script>\n<!-- \/ Yoast SEO Premium plugin. -->","yoast_head_json":{"title":"Cameroun\u00a0: Camtel va connecter les logements sociaux - Cameroun","description":"Camtel et le minist\u00e8re de l\u2019Habitat et du D\u00e9veloppement urbain (Minhdu) ont sign\u00e9 le 18 juillet \u00e0 Yaound\u00e9, une conventio ...","robots":{"index":"index","follow":"follow","max-snippet":"max-snippet:-1","max-image-preview":"max-image-preview:large","max-video-preview":"max-video-preview:-1"},"canonical":"https:\/\/www.africa-press.net\/cameroun\/toutes-les-actualites\/cameroun-camtel-va-connecter-les-logements-sociaux","og_locale":"fr_FR","og_type":"article","og_title":"Cameroun\u00a0: Camtel va connecter les logements sociaux","og_description":"Camtel et le minist\u00e8re de l\u2019Habitat et du D\u00e9veloppement urbain (Minhdu) ont sign\u00e9 le 18 juillet \u00e0 Yaound\u00e9, une conventio ...","og_url":"https:\/\/www.africa-press.net\/cameroun\/toutes-les-actualites\/cameroun-camtel-va-connecter-les-logements-sociaux","og_site_name":"Cameroun","article_published_time":"2022-07-19T14:16:58+00:00","article_modified_time":"2022-07-19T16:04:12+00:00","og_image":[{"width":960,"height":560,"url":"https:\/\/static.africa-press.net\/cameroun\/sites\/57\/2022\/07\/img-62d6d5e3931fb.jpg","type":"image\/jpeg"}],"author":"cfeditorfr","twitter_card":"summary_large_image","twitter_misc":{"\u00c9crit par":"cfeditorfr","Dur\u00e9e de lecture estim\u00e9e":"2 minutes"},"schema":{"@context":"https:\/\/schema.org","@graph":[{"@type":"Article","@id":"https:\/\/www.africa-press.net\/cameroun\/toutes-les-actualites\/cameroun-camtel-va-connecter-les-logements-sociaux#article","isPartOf":{"@id":"https:\/\/www.africa-press.net\/cameroun\/toutes-les-actualites\/cameroun-camtel-va-connecter-les-logements-sociaux"},"author":{"name":"cfeditorfr","@id":"https:\/\/www.africa-press.net\/cameroun\/#\/schema\/person\/2b1cf3cd81a31e3cd26889ca66d677f1"},"headline":"Cameroun\u00a0: Camtel va connecter les logements sociaux","datePublished":"2022-07-19T14:16:58+00:00","dateModified":"2022-07-19T16:04:12+00:00","mainEntityOfPage":{"@id":"https:\/\/www.africa-press.net\/cameroun\/toutes-les-actualites\/cameroun-camtel-va-connecter-les-logements-sociaux"},"wordCount":355,"commentCount":0,"image":{"@id":"https:\/\/www.africa-press.net\/cameroun\/toutes-les-actualites\/cameroun-camtel-va-connecter-les-logements-sociaux#primaryimage"},"thumbnailUrl":"https:\/\/static.africa-press.net\/cameroun\/sites\/57\/2022\/07\/img-62d6d5e3931fb.jpg","keywords":["Africa Press","Africa Press-Cameroun","Cameroun"],"articleSection":["Communaut\u00e9","homepage-french","Toutes les actualit\u00e9s"],"inLanguage":"fr-FR","potentialAction":[{"@type":"CommentAction","name":"Comment","target":["https:\/\/www.africa-press.net\/cameroun\/toutes-les-actualites\/cameroun-camtel-va-connecter-les-logements-sociaux#respond"]}]},{"@type":"WebPage","@id":"https:\/\/www.africa-press.net\/cameroun\/toutes-les-actualites\/cameroun-camtel-va-connecter-les-logements-sociaux","url":"https:\/\/www.africa-press.net\/cameroun\/toutes-les-actualites\/cameroun-camtel-va-connecter-les-logements-sociaux","name":"Cameroun\u00a0: Camtel va connecter les logements sociaux - Cameroun","isPartOf":{"@id":"https:\/\/www.africa-press.net\/cameroun\/#website"},"primaryImageOfPage":{"@id":"https:\/\/www.africa-press.net\/cameroun\/toutes-les-actualites\/cameroun-camtel-va-connecter-les-logements-sociaux#primaryimage"},"image":{"@id":"https:\/\/www.africa-press.net\/cameroun\/toutes-les-actualites\/cameroun-camtel-va-connecter-les-logements-sociaux#primaryimage"},"thumbnailUrl":"https:\/\/static.africa-press.net\/cameroun\/sites\/57\/2022\/07\/img-62d6d5e3931fb.jpg","datePublished":"2022-07-19T14:16:58+00:00","dateModified":"2022-07-19T16:04:12+00:00","author":{"@id":"https:\/\/www.africa-press.net\/cameroun\/#\/schema\/person\/2b1cf3cd81a31e3cd26889ca66d677f1"},"description":"Camtel et le minist\u00e8re de l\u2019Habitat et du D\u00e9veloppement urbain (Minhdu) ont sign\u00e9 le 18 juillet \u00e0 Yaound\u00e9, une conventio ...","breadcrumb":{"@id":"https:\/\/www.africa-press.net\/cameroun\/toutes-les-actualites\/cameroun-camtel-va-connecter-les-logements-sociaux#breadcrumb"},"inLanguage":"fr-FR","potentialAction":[{"@type":"ReadAction","target":["https:\/\/www.africa-press.net\/cameroun\/toutes-les-actualites\/cameroun-camtel-va-connecter-les-logements-sociaux"]}]},{"@type":"ImageObject","inLanguage":"fr-FR","@id":"https:\/\/www.africa-press.net\/cameroun\/toutes-les-actualites\/cameroun-camtel-va-connecter-les-logements-sociaux#primaryimage","url":"https:\/\/static.africa-press.net\/cameroun\/sites\/57\/2022\/07\/img-62d6d5e3931fb.jpg","contentUrl":"https:\/\/static.africa-press.net\/cameroun\/sites\/57\/2022\/07\/img-62d6d5e3931fb.jpg","width":960,"height":560,"caption":"Cameroun\u00a0: Camtel va connecter les logements sociaux"},{"@type":"BreadcrumbList","@id":"https:\/\/www.africa-press.net\/cameroun\/toutes-les-actualites\/cameroun-camtel-va-connecter-les-logements-sociaux#breadcrumb","itemListElement":[{"@type":"ListItem","position":1,"name":"Accueil","item":"https:\/\/www.africa-press.net\/cameroun\/"},{"@type":"ListItem","position":2,"name":"Cameroun\u00a0: Camtel va connecter les logements sociaux"}]},{"@type":"WebSite","@id":"https:\/\/www.africa-press.net\/cameroun\/#website","url":"https:\/\/www.africa-press.net\/cameroun\/","name":"Cameroun","description":"Just another Africa News Agency Sites site","potentialAction":[{"@type":"SearchAction","target":{"@type":"EntryPoint","urlTemplate":"https:\/\/www.africa-press.net\/cameroun\/?s={search_term_string}"},"query-input":{"@type":"PropertyValueSpecification","valueRequired":true,"valueName":"search_term_string"}}],"inLanguage":"fr-FR"},{"@type":"Person","@id":"https:\/\/www.africa-press.net\/cameroun\/#\/schema\/person\/2b1cf3cd81a31e3cd26889ca66d677f1","name":"cfeditorfr"}]}},"_links":{"self":[{"href":"https:\/\/www.africa-press.net\/cameroun\/wp-json\/wp\/v2\/posts\/23813","targetHints":{"allow":["GET"]}}],"collection":[{"href":"https:\/\/www.africa-press.net\/cameroun\/wp-json\/wp\/v2\/posts"}],"about":[{"href":"https:\/\/www.africa-press.net\/cameroun\/wp-json\/wp\/v2\/types\/post"}],"author":[{"embeddable":true,"href":"https:\/\/www.africa-press.net\/cameroun\/wp-json\/wp\/v2\/users\/82"}],"replies":[{"embeddable":true,"href":"https:\/\/www.africa-press.net\/cameroun\/wp-json\/wp\/v2\/comments?post=23813"}],"version-history":[{"count":0,"href":"https:\/\/www.africa-press.net\/cameroun\/wp-json\/wp\/v2\/posts\/23813\/revisions"}],"wp:featuredmedia":[{"embeddable":true,"href":"https:\/\/www.africa-press.net\/cameroun\/wp-json\/wp\/v2\/media\/23812"}],"wp:attachment":[{"href":"https:\/\/www.africa-press.net\/cameroun\/wp-json\/wp\/v2\/media?parent=23813"}],"wp:term":[{"taxonomy":"category","embeddable":true,"href":"https:\/\/www.africa-press.net\/cameroun\/wp-json\/wp\/v2\/categories?post=23813"},{"taxonomy":"post_tag","embeddable":true,"href":"https:\/\/www.africa-press.net\/cameroun\/wp-json\/wp\/v2\/tags?post=23813"}],"curies":[{"name":"wp","href":"https:\/\/api.w.org\/{rel}","templated":true}]}}