{"id":23816,"date":"2022-07-19T14:23:30","date_gmt":"2022-07-19T14:23:30","guid":{"rendered":"https:\/\/www.africa-press.net\/cameroun\/politique\/cameroun-examens-officiels-les-deliberations-du-baccalaureat-debutent-le-21-juillet-2022"},"modified":"2022-07-19T16:04:43","modified_gmt":"2022-07-19T16:04:43","slug":"cameroun-examens-officiels-les-deliberations-du-baccalaureat-debutent-le-21-juillet-2022","status":"publish","type":"post","link":"https:\/\/www.africa-press.net\/cameroun\/toutes-les-actualites\/cameroun-examens-officiels-les-deliberations-du-baccalaureat-debutent-le-21-juillet-2022","title":{"rendered":"Cameroun-Examens officiels : les d\u00e9lib\u00e9rations du baccalaur\u00e9at d\u00e9butent le 21 juillet 2022"},"content":{"rendered":"<p><span style=\"color: #ff6600\"><strong>Africa-Press &#8211; Cameroun. <\/strong><\/span>Deux communiqu\u00e9s du directeur de l\u2019Office du baccalaur\u00e9at du Cameroun (Obc) en date du 19 juillet 2022 convoquent les jurys concern\u00e9s par ces d\u00e9lib\u00e9rations.<\/p>\n<p>Les candidats au baccalaur\u00e9at session 2022 seront bient\u00f4t fix\u00e9s sur leur sort. Le directeur de l\u2019Office du baccalaur\u00e9at du Cameroun vient de convoquer les membres des jurys concern\u00e9s par les d\u00e9lib\u00e9rations du baccalaur\u00e9at d\u2019Enseignement secondaire g\u00e9n\u00e9ral. Lesdites d\u00e9lib\u00e9rations \u00ab d\u00e9buteront le vendredi 22 juillet 2022 sur toute l\u2019\u00e9tendue du territoire national \u00bb, pr\u00e9cise un communiqu\u00e9 sign\u00e9 du directeur de l\u2019Obc Etienne Roger Minkoulou.<\/p>\n<p>Un autre communiqu\u00e9 en date du 19 juillet 2022 et sign\u00e9 de la m\u00eame personnalit\u00e9 convie les membres des jurys concern\u00e9s par les d\u00e9lib\u00e9rations du baccalaur\u00e9at de l\u2019Enseignement secondaire technique et professionnels industriels, du brevet de technicien et de brevets professionnels industriels session 2022. Ces d\u00e9lib\u00e9rations d\u00e9buteront le jeudi 21 juillet 2022.<\/p>\n<p>Dans les deux communiqu\u00e9s, le directeur de l\u2019Obc pr\u00e9cise que les charg\u00e9s de mission, les membres des secr\u00e9tariats et tous les correcteurs sont invit\u00e9s \u00e0 prendre part \u00e0 ces d\u00e9lib\u00e9rations dans leurs centres respectifs d\u00e8s 08 heures.<\/p>\n<p>Avant ces d\u00e9lib\u00e9rations, le directeur de l\u2019Office du baccalaur\u00e9at du Cameroun tiendra une r\u00e9union avec les pr\u00e9sidents des jurys des baccalaur\u00e9ats de l\u2019Enseignement secondaire technique industriel, de brevet de technicien et des brevets professionnels industriels session 2022. Cette rencontre aura lieu mercredi 20 juillet 2022 \u00e0 partir de 14 heures.<\/p>\n<p>Ainsi s\u2019annonce la derni\u00e8re \u00e9tape du processus des examens concern\u00e9s. Apr\u00e8s la correction et les d\u00e9lib\u00e9rations, suivra la publication des r\u00e9sultats.<\/p>\n<p><strong>Pour plus d&rsquo;informations et d&rsquo;analyses sur la <a href=\"https:\/\/www.africa-press.net\/cameroun\">Cameroun<\/a>, suivez <a href=\"https:\/\/www.africa-press.net\/\">Africa-Press<\/a><\/strong><\/p>\n","protected":false},"excerpt":{"rendered":"<p>Africa-Press &#8211; Cameroun. Deux communiqu\u00e9s du directeur de l\u2019Office du baccalaur\u00e9at du Cameroun (Obc) en date du 19 juillet 2022 convoquent les jurys concern\u00e9s par ces d\u00e9lib\u00e9rations. Les candidats au baccalaur\u00e9at session 2022 seront bient\u00f4t fix\u00e9s sur leur sort. Le directeur de l\u2019Office du baccalaur\u00e9at du Cameroun vient de convoquer les membres des jurys concern\u00e9s [&hellip;]<\/p>\n","protected":false},"author":82,"featured_media":23815,"comment_status":"open","ping_status":"closed","sticky":false,"template":"","format":"standard","meta":{"footnotes":""},"categories":[21,11,10],"tags":[36,50,49],"class_list":["post-23816","post","type-post","status-publish","format-standard","has-post-thumbnail","hentry","category-communaute","category-homepage-french","category-toutes-les-actualites","tag-africa-press","tag-africa-press-cameroun","tag-cameroun"],"yoast_head":"<!-- This site is optimized with the Yoast SEO Premium plugin v26.1 (Yoast SEO v27.0) - https:\/\/yoast.com\/product\/yoast-seo-premium-wordpress\/ -->\n<title>Cameroun-Examens officiels : les d\u00e9lib\u00e9rations du baccalaur\u00e9at d\u00e9butent le 21 juillet 2022 - Cameroun<\/title>\n<meta name=\"description\" content=\"Deux communiqu\u00e9s du directeur de l\u2019Office du baccalaur\u00e9at du Cameroun (Obc) en date du 19 juillet 2022 convoquent les ju ...\" \/>\n<meta name=\"robots\" content=\"index, follow, max-snippet:-1, max-image-preview:large, max-video-preview:-1\" \/>\n<link rel=\"canonical\" href=\"https:\/\/www.africa-press.net\/cameroun\/toutes-les-actualites\/cameroun-examens-officiels-les-deliberations-du-baccalaureat-debutent-le-21-juillet-2022\" \/>\n<meta property=\"og:locale\" content=\"fr_FR\" \/>\n<meta property=\"og:type\" content=\"article\" \/>\n<meta property=\"og:title\" content=\"Cameroun-Examens officiels : les d\u00e9lib\u00e9rations du baccalaur\u00e9at d\u00e9butent le 21 juillet 2022\" \/>\n<meta property=\"og:description\" content=\"Deux communiqu\u00e9s du directeur de l\u2019Office du baccalaur\u00e9at du Cameroun (Obc) en date du 19 juillet 2022 convoquent les ju ...\" \/>\n<meta property=\"og:url\" content=\"https:\/\/www.africa-press.net\/cameroun\/toutes-les-actualites\/cameroun-examens-officiels-les-deliberations-du-baccalaureat-debutent-le-21-juillet-2022\" \/>\n<meta property=\"og:site_name\" content=\"Cameroun\" \/>\n<meta property=\"article:published_time\" content=\"2022-07-19T14:23:30+00:00\" \/>\n<meta property=\"article:modified_time\" content=\"2022-07-19T16:04:43+00:00\" \/>\n<meta property=\"og:image\" content=\"https:\/\/static.africa-press.net\/cameroun\/sites\/57\/2022\/07\/img-62d6d603ae358.jpg\" \/>\n\t<meta property=\"og:image:width\" content=\"800\" \/>\n\t<meta property=\"og:image:height\" content=\"448\" \/>\n\t<meta property=\"og:image:type\" content=\"image\/jpeg\" \/>\n<meta name=\"author\" content=\"cfeditorfr\" \/>\n<meta name=\"twitter:card\" content=\"summary_large_image\" \/>\n<meta name=\"twitter:label1\" content=\"\u00c9crit par\" \/>\n\t<meta name=\"twitter:data1\" content=\"cfeditorfr\" \/>\n\t<meta name=\"twitter:label2\" content=\"Dur\u00e9e de lecture estim\u00e9e\" \/>\n\t<meta name=\"twitter:data2\" content=\"1 minute\" \/>\n<script type=\"application\/ld+json\" class=\"yoast-schema-graph\">{\"@context\":\"https:\/\/schema.org\",\"@graph\":[{\"@type\":\"Article\",\"@id\":\"https:\/\/www.africa-press.net\/cameroun\/toutes-les-actualites\/cameroun-examens-officiels-les-deliberations-du-baccalaureat-debutent-le-21-juillet-2022#article\",\"isPartOf\":{\"@id\":\"https:\/\/www.africa-press.net\/cameroun\/toutes-les-actualites\/cameroun-examens-officiels-les-deliberations-du-baccalaureat-debutent-le-21-juillet-2022\"},\"author\":{\"name\":\"cfeditorfr\",\"@id\":\"https:\/\/www.africa-press.net\/cameroun\/#\/schema\/person\/2b1cf3cd81a31e3cd26889ca66d677f1\"},\"headline\":\"Cameroun-Examens officiels : les d\u00e9lib\u00e9rations du baccalaur\u00e9at d\u00e9butent le 21 juillet 2022\",\"datePublished\":\"2022-07-19T14:23:30+00:00\",\"dateModified\":\"2022-07-19T16:04:43+00:00\",\"mainEntityOfPage\":{\"@id\":\"https:\/\/www.africa-press.net\/cameroun\/toutes-les-actualites\/cameroun-examens-officiels-les-deliberations-du-baccalaureat-debutent-le-21-juillet-2022\"},\"wordCount\":312,\"commentCount\":0,\"image\":{\"@id\":\"https:\/\/www.africa-press.net\/cameroun\/toutes-les-actualites\/cameroun-examens-officiels-les-deliberations-du-baccalaureat-debutent-le-21-juillet-2022#primaryimage\"},\"thumbnailUrl\":\"https:\/\/static.africa-press.net\/cameroun\/sites\/57\/2022\/07\/img-62d6d603ae358.jpg\",\"keywords\":[\"Africa Press\",\"Africa Press-Cameroun\",\"Cameroun\"],\"articleSection\":[\"Communaut\u00e9\",\"homepage-french\",\"Toutes les actualit\u00e9s\"],\"inLanguage\":\"fr-FR\",\"potentialAction\":[{\"@type\":\"CommentAction\",\"name\":\"Comment\",\"target\":[\"https:\/\/www.africa-press.net\/cameroun\/toutes-les-actualites\/cameroun-examens-officiels-les-deliberations-du-baccalaureat-debutent-le-21-juillet-2022#respond\"]}]},{\"@type\":\"WebPage\",\"@id\":\"https:\/\/www.africa-press.net\/cameroun\/toutes-les-actualites\/cameroun-examens-officiels-les-deliberations-du-baccalaureat-debutent-le-21-juillet-2022\",\"url\":\"https:\/\/www.africa-press.net\/cameroun\/toutes-les-actualites\/cameroun-examens-officiels-les-deliberations-du-baccalaureat-debutent-le-21-juillet-2022\",\"name\":\"Cameroun-Examens officiels : les d\u00e9lib\u00e9rations du baccalaur\u00e9at d\u00e9butent le 21 juillet 2022 - Cameroun\",\"isPartOf\":{\"@id\":\"https:\/\/www.africa-press.net\/cameroun\/#website\"},\"primaryImageOfPage\":{\"@id\":\"https:\/\/www.africa-press.net\/cameroun\/toutes-les-actualites\/cameroun-examens-officiels-les-deliberations-du-baccalaureat-debutent-le-21-juillet-2022#primaryimage\"},\"image\":{\"@id\":\"https:\/\/www.africa-press.net\/cameroun\/toutes-les-actualites\/cameroun-examens-officiels-les-deliberations-du-baccalaureat-debutent-le-21-juillet-2022#primaryimage\"},\"thumbnailUrl\":\"https:\/\/static.africa-press.net\/cameroun\/sites\/57\/2022\/07\/img-62d6d603ae358.jpg\",\"datePublished\":\"2022-07-19T14:23:30+00:00\",\"dateModified\":\"2022-07-19T16:04:43+00:00\",\"author\":{\"@id\":\"https:\/\/www.africa-press.net\/cameroun\/#\/schema\/person\/2b1cf3cd81a31e3cd26889ca66d677f1\"},\"description\":\"Deux communiqu\u00e9s du directeur de l\u2019Office du baccalaur\u00e9at du Cameroun (Obc) en date du 19 juillet 2022 convoquent les ju ...\",\"breadcrumb\":{\"@id\":\"https:\/\/www.africa-press.net\/cameroun\/toutes-les-actualites\/cameroun-examens-officiels-les-deliberations-du-baccalaureat-debutent-le-21-juillet-2022#breadcrumb\"},\"inLanguage\":\"fr-FR\",\"potentialAction\":[{\"@type\":\"ReadAction\",\"target\":[\"https:\/\/www.africa-press.net\/cameroun\/toutes-les-actualites\/cameroun-examens-officiels-les-deliberations-du-baccalaureat-debutent-le-21-juillet-2022\"]}]},{\"@type\":\"ImageObject\",\"inLanguage\":\"fr-FR\",\"@id\":\"https:\/\/www.africa-press.net\/cameroun\/toutes-les-actualites\/cameroun-examens-officiels-les-deliberations-du-baccalaureat-debutent-le-21-juillet-2022#primaryimage\",\"url\":\"https:\/\/static.africa-press.net\/cameroun\/sites\/57\/2022\/07\/img-62d6d603ae358.jpg\",\"contentUrl\":\"https:\/\/static.africa-press.net\/cameroun\/sites\/57\/2022\/07\/img-62d6d603ae358.jpg\",\"width\":800,\"height\":448,\"caption\":\"Cameroun-Examens officiels : les d\u00e9lib\u00e9rations du baccalaur\u00e9at d\u00e9butent le 21 juillet 2022\"},{\"@type\":\"BreadcrumbList\",\"@id\":\"https:\/\/www.africa-press.net\/cameroun\/toutes-les-actualites\/cameroun-examens-officiels-les-deliberations-du-baccalaureat-debutent-le-21-juillet-2022#breadcrumb\",\"itemListElement\":[{\"@type\":\"ListItem\",\"position\":1,\"name\":\"Accueil\",\"item\":\"https:\/\/www.africa-press.net\/cameroun\/\"},{\"@type\":\"ListItem\",\"position\":2,\"name\":\"Cameroun-Examens officiels : les d\u00e9lib\u00e9rations du baccalaur\u00e9at d\u00e9butent le 21 juillet 2022\"}]},{\"@type\":\"WebSite\",\"@id\":\"https:\/\/www.africa-press.net\/cameroun\/#website\",\"url\":\"https:\/\/www.africa-press.net\/cameroun\/\",\"name\":\"Cameroun\",\"description\":\"Just another Africa News Agency Sites site\",\"potentialAction\":[{\"@type\":\"SearchAction\",\"target\":{\"@type\":\"EntryPoint\",\"urlTemplate\":\"https:\/\/www.africa-press.net\/cameroun\/?s={search_term_string}\"},\"query-input\":{\"@type\":\"PropertyValueSpecification\",\"valueRequired\":true,\"valueName\":\"search_term_string\"}}],\"inLanguage\":\"fr-FR\"},{\"@type\":\"Person\",\"@id\":\"https:\/\/www.africa-press.net\/cameroun\/#\/schema\/person\/2b1cf3cd81a31e3cd26889ca66d677f1\",\"name\":\"cfeditorfr\"}]}<\/script>\n<!-- \/ Yoast SEO Premium plugin. -->","yoast_head_json":{"title":"Cameroun-Examens officiels : les d\u00e9lib\u00e9rations du baccalaur\u00e9at d\u00e9butent le 21 juillet 2022 - Cameroun","description":"Deux communiqu\u00e9s du directeur de l\u2019Office du baccalaur\u00e9at du Cameroun (Obc) en date du 19 juillet 2022 convoquent les ju ...","robots":{"index":"index","follow":"follow","max-snippet":"max-snippet:-1","max-image-preview":"max-image-preview:large","max-video-preview":"max-video-preview:-1"},"canonical":"https:\/\/www.africa-press.net\/cameroun\/toutes-les-actualites\/cameroun-examens-officiels-les-deliberations-du-baccalaureat-debutent-le-21-juillet-2022","og_locale":"fr_FR","og_type":"article","og_title":"Cameroun-Examens officiels : les d\u00e9lib\u00e9rations du baccalaur\u00e9at d\u00e9butent le 21 juillet 2022","og_description":"Deux communiqu\u00e9s du directeur de l\u2019Office du baccalaur\u00e9at du Cameroun (Obc) en date du 19 juillet 2022 convoquent les ju ...","og_url":"https:\/\/www.africa-press.net\/cameroun\/toutes-les-actualites\/cameroun-examens-officiels-les-deliberations-du-baccalaureat-debutent-le-21-juillet-2022","og_site_name":"Cameroun","article_published_time":"2022-07-19T14:23:30+00:00","article_modified_time":"2022-07-19T16:04:43+00:00","og_image":[{"width":800,"height":448,"url":"https:\/\/static.africa-press.net\/cameroun\/sites\/57\/2022\/07\/img-62d6d603ae358.jpg","type":"image\/jpeg"}],"author":"cfeditorfr","twitter_card":"summary_large_image","twitter_misc":{"\u00c9crit par":"cfeditorfr","Dur\u00e9e de lecture estim\u00e9e":"1 minute"},"schema":{"@context":"https:\/\/schema.org","@graph":[{"@type":"Article","@id":"https:\/\/www.africa-press.net\/cameroun\/toutes-les-actualites\/cameroun-examens-officiels-les-deliberations-du-baccalaureat-debutent-le-21-juillet-2022#article","isPartOf":{"@id":"https:\/\/www.africa-press.net\/cameroun\/toutes-les-actualites\/cameroun-examens-officiels-les-deliberations-du-baccalaureat-debutent-le-21-juillet-2022"},"author":{"name":"cfeditorfr","@id":"https:\/\/www.africa-press.net\/cameroun\/#\/schema\/person\/2b1cf3cd81a31e3cd26889ca66d677f1"},"headline":"Cameroun-Examens officiels : les d\u00e9lib\u00e9rations du baccalaur\u00e9at d\u00e9butent le 21 juillet 2022","datePublished":"2022-07-19T14:23:30+00:00","dateModified":"2022-07-19T16:04:43+00:00","mainEntityOfPage":{"@id":"https:\/\/www.africa-press.net\/cameroun\/toutes-les-actualites\/cameroun-examens-officiels-les-deliberations-du-baccalaureat-debutent-le-21-juillet-2022"},"wordCount":312,"commentCount":0,"image":{"@id":"https:\/\/www.africa-press.net\/cameroun\/toutes-les-actualites\/cameroun-examens-officiels-les-deliberations-du-baccalaureat-debutent-le-21-juillet-2022#primaryimage"},"thumbnailUrl":"https:\/\/static.africa-press.net\/cameroun\/sites\/57\/2022\/07\/img-62d6d603ae358.jpg","keywords":["Africa Press","Africa Press-Cameroun","Cameroun"],"articleSection":["Communaut\u00e9","homepage-french","Toutes les actualit\u00e9s"],"inLanguage":"fr-FR","potentialAction":[{"@type":"CommentAction","name":"Comment","target":["https:\/\/www.africa-press.net\/cameroun\/toutes-les-actualites\/cameroun-examens-officiels-les-deliberations-du-baccalaureat-debutent-le-21-juillet-2022#respond"]}]},{"@type":"WebPage","@id":"https:\/\/www.africa-press.net\/cameroun\/toutes-les-actualites\/cameroun-examens-officiels-les-deliberations-du-baccalaureat-debutent-le-21-juillet-2022","url":"https:\/\/www.africa-press.net\/cameroun\/toutes-les-actualites\/cameroun-examens-officiels-les-deliberations-du-baccalaureat-debutent-le-21-juillet-2022","name":"Cameroun-Examens officiels : les d\u00e9lib\u00e9rations du baccalaur\u00e9at d\u00e9butent le 21 juillet 2022 - Cameroun","isPartOf":{"@id":"https:\/\/www.africa-press.net\/cameroun\/#website"},"primaryImageOfPage":{"@id":"https:\/\/www.africa-press.net\/cameroun\/toutes-les-actualites\/cameroun-examens-officiels-les-deliberations-du-baccalaureat-debutent-le-21-juillet-2022#primaryimage"},"image":{"@id":"https:\/\/www.africa-press.net\/cameroun\/toutes-les-actualites\/cameroun-examens-officiels-les-deliberations-du-baccalaureat-debutent-le-21-juillet-2022#primaryimage"},"thumbnailUrl":"https:\/\/static.africa-press.net\/cameroun\/sites\/57\/2022\/07\/img-62d6d603ae358.jpg","datePublished":"2022-07-19T14:23:30+00:00","dateModified":"2022-07-19T16:04:43+00:00","author":{"@id":"https:\/\/www.africa-press.net\/cameroun\/#\/schema\/person\/2b1cf3cd81a31e3cd26889ca66d677f1"},"description":"Deux communiqu\u00e9s du directeur de l\u2019Office du baccalaur\u00e9at du Cameroun (Obc) en date du 19 juillet 2022 convoquent les ju ...","breadcrumb":{"@id":"https:\/\/www.africa-press.net\/cameroun\/toutes-les-actualites\/cameroun-examens-officiels-les-deliberations-du-baccalaureat-debutent-le-21-juillet-2022#breadcrumb"},"inLanguage":"fr-FR","potentialAction":[{"@type":"ReadAction","target":["https:\/\/www.africa-press.net\/cameroun\/toutes-les-actualites\/cameroun-examens-officiels-les-deliberations-du-baccalaureat-debutent-le-21-juillet-2022"]}]},{"@type":"ImageObject","inLanguage":"fr-FR","@id":"https:\/\/www.africa-press.net\/cameroun\/toutes-les-actualites\/cameroun-examens-officiels-les-deliberations-du-baccalaureat-debutent-le-21-juillet-2022#primaryimage","url":"https:\/\/static.africa-press.net\/cameroun\/sites\/57\/2022\/07\/img-62d6d603ae358.jpg","contentUrl":"https:\/\/static.africa-press.net\/cameroun\/sites\/57\/2022\/07\/img-62d6d603ae358.jpg","width":800,"height":448,"caption":"Cameroun-Examens officiels : les d\u00e9lib\u00e9rations du baccalaur\u00e9at d\u00e9butent le 21 juillet 2022"},{"@type":"BreadcrumbList","@id":"https:\/\/www.africa-press.net\/cameroun\/toutes-les-actualites\/cameroun-examens-officiels-les-deliberations-du-baccalaureat-debutent-le-21-juillet-2022#breadcrumb","itemListElement":[{"@type":"ListItem","position":1,"name":"Accueil","item":"https:\/\/www.africa-press.net\/cameroun\/"},{"@type":"ListItem","position":2,"name":"Cameroun-Examens officiels : les d\u00e9lib\u00e9rations du baccalaur\u00e9at d\u00e9butent le 21 juillet 2022"}]},{"@type":"WebSite","@id":"https:\/\/www.africa-press.net\/cameroun\/#website","url":"https:\/\/www.africa-press.net\/cameroun\/","name":"Cameroun","description":"Just another Africa News Agency Sites site","potentialAction":[{"@type":"SearchAction","target":{"@type":"EntryPoint","urlTemplate":"https:\/\/www.africa-press.net\/cameroun\/?s={search_term_string}"},"query-input":{"@type":"PropertyValueSpecification","valueRequired":true,"valueName":"search_term_string"}}],"inLanguage":"fr-FR"},{"@type":"Person","@id":"https:\/\/www.africa-press.net\/cameroun\/#\/schema\/person\/2b1cf3cd81a31e3cd26889ca66d677f1","name":"cfeditorfr"}]}},"_links":{"self":[{"href":"https:\/\/www.africa-press.net\/cameroun\/wp-json\/wp\/v2\/posts\/23816","targetHints":{"allow":["GET"]}}],"collection":[{"href":"https:\/\/www.africa-press.net\/cameroun\/wp-json\/wp\/v2\/posts"}],"about":[{"href":"https:\/\/www.africa-press.net\/cameroun\/wp-json\/wp\/v2\/types\/post"}],"author":[{"embeddable":true,"href":"https:\/\/www.africa-press.net\/cameroun\/wp-json\/wp\/v2\/users\/82"}],"replies":[{"embeddable":true,"href":"https:\/\/www.africa-press.net\/cameroun\/wp-json\/wp\/v2\/comments?post=23816"}],"version-history":[{"count":0,"href":"https:\/\/www.africa-press.net\/cameroun\/wp-json\/wp\/v2\/posts\/23816\/revisions"}],"wp:featuredmedia":[{"embeddable":true,"href":"https:\/\/www.africa-press.net\/cameroun\/wp-json\/wp\/v2\/media\/23815"}],"wp:attachment":[{"href":"https:\/\/www.africa-press.net\/cameroun\/wp-json\/wp\/v2\/media?parent=23816"}],"wp:term":[{"taxonomy":"category","embeddable":true,"href":"https:\/\/www.africa-press.net\/cameroun\/wp-json\/wp\/v2\/categories?post=23816"},{"taxonomy":"post_tag","embeddable":true,"href":"https:\/\/www.africa-press.net\/cameroun\/wp-json\/wp\/v2\/tags?post=23816"}],"curies":[{"name":"wp","href":"https:\/\/api.w.org\/{rel}","templated":true}]}}