{"id":23819,"date":"2022-07-19T14:31:00","date_gmt":"2022-07-19T14:31:00","guid":{"rendered":"https:\/\/www.africa-press.net\/cameroun\/politique\/cameroun-mefou-et-afamba-la-population-soppose-au-passage-dune-ligne-electrique"},"modified":"2022-07-19T16:05:15","modified_gmt":"2022-07-19T16:05:15","slug":"cameroun-mefou-et-afamba-la-population-soppose-au-passage-dune-ligne-electrique","status":"publish","type":"post","link":"https:\/\/www.africa-press.net\/cameroun\/economie\/cameroun-mefou-et-afamba-la-population-soppose-au-passage-dune-ligne-electrique","title":{"rendered":"Cameroun-Mefou et Afamba : la population s\u2019oppose au passage d\u2019une ligne \u00e9lectrique"},"content":{"rendered":"<p><span style=\"color: #ff6600\"><strong>Africa-Press &#8211; Cameroun. <\/strong><\/span>Les habitants du village Mehanda 1 d\u00e9fendent bec et ongles leurs habitations et cultures menac\u00e9es par la construction de la ligne de transport de l\u2019\u00e9lectricit\u00e9. Cette ligne va d\u2019Abong-Mbang dans la r\u00e9gion de l\u2019Est jusqu\u2019\u00e0 Ahala dans la r\u00e9gion du Centre.<\/p>\n<p>La tension monte entre les habitants du village Mehanda 1, l\u2019entreprise de construction de la ligne de transport d\u2019\u00e9lectricit\u00e9 de 225kv et les autorit\u00e9s administratives. Tandis que l\u2019entreprise avance dans les travaux sur un trac\u00e9 jug\u00e9 flou par les riverains, ces derniers n\u2019entendent pas lib\u00e9rer le passage. Malgr\u00e9 les menaces et intimidations des autorit\u00e9s administratives, ils se posent des questions et imposent des pr\u00e9alables.<\/p>\n<p>Au sujet des interrogations, la population se demande par exemple pourquoi la ligne ne passerait pas par le bas-fond situ\u00e9 \u00e0 une centaine de m\u00e8tres du trac\u00e9 que veut absolument suivre l\u2019entreprise. L\u2019autre interrogation porte sur les modalit\u00e9s d\u2019une \u00e9ventuelle indemnisation dont aucun inventaire n\u2019a encore \u00e9t\u00e9 fait. Or la population est face \u00e0 la demande urgente de d\u00e9guerpir.<\/p>\n<p>Quant aux pr\u00e9alables, les opposants au passage de la ligne de transport d\u2019\u00e9lectricit\u00e9 demandent que le trac\u00e9 soit ramen\u00e9 vers les bas-fonds. Selon eux, cela r\u00e9duirait les destructions et les indemnisations seraient moins on\u00e9reuses. Au titre de ces indemnisations, les concern\u00e9s souhaitent \u00eatre rassur\u00e9s qu\u2019une fois ils c\u00e8dent, les indemnisations soient \u00e0 la hauteur de leurs investissements.<\/p>\n<p>Face \u00e0 cette r\u00e9sistance, le pr\u00e9fet de la Mefou et Afamba a tenu une r\u00e9union de conciliation. Mais, l\u2019autorit\u00e9 administrative n\u2019a pas r\u00e9ussi \u00e0 calmer les tensions et \u00e0 rassurer la population. Celle-ci a plut\u00f4t consid\u00e9r\u00e9 ses propos comme intimidants et mena\u00e7ants. Une d\u00e9marche qui selon elle, d\u00e9montre que les pouvoirs publics veulent violer les prescriptions du Premier ministre sur la n\u00e9cessit\u00e9 de limiter l\u2019impact socio environnemental d\u2019un tel projet.<\/p>\n<p><strong>Pour plus d&rsquo;informations et d&rsquo;analyses sur la <a href=\"https:\/\/www.africa-press.net\/cameroun\">Cameroun<\/a>, suivez <a href=\"https:\/\/www.africa-press.net\/\">Africa-Press<\/a><\/strong><\/p>\n","protected":false},"excerpt":{"rendered":"<p>Africa-Press &#8211; Cameroun. Les habitants du village Mehanda 1 d\u00e9fendent bec et ongles leurs habitations et cultures menac\u00e9es par la construction de la ligne de transport de l\u2019\u00e9lectricit\u00e9. Cette ligne va d\u2019Abong-Mbang dans la r\u00e9gion de l\u2019Est jusqu\u2019\u00e0 Ahala dans la r\u00e9gion du Centre. La tension monte entre les habitants du village Mehanda 1, l\u2019entreprise [&hellip;]<\/p>\n","protected":false},"author":82,"featured_media":23818,"comment_status":"open","ping_status":"closed","sticky":false,"template":"","format":"standard","meta":{"footnotes":""},"categories":[3,11,10],"tags":[36,50,49],"class_list":["post-23819","post","type-post","status-publish","format-standard","has-post-thumbnail","hentry","category-economie","category-homepage-french","category-toutes-les-actualites","tag-africa-press","tag-africa-press-cameroun","tag-cameroun"],"yoast_head":"<!-- This site is optimized with the Yoast SEO Premium plugin v26.1 (Yoast SEO v27.0) - https:\/\/yoast.com\/product\/yoast-seo-premium-wordpress\/ -->\n<title>Cameroun-Mefou et Afamba : la population s\u2019oppose au passage d\u2019une ligne \u00e9lectrique - Cameroun<\/title>\n<meta name=\"description\" content=\"Les habitants du village Mehanda 1 d\u00e9fendent bec et ongles leurs habitations et cultures menac\u00e9es par la construction de ...\" \/>\n<meta name=\"robots\" content=\"index, follow, max-snippet:-1, max-image-preview:large, max-video-preview:-1\" \/>\n<link rel=\"canonical\" href=\"https:\/\/www.africa-press.net\/cameroun\/economie\/cameroun-mefou-et-afamba-la-population-soppose-au-passage-dune-ligne-electrique\" \/>\n<meta property=\"og:locale\" content=\"fr_FR\" \/>\n<meta property=\"og:type\" content=\"article\" \/>\n<meta property=\"og:title\" content=\"Cameroun-Mefou et Afamba : la population s\u2019oppose au passage d\u2019une ligne \u00e9lectrique\" \/>\n<meta property=\"og:description\" content=\"Les habitants du village Mehanda 1 d\u00e9fendent bec et ongles leurs habitations et cultures menac\u00e9es par la construction de ...\" \/>\n<meta property=\"og:url\" content=\"https:\/\/www.africa-press.net\/cameroun\/economie\/cameroun-mefou-et-afamba-la-population-soppose-au-passage-dune-ligne-electrique\" \/>\n<meta property=\"og:site_name\" content=\"Cameroun\" \/>\n<meta property=\"article:published_time\" content=\"2022-07-19T14:31:00+00:00\" \/>\n<meta property=\"article:modified_time\" content=\"2022-07-19T16:05:15+00:00\" \/>\n<meta property=\"og:image\" content=\"https:\/\/static.africa-press.net\/cameroun\/sites\/57\/2022\/07\/img-62d6d622ab191.jpg\" \/>\n\t<meta property=\"og:image:width\" content=\"720\" \/>\n\t<meta property=\"og:image:height\" content=\"530\" \/>\n\t<meta property=\"og:image:type\" content=\"image\/jpeg\" \/>\n<meta name=\"author\" content=\"cfeditorfr\" \/>\n<meta name=\"twitter:card\" content=\"summary_large_image\" \/>\n<meta name=\"twitter:label1\" content=\"\u00c9crit par\" \/>\n\t<meta name=\"twitter:data1\" content=\"cfeditorfr\" \/>\n\t<meta name=\"twitter:label2\" content=\"Dur\u00e9e de lecture estim\u00e9e\" \/>\n\t<meta name=\"twitter:data2\" content=\"2 minutes\" \/>\n<script type=\"application\/ld+json\" class=\"yoast-schema-graph\">{\"@context\":\"https:\/\/schema.org\",\"@graph\":[{\"@type\":\"Article\",\"@id\":\"https:\/\/www.africa-press.net\/cameroun\/economie\/cameroun-mefou-et-afamba-la-population-soppose-au-passage-dune-ligne-electrique#article\",\"isPartOf\":{\"@id\":\"https:\/\/www.africa-press.net\/cameroun\/economie\/cameroun-mefou-et-afamba-la-population-soppose-au-passage-dune-ligne-electrique\"},\"author\":{\"name\":\"cfeditorfr\",\"@id\":\"https:\/\/www.africa-press.net\/cameroun\/#\/schema\/person\/2b1cf3cd81a31e3cd26889ca66d677f1\"},\"headline\":\"Cameroun-Mefou et Afamba : la population s\u2019oppose au passage d\u2019une ligne \u00e9lectrique\",\"datePublished\":\"2022-07-19T14:31:00+00:00\",\"dateModified\":\"2022-07-19T16:05:15+00:00\",\"mainEntityOfPage\":{\"@id\":\"https:\/\/www.africa-press.net\/cameroun\/economie\/cameroun-mefou-et-afamba-la-population-soppose-au-passage-dune-ligne-electrique\"},\"wordCount\":355,\"commentCount\":0,\"image\":{\"@id\":\"https:\/\/www.africa-press.net\/cameroun\/economie\/cameroun-mefou-et-afamba-la-population-soppose-au-passage-dune-ligne-electrique#primaryimage\"},\"thumbnailUrl\":\"https:\/\/static.africa-press.net\/cameroun\/sites\/57\/2022\/07\/img-62d6d622ab191.jpg\",\"keywords\":[\"Africa Press\",\"Africa Press-Cameroun\",\"Cameroun\"],\"articleSection\":[\"\u00c9conomie\",\"homepage-french\",\"Toutes les actualit\u00e9s\"],\"inLanguage\":\"fr-FR\",\"potentialAction\":[{\"@type\":\"CommentAction\",\"name\":\"Comment\",\"target\":[\"https:\/\/www.africa-press.net\/cameroun\/economie\/cameroun-mefou-et-afamba-la-population-soppose-au-passage-dune-ligne-electrique#respond\"]}]},{\"@type\":\"WebPage\",\"@id\":\"https:\/\/www.africa-press.net\/cameroun\/economie\/cameroun-mefou-et-afamba-la-population-soppose-au-passage-dune-ligne-electrique\",\"url\":\"https:\/\/www.africa-press.net\/cameroun\/economie\/cameroun-mefou-et-afamba-la-population-soppose-au-passage-dune-ligne-electrique\",\"name\":\"Cameroun-Mefou et Afamba : la population s\u2019oppose au passage d\u2019une ligne \u00e9lectrique - Cameroun\",\"isPartOf\":{\"@id\":\"https:\/\/www.africa-press.net\/cameroun\/#website\"},\"primaryImageOfPage\":{\"@id\":\"https:\/\/www.africa-press.net\/cameroun\/economie\/cameroun-mefou-et-afamba-la-population-soppose-au-passage-dune-ligne-electrique#primaryimage\"},\"image\":{\"@id\":\"https:\/\/www.africa-press.net\/cameroun\/economie\/cameroun-mefou-et-afamba-la-population-soppose-au-passage-dune-ligne-electrique#primaryimage\"},\"thumbnailUrl\":\"https:\/\/static.africa-press.net\/cameroun\/sites\/57\/2022\/07\/img-62d6d622ab191.jpg\",\"datePublished\":\"2022-07-19T14:31:00+00:00\",\"dateModified\":\"2022-07-19T16:05:15+00:00\",\"author\":{\"@id\":\"https:\/\/www.africa-press.net\/cameroun\/#\/schema\/person\/2b1cf3cd81a31e3cd26889ca66d677f1\"},\"description\":\"Les habitants du village Mehanda 1 d\u00e9fendent bec et ongles leurs habitations et cultures menac\u00e9es par la construction de ...\",\"breadcrumb\":{\"@id\":\"https:\/\/www.africa-press.net\/cameroun\/economie\/cameroun-mefou-et-afamba-la-population-soppose-au-passage-dune-ligne-electrique#breadcrumb\"},\"inLanguage\":\"fr-FR\",\"potentialAction\":[{\"@type\":\"ReadAction\",\"target\":[\"https:\/\/www.africa-press.net\/cameroun\/economie\/cameroun-mefou-et-afamba-la-population-soppose-au-passage-dune-ligne-electrique\"]}]},{\"@type\":\"ImageObject\",\"inLanguage\":\"fr-FR\",\"@id\":\"https:\/\/www.africa-press.net\/cameroun\/economie\/cameroun-mefou-et-afamba-la-population-soppose-au-passage-dune-ligne-electrique#primaryimage\",\"url\":\"https:\/\/static.africa-press.net\/cameroun\/sites\/57\/2022\/07\/img-62d6d622ab191.jpg\",\"contentUrl\":\"https:\/\/static.africa-press.net\/cameroun\/sites\/57\/2022\/07\/img-62d6d622ab191.jpg\",\"width\":720,\"height\":530,\"caption\":\"Cameroun-Mefou et Afamba : la population s\u2019oppose au passage d\u2019une ligne \u00e9lectrique\"},{\"@type\":\"BreadcrumbList\",\"@id\":\"https:\/\/www.africa-press.net\/cameroun\/economie\/cameroun-mefou-et-afamba-la-population-soppose-au-passage-dune-ligne-electrique#breadcrumb\",\"itemListElement\":[{\"@type\":\"ListItem\",\"position\":1,\"name\":\"Accueil\",\"item\":\"https:\/\/www.africa-press.net\/cameroun\/\"},{\"@type\":\"ListItem\",\"position\":2,\"name\":\"Cameroun-Mefou et Afamba : la population s\u2019oppose au passage d\u2019une ligne \u00e9lectrique\"}]},{\"@type\":\"WebSite\",\"@id\":\"https:\/\/www.africa-press.net\/cameroun\/#website\",\"url\":\"https:\/\/www.africa-press.net\/cameroun\/\",\"name\":\"Cameroun\",\"description\":\"Just another Africa News Agency Sites site\",\"potentialAction\":[{\"@type\":\"SearchAction\",\"target\":{\"@type\":\"EntryPoint\",\"urlTemplate\":\"https:\/\/www.africa-press.net\/cameroun\/?s={search_term_string}\"},\"query-input\":{\"@type\":\"PropertyValueSpecification\",\"valueRequired\":true,\"valueName\":\"search_term_string\"}}],\"inLanguage\":\"fr-FR\"},{\"@type\":\"Person\",\"@id\":\"https:\/\/www.africa-press.net\/cameroun\/#\/schema\/person\/2b1cf3cd81a31e3cd26889ca66d677f1\",\"name\":\"cfeditorfr\"}]}<\/script>\n<!-- \/ Yoast SEO Premium plugin. -->","yoast_head_json":{"title":"Cameroun-Mefou et Afamba : la population s\u2019oppose au passage d\u2019une ligne \u00e9lectrique - Cameroun","description":"Les habitants du village Mehanda 1 d\u00e9fendent bec et ongles leurs habitations et cultures menac\u00e9es par la construction de ...","robots":{"index":"index","follow":"follow","max-snippet":"max-snippet:-1","max-image-preview":"max-image-preview:large","max-video-preview":"max-video-preview:-1"},"canonical":"https:\/\/www.africa-press.net\/cameroun\/economie\/cameroun-mefou-et-afamba-la-population-soppose-au-passage-dune-ligne-electrique","og_locale":"fr_FR","og_type":"article","og_title":"Cameroun-Mefou et Afamba : la population s\u2019oppose au passage d\u2019une ligne \u00e9lectrique","og_description":"Les habitants du village Mehanda 1 d\u00e9fendent bec et ongles leurs habitations et cultures menac\u00e9es par la construction de ...","og_url":"https:\/\/www.africa-press.net\/cameroun\/economie\/cameroun-mefou-et-afamba-la-population-soppose-au-passage-dune-ligne-electrique","og_site_name":"Cameroun","article_published_time":"2022-07-19T14:31:00+00:00","article_modified_time":"2022-07-19T16:05:15+00:00","og_image":[{"width":720,"height":530,"url":"https:\/\/static.africa-press.net\/cameroun\/sites\/57\/2022\/07\/img-62d6d622ab191.jpg","type":"image\/jpeg"}],"author":"cfeditorfr","twitter_card":"summary_large_image","twitter_misc":{"\u00c9crit par":"cfeditorfr","Dur\u00e9e de lecture estim\u00e9e":"2 minutes"},"schema":{"@context":"https:\/\/schema.org","@graph":[{"@type":"Article","@id":"https:\/\/www.africa-press.net\/cameroun\/economie\/cameroun-mefou-et-afamba-la-population-soppose-au-passage-dune-ligne-electrique#article","isPartOf":{"@id":"https:\/\/www.africa-press.net\/cameroun\/economie\/cameroun-mefou-et-afamba-la-population-soppose-au-passage-dune-ligne-electrique"},"author":{"name":"cfeditorfr","@id":"https:\/\/www.africa-press.net\/cameroun\/#\/schema\/person\/2b1cf3cd81a31e3cd26889ca66d677f1"},"headline":"Cameroun-Mefou et Afamba : la population s\u2019oppose au passage d\u2019une ligne \u00e9lectrique","datePublished":"2022-07-19T14:31:00+00:00","dateModified":"2022-07-19T16:05:15+00:00","mainEntityOfPage":{"@id":"https:\/\/www.africa-press.net\/cameroun\/economie\/cameroun-mefou-et-afamba-la-population-soppose-au-passage-dune-ligne-electrique"},"wordCount":355,"commentCount":0,"image":{"@id":"https:\/\/www.africa-press.net\/cameroun\/economie\/cameroun-mefou-et-afamba-la-population-soppose-au-passage-dune-ligne-electrique#primaryimage"},"thumbnailUrl":"https:\/\/static.africa-press.net\/cameroun\/sites\/57\/2022\/07\/img-62d6d622ab191.jpg","keywords":["Africa Press","Africa Press-Cameroun","Cameroun"],"articleSection":["\u00c9conomie","homepage-french","Toutes les actualit\u00e9s"],"inLanguage":"fr-FR","potentialAction":[{"@type":"CommentAction","name":"Comment","target":["https:\/\/www.africa-press.net\/cameroun\/economie\/cameroun-mefou-et-afamba-la-population-soppose-au-passage-dune-ligne-electrique#respond"]}]},{"@type":"WebPage","@id":"https:\/\/www.africa-press.net\/cameroun\/economie\/cameroun-mefou-et-afamba-la-population-soppose-au-passage-dune-ligne-electrique","url":"https:\/\/www.africa-press.net\/cameroun\/economie\/cameroun-mefou-et-afamba-la-population-soppose-au-passage-dune-ligne-electrique","name":"Cameroun-Mefou et Afamba : la population s\u2019oppose au passage d\u2019une ligne \u00e9lectrique - Cameroun","isPartOf":{"@id":"https:\/\/www.africa-press.net\/cameroun\/#website"},"primaryImageOfPage":{"@id":"https:\/\/www.africa-press.net\/cameroun\/economie\/cameroun-mefou-et-afamba-la-population-soppose-au-passage-dune-ligne-electrique#primaryimage"},"image":{"@id":"https:\/\/www.africa-press.net\/cameroun\/economie\/cameroun-mefou-et-afamba-la-population-soppose-au-passage-dune-ligne-electrique#primaryimage"},"thumbnailUrl":"https:\/\/static.africa-press.net\/cameroun\/sites\/57\/2022\/07\/img-62d6d622ab191.jpg","datePublished":"2022-07-19T14:31:00+00:00","dateModified":"2022-07-19T16:05:15+00:00","author":{"@id":"https:\/\/www.africa-press.net\/cameroun\/#\/schema\/person\/2b1cf3cd81a31e3cd26889ca66d677f1"},"description":"Les habitants du village Mehanda 1 d\u00e9fendent bec et ongles leurs habitations et cultures menac\u00e9es par la construction de ...","breadcrumb":{"@id":"https:\/\/www.africa-press.net\/cameroun\/economie\/cameroun-mefou-et-afamba-la-population-soppose-au-passage-dune-ligne-electrique#breadcrumb"},"inLanguage":"fr-FR","potentialAction":[{"@type":"ReadAction","target":["https:\/\/www.africa-press.net\/cameroun\/economie\/cameroun-mefou-et-afamba-la-population-soppose-au-passage-dune-ligne-electrique"]}]},{"@type":"ImageObject","inLanguage":"fr-FR","@id":"https:\/\/www.africa-press.net\/cameroun\/economie\/cameroun-mefou-et-afamba-la-population-soppose-au-passage-dune-ligne-electrique#primaryimage","url":"https:\/\/static.africa-press.net\/cameroun\/sites\/57\/2022\/07\/img-62d6d622ab191.jpg","contentUrl":"https:\/\/static.africa-press.net\/cameroun\/sites\/57\/2022\/07\/img-62d6d622ab191.jpg","width":720,"height":530,"caption":"Cameroun-Mefou et Afamba : la population s\u2019oppose au passage d\u2019une ligne \u00e9lectrique"},{"@type":"BreadcrumbList","@id":"https:\/\/www.africa-press.net\/cameroun\/economie\/cameroun-mefou-et-afamba-la-population-soppose-au-passage-dune-ligne-electrique#breadcrumb","itemListElement":[{"@type":"ListItem","position":1,"name":"Accueil","item":"https:\/\/www.africa-press.net\/cameroun\/"},{"@type":"ListItem","position":2,"name":"Cameroun-Mefou et Afamba : la population s\u2019oppose au passage d\u2019une ligne \u00e9lectrique"}]},{"@type":"WebSite","@id":"https:\/\/www.africa-press.net\/cameroun\/#website","url":"https:\/\/www.africa-press.net\/cameroun\/","name":"Cameroun","description":"Just another Africa News Agency Sites site","potentialAction":[{"@type":"SearchAction","target":{"@type":"EntryPoint","urlTemplate":"https:\/\/www.africa-press.net\/cameroun\/?s={search_term_string}"},"query-input":{"@type":"PropertyValueSpecification","valueRequired":true,"valueName":"search_term_string"}}],"inLanguage":"fr-FR"},{"@type":"Person","@id":"https:\/\/www.africa-press.net\/cameroun\/#\/schema\/person\/2b1cf3cd81a31e3cd26889ca66d677f1","name":"cfeditorfr"}]}},"_links":{"self":[{"href":"https:\/\/www.africa-press.net\/cameroun\/wp-json\/wp\/v2\/posts\/23819","targetHints":{"allow":["GET"]}}],"collection":[{"href":"https:\/\/www.africa-press.net\/cameroun\/wp-json\/wp\/v2\/posts"}],"about":[{"href":"https:\/\/www.africa-press.net\/cameroun\/wp-json\/wp\/v2\/types\/post"}],"author":[{"embeddable":true,"href":"https:\/\/www.africa-press.net\/cameroun\/wp-json\/wp\/v2\/users\/82"}],"replies":[{"embeddable":true,"href":"https:\/\/www.africa-press.net\/cameroun\/wp-json\/wp\/v2\/comments?post=23819"}],"version-history":[{"count":0,"href":"https:\/\/www.africa-press.net\/cameroun\/wp-json\/wp\/v2\/posts\/23819\/revisions"}],"wp:featuredmedia":[{"embeddable":true,"href":"https:\/\/www.africa-press.net\/cameroun\/wp-json\/wp\/v2\/media\/23818"}],"wp:attachment":[{"href":"https:\/\/www.africa-press.net\/cameroun\/wp-json\/wp\/v2\/media?parent=23819"}],"wp:term":[{"taxonomy":"category","embeddable":true,"href":"https:\/\/www.africa-press.net\/cameroun\/wp-json\/wp\/v2\/categories?post=23819"},{"taxonomy":"post_tag","embeddable":true,"href":"https:\/\/www.africa-press.net\/cameroun\/wp-json\/wp\/v2\/tags?post=23819"}],"curies":[{"name":"wp","href":"https:\/\/api.w.org\/{rel}","templated":true}]}}