{"id":23828,"date":"2022-07-19T14:56:21","date_gmt":"2022-07-19T14:56:21","guid":{"rendered":"https:\/\/www.africa-press.net\/cameroun\/politique\/electricite-un-enieme-incident-sur-le-reseau-de-transport-perturbe-le-service-au-cameroun"},"modified":"2022-07-19T16:20:27","modified_gmt":"2022-07-19T16:20:27","slug":"electricite-un-enieme-incident-sur-le-reseau-de-transport-perturbe-le-service-au-cameroun","status":"publish","type":"post","link":"https:\/\/www.africa-press.net\/cameroun\/economie\/electricite-un-enieme-incident-sur-le-reseau-de-transport-perturbe-le-service-au-cameroun","title":{"rendered":"\u00c9lectricit\u00e9\u00a0: un \u00e9ni\u00e8me incident sur le r\u00e9seau de transport perturbe le service au Cameroun"},"content":{"rendered":"<p><span style=\"color: #ff6600\"><strong>Africa-Press &#8211; Cameroun. <\/strong><\/span>Investir au Cameroun) &#8211; Au cours de la journ\u00e9e du 18 juillet 2022, des quartiers de Yaound\u00e9, la capitale du Cameroun, sont rest\u00e9s sans \u00e9lectricit\u00e9 pendant de longues heures. Selon la soci\u00e9t\u00e9 Eneo, concessionnaire du service public de l\u2019\u00e9lectricit\u00e9 dans le pays, cette perturbation dans la distribution de l\u2019\u00e9lectricit\u00e9 est cons\u00e9cutive \u00e0 un nouvel incident sur le r\u00e9seau de transport qui a eu des incidences sur les six r\u00e9gions du Cameroun constituant le R\u00e9seau interconnect\u00e9 Sud (RIS).<\/p>\n<p>\u00ab\u2009Sonatrel (Soci\u00e9t\u00e9 nationale de transport de l\u2019\u00e9lectricit\u00e9, NDLR) a inform\u00e9 Eneo d\u2019un incident survenu sur le r\u00e9seau de transport ce lundi 18 juillet 2022, avec un impact sur plusieurs ouvrages du syst\u00e8me de production et de transport. Ajout\u00e9es \u00e0 des contraintes conjoncturelles d\u2019approvisionnement en fuel et des pannes localis\u00e9es sur le r\u00e9seau de distribution, cette situation g\u00e9n\u00e8re un d\u00e9s\u00e9quilibre renforc\u00e9 entre l\u2019offre et la demande, entra\u00eenant de ce fait des rationnements dans les diff\u00e9rentes r\u00e9gions administratives desservies par le R\u00e9seau interconnect\u00e9 Sud (Littoral, Centre, Sud, Sud-Ouest, Ouest et Nord-Ouest)\u2009\u00bb, explique Eneo dans un communiqu\u00e9 officiel.<\/p>\n<p>Les incidents sur le r\u00e9seau de transport d\u2019\u00e9lectricit\u00e9 au Cameroun deviennent habituels. Au cours de l\u2019ann\u00e9e 2021, par exemple, ce r\u00e9seau devenu v\u00e9tuste et satur\u00e9 s\u2019est plusieurs fois effondr\u00e9, plongeant le pays dans le noir. \u00c0 l\u2019origine de cette situation, apprend-on officiellement, se trouve la suspension des investissements sur le segment du transport de l\u2019\u00e9lectricit\u00e9 pendant plusieurs ann\u00e9es, r\u00e9alit\u00e9 que la Sonatrel peine \u00e0 rattraper ces derni\u00e8res ann\u00e9es du fait notamment des lenteurs dans les proc\u00e9dures de passation de march\u00e9.<\/p>\n<p><strong>Pour plus d&rsquo;informations et d&rsquo;analyses sur la <a href=\"https:\/\/www.africa-press.net\/cameroun\">Cameroun<\/a>, suivez <a href=\"https:\/\/www.africa-press.net\/\">Africa-Press<\/a><\/strong><\/p>\n","protected":false},"excerpt":{"rendered":"<p>Africa-Press &#8211; Cameroun. Investir au Cameroun) &#8211; Au cours de la journ\u00e9e du 18 juillet 2022, des quartiers de Yaound\u00e9, la capitale du Cameroun, sont rest\u00e9s sans \u00e9lectricit\u00e9 pendant de longues heures. Selon la soci\u00e9t\u00e9 Eneo, concessionnaire du service public de l\u2019\u00e9lectricit\u00e9 dans le pays, cette perturbation dans la distribution de l\u2019\u00e9lectricit\u00e9 est cons\u00e9cutive \u00e0 [&hellip;]<\/p>\n","protected":false},"author":82,"featured_media":23827,"comment_status":"open","ping_status":"closed","sticky":false,"template":"","format":"standard","meta":{"footnotes":""},"categories":[3,11,10],"tags":[36,50,49],"class_list":["post-23828","post","type-post","status-publish","format-standard","has-post-thumbnail","hentry","category-economie","category-homepage-french","category-toutes-les-actualites","tag-africa-press","tag-africa-press-cameroun","tag-cameroun"],"yoast_head":"<!-- This site is optimized with the Yoast SEO Premium plugin v26.1 (Yoast SEO v27.0) - https:\/\/yoast.com\/product\/yoast-seo-premium-wordpress\/ -->\n<title>\u00c9lectricit\u00e9\u00a0: un \u00e9ni\u00e8me incident sur le r\u00e9seau de transport perturbe le service au Cameroun - Cameroun<\/title>\n<meta name=\"description\" content=\"Investir au Cameroun) - Au cours de la journ\u00e9e du 18 juillet 2022, des quartiers de Yaound\u00e9, la capitale du Cameroun, so ...\" \/>\n<meta name=\"robots\" content=\"index, follow, max-snippet:-1, max-image-preview:large, max-video-preview:-1\" \/>\n<link rel=\"canonical\" href=\"https:\/\/www.africa-press.net\/cameroun\/economie\/electricite-un-enieme-incident-sur-le-reseau-de-transport-perturbe-le-service-au-cameroun\" \/>\n<meta property=\"og:locale\" content=\"fr_FR\" \/>\n<meta property=\"og:type\" content=\"article\" \/>\n<meta property=\"og:title\" content=\"\u00c9lectricit\u00e9\u00a0: un \u00e9ni\u00e8me incident sur le r\u00e9seau de transport perturbe le service au Cameroun\" \/>\n<meta property=\"og:description\" content=\"Investir au Cameroun) - Au cours de la journ\u00e9e du 18 juillet 2022, des quartiers de Yaound\u00e9, la capitale du Cameroun, so ...\" \/>\n<meta property=\"og:url\" content=\"https:\/\/www.africa-press.net\/cameroun\/economie\/electricite-un-enieme-incident-sur-le-reseau-de-transport-perturbe-le-service-au-cameroun\" \/>\n<meta property=\"og:site_name\" content=\"Cameroun\" \/>\n<meta property=\"article:published_time\" content=\"2022-07-19T14:56:21+00:00\" \/>\n<meta property=\"article:modified_time\" content=\"2022-07-19T16:20:27+00:00\" \/>\n<meta property=\"og:image\" content=\"https:\/\/static.africa-press.net\/cameroun\/sites\/57\/2022\/07\/img-62d6d67687baf.jpg\" \/>\n\t<meta property=\"og:image:width\" content=\"720\" \/>\n\t<meta property=\"og:image:height\" content=\"479\" \/>\n\t<meta property=\"og:image:type\" content=\"image\/jpeg\" \/>\n<meta name=\"author\" content=\"cfeditorfr\" \/>\n<meta name=\"twitter:card\" content=\"summary_large_image\" \/>\n<meta name=\"twitter:label1\" content=\"\u00c9crit par\" \/>\n\t<meta name=\"twitter:data1\" content=\"cfeditorfr\" \/>\n\t<meta name=\"twitter:label2\" content=\"Dur\u00e9e de lecture estim\u00e9e\" \/>\n\t<meta name=\"twitter:data2\" content=\"1 minute\" \/>\n<script type=\"application\/ld+json\" class=\"yoast-schema-graph\">{\"@context\":\"https:\/\/schema.org\",\"@graph\":[{\"@type\":\"Article\",\"@id\":\"https:\/\/www.africa-press.net\/cameroun\/economie\/electricite-un-enieme-incident-sur-le-reseau-de-transport-perturbe-le-service-au-cameroun#article\",\"isPartOf\":{\"@id\":\"https:\/\/www.africa-press.net\/cameroun\/economie\/electricite-un-enieme-incident-sur-le-reseau-de-transport-perturbe-le-service-au-cameroun\"},\"author\":{\"name\":\"cfeditorfr\",\"@id\":\"https:\/\/www.africa-press.net\/cameroun\/#\/schema\/person\/2b1cf3cd81a31e3cd26889ca66d677f1\"},\"headline\":\"\u00c9lectricit\u00e9\u00a0: un \u00e9ni\u00e8me incident sur le r\u00e9seau de transport perturbe le service au Cameroun\",\"datePublished\":\"2022-07-19T14:56:21+00:00\",\"dateModified\":\"2022-07-19T16:20:27+00:00\",\"mainEntityOfPage\":{\"@id\":\"https:\/\/www.africa-press.net\/cameroun\/economie\/electricite-un-enieme-incident-sur-le-reseau-de-transport-perturbe-le-service-au-cameroun\"},\"wordCount\":315,\"commentCount\":0,\"image\":{\"@id\":\"https:\/\/www.africa-press.net\/cameroun\/economie\/electricite-un-enieme-incident-sur-le-reseau-de-transport-perturbe-le-service-au-cameroun#primaryimage\"},\"thumbnailUrl\":\"https:\/\/static.africa-press.net\/cameroun\/sites\/57\/2022\/07\/img-62d6d67687baf.jpg\",\"keywords\":[\"Africa Press\",\"Africa Press-Cameroun\",\"Cameroun\"],\"articleSection\":[\"\u00c9conomie\",\"homepage-french\",\"Toutes les actualit\u00e9s\"],\"inLanguage\":\"fr-FR\",\"potentialAction\":[{\"@type\":\"CommentAction\",\"name\":\"Comment\",\"target\":[\"https:\/\/www.africa-press.net\/cameroun\/economie\/electricite-un-enieme-incident-sur-le-reseau-de-transport-perturbe-le-service-au-cameroun#respond\"]}]},{\"@type\":\"WebPage\",\"@id\":\"https:\/\/www.africa-press.net\/cameroun\/economie\/electricite-un-enieme-incident-sur-le-reseau-de-transport-perturbe-le-service-au-cameroun\",\"url\":\"https:\/\/www.africa-press.net\/cameroun\/economie\/electricite-un-enieme-incident-sur-le-reseau-de-transport-perturbe-le-service-au-cameroun\",\"name\":\"\u00c9lectricit\u00e9\u00a0: un \u00e9ni\u00e8me incident sur le r\u00e9seau de transport perturbe le service au Cameroun - Cameroun\",\"isPartOf\":{\"@id\":\"https:\/\/www.africa-press.net\/cameroun\/#website\"},\"primaryImageOfPage\":{\"@id\":\"https:\/\/www.africa-press.net\/cameroun\/economie\/electricite-un-enieme-incident-sur-le-reseau-de-transport-perturbe-le-service-au-cameroun#primaryimage\"},\"image\":{\"@id\":\"https:\/\/www.africa-press.net\/cameroun\/economie\/electricite-un-enieme-incident-sur-le-reseau-de-transport-perturbe-le-service-au-cameroun#primaryimage\"},\"thumbnailUrl\":\"https:\/\/static.africa-press.net\/cameroun\/sites\/57\/2022\/07\/img-62d6d67687baf.jpg\",\"datePublished\":\"2022-07-19T14:56:21+00:00\",\"dateModified\":\"2022-07-19T16:20:27+00:00\",\"author\":{\"@id\":\"https:\/\/www.africa-press.net\/cameroun\/#\/schema\/person\/2b1cf3cd81a31e3cd26889ca66d677f1\"},\"description\":\"Investir au Cameroun) - Au cours de la journ\u00e9e du 18 juillet 2022, des quartiers de Yaound\u00e9, la capitale du Cameroun, so ...\",\"breadcrumb\":{\"@id\":\"https:\/\/www.africa-press.net\/cameroun\/economie\/electricite-un-enieme-incident-sur-le-reseau-de-transport-perturbe-le-service-au-cameroun#breadcrumb\"},\"inLanguage\":\"fr-FR\",\"potentialAction\":[{\"@type\":\"ReadAction\",\"target\":[\"https:\/\/www.africa-press.net\/cameroun\/economie\/electricite-un-enieme-incident-sur-le-reseau-de-transport-perturbe-le-service-au-cameroun\"]}]},{\"@type\":\"ImageObject\",\"inLanguage\":\"fr-FR\",\"@id\":\"https:\/\/www.africa-press.net\/cameroun\/economie\/electricite-un-enieme-incident-sur-le-reseau-de-transport-perturbe-le-service-au-cameroun#primaryimage\",\"url\":\"https:\/\/static.africa-press.net\/cameroun\/sites\/57\/2022\/07\/img-62d6d67687baf.jpg\",\"contentUrl\":\"https:\/\/static.africa-press.net\/cameroun\/sites\/57\/2022\/07\/img-62d6d67687baf.jpg\",\"width\":720,\"height\":479,\"caption\":\"\u00c9lectricit\u00e9\u00a0: un \u00e9ni\u00e8me incident sur le r\u00e9seau de transport perturbe le service au Cameroun\"},{\"@type\":\"BreadcrumbList\",\"@id\":\"https:\/\/www.africa-press.net\/cameroun\/economie\/electricite-un-enieme-incident-sur-le-reseau-de-transport-perturbe-le-service-au-cameroun#breadcrumb\",\"itemListElement\":[{\"@type\":\"ListItem\",\"position\":1,\"name\":\"Accueil\",\"item\":\"https:\/\/www.africa-press.net\/cameroun\/\"},{\"@type\":\"ListItem\",\"position\":2,\"name\":\"\u00c9lectricit\u00e9\u00a0: un \u00e9ni\u00e8me incident sur le r\u00e9seau de transport perturbe le service au Cameroun\"}]},{\"@type\":\"WebSite\",\"@id\":\"https:\/\/www.africa-press.net\/cameroun\/#website\",\"url\":\"https:\/\/www.africa-press.net\/cameroun\/\",\"name\":\"Cameroun\",\"description\":\"Just another Africa News Agency Sites site\",\"potentialAction\":[{\"@type\":\"SearchAction\",\"target\":{\"@type\":\"EntryPoint\",\"urlTemplate\":\"https:\/\/www.africa-press.net\/cameroun\/?s={search_term_string}\"},\"query-input\":{\"@type\":\"PropertyValueSpecification\",\"valueRequired\":true,\"valueName\":\"search_term_string\"}}],\"inLanguage\":\"fr-FR\"},{\"@type\":\"Person\",\"@id\":\"https:\/\/www.africa-press.net\/cameroun\/#\/schema\/person\/2b1cf3cd81a31e3cd26889ca66d677f1\",\"name\":\"cfeditorfr\"}]}<\/script>\n<!-- \/ Yoast SEO Premium plugin. -->","yoast_head_json":{"title":"\u00c9lectricit\u00e9\u00a0: un \u00e9ni\u00e8me incident sur le r\u00e9seau de transport perturbe le service au Cameroun - Cameroun","description":"Investir au Cameroun) - Au cours de la journ\u00e9e du 18 juillet 2022, des quartiers de Yaound\u00e9, la capitale du Cameroun, so ...","robots":{"index":"index","follow":"follow","max-snippet":"max-snippet:-1","max-image-preview":"max-image-preview:large","max-video-preview":"max-video-preview:-1"},"canonical":"https:\/\/www.africa-press.net\/cameroun\/economie\/electricite-un-enieme-incident-sur-le-reseau-de-transport-perturbe-le-service-au-cameroun","og_locale":"fr_FR","og_type":"article","og_title":"\u00c9lectricit\u00e9\u00a0: un \u00e9ni\u00e8me incident sur le r\u00e9seau de transport perturbe le service au Cameroun","og_description":"Investir au Cameroun) - Au cours de la journ\u00e9e du 18 juillet 2022, des quartiers de Yaound\u00e9, la capitale du Cameroun, so ...","og_url":"https:\/\/www.africa-press.net\/cameroun\/economie\/electricite-un-enieme-incident-sur-le-reseau-de-transport-perturbe-le-service-au-cameroun","og_site_name":"Cameroun","article_published_time":"2022-07-19T14:56:21+00:00","article_modified_time":"2022-07-19T16:20:27+00:00","og_image":[{"width":720,"height":479,"url":"https:\/\/static.africa-press.net\/cameroun\/sites\/57\/2022\/07\/img-62d6d67687baf.jpg","type":"image\/jpeg"}],"author":"cfeditorfr","twitter_card":"summary_large_image","twitter_misc":{"\u00c9crit par":"cfeditorfr","Dur\u00e9e de lecture estim\u00e9e":"1 minute"},"schema":{"@context":"https:\/\/schema.org","@graph":[{"@type":"Article","@id":"https:\/\/www.africa-press.net\/cameroun\/economie\/electricite-un-enieme-incident-sur-le-reseau-de-transport-perturbe-le-service-au-cameroun#article","isPartOf":{"@id":"https:\/\/www.africa-press.net\/cameroun\/economie\/electricite-un-enieme-incident-sur-le-reseau-de-transport-perturbe-le-service-au-cameroun"},"author":{"name":"cfeditorfr","@id":"https:\/\/www.africa-press.net\/cameroun\/#\/schema\/person\/2b1cf3cd81a31e3cd26889ca66d677f1"},"headline":"\u00c9lectricit\u00e9\u00a0: un \u00e9ni\u00e8me incident sur le r\u00e9seau de transport perturbe le service au Cameroun","datePublished":"2022-07-19T14:56:21+00:00","dateModified":"2022-07-19T16:20:27+00:00","mainEntityOfPage":{"@id":"https:\/\/www.africa-press.net\/cameroun\/economie\/electricite-un-enieme-incident-sur-le-reseau-de-transport-perturbe-le-service-au-cameroun"},"wordCount":315,"commentCount":0,"image":{"@id":"https:\/\/www.africa-press.net\/cameroun\/economie\/electricite-un-enieme-incident-sur-le-reseau-de-transport-perturbe-le-service-au-cameroun#primaryimage"},"thumbnailUrl":"https:\/\/static.africa-press.net\/cameroun\/sites\/57\/2022\/07\/img-62d6d67687baf.jpg","keywords":["Africa Press","Africa Press-Cameroun","Cameroun"],"articleSection":["\u00c9conomie","homepage-french","Toutes les actualit\u00e9s"],"inLanguage":"fr-FR","potentialAction":[{"@type":"CommentAction","name":"Comment","target":["https:\/\/www.africa-press.net\/cameroun\/economie\/electricite-un-enieme-incident-sur-le-reseau-de-transport-perturbe-le-service-au-cameroun#respond"]}]},{"@type":"WebPage","@id":"https:\/\/www.africa-press.net\/cameroun\/economie\/electricite-un-enieme-incident-sur-le-reseau-de-transport-perturbe-le-service-au-cameroun","url":"https:\/\/www.africa-press.net\/cameroun\/economie\/electricite-un-enieme-incident-sur-le-reseau-de-transport-perturbe-le-service-au-cameroun","name":"\u00c9lectricit\u00e9\u00a0: un \u00e9ni\u00e8me incident sur le r\u00e9seau de transport perturbe le service au Cameroun - Cameroun","isPartOf":{"@id":"https:\/\/www.africa-press.net\/cameroun\/#website"},"primaryImageOfPage":{"@id":"https:\/\/www.africa-press.net\/cameroun\/economie\/electricite-un-enieme-incident-sur-le-reseau-de-transport-perturbe-le-service-au-cameroun#primaryimage"},"image":{"@id":"https:\/\/www.africa-press.net\/cameroun\/economie\/electricite-un-enieme-incident-sur-le-reseau-de-transport-perturbe-le-service-au-cameroun#primaryimage"},"thumbnailUrl":"https:\/\/static.africa-press.net\/cameroun\/sites\/57\/2022\/07\/img-62d6d67687baf.jpg","datePublished":"2022-07-19T14:56:21+00:00","dateModified":"2022-07-19T16:20:27+00:00","author":{"@id":"https:\/\/www.africa-press.net\/cameroun\/#\/schema\/person\/2b1cf3cd81a31e3cd26889ca66d677f1"},"description":"Investir au Cameroun) - Au cours de la journ\u00e9e du 18 juillet 2022, des quartiers de Yaound\u00e9, la capitale du Cameroun, so ...","breadcrumb":{"@id":"https:\/\/www.africa-press.net\/cameroun\/economie\/electricite-un-enieme-incident-sur-le-reseau-de-transport-perturbe-le-service-au-cameroun#breadcrumb"},"inLanguage":"fr-FR","potentialAction":[{"@type":"ReadAction","target":["https:\/\/www.africa-press.net\/cameroun\/economie\/electricite-un-enieme-incident-sur-le-reseau-de-transport-perturbe-le-service-au-cameroun"]}]},{"@type":"ImageObject","inLanguage":"fr-FR","@id":"https:\/\/www.africa-press.net\/cameroun\/economie\/electricite-un-enieme-incident-sur-le-reseau-de-transport-perturbe-le-service-au-cameroun#primaryimage","url":"https:\/\/static.africa-press.net\/cameroun\/sites\/57\/2022\/07\/img-62d6d67687baf.jpg","contentUrl":"https:\/\/static.africa-press.net\/cameroun\/sites\/57\/2022\/07\/img-62d6d67687baf.jpg","width":720,"height":479,"caption":"\u00c9lectricit\u00e9\u00a0: un \u00e9ni\u00e8me incident sur le r\u00e9seau de transport perturbe le service au Cameroun"},{"@type":"BreadcrumbList","@id":"https:\/\/www.africa-press.net\/cameroun\/economie\/electricite-un-enieme-incident-sur-le-reseau-de-transport-perturbe-le-service-au-cameroun#breadcrumb","itemListElement":[{"@type":"ListItem","position":1,"name":"Accueil","item":"https:\/\/www.africa-press.net\/cameroun\/"},{"@type":"ListItem","position":2,"name":"\u00c9lectricit\u00e9\u00a0: un \u00e9ni\u00e8me incident sur le r\u00e9seau de transport perturbe le service au Cameroun"}]},{"@type":"WebSite","@id":"https:\/\/www.africa-press.net\/cameroun\/#website","url":"https:\/\/www.africa-press.net\/cameroun\/","name":"Cameroun","description":"Just another Africa News Agency Sites site","potentialAction":[{"@type":"SearchAction","target":{"@type":"EntryPoint","urlTemplate":"https:\/\/www.africa-press.net\/cameroun\/?s={search_term_string}"},"query-input":{"@type":"PropertyValueSpecification","valueRequired":true,"valueName":"search_term_string"}}],"inLanguage":"fr-FR"},{"@type":"Person","@id":"https:\/\/www.africa-press.net\/cameroun\/#\/schema\/person\/2b1cf3cd81a31e3cd26889ca66d677f1","name":"cfeditorfr"}]}},"_links":{"self":[{"href":"https:\/\/www.africa-press.net\/cameroun\/wp-json\/wp\/v2\/posts\/23828","targetHints":{"allow":["GET"]}}],"collection":[{"href":"https:\/\/www.africa-press.net\/cameroun\/wp-json\/wp\/v2\/posts"}],"about":[{"href":"https:\/\/www.africa-press.net\/cameroun\/wp-json\/wp\/v2\/types\/post"}],"author":[{"embeddable":true,"href":"https:\/\/www.africa-press.net\/cameroun\/wp-json\/wp\/v2\/users\/82"}],"replies":[{"embeddable":true,"href":"https:\/\/www.africa-press.net\/cameroun\/wp-json\/wp\/v2\/comments?post=23828"}],"version-history":[{"count":0,"href":"https:\/\/www.africa-press.net\/cameroun\/wp-json\/wp\/v2\/posts\/23828\/revisions"}],"wp:featuredmedia":[{"embeddable":true,"href":"https:\/\/www.africa-press.net\/cameroun\/wp-json\/wp\/v2\/media\/23827"}],"wp:attachment":[{"href":"https:\/\/www.africa-press.net\/cameroun\/wp-json\/wp\/v2\/media?parent=23828"}],"wp:term":[{"taxonomy":"category","embeddable":true,"href":"https:\/\/www.africa-press.net\/cameroun\/wp-json\/wp\/v2\/categories?post=23828"},{"taxonomy":"post_tag","embeddable":true,"href":"https:\/\/www.africa-press.net\/cameroun\/wp-json\/wp\/v2\/tags?post=23828"}],"curies":[{"name":"wp","href":"https:\/\/api.w.org\/{rel}","templated":true}]}}