{"id":23831,"date":"2022-07-19T14:59:47","date_gmt":"2022-07-19T14:59:47","guid":{"rendered":"https:\/\/www.africa-press.net\/cameroun\/politique\/made-in-cameroon-avec-sa-marque-de-savons-adina-la-start-up-yophi-sarl-cible-desormais-le-marche-europeen"},"modified":"2022-07-19T16:07:00","modified_gmt":"2022-07-19T16:07:00","slug":"made-in-cameroon-avec-sa-marque-de-savons-adina-la-start-up-yophi-sarl-cible-desormais-le-marche-europeen","status":"publish","type":"post","link":"https:\/\/www.africa-press.net\/cameroun\/economie\/made-in-cameroon-avec-sa-marque-de-savons-adina-la-start-up-yophi-sarl-cible-desormais-le-marche-europeen","title":{"rendered":"Made in Cameroon: avec sa marque de savons Adina, la start-up Yophi Sarl cible d\u00e9sormais le march\u00e9 europ\u00e9en"},"content":{"rendered":"<p><span style=\"color: #ff6600\"><strong>Africa-Press &#8211; Cameroun. <\/strong><\/span>Investir au Cameroun) &#8211; Apr\u00e8s ses deux boutiques de Douala et de Yaound\u00e9, la start-up camerounaise Yophi Sarl, qui produit les savons de toilette estampill\u00e9s Adina (\u00ab\u2009d\u00e9licate\u2009\u00bb en h\u00e9breu), veut d\u00e9sormais aller \u00e0 la conqu\u00eate du march\u00e9 europ\u00e9en. \u00ab\u2009Nous envisageons dans un horizon tr\u00e8s proche l\u2019exportation de nos produits vers quelques pays d\u2019Europe\u2009\u00bb, confie Dorice Ngoloko, une experte en marketing dipl\u00f4m\u00e9e de l\u2019universit\u00e9 catholique d\u2019Afrique centrale, qui a fond\u00e9 et dirige Yophi Sarl depuis 2015.<\/p>\n<p>\u00c0 travers cette expansion des activit\u00e9s \u00e0 l\u2019international, cette start-up camerounaise entend faire rayonner le made in Cameroon au-del\u00e0 des fronti\u00e8res nationales. Ceci, \u00e0 travers ses savons tant\u00f4t clarifiants, tant\u00f4t gommant ou encore hydratant, faits \u00e0 base de produits tels que le citron, le curcuma, le caf\u00e9, les p\u00e9pins de papaye, la bave d\u2019escargot, ou encore le riz\u2026, que l\u2019on peut retrouver sur les \u00e9tals du centre commercial PlaYce, que le duo carrefour-Cfao Retail vient d\u2019inaugurer dans la capitale camerounaise.<\/p>\n<p>\u00ab\u2009Carrefour est le principal partenaire en vue pour la distribution de nos savons naturels positionn\u00e9s dans la dermocosm\u00e9tique\u2009\u00bb, souligne la promotrice de Yophi Sarl, qui revendique la cr\u00e9ation d\u2019une dizaine d\u2019emplois directs et indirects, gr\u00e2ce \u00e0 son usine de Douala et son r\u00e9seau de distribution, qui int\u00e8gre diff\u00e9rents canaux num\u00e9riques.<\/p>\n<p>Afin de diversifier son offre et renforcer son positionnement sur le segment de la beaut\u00e9 f\u00e9minine, cette start-up camerounaise entend sur le moyen terme, commercialiser des v\u00eatements et sacs, toujours sous la marque Adina. Avec pour objectif, souligne la promotrice, \u00ab\u2009d\u2019atteindre un chiffre d\u2019affaires annuel d\u2019un milliard de FCFA\u2009\u00bb.<\/p>\n<p><b>BRM<\/b><\/p>\n<p><strong>Pour plus d&rsquo;informations et d&rsquo;analyses sur la <a href=\"https:\/\/www.africa-press.net\/cameroun\">Cameroun<\/a>, suivez <a href=\"https:\/\/www.africa-press.net\/\">Africa-Press<\/a><\/strong><\/p>\n","protected":false},"excerpt":{"rendered":"<p>Africa-Press &#8211; Cameroun. Investir au Cameroun) &#8211; Apr\u00e8s ses deux boutiques de Douala et de Yaound\u00e9, la start-up camerounaise Yophi Sarl, qui produit les savons de toilette estampill\u00e9s Adina (\u00ab\u2009d\u00e9licate\u2009\u00bb en h\u00e9breu), veut d\u00e9sormais aller \u00e0 la conqu\u00eate du march\u00e9 europ\u00e9en. \u00ab\u2009Nous envisageons dans un horizon tr\u00e8s proche l\u2019exportation de nos produits vers quelques pays [&hellip;]<\/p>\n","protected":false},"author":82,"featured_media":23830,"comment_status":"open","ping_status":"closed","sticky":false,"template":"","format":"standard","meta":{"footnotes":""},"categories":[3,11,10],"tags":[36,50,49],"class_list":["post-23831","post","type-post","status-publish","format-standard","has-post-thumbnail","hentry","category-economie","category-homepage-french","category-toutes-les-actualites","tag-africa-press","tag-africa-press-cameroun","tag-cameroun"],"yoast_head":"<!-- This site is optimized with the Yoast SEO Premium plugin v26.1 (Yoast SEO v27.0) - https:\/\/yoast.com\/product\/yoast-seo-premium-wordpress\/ -->\n<title>Made in Cameroon: avec sa marque de savons Adina, la start-up Yophi Sarl cible d\u00e9sormais le march\u00e9 europ\u00e9en - Cameroun<\/title>\n<meta name=\"description\" content=\"Investir au Cameroun) - Apr\u00e8s ses deux boutiques de Douala et de Yaound\u00e9, la start-up camerounaise Yophi Sarl, qui produ ...\" \/>\n<meta name=\"robots\" content=\"index, follow, max-snippet:-1, max-image-preview:large, max-video-preview:-1\" \/>\n<link rel=\"canonical\" href=\"https:\/\/www.africa-press.net\/cameroun\/economie\/made-in-cameroon-avec-sa-marque-de-savons-adina-la-start-up-yophi-sarl-cible-desormais-le-marche-europeen\" \/>\n<meta property=\"og:locale\" content=\"fr_FR\" \/>\n<meta property=\"og:type\" content=\"article\" \/>\n<meta property=\"og:title\" content=\"Made in Cameroon: avec sa marque de savons Adina, la start-up Yophi Sarl cible d\u00e9sormais le march\u00e9 europ\u00e9en\" \/>\n<meta property=\"og:description\" content=\"Investir au Cameroun) - Apr\u00e8s ses deux boutiques de Douala et de Yaound\u00e9, la start-up camerounaise Yophi Sarl, qui produ ...\" \/>\n<meta property=\"og:url\" content=\"https:\/\/www.africa-press.net\/cameroun\/economie\/made-in-cameroon-avec-sa-marque-de-savons-adina-la-start-up-yophi-sarl-cible-desormais-le-marche-europeen\" \/>\n<meta property=\"og:site_name\" content=\"Cameroun\" \/>\n<meta property=\"article:published_time\" content=\"2022-07-19T14:59:47+00:00\" \/>\n<meta property=\"article:modified_time\" content=\"2022-07-19T16:07:00+00:00\" \/>\n<meta property=\"og:image\" content=\"https:\/\/static.africa-press.net\/cameroun\/sites\/57\/2022\/07\/img-62d6d68f0f14e.jpg\" \/>\n\t<meta property=\"og:image:width\" content=\"720\" \/>\n\t<meta property=\"og:image:height\" content=\"479\" \/>\n\t<meta property=\"og:image:type\" content=\"image\/jpeg\" \/>\n<meta name=\"author\" content=\"cfeditorfr\" \/>\n<meta name=\"twitter:card\" content=\"summary_large_image\" \/>\n<meta name=\"twitter:label1\" content=\"\u00c9crit par\" \/>\n\t<meta name=\"twitter:data1\" content=\"cfeditorfr\" \/>\n\t<meta name=\"twitter:label2\" content=\"Dur\u00e9e de lecture estim\u00e9e\" \/>\n\t<meta name=\"twitter:data2\" content=\"1 minute\" \/>\n<script type=\"application\/ld+json\" class=\"yoast-schema-graph\">{\"@context\":\"https:\/\/schema.org\",\"@graph\":[{\"@type\":\"Article\",\"@id\":\"https:\/\/www.africa-press.net\/cameroun\/economie\/made-in-cameroon-avec-sa-marque-de-savons-adina-la-start-up-yophi-sarl-cible-desormais-le-marche-europeen#article\",\"isPartOf\":{\"@id\":\"https:\/\/www.africa-press.net\/cameroun\/economie\/made-in-cameroon-avec-sa-marque-de-savons-adina-la-start-up-yophi-sarl-cible-desormais-le-marche-europeen\"},\"author\":{\"name\":\"cfeditorfr\",\"@id\":\"https:\/\/www.africa-press.net\/cameroun\/#\/schema\/person\/2b1cf3cd81a31e3cd26889ca66d677f1\"},\"headline\":\"Made in Cameroon: avec sa marque de savons Adina, la start-up Yophi Sarl cible d\u00e9sormais le march\u00e9 europ\u00e9en\",\"datePublished\":\"2022-07-19T14:59:47+00:00\",\"dateModified\":\"2022-07-19T16:07:00+00:00\",\"mainEntityOfPage\":{\"@id\":\"https:\/\/www.africa-press.net\/cameroun\/economie\/made-in-cameroon-avec-sa-marque-de-savons-adina-la-start-up-yophi-sarl-cible-desormais-le-marche-europeen\"},\"wordCount\":321,\"commentCount\":0,\"image\":{\"@id\":\"https:\/\/www.africa-press.net\/cameroun\/economie\/made-in-cameroon-avec-sa-marque-de-savons-adina-la-start-up-yophi-sarl-cible-desormais-le-marche-europeen#primaryimage\"},\"thumbnailUrl\":\"https:\/\/static.africa-press.net\/cameroun\/sites\/57\/2022\/07\/img-62d6d68f0f14e.jpg\",\"keywords\":[\"Africa Press\",\"Africa Press-Cameroun\",\"Cameroun\"],\"articleSection\":[\"\u00c9conomie\",\"homepage-french\",\"Toutes les actualit\u00e9s\"],\"inLanguage\":\"fr-FR\",\"potentialAction\":[{\"@type\":\"CommentAction\",\"name\":\"Comment\",\"target\":[\"https:\/\/www.africa-press.net\/cameroun\/economie\/made-in-cameroon-avec-sa-marque-de-savons-adina-la-start-up-yophi-sarl-cible-desormais-le-marche-europeen#respond\"]}]},{\"@type\":\"WebPage\",\"@id\":\"https:\/\/www.africa-press.net\/cameroun\/economie\/made-in-cameroon-avec-sa-marque-de-savons-adina-la-start-up-yophi-sarl-cible-desormais-le-marche-europeen\",\"url\":\"https:\/\/www.africa-press.net\/cameroun\/economie\/made-in-cameroon-avec-sa-marque-de-savons-adina-la-start-up-yophi-sarl-cible-desormais-le-marche-europeen\",\"name\":\"Made in Cameroon: avec sa marque de savons Adina, la start-up Yophi Sarl cible d\u00e9sormais le march\u00e9 europ\u00e9en - Cameroun\",\"isPartOf\":{\"@id\":\"https:\/\/www.africa-press.net\/cameroun\/#website\"},\"primaryImageOfPage\":{\"@id\":\"https:\/\/www.africa-press.net\/cameroun\/economie\/made-in-cameroon-avec-sa-marque-de-savons-adina-la-start-up-yophi-sarl-cible-desormais-le-marche-europeen#primaryimage\"},\"image\":{\"@id\":\"https:\/\/www.africa-press.net\/cameroun\/economie\/made-in-cameroon-avec-sa-marque-de-savons-adina-la-start-up-yophi-sarl-cible-desormais-le-marche-europeen#primaryimage\"},\"thumbnailUrl\":\"https:\/\/static.africa-press.net\/cameroun\/sites\/57\/2022\/07\/img-62d6d68f0f14e.jpg\",\"datePublished\":\"2022-07-19T14:59:47+00:00\",\"dateModified\":\"2022-07-19T16:07:00+00:00\",\"author\":{\"@id\":\"https:\/\/www.africa-press.net\/cameroun\/#\/schema\/person\/2b1cf3cd81a31e3cd26889ca66d677f1\"},\"description\":\"Investir au Cameroun) - Apr\u00e8s ses deux boutiques de Douala et de Yaound\u00e9, la start-up camerounaise Yophi Sarl, qui produ ...\",\"breadcrumb\":{\"@id\":\"https:\/\/www.africa-press.net\/cameroun\/economie\/made-in-cameroon-avec-sa-marque-de-savons-adina-la-start-up-yophi-sarl-cible-desormais-le-marche-europeen#breadcrumb\"},\"inLanguage\":\"fr-FR\",\"potentialAction\":[{\"@type\":\"ReadAction\",\"target\":[\"https:\/\/www.africa-press.net\/cameroun\/economie\/made-in-cameroon-avec-sa-marque-de-savons-adina-la-start-up-yophi-sarl-cible-desormais-le-marche-europeen\"]}]},{\"@type\":\"ImageObject\",\"inLanguage\":\"fr-FR\",\"@id\":\"https:\/\/www.africa-press.net\/cameroun\/economie\/made-in-cameroon-avec-sa-marque-de-savons-adina-la-start-up-yophi-sarl-cible-desormais-le-marche-europeen#primaryimage\",\"url\":\"https:\/\/static.africa-press.net\/cameroun\/sites\/57\/2022\/07\/img-62d6d68f0f14e.jpg\",\"contentUrl\":\"https:\/\/static.africa-press.net\/cameroun\/sites\/57\/2022\/07\/img-62d6d68f0f14e.jpg\",\"width\":720,\"height\":479,\"caption\":\"Made in Cameroon: avec sa marque de savons Adina, la start-up Yophi Sarl cible d\u00e9sormais le march\u00e9 europ\u00e9en\"},{\"@type\":\"BreadcrumbList\",\"@id\":\"https:\/\/www.africa-press.net\/cameroun\/economie\/made-in-cameroon-avec-sa-marque-de-savons-adina-la-start-up-yophi-sarl-cible-desormais-le-marche-europeen#breadcrumb\",\"itemListElement\":[{\"@type\":\"ListItem\",\"position\":1,\"name\":\"Accueil\",\"item\":\"https:\/\/www.africa-press.net\/cameroun\/\"},{\"@type\":\"ListItem\",\"position\":2,\"name\":\"Made in Cameroon: avec sa marque de savons Adina, la start-up Yophi Sarl cible d\u00e9sormais le march\u00e9 europ\u00e9en\"}]},{\"@type\":\"WebSite\",\"@id\":\"https:\/\/www.africa-press.net\/cameroun\/#website\",\"url\":\"https:\/\/www.africa-press.net\/cameroun\/\",\"name\":\"Cameroun\",\"description\":\"Just another Africa News Agency Sites site\",\"potentialAction\":[{\"@type\":\"SearchAction\",\"target\":{\"@type\":\"EntryPoint\",\"urlTemplate\":\"https:\/\/www.africa-press.net\/cameroun\/?s={search_term_string}\"},\"query-input\":{\"@type\":\"PropertyValueSpecification\",\"valueRequired\":true,\"valueName\":\"search_term_string\"}}],\"inLanguage\":\"fr-FR\"},{\"@type\":\"Person\",\"@id\":\"https:\/\/www.africa-press.net\/cameroun\/#\/schema\/person\/2b1cf3cd81a31e3cd26889ca66d677f1\",\"name\":\"cfeditorfr\"}]}<\/script>\n<!-- \/ Yoast SEO Premium plugin. -->","yoast_head_json":{"title":"Made in Cameroon: avec sa marque de savons Adina, la start-up Yophi Sarl cible d\u00e9sormais le march\u00e9 europ\u00e9en - Cameroun","description":"Investir au Cameroun) - Apr\u00e8s ses deux boutiques de Douala et de Yaound\u00e9, la start-up camerounaise Yophi Sarl, qui produ ...","robots":{"index":"index","follow":"follow","max-snippet":"max-snippet:-1","max-image-preview":"max-image-preview:large","max-video-preview":"max-video-preview:-1"},"canonical":"https:\/\/www.africa-press.net\/cameroun\/economie\/made-in-cameroon-avec-sa-marque-de-savons-adina-la-start-up-yophi-sarl-cible-desormais-le-marche-europeen","og_locale":"fr_FR","og_type":"article","og_title":"Made in Cameroon: avec sa marque de savons Adina, la start-up Yophi Sarl cible d\u00e9sormais le march\u00e9 europ\u00e9en","og_description":"Investir au Cameroun) - Apr\u00e8s ses deux boutiques de Douala et de Yaound\u00e9, la start-up camerounaise Yophi Sarl, qui produ ...","og_url":"https:\/\/www.africa-press.net\/cameroun\/economie\/made-in-cameroon-avec-sa-marque-de-savons-adina-la-start-up-yophi-sarl-cible-desormais-le-marche-europeen","og_site_name":"Cameroun","article_published_time":"2022-07-19T14:59:47+00:00","article_modified_time":"2022-07-19T16:07:00+00:00","og_image":[{"width":720,"height":479,"url":"https:\/\/static.africa-press.net\/cameroun\/sites\/57\/2022\/07\/img-62d6d68f0f14e.jpg","type":"image\/jpeg"}],"author":"cfeditorfr","twitter_card":"summary_large_image","twitter_misc":{"\u00c9crit par":"cfeditorfr","Dur\u00e9e de lecture estim\u00e9e":"1 minute"},"schema":{"@context":"https:\/\/schema.org","@graph":[{"@type":"Article","@id":"https:\/\/www.africa-press.net\/cameroun\/economie\/made-in-cameroon-avec-sa-marque-de-savons-adina-la-start-up-yophi-sarl-cible-desormais-le-marche-europeen#article","isPartOf":{"@id":"https:\/\/www.africa-press.net\/cameroun\/economie\/made-in-cameroon-avec-sa-marque-de-savons-adina-la-start-up-yophi-sarl-cible-desormais-le-marche-europeen"},"author":{"name":"cfeditorfr","@id":"https:\/\/www.africa-press.net\/cameroun\/#\/schema\/person\/2b1cf3cd81a31e3cd26889ca66d677f1"},"headline":"Made in Cameroon: avec sa marque de savons Adina, la start-up Yophi Sarl cible d\u00e9sormais le march\u00e9 europ\u00e9en","datePublished":"2022-07-19T14:59:47+00:00","dateModified":"2022-07-19T16:07:00+00:00","mainEntityOfPage":{"@id":"https:\/\/www.africa-press.net\/cameroun\/economie\/made-in-cameroon-avec-sa-marque-de-savons-adina-la-start-up-yophi-sarl-cible-desormais-le-marche-europeen"},"wordCount":321,"commentCount":0,"image":{"@id":"https:\/\/www.africa-press.net\/cameroun\/economie\/made-in-cameroon-avec-sa-marque-de-savons-adina-la-start-up-yophi-sarl-cible-desormais-le-marche-europeen#primaryimage"},"thumbnailUrl":"https:\/\/static.africa-press.net\/cameroun\/sites\/57\/2022\/07\/img-62d6d68f0f14e.jpg","keywords":["Africa Press","Africa Press-Cameroun","Cameroun"],"articleSection":["\u00c9conomie","homepage-french","Toutes les actualit\u00e9s"],"inLanguage":"fr-FR","potentialAction":[{"@type":"CommentAction","name":"Comment","target":["https:\/\/www.africa-press.net\/cameroun\/economie\/made-in-cameroon-avec-sa-marque-de-savons-adina-la-start-up-yophi-sarl-cible-desormais-le-marche-europeen#respond"]}]},{"@type":"WebPage","@id":"https:\/\/www.africa-press.net\/cameroun\/economie\/made-in-cameroon-avec-sa-marque-de-savons-adina-la-start-up-yophi-sarl-cible-desormais-le-marche-europeen","url":"https:\/\/www.africa-press.net\/cameroun\/economie\/made-in-cameroon-avec-sa-marque-de-savons-adina-la-start-up-yophi-sarl-cible-desormais-le-marche-europeen","name":"Made in Cameroon: avec sa marque de savons Adina, la start-up Yophi Sarl cible d\u00e9sormais le march\u00e9 europ\u00e9en - Cameroun","isPartOf":{"@id":"https:\/\/www.africa-press.net\/cameroun\/#website"},"primaryImageOfPage":{"@id":"https:\/\/www.africa-press.net\/cameroun\/economie\/made-in-cameroon-avec-sa-marque-de-savons-adina-la-start-up-yophi-sarl-cible-desormais-le-marche-europeen#primaryimage"},"image":{"@id":"https:\/\/www.africa-press.net\/cameroun\/economie\/made-in-cameroon-avec-sa-marque-de-savons-adina-la-start-up-yophi-sarl-cible-desormais-le-marche-europeen#primaryimage"},"thumbnailUrl":"https:\/\/static.africa-press.net\/cameroun\/sites\/57\/2022\/07\/img-62d6d68f0f14e.jpg","datePublished":"2022-07-19T14:59:47+00:00","dateModified":"2022-07-19T16:07:00+00:00","author":{"@id":"https:\/\/www.africa-press.net\/cameroun\/#\/schema\/person\/2b1cf3cd81a31e3cd26889ca66d677f1"},"description":"Investir au Cameroun) - Apr\u00e8s ses deux boutiques de Douala et de Yaound\u00e9, la start-up camerounaise Yophi Sarl, qui produ ...","breadcrumb":{"@id":"https:\/\/www.africa-press.net\/cameroun\/economie\/made-in-cameroon-avec-sa-marque-de-savons-adina-la-start-up-yophi-sarl-cible-desormais-le-marche-europeen#breadcrumb"},"inLanguage":"fr-FR","potentialAction":[{"@type":"ReadAction","target":["https:\/\/www.africa-press.net\/cameroun\/economie\/made-in-cameroon-avec-sa-marque-de-savons-adina-la-start-up-yophi-sarl-cible-desormais-le-marche-europeen"]}]},{"@type":"ImageObject","inLanguage":"fr-FR","@id":"https:\/\/www.africa-press.net\/cameroun\/economie\/made-in-cameroon-avec-sa-marque-de-savons-adina-la-start-up-yophi-sarl-cible-desormais-le-marche-europeen#primaryimage","url":"https:\/\/static.africa-press.net\/cameroun\/sites\/57\/2022\/07\/img-62d6d68f0f14e.jpg","contentUrl":"https:\/\/static.africa-press.net\/cameroun\/sites\/57\/2022\/07\/img-62d6d68f0f14e.jpg","width":720,"height":479,"caption":"Made in Cameroon: avec sa marque de savons Adina, la start-up Yophi Sarl cible d\u00e9sormais le march\u00e9 europ\u00e9en"},{"@type":"BreadcrumbList","@id":"https:\/\/www.africa-press.net\/cameroun\/economie\/made-in-cameroon-avec-sa-marque-de-savons-adina-la-start-up-yophi-sarl-cible-desormais-le-marche-europeen#breadcrumb","itemListElement":[{"@type":"ListItem","position":1,"name":"Accueil","item":"https:\/\/www.africa-press.net\/cameroun\/"},{"@type":"ListItem","position":2,"name":"Made in Cameroon: avec sa marque de savons Adina, la start-up Yophi Sarl cible d\u00e9sormais le march\u00e9 europ\u00e9en"}]},{"@type":"WebSite","@id":"https:\/\/www.africa-press.net\/cameroun\/#website","url":"https:\/\/www.africa-press.net\/cameroun\/","name":"Cameroun","description":"Just another Africa News Agency Sites site","potentialAction":[{"@type":"SearchAction","target":{"@type":"EntryPoint","urlTemplate":"https:\/\/www.africa-press.net\/cameroun\/?s={search_term_string}"},"query-input":{"@type":"PropertyValueSpecification","valueRequired":true,"valueName":"search_term_string"}}],"inLanguage":"fr-FR"},{"@type":"Person","@id":"https:\/\/www.africa-press.net\/cameroun\/#\/schema\/person\/2b1cf3cd81a31e3cd26889ca66d677f1","name":"cfeditorfr"}]}},"_links":{"self":[{"href":"https:\/\/www.africa-press.net\/cameroun\/wp-json\/wp\/v2\/posts\/23831","targetHints":{"allow":["GET"]}}],"collection":[{"href":"https:\/\/www.africa-press.net\/cameroun\/wp-json\/wp\/v2\/posts"}],"about":[{"href":"https:\/\/www.africa-press.net\/cameroun\/wp-json\/wp\/v2\/types\/post"}],"author":[{"embeddable":true,"href":"https:\/\/www.africa-press.net\/cameroun\/wp-json\/wp\/v2\/users\/82"}],"replies":[{"embeddable":true,"href":"https:\/\/www.africa-press.net\/cameroun\/wp-json\/wp\/v2\/comments?post=23831"}],"version-history":[{"count":0,"href":"https:\/\/www.africa-press.net\/cameroun\/wp-json\/wp\/v2\/posts\/23831\/revisions"}],"wp:featuredmedia":[{"embeddable":true,"href":"https:\/\/www.africa-press.net\/cameroun\/wp-json\/wp\/v2\/media\/23830"}],"wp:attachment":[{"href":"https:\/\/www.africa-press.net\/cameroun\/wp-json\/wp\/v2\/media?parent=23831"}],"wp:term":[{"taxonomy":"category","embeddable":true,"href":"https:\/\/www.africa-press.net\/cameroun\/wp-json\/wp\/v2\/categories?post=23831"},{"taxonomy":"post_tag","embeddable":true,"href":"https:\/\/www.africa-press.net\/cameroun\/wp-json\/wp\/v2\/tags?post=23831"}],"curies":[{"name":"wp","href":"https:\/\/api.w.org\/{rel}","templated":true}]}}