{"id":23871,"date":"2022-07-20T19:12:37","date_gmt":"2022-07-20T19:12:37","guid":{"rendered":"https:\/\/www.africa-press.net\/cameroun\/politique\/cameroun-lusine-dassemblage-des-tracteurs-debolowa-retrocedee-au-ceneema"},"modified":"2022-07-20T21:34:54","modified_gmt":"2022-07-20T21:34:54","slug":"cameroun-lusine-dassemblage-des-tracteurs-debolowa-retrocedee-au-ceneema","status":"publish","type":"post","link":"https:\/\/www.africa-press.net\/cameroun\/economie\/cameroun-lusine-dassemblage-des-tracteurs-debolowa-retrocedee-au-ceneema","title":{"rendered":"Cameroun: L\u2019usine d\u2019assemblage des tracteurs d\u2019Ebolowa  r\u00e9troc\u00e9d\u00e9e au Ceneema"},"content":{"rendered":"<p><span style=\"color: #ff6600\"><strong>Africa-Press &#8211; Cameroun. <\/strong><\/span>Le Minepat (minist\u00e8re de l\u2019Economie, de la planification et de l\u2019am\u00e9nagement du territoire) est en train de nous r\u00e9troc\u00e9der l\u2019usine d\u2019assemblage des tracteurs d\u2019Ebolowa, avec les pools r\u00e9gionaux qu\u2019il avait d\u00e9j\u00e0 construits dans certaines r\u00e9gions. Dans les prochains jours, il y aura des missions conjointes sur le terrain pour faire l\u2019inventaire de ce qui s\u2019\u00e8 trouve, pour que la r\u00e9trocession commence\u00bb.<\/p>\n<p>Ces propos sont de Caroline Mebande Abate, directeur g\u00e9n\u00e9ral du Centre national d\u2019\u00e9tudes et d\u2019exp\u00e9rimentation du machinisme agricole (Ceneema), au sortir de la 29\u00e8me session du conseil d\u2019administration de ladite structure, tenu le 29 juin 2022 \u00e0 Yaound\u00e9. Le Ceneema va \u00e9galement poursuivre le suivi de la fabrication des futurs engins que va abriter le site d\u2019Ebolowa. Apr\u00e8s la convention sign\u00e9e entre les gouvernements camerounais et indien pour l\u2019usine d\u2019assemblage des tracteurs \u00e0 Ebolowa dans la r\u00e9gion du Sud, pour la premi\u00e8re phase de ce projet, Caroline Mebande Abate a pr\u00e9cis\u00e9 \u00e0 la presse que cette deuxi\u00e8me phase n\u2019aura pas 1 000 tracteurs mais plut\u00f4t 236 tracteurs de grande capacit\u00e9.<\/p>\n<p>Cette nouvelle cargaison sera constitu\u00e9e de bulldozers, niveleuses, camions, porte chars, camions-ateliers qui sont des \u00e9quipements \u00e9valu\u00e9s selon la DG du Ceneema \u00e0 42 milliards FCFA. Ces \u00e9quipements seront livr\u00e9s non seulement sur le site d\u2019Ebolowa, mais \u00e9galement sur les sites d\u00e9j\u00e0 existants, avant d\u2019\u00eatre redistribu\u00e9s dans les diff\u00e9rents pools d\u2019engins que le conseil d\u2019administration du Ceneema veut cr\u00e9er \u00e0 travers le pays.<\/p>\n<p>Lors des travaux de la 29\u00e8me session du conseil d\u2019administration de ladite structure, les responsables du Ceneema ont aussi indiqu\u00e9 que ces pools de m\u00e9canisation permettent de rapprocher le service des usagers, donc d&rsquo;avoir un certain nombre d&rsquo;engins proche des bassins de production. Ce qui va r\u00e9duire le co\u00fbt des prestations car, la distance augmente avec le co\u00fbt du carburant qui est factur\u00e9. Les pools d&rsquo;engins permettent aussi d&rsquo;avoir un temps de r\u00e9action ou de r\u00e9ponse tr\u00e8s court aux besoins des usagers.<\/p>\n<p>Actuellement comme pools de m\u00e9canisation, le Ceneema compte ceux de Lagdo (Nord), Foumbot (Ouest), Santa (Nord-Ouest), Nkongsamba (Littoral) entre autres. Les documents de r\u00e9trocession sont d\u00e9j\u00e0 sign\u00e9s, reste \u00e0 faire l\u2019audit du mat\u00e9riel pr\u00e9sent sur le site d\u2019Ebolowa. Pour m\u00e9moire, en termes d&rsquo;intervention, le Ceneema a labour\u00e9 pour plus 5 000 hectares en 2021 \u00e0 Yagoua (r\u00e9gion de l\u2019Extr\u00eame-Nord) pour la Soci\u00e9t\u00e9 pour l&rsquo;expansion et la modernisation de la riziculture \u00e0 Yagoua (Semry), pr\u00e8s de 8000 hectares entre novembre 2021 et avril 2022.<\/p>\n<p>Jean Daniel Obama, CIN<\/p>\n<p><strong>Pour plus d&rsquo;informations et d&rsquo;analyses sur la <a href=\"https:\/\/www.africa-press.net\/cameroun\">Cameroun<\/a>, suivez <a href=\"https:\/\/www.africa-press.net\/\">Africa-Press<\/a><\/strong><\/p>\n","protected":false},"excerpt":{"rendered":"<p>Africa-Press &#8211; Cameroun. Le Minepat (minist\u00e8re de l\u2019Economie, de la planification et de l\u2019am\u00e9nagement du territoire) est en train de nous r\u00e9troc\u00e9der l\u2019usine d\u2019assemblage des tracteurs d\u2019Ebolowa, avec les pools r\u00e9gionaux qu\u2019il avait d\u00e9j\u00e0 construits dans certaines r\u00e9gions. Dans les prochains jours, il y aura des missions conjointes sur le terrain pour faire l\u2019inventaire de [&hellip;]<\/p>\n","protected":false},"author":82,"featured_media":23870,"comment_status":"open","ping_status":"closed","sticky":false,"template":"","format":"standard","meta":{"footnotes":""},"categories":[3,11,10],"tags":[36,50,49],"class_list":["post-23871","post","type-post","status-publish","format-standard","has-post-thumbnail","hentry","category-economie","category-homepage-french","category-toutes-les-actualites","tag-africa-press","tag-africa-press-cameroun","tag-cameroun"],"yoast_head":"<!-- This site is optimized with the Yoast SEO Premium plugin v26.1 (Yoast SEO v27.0) - https:\/\/yoast.com\/product\/yoast-seo-premium-wordpress\/ -->\n<title>Cameroun: L\u2019usine d\u2019assemblage des tracteurs d\u2019Ebolowa r\u00e9troc\u00e9d\u00e9e au Ceneema - Cameroun<\/title>\n<meta name=\"description\" content=\"Le Minepat (minist\u00e8re de l\u2019Economie, de la planification et de l\u2019am\u00e9nagement du territoire) est en train de nous r\u00e9troc\u00e9 ...\" \/>\n<meta name=\"robots\" content=\"index, follow, max-snippet:-1, max-image-preview:large, max-video-preview:-1\" \/>\n<link rel=\"canonical\" href=\"https:\/\/www.africa-press.net\/cameroun\/economie\/cameroun-lusine-dassemblage-des-tracteurs-debolowa-retrocedee-au-ceneema\" \/>\n<meta property=\"og:locale\" content=\"fr_FR\" \/>\n<meta property=\"og:type\" content=\"article\" \/>\n<meta property=\"og:title\" content=\"Cameroun: L\u2019usine d\u2019assemblage des tracteurs d\u2019Ebolowa r\u00e9troc\u00e9d\u00e9e au Ceneema\" \/>\n<meta property=\"og:description\" content=\"Le Minepat (minist\u00e8re de l\u2019Economie, de la planification et de l\u2019am\u00e9nagement du territoire) est en train de nous r\u00e9troc\u00e9 ...\" \/>\n<meta property=\"og:url\" content=\"https:\/\/www.africa-press.net\/cameroun\/economie\/cameroun-lusine-dassemblage-des-tracteurs-debolowa-retrocedee-au-ceneema\" \/>\n<meta property=\"og:site_name\" content=\"Cameroun\" \/>\n<meta property=\"article:published_time\" content=\"2022-07-20T19:12:37+00:00\" \/>\n<meta property=\"article:modified_time\" content=\"2022-07-20T21:34:54+00:00\" \/>\n<meta property=\"og:image\" content=\"https:\/\/static.africa-press.net\/cameroun\/sites\/57\/2022\/07\/img-62d874e5cde5a.jpg\" \/>\n\t<meta property=\"og:image:width\" content=\"800\" \/>\n\t<meta property=\"og:image:height\" content=\"722\" \/>\n\t<meta property=\"og:image:type\" content=\"image\/jpeg\" \/>\n<meta name=\"author\" content=\"cfeditorfr\" \/>\n<meta name=\"twitter:card\" content=\"summary_large_image\" \/>\n<meta name=\"twitter:label1\" content=\"\u00c9crit par\" \/>\n\t<meta name=\"twitter:data1\" content=\"cfeditorfr\" \/>\n\t<meta name=\"twitter:label2\" content=\"Dur\u00e9e de lecture estim\u00e9e\" \/>\n\t<meta name=\"twitter:data2\" content=\"2 minutes\" \/>\n<script type=\"application\/ld+json\" class=\"yoast-schema-graph\">{\"@context\":\"https:\/\/schema.org\",\"@graph\":[{\"@type\":\"Article\",\"@id\":\"https:\/\/www.africa-press.net\/cameroun\/economie\/cameroun-lusine-dassemblage-des-tracteurs-debolowa-retrocedee-au-ceneema#article\",\"isPartOf\":{\"@id\":\"https:\/\/www.africa-press.net\/cameroun\/economie\/cameroun-lusine-dassemblage-des-tracteurs-debolowa-retrocedee-au-ceneema\"},\"author\":{\"name\":\"cfeditorfr\",\"@id\":\"https:\/\/www.africa-press.net\/cameroun\/#\/schema\/person\/2b1cf3cd81a31e3cd26889ca66d677f1\"},\"headline\":\"Cameroun: L\u2019usine d\u2019assemblage des tracteurs d\u2019Ebolowa r\u00e9troc\u00e9d\u00e9e au Ceneema\",\"datePublished\":\"2022-07-20T19:12:37+00:00\",\"dateModified\":\"2022-07-20T21:34:54+00:00\",\"mainEntityOfPage\":{\"@id\":\"https:\/\/www.africa-press.net\/cameroun\/economie\/cameroun-lusine-dassemblage-des-tracteurs-debolowa-retrocedee-au-ceneema\"},\"wordCount\":484,\"commentCount\":0,\"image\":{\"@id\":\"https:\/\/www.africa-press.net\/cameroun\/economie\/cameroun-lusine-dassemblage-des-tracteurs-debolowa-retrocedee-au-ceneema#primaryimage\"},\"thumbnailUrl\":\"https:\/\/static.africa-press.net\/cameroun\/sites\/57\/2022\/07\/img-62d874e5cde5a.jpg\",\"keywords\":[\"Africa Press\",\"Africa Press-Cameroun\",\"Cameroun\"],\"articleSection\":[\"\u00c9conomie\",\"homepage-french\",\"Toutes les actualit\u00e9s\"],\"inLanguage\":\"fr-FR\",\"potentialAction\":[{\"@type\":\"CommentAction\",\"name\":\"Comment\",\"target\":[\"https:\/\/www.africa-press.net\/cameroun\/economie\/cameroun-lusine-dassemblage-des-tracteurs-debolowa-retrocedee-au-ceneema#respond\"]}]},{\"@type\":\"WebPage\",\"@id\":\"https:\/\/www.africa-press.net\/cameroun\/economie\/cameroun-lusine-dassemblage-des-tracteurs-debolowa-retrocedee-au-ceneema\",\"url\":\"https:\/\/www.africa-press.net\/cameroun\/economie\/cameroun-lusine-dassemblage-des-tracteurs-debolowa-retrocedee-au-ceneema\",\"name\":\"Cameroun: L\u2019usine d\u2019assemblage des tracteurs d\u2019Ebolowa r\u00e9troc\u00e9d\u00e9e au Ceneema - Cameroun\",\"isPartOf\":{\"@id\":\"https:\/\/www.africa-press.net\/cameroun\/#website\"},\"primaryImageOfPage\":{\"@id\":\"https:\/\/www.africa-press.net\/cameroun\/economie\/cameroun-lusine-dassemblage-des-tracteurs-debolowa-retrocedee-au-ceneema#primaryimage\"},\"image\":{\"@id\":\"https:\/\/www.africa-press.net\/cameroun\/economie\/cameroun-lusine-dassemblage-des-tracteurs-debolowa-retrocedee-au-ceneema#primaryimage\"},\"thumbnailUrl\":\"https:\/\/static.africa-press.net\/cameroun\/sites\/57\/2022\/07\/img-62d874e5cde5a.jpg\",\"datePublished\":\"2022-07-20T19:12:37+00:00\",\"dateModified\":\"2022-07-20T21:34:54+00:00\",\"author\":{\"@id\":\"https:\/\/www.africa-press.net\/cameroun\/#\/schema\/person\/2b1cf3cd81a31e3cd26889ca66d677f1\"},\"description\":\"Le Minepat (minist\u00e8re de l\u2019Economie, de la planification et de l\u2019am\u00e9nagement du territoire) est en train de nous r\u00e9troc\u00e9 ...\",\"breadcrumb\":{\"@id\":\"https:\/\/www.africa-press.net\/cameroun\/economie\/cameroun-lusine-dassemblage-des-tracteurs-debolowa-retrocedee-au-ceneema#breadcrumb\"},\"inLanguage\":\"fr-FR\",\"potentialAction\":[{\"@type\":\"ReadAction\",\"target\":[\"https:\/\/www.africa-press.net\/cameroun\/economie\/cameroun-lusine-dassemblage-des-tracteurs-debolowa-retrocedee-au-ceneema\"]}]},{\"@type\":\"ImageObject\",\"inLanguage\":\"fr-FR\",\"@id\":\"https:\/\/www.africa-press.net\/cameroun\/economie\/cameroun-lusine-dassemblage-des-tracteurs-debolowa-retrocedee-au-ceneema#primaryimage\",\"url\":\"https:\/\/static.africa-press.net\/cameroun\/sites\/57\/2022\/07\/img-62d874e5cde5a.jpg\",\"contentUrl\":\"https:\/\/static.africa-press.net\/cameroun\/sites\/57\/2022\/07\/img-62d874e5cde5a.jpg\",\"width\":800,\"height\":722,\"caption\":\"Cameroun: L\u2019usine d\u2019assemblage des tracteurs d\u2019Ebolowa r\u00e9troc\u00e9d\u00e9e au Ceneema\"},{\"@type\":\"BreadcrumbList\",\"@id\":\"https:\/\/www.africa-press.net\/cameroun\/economie\/cameroun-lusine-dassemblage-des-tracteurs-debolowa-retrocedee-au-ceneema#breadcrumb\",\"itemListElement\":[{\"@type\":\"ListItem\",\"position\":1,\"name\":\"Accueil\",\"item\":\"https:\/\/www.africa-press.net\/cameroun\/\"},{\"@type\":\"ListItem\",\"position\":2,\"name\":\"Cameroun: L\u2019usine d\u2019assemblage des tracteurs d\u2019Ebolowa r\u00e9troc\u00e9d\u00e9e au Ceneema\"}]},{\"@type\":\"WebSite\",\"@id\":\"https:\/\/www.africa-press.net\/cameroun\/#website\",\"url\":\"https:\/\/www.africa-press.net\/cameroun\/\",\"name\":\"Cameroun\",\"description\":\"Just another Africa News Agency Sites site\",\"potentialAction\":[{\"@type\":\"SearchAction\",\"target\":{\"@type\":\"EntryPoint\",\"urlTemplate\":\"https:\/\/www.africa-press.net\/cameroun\/?s={search_term_string}\"},\"query-input\":{\"@type\":\"PropertyValueSpecification\",\"valueRequired\":true,\"valueName\":\"search_term_string\"}}],\"inLanguage\":\"fr-FR\"},{\"@type\":\"Person\",\"@id\":\"https:\/\/www.africa-press.net\/cameroun\/#\/schema\/person\/2b1cf3cd81a31e3cd26889ca66d677f1\",\"name\":\"cfeditorfr\"}]}<\/script>\n<!-- \/ Yoast SEO Premium plugin. -->","yoast_head_json":{"title":"Cameroun: L\u2019usine d\u2019assemblage des tracteurs d\u2019Ebolowa r\u00e9troc\u00e9d\u00e9e au Ceneema - Cameroun","description":"Le Minepat (minist\u00e8re de l\u2019Economie, de la planification et de l\u2019am\u00e9nagement du territoire) est en train de nous r\u00e9troc\u00e9 ...","robots":{"index":"index","follow":"follow","max-snippet":"max-snippet:-1","max-image-preview":"max-image-preview:large","max-video-preview":"max-video-preview:-1"},"canonical":"https:\/\/www.africa-press.net\/cameroun\/economie\/cameroun-lusine-dassemblage-des-tracteurs-debolowa-retrocedee-au-ceneema","og_locale":"fr_FR","og_type":"article","og_title":"Cameroun: L\u2019usine d\u2019assemblage des tracteurs d\u2019Ebolowa r\u00e9troc\u00e9d\u00e9e au Ceneema","og_description":"Le Minepat (minist\u00e8re de l\u2019Economie, de la planification et de l\u2019am\u00e9nagement du territoire) est en train de nous r\u00e9troc\u00e9 ...","og_url":"https:\/\/www.africa-press.net\/cameroun\/economie\/cameroun-lusine-dassemblage-des-tracteurs-debolowa-retrocedee-au-ceneema","og_site_name":"Cameroun","article_published_time":"2022-07-20T19:12:37+00:00","article_modified_time":"2022-07-20T21:34:54+00:00","og_image":[{"width":800,"height":722,"url":"https:\/\/static.africa-press.net\/cameroun\/sites\/57\/2022\/07\/img-62d874e5cde5a.jpg","type":"image\/jpeg"}],"author":"cfeditorfr","twitter_card":"summary_large_image","twitter_misc":{"\u00c9crit par":"cfeditorfr","Dur\u00e9e de lecture estim\u00e9e":"2 minutes"},"schema":{"@context":"https:\/\/schema.org","@graph":[{"@type":"Article","@id":"https:\/\/www.africa-press.net\/cameroun\/economie\/cameroun-lusine-dassemblage-des-tracteurs-debolowa-retrocedee-au-ceneema#article","isPartOf":{"@id":"https:\/\/www.africa-press.net\/cameroun\/economie\/cameroun-lusine-dassemblage-des-tracteurs-debolowa-retrocedee-au-ceneema"},"author":{"name":"cfeditorfr","@id":"https:\/\/www.africa-press.net\/cameroun\/#\/schema\/person\/2b1cf3cd81a31e3cd26889ca66d677f1"},"headline":"Cameroun: L\u2019usine d\u2019assemblage des tracteurs d\u2019Ebolowa r\u00e9troc\u00e9d\u00e9e au Ceneema","datePublished":"2022-07-20T19:12:37+00:00","dateModified":"2022-07-20T21:34:54+00:00","mainEntityOfPage":{"@id":"https:\/\/www.africa-press.net\/cameroun\/economie\/cameroun-lusine-dassemblage-des-tracteurs-debolowa-retrocedee-au-ceneema"},"wordCount":484,"commentCount":0,"image":{"@id":"https:\/\/www.africa-press.net\/cameroun\/economie\/cameroun-lusine-dassemblage-des-tracteurs-debolowa-retrocedee-au-ceneema#primaryimage"},"thumbnailUrl":"https:\/\/static.africa-press.net\/cameroun\/sites\/57\/2022\/07\/img-62d874e5cde5a.jpg","keywords":["Africa Press","Africa Press-Cameroun","Cameroun"],"articleSection":["\u00c9conomie","homepage-french","Toutes les actualit\u00e9s"],"inLanguage":"fr-FR","potentialAction":[{"@type":"CommentAction","name":"Comment","target":["https:\/\/www.africa-press.net\/cameroun\/economie\/cameroun-lusine-dassemblage-des-tracteurs-debolowa-retrocedee-au-ceneema#respond"]}]},{"@type":"WebPage","@id":"https:\/\/www.africa-press.net\/cameroun\/economie\/cameroun-lusine-dassemblage-des-tracteurs-debolowa-retrocedee-au-ceneema","url":"https:\/\/www.africa-press.net\/cameroun\/economie\/cameroun-lusine-dassemblage-des-tracteurs-debolowa-retrocedee-au-ceneema","name":"Cameroun: L\u2019usine d\u2019assemblage des tracteurs d\u2019Ebolowa r\u00e9troc\u00e9d\u00e9e au Ceneema - Cameroun","isPartOf":{"@id":"https:\/\/www.africa-press.net\/cameroun\/#website"},"primaryImageOfPage":{"@id":"https:\/\/www.africa-press.net\/cameroun\/economie\/cameroun-lusine-dassemblage-des-tracteurs-debolowa-retrocedee-au-ceneema#primaryimage"},"image":{"@id":"https:\/\/www.africa-press.net\/cameroun\/economie\/cameroun-lusine-dassemblage-des-tracteurs-debolowa-retrocedee-au-ceneema#primaryimage"},"thumbnailUrl":"https:\/\/static.africa-press.net\/cameroun\/sites\/57\/2022\/07\/img-62d874e5cde5a.jpg","datePublished":"2022-07-20T19:12:37+00:00","dateModified":"2022-07-20T21:34:54+00:00","author":{"@id":"https:\/\/www.africa-press.net\/cameroun\/#\/schema\/person\/2b1cf3cd81a31e3cd26889ca66d677f1"},"description":"Le Minepat (minist\u00e8re de l\u2019Economie, de la planification et de l\u2019am\u00e9nagement du territoire) est en train de nous r\u00e9troc\u00e9 ...","breadcrumb":{"@id":"https:\/\/www.africa-press.net\/cameroun\/economie\/cameroun-lusine-dassemblage-des-tracteurs-debolowa-retrocedee-au-ceneema#breadcrumb"},"inLanguage":"fr-FR","potentialAction":[{"@type":"ReadAction","target":["https:\/\/www.africa-press.net\/cameroun\/economie\/cameroun-lusine-dassemblage-des-tracteurs-debolowa-retrocedee-au-ceneema"]}]},{"@type":"ImageObject","inLanguage":"fr-FR","@id":"https:\/\/www.africa-press.net\/cameroun\/economie\/cameroun-lusine-dassemblage-des-tracteurs-debolowa-retrocedee-au-ceneema#primaryimage","url":"https:\/\/static.africa-press.net\/cameroun\/sites\/57\/2022\/07\/img-62d874e5cde5a.jpg","contentUrl":"https:\/\/static.africa-press.net\/cameroun\/sites\/57\/2022\/07\/img-62d874e5cde5a.jpg","width":800,"height":722,"caption":"Cameroun: L\u2019usine d\u2019assemblage des tracteurs d\u2019Ebolowa r\u00e9troc\u00e9d\u00e9e au Ceneema"},{"@type":"BreadcrumbList","@id":"https:\/\/www.africa-press.net\/cameroun\/economie\/cameroun-lusine-dassemblage-des-tracteurs-debolowa-retrocedee-au-ceneema#breadcrumb","itemListElement":[{"@type":"ListItem","position":1,"name":"Accueil","item":"https:\/\/www.africa-press.net\/cameroun\/"},{"@type":"ListItem","position":2,"name":"Cameroun: L\u2019usine d\u2019assemblage des tracteurs d\u2019Ebolowa r\u00e9troc\u00e9d\u00e9e au Ceneema"}]},{"@type":"WebSite","@id":"https:\/\/www.africa-press.net\/cameroun\/#website","url":"https:\/\/www.africa-press.net\/cameroun\/","name":"Cameroun","description":"Just another Africa News Agency Sites site","potentialAction":[{"@type":"SearchAction","target":{"@type":"EntryPoint","urlTemplate":"https:\/\/www.africa-press.net\/cameroun\/?s={search_term_string}"},"query-input":{"@type":"PropertyValueSpecification","valueRequired":true,"valueName":"search_term_string"}}],"inLanguage":"fr-FR"},{"@type":"Person","@id":"https:\/\/www.africa-press.net\/cameroun\/#\/schema\/person\/2b1cf3cd81a31e3cd26889ca66d677f1","name":"cfeditorfr"}]}},"_links":{"self":[{"href":"https:\/\/www.africa-press.net\/cameroun\/wp-json\/wp\/v2\/posts\/23871","targetHints":{"allow":["GET"]}}],"collection":[{"href":"https:\/\/www.africa-press.net\/cameroun\/wp-json\/wp\/v2\/posts"}],"about":[{"href":"https:\/\/www.africa-press.net\/cameroun\/wp-json\/wp\/v2\/types\/post"}],"author":[{"embeddable":true,"href":"https:\/\/www.africa-press.net\/cameroun\/wp-json\/wp\/v2\/users\/82"}],"replies":[{"embeddable":true,"href":"https:\/\/www.africa-press.net\/cameroun\/wp-json\/wp\/v2\/comments?post=23871"}],"version-history":[{"count":0,"href":"https:\/\/www.africa-press.net\/cameroun\/wp-json\/wp\/v2\/posts\/23871\/revisions"}],"wp:featuredmedia":[{"embeddable":true,"href":"https:\/\/www.africa-press.net\/cameroun\/wp-json\/wp\/v2\/media\/23870"}],"wp:attachment":[{"href":"https:\/\/www.africa-press.net\/cameroun\/wp-json\/wp\/v2\/media?parent=23871"}],"wp:term":[{"taxonomy":"category","embeddable":true,"href":"https:\/\/www.africa-press.net\/cameroun\/wp-json\/wp\/v2\/categories?post=23871"},{"taxonomy":"post_tag","embeddable":true,"href":"https:\/\/www.africa-press.net\/cameroun\/wp-json\/wp\/v2\/tags?post=23871"}],"curies":[{"name":"wp","href":"https:\/\/api.w.org\/{rel}","templated":true}]}}