{"id":23883,"date":"2022-07-20T19:42:45","date_gmt":"2022-07-20T19:42:45","guid":{"rendered":"https:\/\/www.africa-press.net\/cameroun\/politique\/mais-quest-ce-que-macron-peut-bien-venir-faire-au-cameroun"},"modified":"2022-07-20T21:38:10","modified_gmt":"2022-07-20T21:38:10","slug":"mais-quest-ce-que-macron-peut-bien-venir-faire-au-cameroun","status":"publish","type":"post","link":"https:\/\/www.africa-press.net\/cameroun\/dossiers\/mais-quest-ce-que-macron-peut-bien-venir-faire-au-cameroun","title":{"rendered":"Mais qu\u2019est-ce que Macron peut bien venir faire au Cameroun\u00a0?"},"content":{"rendered":"<p><span style=\"color: #ff6600\"><strong>Africa-Press &#8211; Cameroun. <\/strong><\/span>On annonce la visite imminente du pr\u00e9sident de la R\u00e9publique fran\u00e7aise au Cameroun. Il serait accompagn\u00e9 de Catherine Colonna, ministre des Affaires europ\u00e9ennes et \u00e9trang\u00e8res, d\u2019Alexis Kohler, secr\u00e9taire g\u00e9n\u00e9ral de l\u2019\u00c9lys\u00e9e, de Franck Paris, le monsieur Afrique du pr\u00e9sident, et de Christophe Bigot, directeur Afrique du minist\u00e8re des Affaires Europ\u00e9ennes et \u00c9trang\u00e8res. Donc, pas une visite anodine, une vraie visite d\u2019\u00c9tat pour un pr\u00e9sident re-nouvellement \u00e9lu.<\/p>\n<p>La question qui se pose est la suivante : pourquoi tant de pr\u00e9cipitation, tant d\u2019honneurs et en fin de compte, pour quoi faire et pourquoi le Cameroun ?<\/p>\n<p>Pour avoir suivi et suivre toujours de pr\u00e8s, voire de tr\u00e8s pr\u00e8s, la politique int\u00e9rieure du Cameroun, nous ne pouvons nous \u00e9tonner car c\u2019est la suite logique d\u2019une politique initi\u00e9e depuis longtemps : soutenir sans le dire ouvertement Paul Biya et, peut-\u00eatre, obtenir des gages \u00e9conomiques ?<\/p>\n<p>La constante de la politique fran\u00e7aise depuis la fin de la Fran\u00e7afrique semble \u00eatre de faire confiance \u00e0 celui qui est en place, \u00e0 sa succession choisie, plut\u00f4t que de jouer la carte du renouveau et de la rupture, par peur de l\u2019inconnu, la nouvelle femme ou le nouvel homme dont on ne conna\u00eet pas vraiment les objectifs. Au Cameroun comme ailleurs en Afrique.<\/p>\n<p><b>Il ne peut ignorer\u2026<\/b><\/p>\n<p>On nous a dit et r\u00e9p\u00e9t\u00e9 au minist\u00e8re des Affaires \u00e9trang\u00e8res, o\u00f9 nous avons rencontr\u00e9 de nombreuses personnes \u2013 d\u2019ailleurs de moins en moins responsables \u2013, que la France ne se m\u00ealait jamais des affaires int\u00e9rieures d\u2019un autre pays. Comment y croire ? Y croient-ils eux-m\u00eames ?<\/p>\n<p>C\u2019est, en effet, difficile \u00e0 croire alors que cette visite se situe en pleine p\u00e9riode de succession \u00e0 la t\u00eate de l\u2019\u00c9tat camerounais. Alors que les guerres intestines font rage pour succ\u00e9der \u00e0 Paul Biya, qui n\u2019est pas \u00e9ternel, Emmanuel Macron vient passer deux jours au Cameroun. Il ne peut ignorer les luttes au sein du RDPC, le choix de Paul Biya, le choix de Chantal Biya, la mont\u00e9e en puissance de Franck Biya (notons au passage qu\u2019il a \u00e9t\u00e9 re\u00e7u r\u00e9cemment \u00e0 l\u2019\u00c9lys\u00e9e), les progressistes du RDPC \u2013 s\u2019ils ont le courage de s\u2019affirmer. Il ne peut ignorer les forces de l\u2019opposition qui font un score si m\u00e9diocre aux pr\u00e9sidentielles, en particulier Maurice Kamto, il en conna\u00eet les raisons. Il ne peut ignorer les probl\u00e8mes du Noso et les dissidences violentes et s\u00e9cessionnistes induites. Il ne peut ignorer les accords de d\u00e9fense avec la Russie et les agissements de la Chine\u2026<\/p>\n<p>Il ne peut ignorer que l\u2019avenir du Cameroun p\u00e8sera fortement sur la stabilit\u00e9 de l\u2019Afrique centrale et de l\u2019Ouest.<\/p>\n<p>Que vient-il faire ?<\/p>\n<p>Il y a maintenant tr\u00e8s longtemps que nous suivons, de l\u2019int\u00e9rieur, l\u2019\u00e9volution politique du Cameroun : l\u2019affaiblissement progressif du SDF de John Fru Ndi, qui aurait d\u00fb gagner les pr\u00e9sidentielles de 1992, la dissidence de Bernard Muna, qui a quitt\u00e9 le SDF pour tenter de relancer une opposition trop proche du pouvoir et trop noyaut\u00e9e par Fru Ndi, le retrait d\u2019Ak\u00e9r\u00e9 Muna face \u00e0 la division de l\u2019opposition, la d\u00e9faite de Maurice Kamto et sa mise \u00e0 l\u2019\u00e9cart de la sc\u00e8ne politique.<\/p>\n<p>Il ne peut ignorer cela.<\/p>\n<p>Il ne peut ignorer la corruption profonde qui r\u00e8gne dans toute la soci\u00e9t\u00e9 et qui est un instrument politique, comme le communautarisme diviseur mis en place par le pouvoir, ni ces op\u00e9rations \u00c9pervier qui mettent hors circuit les opposants dangereux, Marafa Hamidou Yaya en \u00e9tant le plus repr\u00e9sentatif, par suspicion de corruption\u2026 un comble. Mais tout ceci est fait dans la l\u00e9galit\u00e9, car c\u2019est la loi telle qu\u2019elle est \u00e9crite par le pouvoir qui le permet. \u00c0 ce titre, la loi est un instrument politique qui donne une apparence de d\u00e9mocratie, et non un instrument d\u2019\u00e9galit\u00e9 au service du peuple.<\/p>\n<p><b>Le choix entre la rupture et la continuit\u00e9<\/b><\/p>\n<p>Que reste-t-il aux Camerounaises et aux Camerounais pour se projeter dans un avenir lib\u00e9r\u00e9 des griffes d\u2019un homme, d\u2019une famille, d\u2019un entourage proche qui n\u2019ont aucunement l\u2019intention de se retirer de la politique, bien au contraire ?<\/p>\n<p>Il suffit de regarder dans le monde quels processus ont \u00e9t\u00e9 employ\u00e9s par les peuples qui ont dit : \u00ab \u00e7a suffit ! \u00bb Et on a la r\u00e9ponse.<\/p>\n<p>Cependant, il faut aussi regarder quels ont \u00e9t\u00e9 les r\u00e9sultats. Et l\u00e0, on ne peut pas dire qu\u2019ils ont d\u00e9pass\u00e9 les esp\u00e9rances, on peut m\u00eame dire que les d\u00e9ceptions ont \u00e9t\u00e9 nombreuses et d\u00e9chirantes. C\u2019est une le\u00e7on \u00e0 m\u00e9diter, mais elle ne doit pas conduire \u00e0 l\u2019immobilisme politique et \u00e0 la reconduction de ce qui est par rapport \u00e0 ce qui pourrait \u00eatre. Ce serait tuer l\u2019avenir.<\/p>\n<p>Le Cameroun a le choix d\u00e8s maintenant entre la rupture et la continuit\u00e9. Les forces politiques devraient se positionner face \u00e0 ces deux options pour que les alternatives soient claires dans le court terme.<\/p>\n<p>Alors, qu\u2019allez-vous faire, Monsieur le Pr\u00e9sident ? Continuer \u00e0 \u00e9couter vos conseillers, qui jusqu\u2019ici n\u2019ont pas fait preuve de clairvoyance, ou faire confiance \u00e0 l\u2019avenir, aux femmes et aux hommes nouveaux, aux vrais d\u00e9mocrates, \u00e0 celles et ceux qui ne se cachent pas derri\u00e8re une d\u00e9mocratie de fa\u00e7ade appuy\u00e9e sur une loi de circonstances ? Ou bien allez-vous prendre le risque de voir l\u2019Afrique diff\u00e9remment, particuli\u00e8rement le Cameroun, en favorisant le progressisme en politique, en donnant des signes en ce sens aux populations avides de Libert\u00e9 et d\u2019\u00c9galit\u00e9 ?<\/p>\n<p>Puisque vous \u00eates l\u00e0, au Cameroun, le Cameroun vous regarde, et certainement pas que lui.<\/p>\n<p><strong>Pour plus d&rsquo;informations et d&rsquo;analyses sur la <a href=\"https:\/\/www.africa-press.net\/cameroun\">Cameroun<\/a>, suivez <a href=\"https:\/\/www.africa-press.net\/\">Africa-Press<\/a><\/strong><\/p>\n","protected":false},"excerpt":{"rendered":"<p>Africa-Press &#8211; Cameroun. On annonce la visite imminente du pr\u00e9sident de la R\u00e9publique fran\u00e7aise au Cameroun. Il serait accompagn\u00e9 de Catherine Colonna, ministre des Affaires europ\u00e9ennes et \u00e9trang\u00e8res, d\u2019Alexis Kohler, secr\u00e9taire g\u00e9n\u00e9ral de l\u2019\u00c9lys\u00e9e, de Franck Paris, le monsieur Afrique du pr\u00e9sident, et de Christophe Bigot, directeur Afrique du minist\u00e8re des Affaires Europ\u00e9ennes et \u00c9trang\u00e8res. [&hellip;]<\/p>\n","protected":false},"author":82,"featured_media":23882,"comment_status":"open","ping_status":"closed","sticky":false,"template":"","format":"standard","meta":{"footnotes":""},"categories":[7,11,20,10],"tags":[36,50,49],"class_list":["post-23883","post","type-post","status-publish","format-standard","has-post-thumbnail","hentry","category-dossiers","category-homepage-french","category-top-nouvelles","category-toutes-les-actualites","tag-africa-press","tag-africa-press-cameroun","tag-cameroun"],"yoast_head":"<!-- This site is optimized with the Yoast SEO Premium plugin v26.1 (Yoast SEO v27.0) - https:\/\/yoast.com\/product\/yoast-seo-premium-wordpress\/ -->\n<title>Mais qu\u2019est-ce que Macron peut bien venir faire au Cameroun\u00a0? - Cameroun<\/title>\n<meta name=\"description\" content=\"On annonce la visite imminente du pr\u00e9sident de la R\u00e9publique fran\u00e7aise au Cameroun. Il serait accompagn\u00e9 de Catherine Co ...\" \/>\n<meta name=\"robots\" content=\"index, follow, max-snippet:-1, max-image-preview:large, max-video-preview:-1\" \/>\n<link rel=\"canonical\" href=\"https:\/\/www.africa-press.net\/cameroun\/dossiers\/mais-quest-ce-que-macron-peut-bien-venir-faire-au-cameroun\" \/>\n<meta property=\"og:locale\" content=\"fr_FR\" \/>\n<meta property=\"og:type\" content=\"article\" \/>\n<meta property=\"og:title\" content=\"Mais qu\u2019est-ce que Macron peut bien venir faire au Cameroun\u00a0?\" \/>\n<meta property=\"og:description\" content=\"On annonce la visite imminente du pr\u00e9sident de la R\u00e9publique fran\u00e7aise au Cameroun. Il serait accompagn\u00e9 de Catherine Co ...\" \/>\n<meta property=\"og:url\" content=\"https:\/\/www.africa-press.net\/cameroun\/dossiers\/mais-quest-ce-que-macron-peut-bien-venir-faire-au-cameroun\" \/>\n<meta property=\"og:site_name\" content=\"Cameroun\" \/>\n<meta property=\"article:published_time\" content=\"2022-07-20T19:42:45+00:00\" \/>\n<meta property=\"article:modified_time\" content=\"2022-07-20T21:38:10+00:00\" \/>\n<meta property=\"og:image\" content=\"https:\/\/static.africa-press.net\/cameroun\/sites\/57\/2022\/07\/img-62d8759d5df9a.jpg\" \/>\n\t<meta property=\"og:image:width\" content=\"1256\" \/>\n\t<meta property=\"og:image:height\" content=\"628\" \/>\n\t<meta property=\"og:image:type\" content=\"image\/jpeg\" \/>\n<meta name=\"author\" content=\"cfeditorfr\" \/>\n<meta name=\"twitter:card\" content=\"summary_large_image\" \/>\n<meta name=\"twitter:label1\" content=\"\u00c9crit par\" \/>\n\t<meta name=\"twitter:data1\" content=\"cfeditorfr\" \/>\n\t<meta name=\"twitter:label2\" content=\"Dur\u00e9e de lecture estim\u00e9e\" \/>\n\t<meta name=\"twitter:data2\" content=\"5 minutes\" \/>\n<script type=\"application\/ld+json\" class=\"yoast-schema-graph\">{\"@context\":\"https:\/\/schema.org\",\"@graph\":[{\"@type\":\"Article\",\"@id\":\"https:\/\/www.africa-press.net\/cameroun\/dossiers\/mais-quest-ce-que-macron-peut-bien-venir-faire-au-cameroun#article\",\"isPartOf\":{\"@id\":\"https:\/\/www.africa-press.net\/cameroun\/dossiers\/mais-quest-ce-que-macron-peut-bien-venir-faire-au-cameroun\"},\"author\":{\"name\":\"cfeditorfr\",\"@id\":\"https:\/\/www.africa-press.net\/cameroun\/#\/schema\/person\/2b1cf3cd81a31e3cd26889ca66d677f1\"},\"headline\":\"Mais qu\u2019est-ce que Macron peut bien venir faire au Cameroun\u00a0?\",\"datePublished\":\"2022-07-20T19:42:45+00:00\",\"dateModified\":\"2022-07-20T21:38:10+00:00\",\"mainEntityOfPage\":{\"@id\":\"https:\/\/www.africa-press.net\/cameroun\/dossiers\/mais-quest-ce-que-macron-peut-bien-venir-faire-au-cameroun\"},\"wordCount\":1009,\"commentCount\":0,\"image\":{\"@id\":\"https:\/\/www.africa-press.net\/cameroun\/dossiers\/mais-quest-ce-que-macron-peut-bien-venir-faire-au-cameroun#primaryimage\"},\"thumbnailUrl\":\"https:\/\/static.africa-press.net\/cameroun\/sites\/57\/2022\/07\/img-62d8759d5df9a.jpg\",\"keywords\":[\"Africa Press\",\"Africa Press-Cameroun\",\"Cameroun\"],\"articleSection\":[\"Dossiers\",\"homepage-french\",\"Top Nouvelles\",\"Toutes les actualit\u00e9s\"],\"inLanguage\":\"fr-FR\",\"potentialAction\":[{\"@type\":\"CommentAction\",\"name\":\"Comment\",\"target\":[\"https:\/\/www.africa-press.net\/cameroun\/dossiers\/mais-quest-ce-que-macron-peut-bien-venir-faire-au-cameroun#respond\"]}]},{\"@type\":\"WebPage\",\"@id\":\"https:\/\/www.africa-press.net\/cameroun\/dossiers\/mais-quest-ce-que-macron-peut-bien-venir-faire-au-cameroun\",\"url\":\"https:\/\/www.africa-press.net\/cameroun\/dossiers\/mais-quest-ce-que-macron-peut-bien-venir-faire-au-cameroun\",\"name\":\"Mais qu\u2019est-ce que Macron peut bien venir faire au Cameroun\u00a0? - Cameroun\",\"isPartOf\":{\"@id\":\"https:\/\/www.africa-press.net\/cameroun\/#website\"},\"primaryImageOfPage\":{\"@id\":\"https:\/\/www.africa-press.net\/cameroun\/dossiers\/mais-quest-ce-que-macron-peut-bien-venir-faire-au-cameroun#primaryimage\"},\"image\":{\"@id\":\"https:\/\/www.africa-press.net\/cameroun\/dossiers\/mais-quest-ce-que-macron-peut-bien-venir-faire-au-cameroun#primaryimage\"},\"thumbnailUrl\":\"https:\/\/static.africa-press.net\/cameroun\/sites\/57\/2022\/07\/img-62d8759d5df9a.jpg\",\"datePublished\":\"2022-07-20T19:42:45+00:00\",\"dateModified\":\"2022-07-20T21:38:10+00:00\",\"author\":{\"@id\":\"https:\/\/www.africa-press.net\/cameroun\/#\/schema\/person\/2b1cf3cd81a31e3cd26889ca66d677f1\"},\"description\":\"On annonce la visite imminente du pr\u00e9sident de la R\u00e9publique fran\u00e7aise au Cameroun. Il serait accompagn\u00e9 de Catherine Co ...\",\"breadcrumb\":{\"@id\":\"https:\/\/www.africa-press.net\/cameroun\/dossiers\/mais-quest-ce-que-macron-peut-bien-venir-faire-au-cameroun#breadcrumb\"},\"inLanguage\":\"fr-FR\",\"potentialAction\":[{\"@type\":\"ReadAction\",\"target\":[\"https:\/\/www.africa-press.net\/cameroun\/dossiers\/mais-quest-ce-que-macron-peut-bien-venir-faire-au-cameroun\"]}]},{\"@type\":\"ImageObject\",\"inLanguage\":\"fr-FR\",\"@id\":\"https:\/\/www.africa-press.net\/cameroun\/dossiers\/mais-quest-ce-que-macron-peut-bien-venir-faire-au-cameroun#primaryimage\",\"url\":\"https:\/\/static.africa-press.net\/cameroun\/sites\/57\/2022\/07\/img-62d8759d5df9a.jpg\",\"contentUrl\":\"https:\/\/static.africa-press.net\/cameroun\/sites\/57\/2022\/07\/img-62d8759d5df9a.jpg\",\"width\":1256,\"height\":628,\"caption\":\"Mais qu\u2019est-ce que Macron peut bien venir faire au Cameroun\u00a0?\"},{\"@type\":\"BreadcrumbList\",\"@id\":\"https:\/\/www.africa-press.net\/cameroun\/dossiers\/mais-quest-ce-que-macron-peut-bien-venir-faire-au-cameroun#breadcrumb\",\"itemListElement\":[{\"@type\":\"ListItem\",\"position\":1,\"name\":\"Accueil\",\"item\":\"https:\/\/www.africa-press.net\/cameroun\/\"},{\"@type\":\"ListItem\",\"position\":2,\"name\":\"Mais qu\u2019est-ce que Macron peut bien venir faire au Cameroun\u00a0?\"}]},{\"@type\":\"WebSite\",\"@id\":\"https:\/\/www.africa-press.net\/cameroun\/#website\",\"url\":\"https:\/\/www.africa-press.net\/cameroun\/\",\"name\":\"Cameroun\",\"description\":\"Just another Africa News Agency Sites site\",\"potentialAction\":[{\"@type\":\"SearchAction\",\"target\":{\"@type\":\"EntryPoint\",\"urlTemplate\":\"https:\/\/www.africa-press.net\/cameroun\/?s={search_term_string}\"},\"query-input\":{\"@type\":\"PropertyValueSpecification\",\"valueRequired\":true,\"valueName\":\"search_term_string\"}}],\"inLanguage\":\"fr-FR\"},{\"@type\":\"Person\",\"@id\":\"https:\/\/www.africa-press.net\/cameroun\/#\/schema\/person\/2b1cf3cd81a31e3cd26889ca66d677f1\",\"name\":\"cfeditorfr\"}]}<\/script>\n<!-- \/ Yoast SEO Premium plugin. -->","yoast_head_json":{"title":"Mais qu\u2019est-ce que Macron peut bien venir faire au Cameroun\u00a0? - Cameroun","description":"On annonce la visite imminente du pr\u00e9sident de la R\u00e9publique fran\u00e7aise au Cameroun. Il serait accompagn\u00e9 de Catherine Co ...","robots":{"index":"index","follow":"follow","max-snippet":"max-snippet:-1","max-image-preview":"max-image-preview:large","max-video-preview":"max-video-preview:-1"},"canonical":"https:\/\/www.africa-press.net\/cameroun\/dossiers\/mais-quest-ce-que-macron-peut-bien-venir-faire-au-cameroun","og_locale":"fr_FR","og_type":"article","og_title":"Mais qu\u2019est-ce que Macron peut bien venir faire au Cameroun\u00a0?","og_description":"On annonce la visite imminente du pr\u00e9sident de la R\u00e9publique fran\u00e7aise au Cameroun. Il serait accompagn\u00e9 de Catherine Co ...","og_url":"https:\/\/www.africa-press.net\/cameroun\/dossiers\/mais-quest-ce-que-macron-peut-bien-venir-faire-au-cameroun","og_site_name":"Cameroun","article_published_time":"2022-07-20T19:42:45+00:00","article_modified_time":"2022-07-20T21:38:10+00:00","og_image":[{"width":1256,"height":628,"url":"https:\/\/static.africa-press.net\/cameroun\/sites\/57\/2022\/07\/img-62d8759d5df9a.jpg","type":"image\/jpeg"}],"author":"cfeditorfr","twitter_card":"summary_large_image","twitter_misc":{"\u00c9crit par":"cfeditorfr","Dur\u00e9e de lecture estim\u00e9e":"5 minutes"},"schema":{"@context":"https:\/\/schema.org","@graph":[{"@type":"Article","@id":"https:\/\/www.africa-press.net\/cameroun\/dossiers\/mais-quest-ce-que-macron-peut-bien-venir-faire-au-cameroun#article","isPartOf":{"@id":"https:\/\/www.africa-press.net\/cameroun\/dossiers\/mais-quest-ce-que-macron-peut-bien-venir-faire-au-cameroun"},"author":{"name":"cfeditorfr","@id":"https:\/\/www.africa-press.net\/cameroun\/#\/schema\/person\/2b1cf3cd81a31e3cd26889ca66d677f1"},"headline":"Mais qu\u2019est-ce que Macron peut bien venir faire au Cameroun\u00a0?","datePublished":"2022-07-20T19:42:45+00:00","dateModified":"2022-07-20T21:38:10+00:00","mainEntityOfPage":{"@id":"https:\/\/www.africa-press.net\/cameroun\/dossiers\/mais-quest-ce-que-macron-peut-bien-venir-faire-au-cameroun"},"wordCount":1009,"commentCount":0,"image":{"@id":"https:\/\/www.africa-press.net\/cameroun\/dossiers\/mais-quest-ce-que-macron-peut-bien-venir-faire-au-cameroun#primaryimage"},"thumbnailUrl":"https:\/\/static.africa-press.net\/cameroun\/sites\/57\/2022\/07\/img-62d8759d5df9a.jpg","keywords":["Africa Press","Africa Press-Cameroun","Cameroun"],"articleSection":["Dossiers","homepage-french","Top Nouvelles","Toutes les actualit\u00e9s"],"inLanguage":"fr-FR","potentialAction":[{"@type":"CommentAction","name":"Comment","target":["https:\/\/www.africa-press.net\/cameroun\/dossiers\/mais-quest-ce-que-macron-peut-bien-venir-faire-au-cameroun#respond"]}]},{"@type":"WebPage","@id":"https:\/\/www.africa-press.net\/cameroun\/dossiers\/mais-quest-ce-que-macron-peut-bien-venir-faire-au-cameroun","url":"https:\/\/www.africa-press.net\/cameroun\/dossiers\/mais-quest-ce-que-macron-peut-bien-venir-faire-au-cameroun","name":"Mais qu\u2019est-ce que Macron peut bien venir faire au Cameroun\u00a0? - Cameroun","isPartOf":{"@id":"https:\/\/www.africa-press.net\/cameroun\/#website"},"primaryImageOfPage":{"@id":"https:\/\/www.africa-press.net\/cameroun\/dossiers\/mais-quest-ce-que-macron-peut-bien-venir-faire-au-cameroun#primaryimage"},"image":{"@id":"https:\/\/www.africa-press.net\/cameroun\/dossiers\/mais-quest-ce-que-macron-peut-bien-venir-faire-au-cameroun#primaryimage"},"thumbnailUrl":"https:\/\/static.africa-press.net\/cameroun\/sites\/57\/2022\/07\/img-62d8759d5df9a.jpg","datePublished":"2022-07-20T19:42:45+00:00","dateModified":"2022-07-20T21:38:10+00:00","author":{"@id":"https:\/\/www.africa-press.net\/cameroun\/#\/schema\/person\/2b1cf3cd81a31e3cd26889ca66d677f1"},"description":"On annonce la visite imminente du pr\u00e9sident de la R\u00e9publique fran\u00e7aise au Cameroun. Il serait accompagn\u00e9 de Catherine Co ...","breadcrumb":{"@id":"https:\/\/www.africa-press.net\/cameroun\/dossiers\/mais-quest-ce-que-macron-peut-bien-venir-faire-au-cameroun#breadcrumb"},"inLanguage":"fr-FR","potentialAction":[{"@type":"ReadAction","target":["https:\/\/www.africa-press.net\/cameroun\/dossiers\/mais-quest-ce-que-macron-peut-bien-venir-faire-au-cameroun"]}]},{"@type":"ImageObject","inLanguage":"fr-FR","@id":"https:\/\/www.africa-press.net\/cameroun\/dossiers\/mais-quest-ce-que-macron-peut-bien-venir-faire-au-cameroun#primaryimage","url":"https:\/\/static.africa-press.net\/cameroun\/sites\/57\/2022\/07\/img-62d8759d5df9a.jpg","contentUrl":"https:\/\/static.africa-press.net\/cameroun\/sites\/57\/2022\/07\/img-62d8759d5df9a.jpg","width":1256,"height":628,"caption":"Mais qu\u2019est-ce que Macron peut bien venir faire au Cameroun\u00a0?"},{"@type":"BreadcrumbList","@id":"https:\/\/www.africa-press.net\/cameroun\/dossiers\/mais-quest-ce-que-macron-peut-bien-venir-faire-au-cameroun#breadcrumb","itemListElement":[{"@type":"ListItem","position":1,"name":"Accueil","item":"https:\/\/www.africa-press.net\/cameroun\/"},{"@type":"ListItem","position":2,"name":"Mais qu\u2019est-ce que Macron peut bien venir faire au Cameroun\u00a0?"}]},{"@type":"WebSite","@id":"https:\/\/www.africa-press.net\/cameroun\/#website","url":"https:\/\/www.africa-press.net\/cameroun\/","name":"Cameroun","description":"Just another Africa News Agency Sites site","potentialAction":[{"@type":"SearchAction","target":{"@type":"EntryPoint","urlTemplate":"https:\/\/www.africa-press.net\/cameroun\/?s={search_term_string}"},"query-input":{"@type":"PropertyValueSpecification","valueRequired":true,"valueName":"search_term_string"}}],"inLanguage":"fr-FR"},{"@type":"Person","@id":"https:\/\/www.africa-press.net\/cameroun\/#\/schema\/person\/2b1cf3cd81a31e3cd26889ca66d677f1","name":"cfeditorfr"}]}},"_links":{"self":[{"href":"https:\/\/www.africa-press.net\/cameroun\/wp-json\/wp\/v2\/posts\/23883","targetHints":{"allow":["GET"]}}],"collection":[{"href":"https:\/\/www.africa-press.net\/cameroun\/wp-json\/wp\/v2\/posts"}],"about":[{"href":"https:\/\/www.africa-press.net\/cameroun\/wp-json\/wp\/v2\/types\/post"}],"author":[{"embeddable":true,"href":"https:\/\/www.africa-press.net\/cameroun\/wp-json\/wp\/v2\/users\/82"}],"replies":[{"embeddable":true,"href":"https:\/\/www.africa-press.net\/cameroun\/wp-json\/wp\/v2\/comments?post=23883"}],"version-history":[{"count":0,"href":"https:\/\/www.africa-press.net\/cameroun\/wp-json\/wp\/v2\/posts\/23883\/revisions"}],"wp:featuredmedia":[{"embeddable":true,"href":"https:\/\/www.africa-press.net\/cameroun\/wp-json\/wp\/v2\/media\/23882"}],"wp:attachment":[{"href":"https:\/\/www.africa-press.net\/cameroun\/wp-json\/wp\/v2\/media?parent=23883"}],"wp:term":[{"taxonomy":"category","embeddable":true,"href":"https:\/\/www.africa-press.net\/cameroun\/wp-json\/wp\/v2\/categories?post=23883"},{"taxonomy":"post_tag","embeddable":true,"href":"https:\/\/www.africa-press.net\/cameroun\/wp-json\/wp\/v2\/tags?post=23883"}],"curies":[{"name":"wp","href":"https:\/\/api.w.org\/{rel}","templated":true}]}}