{"id":23886,"date":"2022-07-20T19:53:28","date_gmt":"2022-07-20T19:53:28","guid":{"rendered":"https:\/\/www.africa-press.net\/cameroun\/politique\/cameroun-samuel-kleda-archeveque-et-guerisseur"},"modified":"2022-07-20T21:38:47","modified_gmt":"2022-07-20T21:38:47","slug":"cameroun-samuel-kleda-archeveque-et-guerisseur","status":"publish","type":"post","link":"https:\/\/www.africa-press.net\/cameroun\/politique\/cameroun-samuel-kleda-archeveque-et-guerisseur","title":{"rendered":"Cameroun : Samuel Kleda, archev\u00eaque et gu\u00e9risseur"},"content":{"rendered":"<p><span style=\"color: #ff6600\"><strong>Africa-Press &#8211; Cameroun. <\/strong><\/span>Il y a peu de chances que Mgr Samuel Kleda soit un jour cr\u00e9\u00e9 cardinal. Anticipant le retrait du Camerounais Christian Tumi, finalement d\u00e9c\u00e9d\u00e9 en avril 2021, le pape Fran\u00e7ois a d\u00e9sign\u00e9 d\u00e8s 2016 le \u00ab jeune \u00bb Dieudonn\u00e9 Nzapalainga, l\u2019archev\u00eaque de Bangui \u00e2g\u00e9 de seulement 55 ans, pour lui succ\u00e9der sur ce si\u00e8ge cardinalice d\u2019Afrique centrale.<\/p>\n<p>Mais que se passerait-il si le souverain pontife, connu pour ses ambitions r\u00e9formatrices, d\u00e9cidait d\u2019augmenter la dotation de la sous-r\u00e9gion ? L\u2019archev\u00eaque de Douala se prend-il parfois \u00e0 r\u00eaver de faire son entr\u00e9e au sein du si puissant Coll\u00e8ge des cardinaux ? Au Cameroun, Samuel Kleda est ce que l\u2019on pourrait appeler une \u00ab identit\u00e9 remarquable \u00bb. Natif de Golompwi, dans le d\u00e9partement du Mayo-Danay (Extr\u00eame-Nord), il vient de ce septentrion majoritairement animiste quoique fortement marqu\u00e9 par l\u2019islam qui n\u2019a produit que trois \u00e9v\u00eaques dans l\u2019histoire de l\u2019\u00c9glise catholique camerounaise.<\/p>\n<p>Samuel Kleda, 63 ans, a encore du temps pour b\u00e9n\u00e9ficier des bonnes dispositions du pape argentin \u00e0 l\u2019\u00e9gard des pr\u00e9lats non europ\u00e9ens. Et puis, Fran\u00e7ois para\u00eet faire si peu de cas de la science th\u00e9ologique doctorale ou du rayonnement politique de tel ou tel \u00e9v\u00eaque\u2026 Et c\u2019est peu dire que le Camerounais est atypique. \u00ab Il ne fait m\u00eame pas partie du s\u00e9rail, r\u00e9sume Lazare Kolyang, un journaliste qui lui est proche. Il n\u2019est pas de ces religieux qui se bousculent dans les salons pour obtenir les faveurs des ministres et directeurs g\u00e9n\u00e9raux. \u00bb<\/p>\n<p><b>Il fait du \u00ab Tumi \u00bb<\/b><\/p>\n<p><strong>Pour plus d&rsquo;informations et d&rsquo;analyses sur la <a href=\"https:\/\/www.africa-press.net\/cameroun\">Cameroun<\/a>, suivez <a href=\"https:\/\/www.africa-press.net\/\">Africa-Press<\/a><\/strong><\/p>\n","protected":false},"excerpt":{"rendered":"<p>Africa-Press &#8211; Cameroun. Il y a peu de chances que Mgr Samuel Kleda soit un jour cr\u00e9\u00e9 cardinal. Anticipant le retrait du Camerounais Christian Tumi, finalement d\u00e9c\u00e9d\u00e9 en avril 2021, le pape Fran\u00e7ois a d\u00e9sign\u00e9 d\u00e8s 2016 le \u00ab jeune \u00bb Dieudonn\u00e9 Nzapalainga, l\u2019archev\u00eaque de Bangui \u00e2g\u00e9 de seulement 55 ans, pour lui succ\u00e9der sur [&hellip;]<\/p>\n","protected":false},"author":82,"featured_media":23885,"comment_status":"open","ping_status":"closed","sticky":false,"template":"","format":"standard","meta":{"footnotes":""},"categories":[11,2,10],"tags":[36,50,49],"class_list":["post-23886","post","type-post","status-publish","format-standard","has-post-thumbnail","hentry","category-homepage-french","category-politique","category-toutes-les-actualites","tag-africa-press","tag-africa-press-cameroun","tag-cameroun"],"yoast_head":"<!-- This site is optimized with the Yoast SEO Premium plugin v26.1 (Yoast SEO v27.0) - https:\/\/yoast.com\/product\/yoast-seo-premium-wordpress\/ -->\n<title>Cameroun : Samuel Kleda, archev\u00eaque et gu\u00e9risseur - Cameroun<\/title>\n<meta name=\"description\" content=\"Il y a peu de chances que Mgr Samuel Kleda soit un jour cr\u00e9\u00e9 cardinal. Anticipant le retrait du Camerounais Christian Tu ...\" \/>\n<meta name=\"robots\" content=\"index, follow, max-snippet:-1, max-image-preview:large, max-video-preview:-1\" \/>\n<link rel=\"canonical\" href=\"https:\/\/www.africa-press.net\/cameroun\/politique\/cameroun-samuel-kleda-archeveque-et-guerisseur\" \/>\n<meta property=\"og:locale\" content=\"fr_FR\" \/>\n<meta property=\"og:type\" content=\"article\" \/>\n<meta property=\"og:title\" content=\"Cameroun : Samuel Kleda, archev\u00eaque et gu\u00e9risseur\" \/>\n<meta property=\"og:description\" content=\"Il y a peu de chances que Mgr Samuel Kleda soit un jour cr\u00e9\u00e9 cardinal. Anticipant le retrait du Camerounais Christian Tu ...\" \/>\n<meta property=\"og:url\" content=\"https:\/\/www.africa-press.net\/cameroun\/politique\/cameroun-samuel-kleda-archeveque-et-guerisseur\" \/>\n<meta property=\"og:site_name\" content=\"Cameroun\" \/>\n<meta property=\"article:published_time\" content=\"2022-07-20T19:53:28+00:00\" \/>\n<meta property=\"article:modified_time\" content=\"2022-07-20T21:38:47+00:00\" \/>\n<meta property=\"og:image\" content=\"https:\/\/static.africa-press.net\/cameroun\/sites\/57\/2022\/07\/img-62d875ca8d350.jpg\" \/>\n\t<meta property=\"og:image:width\" content=\"1256\" \/>\n\t<meta property=\"og:image:height\" content=\"628\" \/>\n\t<meta property=\"og:image:type\" content=\"image\/jpeg\" \/>\n<meta name=\"author\" content=\"cfeditorfr\" \/>\n<meta name=\"twitter:card\" content=\"summary_large_image\" \/>\n<meta name=\"twitter:label1\" content=\"\u00c9crit par\" \/>\n\t<meta name=\"twitter:data1\" content=\"cfeditorfr\" \/>\n\t<meta name=\"twitter:label2\" content=\"Dur\u00e9e de lecture estim\u00e9e\" \/>\n\t<meta name=\"twitter:data2\" content=\"1 minute\" \/>\n<script type=\"application\/ld+json\" class=\"yoast-schema-graph\">{\"@context\":\"https:\/\/schema.org\",\"@graph\":[{\"@type\":\"Article\",\"@id\":\"https:\/\/www.africa-press.net\/cameroun\/politique\/cameroun-samuel-kleda-archeveque-et-guerisseur#article\",\"isPartOf\":{\"@id\":\"https:\/\/www.africa-press.net\/cameroun\/politique\/cameroun-samuel-kleda-archeveque-et-guerisseur\"},\"author\":{\"name\":\"cfeditorfr\",\"@id\":\"https:\/\/www.africa-press.net\/cameroun\/#\/schema\/person\/2b1cf3cd81a31e3cd26889ca66d677f1\"},\"headline\":\"Cameroun : Samuel Kleda, archev\u00eaque et gu\u00e9risseur\",\"datePublished\":\"2022-07-20T19:53:28+00:00\",\"dateModified\":\"2022-07-20T21:38:47+00:00\",\"mainEntityOfPage\":{\"@id\":\"https:\/\/www.africa-press.net\/cameroun\/politique\/cameroun-samuel-kleda-archeveque-et-guerisseur\"},\"wordCount\":297,\"commentCount\":0,\"image\":{\"@id\":\"https:\/\/www.africa-press.net\/cameroun\/politique\/cameroun-samuel-kleda-archeveque-et-guerisseur#primaryimage\"},\"thumbnailUrl\":\"https:\/\/static.africa-press.net\/cameroun\/sites\/57\/2022\/07\/img-62d875ca8d350.jpg\",\"keywords\":[\"Africa Press\",\"Africa Press-Cameroun\",\"Cameroun\"],\"articleSection\":[\"homepage-french\",\"Politique\",\"Toutes les actualit\u00e9s\"],\"inLanguage\":\"fr-FR\",\"potentialAction\":[{\"@type\":\"CommentAction\",\"name\":\"Comment\",\"target\":[\"https:\/\/www.africa-press.net\/cameroun\/politique\/cameroun-samuel-kleda-archeveque-et-guerisseur#respond\"]}]},{\"@type\":\"WebPage\",\"@id\":\"https:\/\/www.africa-press.net\/cameroun\/politique\/cameroun-samuel-kleda-archeveque-et-guerisseur\",\"url\":\"https:\/\/www.africa-press.net\/cameroun\/politique\/cameroun-samuel-kleda-archeveque-et-guerisseur\",\"name\":\"Cameroun : Samuel Kleda, archev\u00eaque et gu\u00e9risseur - Cameroun\",\"isPartOf\":{\"@id\":\"https:\/\/www.africa-press.net\/cameroun\/#website\"},\"primaryImageOfPage\":{\"@id\":\"https:\/\/www.africa-press.net\/cameroun\/politique\/cameroun-samuel-kleda-archeveque-et-guerisseur#primaryimage\"},\"image\":{\"@id\":\"https:\/\/www.africa-press.net\/cameroun\/politique\/cameroun-samuel-kleda-archeveque-et-guerisseur#primaryimage\"},\"thumbnailUrl\":\"https:\/\/static.africa-press.net\/cameroun\/sites\/57\/2022\/07\/img-62d875ca8d350.jpg\",\"datePublished\":\"2022-07-20T19:53:28+00:00\",\"dateModified\":\"2022-07-20T21:38:47+00:00\",\"author\":{\"@id\":\"https:\/\/www.africa-press.net\/cameroun\/#\/schema\/person\/2b1cf3cd81a31e3cd26889ca66d677f1\"},\"description\":\"Il y a peu de chances que Mgr Samuel Kleda soit un jour cr\u00e9\u00e9 cardinal. Anticipant le retrait du Camerounais Christian Tu ...\",\"breadcrumb\":{\"@id\":\"https:\/\/www.africa-press.net\/cameroun\/politique\/cameroun-samuel-kleda-archeveque-et-guerisseur#breadcrumb\"},\"inLanguage\":\"fr-FR\",\"potentialAction\":[{\"@type\":\"ReadAction\",\"target\":[\"https:\/\/www.africa-press.net\/cameroun\/politique\/cameroun-samuel-kleda-archeveque-et-guerisseur\"]}]},{\"@type\":\"ImageObject\",\"inLanguage\":\"fr-FR\",\"@id\":\"https:\/\/www.africa-press.net\/cameroun\/politique\/cameroun-samuel-kleda-archeveque-et-guerisseur#primaryimage\",\"url\":\"https:\/\/static.africa-press.net\/cameroun\/sites\/57\/2022\/07\/img-62d875ca8d350.jpg\",\"contentUrl\":\"https:\/\/static.africa-press.net\/cameroun\/sites\/57\/2022\/07\/img-62d875ca8d350.jpg\",\"width\":1256,\"height\":628,\"caption\":\"Cameroun : Samuel Kleda, archev\u00eaque et gu\u00e9risseur\"},{\"@type\":\"BreadcrumbList\",\"@id\":\"https:\/\/www.africa-press.net\/cameroun\/politique\/cameroun-samuel-kleda-archeveque-et-guerisseur#breadcrumb\",\"itemListElement\":[{\"@type\":\"ListItem\",\"position\":1,\"name\":\"Accueil\",\"item\":\"https:\/\/www.africa-press.net\/cameroun\/\"},{\"@type\":\"ListItem\",\"position\":2,\"name\":\"Cameroun : Samuel Kleda, archev\u00eaque et gu\u00e9risseur\"}]},{\"@type\":\"WebSite\",\"@id\":\"https:\/\/www.africa-press.net\/cameroun\/#website\",\"url\":\"https:\/\/www.africa-press.net\/cameroun\/\",\"name\":\"Cameroun\",\"description\":\"Just another Africa News Agency Sites site\",\"potentialAction\":[{\"@type\":\"SearchAction\",\"target\":{\"@type\":\"EntryPoint\",\"urlTemplate\":\"https:\/\/www.africa-press.net\/cameroun\/?s={search_term_string}\"},\"query-input\":{\"@type\":\"PropertyValueSpecification\",\"valueRequired\":true,\"valueName\":\"search_term_string\"}}],\"inLanguage\":\"fr-FR\"},{\"@type\":\"Person\",\"@id\":\"https:\/\/www.africa-press.net\/cameroun\/#\/schema\/person\/2b1cf3cd81a31e3cd26889ca66d677f1\",\"name\":\"cfeditorfr\"}]}<\/script>\n<!-- \/ Yoast SEO Premium plugin. -->","yoast_head_json":{"title":"Cameroun : Samuel Kleda, archev\u00eaque et gu\u00e9risseur - Cameroun","description":"Il y a peu de chances que Mgr Samuel Kleda soit un jour cr\u00e9\u00e9 cardinal. Anticipant le retrait du Camerounais Christian Tu ...","robots":{"index":"index","follow":"follow","max-snippet":"max-snippet:-1","max-image-preview":"max-image-preview:large","max-video-preview":"max-video-preview:-1"},"canonical":"https:\/\/www.africa-press.net\/cameroun\/politique\/cameroun-samuel-kleda-archeveque-et-guerisseur","og_locale":"fr_FR","og_type":"article","og_title":"Cameroun : Samuel Kleda, archev\u00eaque et gu\u00e9risseur","og_description":"Il y a peu de chances que Mgr Samuel Kleda soit un jour cr\u00e9\u00e9 cardinal. Anticipant le retrait du Camerounais Christian Tu ...","og_url":"https:\/\/www.africa-press.net\/cameroun\/politique\/cameroun-samuel-kleda-archeveque-et-guerisseur","og_site_name":"Cameroun","article_published_time":"2022-07-20T19:53:28+00:00","article_modified_time":"2022-07-20T21:38:47+00:00","og_image":[{"width":1256,"height":628,"url":"https:\/\/static.africa-press.net\/cameroun\/sites\/57\/2022\/07\/img-62d875ca8d350.jpg","type":"image\/jpeg"}],"author":"cfeditorfr","twitter_card":"summary_large_image","twitter_misc":{"\u00c9crit par":"cfeditorfr","Dur\u00e9e de lecture estim\u00e9e":"1 minute"},"schema":{"@context":"https:\/\/schema.org","@graph":[{"@type":"Article","@id":"https:\/\/www.africa-press.net\/cameroun\/politique\/cameroun-samuel-kleda-archeveque-et-guerisseur#article","isPartOf":{"@id":"https:\/\/www.africa-press.net\/cameroun\/politique\/cameroun-samuel-kleda-archeveque-et-guerisseur"},"author":{"name":"cfeditorfr","@id":"https:\/\/www.africa-press.net\/cameroun\/#\/schema\/person\/2b1cf3cd81a31e3cd26889ca66d677f1"},"headline":"Cameroun : Samuel Kleda, archev\u00eaque et gu\u00e9risseur","datePublished":"2022-07-20T19:53:28+00:00","dateModified":"2022-07-20T21:38:47+00:00","mainEntityOfPage":{"@id":"https:\/\/www.africa-press.net\/cameroun\/politique\/cameroun-samuel-kleda-archeveque-et-guerisseur"},"wordCount":297,"commentCount":0,"image":{"@id":"https:\/\/www.africa-press.net\/cameroun\/politique\/cameroun-samuel-kleda-archeveque-et-guerisseur#primaryimage"},"thumbnailUrl":"https:\/\/static.africa-press.net\/cameroun\/sites\/57\/2022\/07\/img-62d875ca8d350.jpg","keywords":["Africa Press","Africa Press-Cameroun","Cameroun"],"articleSection":["homepage-french","Politique","Toutes les actualit\u00e9s"],"inLanguage":"fr-FR","potentialAction":[{"@type":"CommentAction","name":"Comment","target":["https:\/\/www.africa-press.net\/cameroun\/politique\/cameroun-samuel-kleda-archeveque-et-guerisseur#respond"]}]},{"@type":"WebPage","@id":"https:\/\/www.africa-press.net\/cameroun\/politique\/cameroun-samuel-kleda-archeveque-et-guerisseur","url":"https:\/\/www.africa-press.net\/cameroun\/politique\/cameroun-samuel-kleda-archeveque-et-guerisseur","name":"Cameroun : Samuel Kleda, archev\u00eaque et gu\u00e9risseur - Cameroun","isPartOf":{"@id":"https:\/\/www.africa-press.net\/cameroun\/#website"},"primaryImageOfPage":{"@id":"https:\/\/www.africa-press.net\/cameroun\/politique\/cameroun-samuel-kleda-archeveque-et-guerisseur#primaryimage"},"image":{"@id":"https:\/\/www.africa-press.net\/cameroun\/politique\/cameroun-samuel-kleda-archeveque-et-guerisseur#primaryimage"},"thumbnailUrl":"https:\/\/static.africa-press.net\/cameroun\/sites\/57\/2022\/07\/img-62d875ca8d350.jpg","datePublished":"2022-07-20T19:53:28+00:00","dateModified":"2022-07-20T21:38:47+00:00","author":{"@id":"https:\/\/www.africa-press.net\/cameroun\/#\/schema\/person\/2b1cf3cd81a31e3cd26889ca66d677f1"},"description":"Il y a peu de chances que Mgr Samuel Kleda soit un jour cr\u00e9\u00e9 cardinal. Anticipant le retrait du Camerounais Christian Tu ...","breadcrumb":{"@id":"https:\/\/www.africa-press.net\/cameroun\/politique\/cameroun-samuel-kleda-archeveque-et-guerisseur#breadcrumb"},"inLanguage":"fr-FR","potentialAction":[{"@type":"ReadAction","target":["https:\/\/www.africa-press.net\/cameroun\/politique\/cameroun-samuel-kleda-archeveque-et-guerisseur"]}]},{"@type":"ImageObject","inLanguage":"fr-FR","@id":"https:\/\/www.africa-press.net\/cameroun\/politique\/cameroun-samuel-kleda-archeveque-et-guerisseur#primaryimage","url":"https:\/\/static.africa-press.net\/cameroun\/sites\/57\/2022\/07\/img-62d875ca8d350.jpg","contentUrl":"https:\/\/static.africa-press.net\/cameroun\/sites\/57\/2022\/07\/img-62d875ca8d350.jpg","width":1256,"height":628,"caption":"Cameroun : Samuel Kleda, archev\u00eaque et gu\u00e9risseur"},{"@type":"BreadcrumbList","@id":"https:\/\/www.africa-press.net\/cameroun\/politique\/cameroun-samuel-kleda-archeveque-et-guerisseur#breadcrumb","itemListElement":[{"@type":"ListItem","position":1,"name":"Accueil","item":"https:\/\/www.africa-press.net\/cameroun\/"},{"@type":"ListItem","position":2,"name":"Cameroun : Samuel Kleda, archev\u00eaque et gu\u00e9risseur"}]},{"@type":"WebSite","@id":"https:\/\/www.africa-press.net\/cameroun\/#website","url":"https:\/\/www.africa-press.net\/cameroun\/","name":"Cameroun","description":"Just another Africa News Agency Sites site","potentialAction":[{"@type":"SearchAction","target":{"@type":"EntryPoint","urlTemplate":"https:\/\/www.africa-press.net\/cameroun\/?s={search_term_string}"},"query-input":{"@type":"PropertyValueSpecification","valueRequired":true,"valueName":"search_term_string"}}],"inLanguage":"fr-FR"},{"@type":"Person","@id":"https:\/\/www.africa-press.net\/cameroun\/#\/schema\/person\/2b1cf3cd81a31e3cd26889ca66d677f1","name":"cfeditorfr"}]}},"_links":{"self":[{"href":"https:\/\/www.africa-press.net\/cameroun\/wp-json\/wp\/v2\/posts\/23886","targetHints":{"allow":["GET"]}}],"collection":[{"href":"https:\/\/www.africa-press.net\/cameroun\/wp-json\/wp\/v2\/posts"}],"about":[{"href":"https:\/\/www.africa-press.net\/cameroun\/wp-json\/wp\/v2\/types\/post"}],"author":[{"embeddable":true,"href":"https:\/\/www.africa-press.net\/cameroun\/wp-json\/wp\/v2\/users\/82"}],"replies":[{"embeddable":true,"href":"https:\/\/www.africa-press.net\/cameroun\/wp-json\/wp\/v2\/comments?post=23886"}],"version-history":[{"count":0,"href":"https:\/\/www.africa-press.net\/cameroun\/wp-json\/wp\/v2\/posts\/23886\/revisions"}],"wp:featuredmedia":[{"embeddable":true,"href":"https:\/\/www.africa-press.net\/cameroun\/wp-json\/wp\/v2\/media\/23885"}],"wp:attachment":[{"href":"https:\/\/www.africa-press.net\/cameroun\/wp-json\/wp\/v2\/media?parent=23886"}],"wp:term":[{"taxonomy":"category","embeddable":true,"href":"https:\/\/www.africa-press.net\/cameroun\/wp-json\/wp\/v2\/categories?post=23886"},{"taxonomy":"post_tag","embeddable":true,"href":"https:\/\/www.africa-press.net\/cameroun\/wp-json\/wp\/v2\/tags?post=23886"}],"curies":[{"name":"wp","href":"https:\/\/api.w.org\/{rel}","templated":true}]}}