{"id":23890,"date":"2022-07-20T19:58:06","date_gmt":"2022-07-20T19:58:06","guid":{"rendered":"https:\/\/www.africa-press.net\/cameroun\/politique\/cameroun-france-pourquoi-emmanuel-macron-va-a-yaounde"},"modified":"2022-07-20T21:39:33","modified_gmt":"2022-07-20T21:39:33","slug":"cameroun-france-pourquoi-emmanuel-macron-va-a-yaounde","status":"publish","type":"post","link":"https:\/\/www.africa-press.net\/cameroun\/dossiers\/cameroun-france-pourquoi-emmanuel-macron-va-a-yaounde","title":{"rendered":"Cameroun-France : pourquoi Emmanuel Macron va \u00e0 Yaound\u00e9"},"content":{"rendered":"<p><span style=\"color: #ff6600\"><strong>Africa-Press &#8211; Cameroun. <\/strong><\/span><b>Emmanuel Macron<\/b><\/p>\n<p>devrait atterrir \u00e0 Yaound\u00e9 le 25 juillet, aux environs de 20 heures, et s\u00e9journer \u00e0 l\u2019h\u00f4tel Hilton. Le pr\u00e9sident fran\u00e7ais effectue ce voyage, entre autres, sur les conseils de Jean-Yves Le Drian. Ce dernier, lorsqu\u2019il \u00e9tait encore ministre de l\u2019Europe et des Affaires \u00e9trang\u00e8res, y a travaill\u00e9 avec Emmanuel de Tailly, conseiller du commerce ext\u00e9rieur, proche de l\u2019ex-Premier ministre \u00c9douard Philippe et directeur g\u00e9n\u00e9ral du groupe SABC jusqu\u2019au 31 juin dernier.<\/p>\n<p>Les dossiers \u00e9conomiques seront bien s\u00fbr au menu des discussions, alors qu\u2019une rencontre avec le patronat, dirig\u00e9 par C\u00e9lestin Tawamba, est, selon nos informations, pr\u00e9vue.<\/p>\n<p><b>La France concurrenc\u00e9e<\/b><\/p>\n<p><strong>Pour plus d&rsquo;informations et d&rsquo;analyses sur la <a href=\"https:\/\/www.africa-press.net\/cameroun\">Cameroun<\/a>, suivez <a href=\"https:\/\/www.africa-press.net\/\">Africa-Press<\/a><\/strong><\/p>\n","protected":false},"excerpt":{"rendered":"<p>Africa-Press &#8211; Cameroun. Emmanuel Macron devrait atterrir \u00e0 Yaound\u00e9 le 25 juillet, aux environs de 20 heures, et s\u00e9journer \u00e0 l\u2019h\u00f4tel Hilton. Le pr\u00e9sident fran\u00e7ais effectue ce voyage, entre autres, sur les conseils de Jean-Yves Le Drian. Ce dernier, lorsqu\u2019il \u00e9tait encore ministre de l\u2019Europe et des Affaires \u00e9trang\u00e8res, y a travaill\u00e9 avec Emmanuel de [&hellip;]<\/p>\n","protected":false},"author":82,"featured_media":23888,"comment_status":"open","ping_status":"closed","sticky":false,"template":"","format":"standard","meta":{"footnotes":""},"categories":[7,11,20,10],"tags":[36,50,49],"class_list":["post-23890","post","type-post","status-publish","format-standard","has-post-thumbnail","hentry","category-dossiers","category-homepage-french","category-top-nouvelles","category-toutes-les-actualites","tag-africa-press","tag-africa-press-cameroun","tag-cameroun"],"yoast_head":"<!-- This site is optimized with the Yoast SEO Premium plugin v26.1 (Yoast SEO v27.0) - https:\/\/yoast.com\/product\/yoast-seo-premium-wordpress\/ -->\n<title>Cameroun-France : pourquoi Emmanuel Macron va \u00e0 Yaound\u00e9 - Cameroun<\/title>\n<meta name=\"description\" content=\"Emmanuel Macron devrait atterrir \u00e0 Yaound\u00e9 le 25 juillet, aux environs de 20 heures, et s\u00e9journer \u00e0 l\u2019h\u00f4tel Hilt ...\" \/>\n<meta name=\"robots\" content=\"index, follow, max-snippet:-1, max-image-preview:large, max-video-preview:-1\" \/>\n<link rel=\"canonical\" href=\"https:\/\/www.africa-press.net\/cameroun\/dossiers\/cameroun-france-pourquoi-emmanuel-macron-va-a-yaounde\" \/>\n<meta property=\"og:locale\" content=\"fr_FR\" \/>\n<meta property=\"og:type\" content=\"article\" \/>\n<meta property=\"og:title\" content=\"Cameroun-France : pourquoi Emmanuel Macron va \u00e0 Yaound\u00e9\" \/>\n<meta property=\"og:description\" content=\"Emmanuel Macron devrait atterrir \u00e0 Yaound\u00e9 le 25 juillet, aux environs de 20 heures, et s\u00e9journer \u00e0 l\u2019h\u00f4tel Hilt ...\" \/>\n<meta property=\"og:url\" content=\"https:\/\/www.africa-press.net\/cameroun\/dossiers\/cameroun-france-pourquoi-emmanuel-macron-va-a-yaounde\" \/>\n<meta property=\"og:site_name\" content=\"Cameroun\" \/>\n<meta property=\"article:published_time\" content=\"2022-07-20T19:58:06+00:00\" \/>\n<meta property=\"article:modified_time\" content=\"2022-07-20T21:39:33+00:00\" \/>\n<meta property=\"og:image\" content=\"https:\/\/static.africa-press.net\/cameroun\/sites\/57\/2022\/07\/img-62d875f0e51f8.jpg\" \/>\n\t<meta property=\"og:image:width\" content=\"1256\" \/>\n\t<meta property=\"og:image:height\" content=\"628\" \/>\n\t<meta property=\"og:image:type\" content=\"image\/jpeg\" \/>\n<meta name=\"author\" content=\"cfeditorfr\" \/>\n<meta name=\"twitter:card\" content=\"summary_large_image\" \/>\n<meta name=\"twitter:label1\" content=\"\u00c9crit par\" \/>\n\t<meta name=\"twitter:data1\" content=\"cfeditorfr\" \/>\n\t<meta name=\"twitter:label2\" content=\"Dur\u00e9e de lecture estim\u00e9e\" \/>\n\t<meta name=\"twitter:data2\" content=\"1 minute\" \/>\n<script type=\"application\/ld+json\" class=\"yoast-schema-graph\">{\"@context\":\"https:\/\/schema.org\",\"@graph\":[{\"@type\":\"Article\",\"@id\":\"https:\/\/www.africa-press.net\/cameroun\/dossiers\/cameroun-france-pourquoi-emmanuel-macron-va-a-yaounde#article\",\"isPartOf\":{\"@id\":\"https:\/\/www.africa-press.net\/cameroun\/dossiers\/cameroun-france-pourquoi-emmanuel-macron-va-a-yaounde\"},\"author\":{\"name\":\"cfeditorfr\",\"@id\":\"https:\/\/www.africa-press.net\/cameroun\/#\/schema\/person\/2b1cf3cd81a31e3cd26889ca66d677f1\"},\"headline\":\"Cameroun-France : pourquoi Emmanuel Macron va \u00e0 Yaound\u00e9\",\"datePublished\":\"2022-07-20T19:58:06+00:00\",\"dateModified\":\"2022-07-20T21:39:33+00:00\",\"mainEntityOfPage\":{\"@id\":\"https:\/\/www.africa-press.net\/cameroun\/dossiers\/cameroun-france-pourquoi-emmanuel-macron-va-a-yaounde\"},\"wordCount\":135,\"commentCount\":0,\"image\":{\"@id\":\"https:\/\/www.africa-press.net\/cameroun\/dossiers\/cameroun-france-pourquoi-emmanuel-macron-va-a-yaounde#primaryimage\"},\"thumbnailUrl\":\"https:\/\/static.africa-press.net\/cameroun\/sites\/57\/2022\/07\/img-62d875f0e51f8.jpg\",\"keywords\":[\"Africa Press\",\"Africa Press-Cameroun\",\"Cameroun\"],\"articleSection\":[\"Dossiers\",\"homepage-french\",\"Top Nouvelles\",\"Toutes les actualit\u00e9s\"],\"inLanguage\":\"fr-FR\",\"potentialAction\":[{\"@type\":\"CommentAction\",\"name\":\"Comment\",\"target\":[\"https:\/\/www.africa-press.net\/cameroun\/dossiers\/cameroun-france-pourquoi-emmanuel-macron-va-a-yaounde#respond\"]}]},{\"@type\":\"WebPage\",\"@id\":\"https:\/\/www.africa-press.net\/cameroun\/dossiers\/cameroun-france-pourquoi-emmanuel-macron-va-a-yaounde\",\"url\":\"https:\/\/www.africa-press.net\/cameroun\/dossiers\/cameroun-france-pourquoi-emmanuel-macron-va-a-yaounde\",\"name\":\"Cameroun-France : pourquoi Emmanuel Macron va \u00e0 Yaound\u00e9 - Cameroun\",\"isPartOf\":{\"@id\":\"https:\/\/www.africa-press.net\/cameroun\/#website\"},\"primaryImageOfPage\":{\"@id\":\"https:\/\/www.africa-press.net\/cameroun\/dossiers\/cameroun-france-pourquoi-emmanuel-macron-va-a-yaounde#primaryimage\"},\"image\":{\"@id\":\"https:\/\/www.africa-press.net\/cameroun\/dossiers\/cameroun-france-pourquoi-emmanuel-macron-va-a-yaounde#primaryimage\"},\"thumbnailUrl\":\"https:\/\/static.africa-press.net\/cameroun\/sites\/57\/2022\/07\/img-62d875f0e51f8.jpg\",\"datePublished\":\"2022-07-20T19:58:06+00:00\",\"dateModified\":\"2022-07-20T21:39:33+00:00\",\"author\":{\"@id\":\"https:\/\/www.africa-press.net\/cameroun\/#\/schema\/person\/2b1cf3cd81a31e3cd26889ca66d677f1\"},\"description\":\"Emmanuel Macron devrait atterrir \u00e0 Yaound\u00e9 le 25 juillet, aux environs de 20 heures, et s\u00e9journer \u00e0 l\u2019h\u00f4tel Hilt ...\",\"breadcrumb\":{\"@id\":\"https:\/\/www.africa-press.net\/cameroun\/dossiers\/cameroun-france-pourquoi-emmanuel-macron-va-a-yaounde#breadcrumb\"},\"inLanguage\":\"fr-FR\",\"potentialAction\":[{\"@type\":\"ReadAction\",\"target\":[\"https:\/\/www.africa-press.net\/cameroun\/dossiers\/cameroun-france-pourquoi-emmanuel-macron-va-a-yaounde\"]}]},{\"@type\":\"ImageObject\",\"inLanguage\":\"fr-FR\",\"@id\":\"https:\/\/www.africa-press.net\/cameroun\/dossiers\/cameroun-france-pourquoi-emmanuel-macron-va-a-yaounde#primaryimage\",\"url\":\"https:\/\/static.africa-press.net\/cameroun\/sites\/57\/2022\/07\/img-62d875f0e51f8.jpg\",\"contentUrl\":\"https:\/\/static.africa-press.net\/cameroun\/sites\/57\/2022\/07\/img-62d875f0e51f8.jpg\",\"width\":1256,\"height\":628,\"caption\":\"Cameroun-France : pourquoi Emmanuel Macron va \u00e0 Yaound\u00e9\"},{\"@type\":\"BreadcrumbList\",\"@id\":\"https:\/\/www.africa-press.net\/cameroun\/dossiers\/cameroun-france-pourquoi-emmanuel-macron-va-a-yaounde#breadcrumb\",\"itemListElement\":[{\"@type\":\"ListItem\",\"position\":1,\"name\":\"Accueil\",\"item\":\"https:\/\/www.africa-press.net\/cameroun\/\"},{\"@type\":\"ListItem\",\"position\":2,\"name\":\"Cameroun-France : pourquoi Emmanuel Macron va \u00e0 Yaound\u00e9\"}]},{\"@type\":\"WebSite\",\"@id\":\"https:\/\/www.africa-press.net\/cameroun\/#website\",\"url\":\"https:\/\/www.africa-press.net\/cameroun\/\",\"name\":\"Cameroun\",\"description\":\"Just another Africa News Agency Sites site\",\"potentialAction\":[{\"@type\":\"SearchAction\",\"target\":{\"@type\":\"EntryPoint\",\"urlTemplate\":\"https:\/\/www.africa-press.net\/cameroun\/?s={search_term_string}\"},\"query-input\":{\"@type\":\"PropertyValueSpecification\",\"valueRequired\":true,\"valueName\":\"search_term_string\"}}],\"inLanguage\":\"fr-FR\"},{\"@type\":\"Person\",\"@id\":\"https:\/\/www.africa-press.net\/cameroun\/#\/schema\/person\/2b1cf3cd81a31e3cd26889ca66d677f1\",\"name\":\"cfeditorfr\"}]}<\/script>\n<!-- \/ Yoast SEO Premium plugin. -->","yoast_head_json":{"title":"Cameroun-France : pourquoi Emmanuel Macron va \u00e0 Yaound\u00e9 - Cameroun","description":"Emmanuel Macron devrait atterrir \u00e0 Yaound\u00e9 le 25 juillet, aux environs de 20 heures, et s\u00e9journer \u00e0 l\u2019h\u00f4tel Hilt ...","robots":{"index":"index","follow":"follow","max-snippet":"max-snippet:-1","max-image-preview":"max-image-preview:large","max-video-preview":"max-video-preview:-1"},"canonical":"https:\/\/www.africa-press.net\/cameroun\/dossiers\/cameroun-france-pourquoi-emmanuel-macron-va-a-yaounde","og_locale":"fr_FR","og_type":"article","og_title":"Cameroun-France : pourquoi Emmanuel Macron va \u00e0 Yaound\u00e9","og_description":"Emmanuel Macron devrait atterrir \u00e0 Yaound\u00e9 le 25 juillet, aux environs de 20 heures, et s\u00e9journer \u00e0 l\u2019h\u00f4tel Hilt ...","og_url":"https:\/\/www.africa-press.net\/cameroun\/dossiers\/cameroun-france-pourquoi-emmanuel-macron-va-a-yaounde","og_site_name":"Cameroun","article_published_time":"2022-07-20T19:58:06+00:00","article_modified_time":"2022-07-20T21:39:33+00:00","og_image":[{"width":1256,"height":628,"url":"https:\/\/static.africa-press.net\/cameroun\/sites\/57\/2022\/07\/img-62d875f0e51f8.jpg","type":"image\/jpeg"}],"author":"cfeditorfr","twitter_card":"summary_large_image","twitter_misc":{"\u00c9crit par":"cfeditorfr","Dur\u00e9e de lecture estim\u00e9e":"1 minute"},"schema":{"@context":"https:\/\/schema.org","@graph":[{"@type":"Article","@id":"https:\/\/www.africa-press.net\/cameroun\/dossiers\/cameroun-france-pourquoi-emmanuel-macron-va-a-yaounde#article","isPartOf":{"@id":"https:\/\/www.africa-press.net\/cameroun\/dossiers\/cameroun-france-pourquoi-emmanuel-macron-va-a-yaounde"},"author":{"name":"cfeditorfr","@id":"https:\/\/www.africa-press.net\/cameroun\/#\/schema\/person\/2b1cf3cd81a31e3cd26889ca66d677f1"},"headline":"Cameroun-France : pourquoi Emmanuel Macron va \u00e0 Yaound\u00e9","datePublished":"2022-07-20T19:58:06+00:00","dateModified":"2022-07-20T21:39:33+00:00","mainEntityOfPage":{"@id":"https:\/\/www.africa-press.net\/cameroun\/dossiers\/cameroun-france-pourquoi-emmanuel-macron-va-a-yaounde"},"wordCount":135,"commentCount":0,"image":{"@id":"https:\/\/www.africa-press.net\/cameroun\/dossiers\/cameroun-france-pourquoi-emmanuel-macron-va-a-yaounde#primaryimage"},"thumbnailUrl":"https:\/\/static.africa-press.net\/cameroun\/sites\/57\/2022\/07\/img-62d875f0e51f8.jpg","keywords":["Africa Press","Africa Press-Cameroun","Cameroun"],"articleSection":["Dossiers","homepage-french","Top Nouvelles","Toutes les actualit\u00e9s"],"inLanguage":"fr-FR","potentialAction":[{"@type":"CommentAction","name":"Comment","target":["https:\/\/www.africa-press.net\/cameroun\/dossiers\/cameroun-france-pourquoi-emmanuel-macron-va-a-yaounde#respond"]}]},{"@type":"WebPage","@id":"https:\/\/www.africa-press.net\/cameroun\/dossiers\/cameroun-france-pourquoi-emmanuel-macron-va-a-yaounde","url":"https:\/\/www.africa-press.net\/cameroun\/dossiers\/cameroun-france-pourquoi-emmanuel-macron-va-a-yaounde","name":"Cameroun-France : pourquoi Emmanuel Macron va \u00e0 Yaound\u00e9 - Cameroun","isPartOf":{"@id":"https:\/\/www.africa-press.net\/cameroun\/#website"},"primaryImageOfPage":{"@id":"https:\/\/www.africa-press.net\/cameroun\/dossiers\/cameroun-france-pourquoi-emmanuel-macron-va-a-yaounde#primaryimage"},"image":{"@id":"https:\/\/www.africa-press.net\/cameroun\/dossiers\/cameroun-france-pourquoi-emmanuel-macron-va-a-yaounde#primaryimage"},"thumbnailUrl":"https:\/\/static.africa-press.net\/cameroun\/sites\/57\/2022\/07\/img-62d875f0e51f8.jpg","datePublished":"2022-07-20T19:58:06+00:00","dateModified":"2022-07-20T21:39:33+00:00","author":{"@id":"https:\/\/www.africa-press.net\/cameroun\/#\/schema\/person\/2b1cf3cd81a31e3cd26889ca66d677f1"},"description":"Emmanuel Macron devrait atterrir \u00e0 Yaound\u00e9 le 25 juillet, aux environs de 20 heures, et s\u00e9journer \u00e0 l\u2019h\u00f4tel Hilt ...","breadcrumb":{"@id":"https:\/\/www.africa-press.net\/cameroun\/dossiers\/cameroun-france-pourquoi-emmanuel-macron-va-a-yaounde#breadcrumb"},"inLanguage":"fr-FR","potentialAction":[{"@type":"ReadAction","target":["https:\/\/www.africa-press.net\/cameroun\/dossiers\/cameroun-france-pourquoi-emmanuel-macron-va-a-yaounde"]}]},{"@type":"ImageObject","inLanguage":"fr-FR","@id":"https:\/\/www.africa-press.net\/cameroun\/dossiers\/cameroun-france-pourquoi-emmanuel-macron-va-a-yaounde#primaryimage","url":"https:\/\/static.africa-press.net\/cameroun\/sites\/57\/2022\/07\/img-62d875f0e51f8.jpg","contentUrl":"https:\/\/static.africa-press.net\/cameroun\/sites\/57\/2022\/07\/img-62d875f0e51f8.jpg","width":1256,"height":628,"caption":"Cameroun-France : pourquoi Emmanuel Macron va \u00e0 Yaound\u00e9"},{"@type":"BreadcrumbList","@id":"https:\/\/www.africa-press.net\/cameroun\/dossiers\/cameroun-france-pourquoi-emmanuel-macron-va-a-yaounde#breadcrumb","itemListElement":[{"@type":"ListItem","position":1,"name":"Accueil","item":"https:\/\/www.africa-press.net\/cameroun\/"},{"@type":"ListItem","position":2,"name":"Cameroun-France : pourquoi Emmanuel Macron va \u00e0 Yaound\u00e9"}]},{"@type":"WebSite","@id":"https:\/\/www.africa-press.net\/cameroun\/#website","url":"https:\/\/www.africa-press.net\/cameroun\/","name":"Cameroun","description":"Just another Africa News Agency Sites site","potentialAction":[{"@type":"SearchAction","target":{"@type":"EntryPoint","urlTemplate":"https:\/\/www.africa-press.net\/cameroun\/?s={search_term_string}"},"query-input":{"@type":"PropertyValueSpecification","valueRequired":true,"valueName":"search_term_string"}}],"inLanguage":"fr-FR"},{"@type":"Person","@id":"https:\/\/www.africa-press.net\/cameroun\/#\/schema\/person\/2b1cf3cd81a31e3cd26889ca66d677f1","name":"cfeditorfr"}]}},"_links":{"self":[{"href":"https:\/\/www.africa-press.net\/cameroun\/wp-json\/wp\/v2\/posts\/23890","targetHints":{"allow":["GET"]}}],"collection":[{"href":"https:\/\/www.africa-press.net\/cameroun\/wp-json\/wp\/v2\/posts"}],"about":[{"href":"https:\/\/www.africa-press.net\/cameroun\/wp-json\/wp\/v2\/types\/post"}],"author":[{"embeddable":true,"href":"https:\/\/www.africa-press.net\/cameroun\/wp-json\/wp\/v2\/users\/82"}],"replies":[{"embeddable":true,"href":"https:\/\/www.africa-press.net\/cameroun\/wp-json\/wp\/v2\/comments?post=23890"}],"version-history":[{"count":0,"href":"https:\/\/www.africa-press.net\/cameroun\/wp-json\/wp\/v2\/posts\/23890\/revisions"}],"wp:featuredmedia":[{"embeddable":true,"href":"https:\/\/www.africa-press.net\/cameroun\/wp-json\/wp\/v2\/media\/23888"}],"wp:attachment":[{"href":"https:\/\/www.africa-press.net\/cameroun\/wp-json\/wp\/v2\/media?parent=23890"}],"wp:term":[{"taxonomy":"category","embeddable":true,"href":"https:\/\/www.africa-press.net\/cameroun\/wp-json\/wp\/v2\/categories?post=23890"},{"taxonomy":"post_tag","embeddable":true,"href":"https:\/\/www.africa-press.net\/cameroun\/wp-json\/wp\/v2\/tags?post=23890"}],"curies":[{"name":"wp","href":"https:\/\/api.w.org\/{rel}","templated":true}]}}