{"id":23895,"date":"2022-07-20T20:05:46","date_gmt":"2022-07-20T20:05:46","guid":{"rendered":"https:\/\/www.africa-press.net\/cameroun\/politique\/cameroun-personne-nechappe-a-la-conjoncture-economique-internationale"},"modified":"2022-07-20T21:40:09","modified_gmt":"2022-07-20T21:40:09","slug":"cameroun-personne-nechappe-a-la-conjoncture-economique-internationale","status":"publish","type":"post","link":"https:\/\/www.africa-press.net\/cameroun\/economie\/cameroun-personne-nechappe-a-la-conjoncture-economique-internationale","title":{"rendered":"Cameroun : personne n\u2019\u00e9chappe \u00e0 la conjoncture \u00e9conomique internationale"},"content":{"rendered":"<p><span style=\"color: #ff6600\"><strong>Africa-Press &#8211; Cameroun. <\/strong><\/span>Entre la pand\u00e9mie du Covid-19 et sa guerre russo-ukrainienne en cours, le Cameroun comme la plupart des pays qui g\u00e9raient d\u00e9j\u00e0 des chocs internes, subit de plein fouet les r\u00e9percussions de ces crises.<\/p>\n<p>D\u00e8s 2020, la pand\u00e9mie \u00e0 corona virus qui a secou\u00e9 le monde n\u2019a pas \u00e9pargn\u00e9 le Cameroun qui, depuis des d\u00e9cennies, entretient des relations commerciales avec plusieurs pays dans le monde. \u00c7a n\u2019a donc pas \u00e9t\u00e9 une surprise que les r\u00e9percussions \u00e9conomiques soient imm\u00e9diatement ressenties \u00e0 tous les niveaux dans le pays. En effet, la d\u00e9r\u00e9gulation sans pr\u00e9c\u00e9dent des cha\u00eenes d\u2019approvisionnement des march\u00e9s internationaux et le rench\u00e9rissement des prix des produits en grande consommation sont parmi les impacts les plus importants.<\/p>\n<p>Au Cameroun, au terme d\u2019une \u00e9tude r\u00e9alis\u00e9e en juin 2020, l\u2019institut national de la statistique a donn\u00e9 une id\u00e9e des cons\u00e9quences de cette pand\u00e9mie sur l\u2019\u00e9conomie nationale. Selon l\u2019INS, 93% des entreprises locales ont \u00e9t\u00e9 n\u00e9gativement impact\u00e9es par la pand\u00e9mie, ainsi que 60% des m\u00e9nages. Le chiffre d\u2019affaires a baiss\u00e9, les postes supprim\u00e9s, le niveau des revenus a consid\u00e9rablement diminu\u00e9, etc.<\/p>\n<p>A en croire Cameroon tribune, une situation que la guerre entre la Russie et l\u2019Ukraine est venue aggraver. Car, ces deux pays font partie des principaux pourvoyeurs des march\u00e9s internationaux en c\u00e9r\u00e9ales (bl\u00e9, orge, ma\u00efs), en ol\u00e9agineux (n\u00e9cessaires pour la production des huiles v\u00e9g\u00e9tales), en gaz et en p\u00e9trole. De ce fait, au Amroun comme partout ailleurs, le taux d\u2019inflation a grimp\u00e9.<\/p>\n<p>Il a m\u00eame explos\u00e9 dans certains pays. De 2,5% en 2019-2020, le Cameroun vit aujourd\u2019hui une hausse g\u00e9n\u00e9ralis\u00e9e des prix de l\u2019ordre de 4,6% au premier semestre 2022. Un taux qui est n\u00e9anmoins parmi les plus faibles, quand les indicateurs affich\u00e9s ailleurs +73,49% en Turquie ; +27% au Ghana ; +17% au Nig\u00e9ria, +5,19% en France, etc.<\/p>\n<p>Au quotidien, ces chiffres se traduisent dans la r\u00e9alit\u00e9 des populations. Importer au Cameroun poisson, riz et autres c\u00e9r\u00e9ales, sucre, carburant, gaz domestique, intrants agricoles, mati\u00e8res premi\u00e8res pour la production sur place des mat\u00e9riaux de construction (ciment, fer \u00e0 b\u00e9ton, t\u00f4le), etc. est de plus en plus difficile. En cause, le rench\u00e9rissement du co\u00fbt du fret maritime, le protectionnisme des pays producteurs, entre autres. C\u2019est ainsi que progressivement, on a assist\u00e9 \u00e0 la hausse des prix des produits de grande consommation sur le march\u00e9 local.<\/p>\n<p>Mais comme les pouvoirs publics ont \u00e0 c\u0153ur de maintenir un certain \u00e9quilibre, pour ne pas mettre les populations en situation de pr\u00e9carit\u00e9, le gouvernement n\u2019a pas tard\u00e9 \u00e0 mettre en place une batterie de mesures pour contrer les effets de la pand\u00e9mie mondiale et de la guerre en Europe de l\u2019Etat. D\u2019o\u00f9 la r\u00e9silience qu\u2019on reconna\u00eet au Cameroun. Sauf que pour maintenir la t\u00eate hors de l\u2019eau, des d\u00e9penses impr\u00e9vues ont \u00e9t\u00e9 engag\u00e9es et des manques \u00e0 gagner enregistr\u00e9s, du fait de certaines initiatives impuls\u00e9es par le pr\u00e9sident de la R\u00e9publique.<\/p>\n<p>Quand on sait qu\u2019avant leCovid-19, le Cameroun devait d\u00e9j\u00e0 g\u00e9rer d\u2019autres situations qui continuent de perturber son fonctionnement optimal, l\u2019on peut que son \u00e9conomie soit grandement fragilis\u00e9e. Il s\u2019agit pr\u00e9cis\u00e9ment de la crise s\u00e9curitaire dans les r\u00e9gions du Nord-Ouest et du Sud-Ouest, de l\u2019ins\u00e9curit\u00e9 dans la r\u00e9gion de l\u2019Extr\u00eame-Nord caus\u00e9e par la secte islamique Boko Haram, etc.<\/p>\n<p><strong>Pour plus d&rsquo;informations et d&rsquo;analyses sur la <a href=\"https:\/\/www.africa-press.net\/cameroun\">Cameroun<\/a>, suivez <a href=\"https:\/\/www.africa-press.net\/\">Africa-Press<\/a><\/strong><\/p>\n","protected":false},"excerpt":{"rendered":"<p>Africa-Press &#8211; Cameroun. Entre la pand\u00e9mie du Covid-19 et sa guerre russo-ukrainienne en cours, le Cameroun comme la plupart des pays qui g\u00e9raient d\u00e9j\u00e0 des chocs internes, subit de plein fouet les r\u00e9percussions de ces crises. D\u00e8s 2020, la pand\u00e9mie \u00e0 corona virus qui a secou\u00e9 le monde n\u2019a pas \u00e9pargn\u00e9 le Cameroun qui, depuis [&hellip;]<\/p>\n","protected":false},"author":82,"featured_media":23893,"comment_status":"open","ping_status":"closed","sticky":false,"template":"","format":"standard","meta":{"footnotes":""},"categories":[3,11,10],"tags":[36,50,49],"class_list":["post-23895","post","type-post","status-publish","format-standard","has-post-thumbnail","hentry","category-economie","category-homepage-french","category-toutes-les-actualites","tag-africa-press","tag-africa-press-cameroun","tag-cameroun"],"yoast_head":"<!-- This site is optimized with the Yoast SEO Premium plugin v26.1 (Yoast SEO v27.0) - https:\/\/yoast.com\/product\/yoast-seo-premium-wordpress\/ -->\n<title>Cameroun : personne n\u2019\u00e9chappe \u00e0 la conjoncture \u00e9conomique internationale - Cameroun<\/title>\n<meta name=\"description\" content=\"Entre la pand\u00e9mie du Covid-19 et sa guerre russo-ukrainienne en cours, le Cameroun comme la plupart des pays qui g\u00e9raien ...\" \/>\n<meta name=\"robots\" content=\"index, follow, max-snippet:-1, max-image-preview:large, max-video-preview:-1\" \/>\n<link rel=\"canonical\" href=\"https:\/\/www.africa-press.net\/cameroun\/economie\/cameroun-personne-nechappe-a-la-conjoncture-economique-internationale\" \/>\n<meta property=\"og:locale\" content=\"fr_FR\" \/>\n<meta property=\"og:type\" content=\"article\" \/>\n<meta property=\"og:title\" content=\"Cameroun : personne n\u2019\u00e9chappe \u00e0 la conjoncture \u00e9conomique internationale\" \/>\n<meta property=\"og:description\" content=\"Entre la pand\u00e9mie du Covid-19 et sa guerre russo-ukrainienne en cours, le Cameroun comme la plupart des pays qui g\u00e9raien ...\" \/>\n<meta property=\"og:url\" content=\"https:\/\/www.africa-press.net\/cameroun\/economie\/cameroun-personne-nechappe-a-la-conjoncture-economique-internationale\" \/>\n<meta property=\"og:site_name\" content=\"Cameroun\" \/>\n<meta property=\"article:published_time\" content=\"2022-07-20T20:05:46+00:00\" \/>\n<meta property=\"article:modified_time\" content=\"2022-07-20T21:40:09+00:00\" \/>\n<meta property=\"og:image\" content=\"https:\/\/static.africa-press.net\/cameroun\/sites\/57\/2022\/07\/img-62d8761adc7e6.jpg\" \/>\n\t<meta property=\"og:image:width\" content=\"721\" \/>\n\t<meta property=\"og:image:height\" content=\"306\" \/>\n\t<meta property=\"og:image:type\" content=\"image\/jpeg\" \/>\n<meta name=\"author\" content=\"cfeditorfr\" \/>\n<meta name=\"twitter:card\" content=\"summary_large_image\" \/>\n<meta name=\"twitter:label1\" content=\"\u00c9crit par\" \/>\n\t<meta name=\"twitter:data1\" content=\"cfeditorfr\" \/>\n\t<meta name=\"twitter:label2\" content=\"Dur\u00e9e de lecture estim\u00e9e\" \/>\n\t<meta name=\"twitter:data2\" content=\"3 minutes\" \/>\n<script type=\"application\/ld+json\" class=\"yoast-schema-graph\">{\"@context\":\"https:\/\/schema.org\",\"@graph\":[{\"@type\":\"Article\",\"@id\":\"https:\/\/www.africa-press.net\/cameroun\/economie\/cameroun-personne-nechappe-a-la-conjoncture-economique-internationale#article\",\"isPartOf\":{\"@id\":\"https:\/\/www.africa-press.net\/cameroun\/economie\/cameroun-personne-nechappe-a-la-conjoncture-economique-internationale\"},\"author\":{\"name\":\"cfeditorfr\",\"@id\":\"https:\/\/www.africa-press.net\/cameroun\/#\/schema\/person\/2b1cf3cd81a31e3cd26889ca66d677f1\"},\"headline\":\"Cameroun : personne n\u2019\u00e9chappe \u00e0 la conjoncture \u00e9conomique internationale\",\"datePublished\":\"2022-07-20T20:05:46+00:00\",\"dateModified\":\"2022-07-20T21:40:09+00:00\",\"mainEntityOfPage\":{\"@id\":\"https:\/\/www.africa-press.net\/cameroun\/economie\/cameroun-personne-nechappe-a-la-conjoncture-economique-internationale\"},\"wordCount\":632,\"commentCount\":0,\"image\":{\"@id\":\"https:\/\/www.africa-press.net\/cameroun\/economie\/cameroun-personne-nechappe-a-la-conjoncture-economique-internationale#primaryimage\"},\"thumbnailUrl\":\"https:\/\/static.africa-press.net\/cameroun\/sites\/57\/2022\/07\/img-62d8761adc7e6.jpg\",\"keywords\":[\"Africa Press\",\"Africa Press-Cameroun\",\"Cameroun\"],\"articleSection\":[\"\u00c9conomie\",\"homepage-french\",\"Toutes les actualit\u00e9s\"],\"inLanguage\":\"fr-FR\",\"potentialAction\":[{\"@type\":\"CommentAction\",\"name\":\"Comment\",\"target\":[\"https:\/\/www.africa-press.net\/cameroun\/economie\/cameroun-personne-nechappe-a-la-conjoncture-economique-internationale#respond\"]}]},{\"@type\":\"WebPage\",\"@id\":\"https:\/\/www.africa-press.net\/cameroun\/economie\/cameroun-personne-nechappe-a-la-conjoncture-economique-internationale\",\"url\":\"https:\/\/www.africa-press.net\/cameroun\/economie\/cameroun-personne-nechappe-a-la-conjoncture-economique-internationale\",\"name\":\"Cameroun : personne n\u2019\u00e9chappe \u00e0 la conjoncture \u00e9conomique internationale - Cameroun\",\"isPartOf\":{\"@id\":\"https:\/\/www.africa-press.net\/cameroun\/#website\"},\"primaryImageOfPage\":{\"@id\":\"https:\/\/www.africa-press.net\/cameroun\/economie\/cameroun-personne-nechappe-a-la-conjoncture-economique-internationale#primaryimage\"},\"image\":{\"@id\":\"https:\/\/www.africa-press.net\/cameroun\/economie\/cameroun-personne-nechappe-a-la-conjoncture-economique-internationale#primaryimage\"},\"thumbnailUrl\":\"https:\/\/static.africa-press.net\/cameroun\/sites\/57\/2022\/07\/img-62d8761adc7e6.jpg\",\"datePublished\":\"2022-07-20T20:05:46+00:00\",\"dateModified\":\"2022-07-20T21:40:09+00:00\",\"author\":{\"@id\":\"https:\/\/www.africa-press.net\/cameroun\/#\/schema\/person\/2b1cf3cd81a31e3cd26889ca66d677f1\"},\"description\":\"Entre la pand\u00e9mie du Covid-19 et sa guerre russo-ukrainienne en cours, le Cameroun comme la plupart des pays qui g\u00e9raien ...\",\"breadcrumb\":{\"@id\":\"https:\/\/www.africa-press.net\/cameroun\/economie\/cameroun-personne-nechappe-a-la-conjoncture-economique-internationale#breadcrumb\"},\"inLanguage\":\"fr-FR\",\"potentialAction\":[{\"@type\":\"ReadAction\",\"target\":[\"https:\/\/www.africa-press.net\/cameroun\/economie\/cameroun-personne-nechappe-a-la-conjoncture-economique-internationale\"]}]},{\"@type\":\"ImageObject\",\"inLanguage\":\"fr-FR\",\"@id\":\"https:\/\/www.africa-press.net\/cameroun\/economie\/cameroun-personne-nechappe-a-la-conjoncture-economique-internationale#primaryimage\",\"url\":\"https:\/\/static.africa-press.net\/cameroun\/sites\/57\/2022\/07\/img-62d8761adc7e6.jpg\",\"contentUrl\":\"https:\/\/static.africa-press.net\/cameroun\/sites\/57\/2022\/07\/img-62d8761adc7e6.jpg\",\"width\":721,\"height\":306,\"caption\":\"Cameroun : personne n\u2019\u00e9chappe \u00e0 la conjoncture \u00e9conomique internationale\"},{\"@type\":\"BreadcrumbList\",\"@id\":\"https:\/\/www.africa-press.net\/cameroun\/economie\/cameroun-personne-nechappe-a-la-conjoncture-economique-internationale#breadcrumb\",\"itemListElement\":[{\"@type\":\"ListItem\",\"position\":1,\"name\":\"Accueil\",\"item\":\"https:\/\/www.africa-press.net\/cameroun\/\"},{\"@type\":\"ListItem\",\"position\":2,\"name\":\"Cameroun : personne n\u2019\u00e9chappe \u00e0 la conjoncture \u00e9conomique internationale\"}]},{\"@type\":\"WebSite\",\"@id\":\"https:\/\/www.africa-press.net\/cameroun\/#website\",\"url\":\"https:\/\/www.africa-press.net\/cameroun\/\",\"name\":\"Cameroun\",\"description\":\"Just another Africa News Agency Sites site\",\"potentialAction\":[{\"@type\":\"SearchAction\",\"target\":{\"@type\":\"EntryPoint\",\"urlTemplate\":\"https:\/\/www.africa-press.net\/cameroun\/?s={search_term_string}\"},\"query-input\":{\"@type\":\"PropertyValueSpecification\",\"valueRequired\":true,\"valueName\":\"search_term_string\"}}],\"inLanguage\":\"fr-FR\"},{\"@type\":\"Person\",\"@id\":\"https:\/\/www.africa-press.net\/cameroun\/#\/schema\/person\/2b1cf3cd81a31e3cd26889ca66d677f1\",\"name\":\"cfeditorfr\"}]}<\/script>\n<!-- \/ Yoast SEO Premium plugin. -->","yoast_head_json":{"title":"Cameroun : personne n\u2019\u00e9chappe \u00e0 la conjoncture \u00e9conomique internationale - Cameroun","description":"Entre la pand\u00e9mie du Covid-19 et sa guerre russo-ukrainienne en cours, le Cameroun comme la plupart des pays qui g\u00e9raien ...","robots":{"index":"index","follow":"follow","max-snippet":"max-snippet:-1","max-image-preview":"max-image-preview:large","max-video-preview":"max-video-preview:-1"},"canonical":"https:\/\/www.africa-press.net\/cameroun\/economie\/cameroun-personne-nechappe-a-la-conjoncture-economique-internationale","og_locale":"fr_FR","og_type":"article","og_title":"Cameroun : personne n\u2019\u00e9chappe \u00e0 la conjoncture \u00e9conomique internationale","og_description":"Entre la pand\u00e9mie du Covid-19 et sa guerre russo-ukrainienne en cours, le Cameroun comme la plupart des pays qui g\u00e9raien ...","og_url":"https:\/\/www.africa-press.net\/cameroun\/economie\/cameroun-personne-nechappe-a-la-conjoncture-economique-internationale","og_site_name":"Cameroun","article_published_time":"2022-07-20T20:05:46+00:00","article_modified_time":"2022-07-20T21:40:09+00:00","og_image":[{"width":721,"height":306,"url":"https:\/\/static.africa-press.net\/cameroun\/sites\/57\/2022\/07\/img-62d8761adc7e6.jpg","type":"image\/jpeg"}],"author":"cfeditorfr","twitter_card":"summary_large_image","twitter_misc":{"\u00c9crit par":"cfeditorfr","Dur\u00e9e de lecture estim\u00e9e":"3 minutes"},"schema":{"@context":"https:\/\/schema.org","@graph":[{"@type":"Article","@id":"https:\/\/www.africa-press.net\/cameroun\/economie\/cameroun-personne-nechappe-a-la-conjoncture-economique-internationale#article","isPartOf":{"@id":"https:\/\/www.africa-press.net\/cameroun\/economie\/cameroun-personne-nechappe-a-la-conjoncture-economique-internationale"},"author":{"name":"cfeditorfr","@id":"https:\/\/www.africa-press.net\/cameroun\/#\/schema\/person\/2b1cf3cd81a31e3cd26889ca66d677f1"},"headline":"Cameroun : personne n\u2019\u00e9chappe \u00e0 la conjoncture \u00e9conomique internationale","datePublished":"2022-07-20T20:05:46+00:00","dateModified":"2022-07-20T21:40:09+00:00","mainEntityOfPage":{"@id":"https:\/\/www.africa-press.net\/cameroun\/economie\/cameroun-personne-nechappe-a-la-conjoncture-economique-internationale"},"wordCount":632,"commentCount":0,"image":{"@id":"https:\/\/www.africa-press.net\/cameroun\/economie\/cameroun-personne-nechappe-a-la-conjoncture-economique-internationale#primaryimage"},"thumbnailUrl":"https:\/\/static.africa-press.net\/cameroun\/sites\/57\/2022\/07\/img-62d8761adc7e6.jpg","keywords":["Africa Press","Africa Press-Cameroun","Cameroun"],"articleSection":["\u00c9conomie","homepage-french","Toutes les actualit\u00e9s"],"inLanguage":"fr-FR","potentialAction":[{"@type":"CommentAction","name":"Comment","target":["https:\/\/www.africa-press.net\/cameroun\/economie\/cameroun-personne-nechappe-a-la-conjoncture-economique-internationale#respond"]}]},{"@type":"WebPage","@id":"https:\/\/www.africa-press.net\/cameroun\/economie\/cameroun-personne-nechappe-a-la-conjoncture-economique-internationale","url":"https:\/\/www.africa-press.net\/cameroun\/economie\/cameroun-personne-nechappe-a-la-conjoncture-economique-internationale","name":"Cameroun : personne n\u2019\u00e9chappe \u00e0 la conjoncture \u00e9conomique internationale - Cameroun","isPartOf":{"@id":"https:\/\/www.africa-press.net\/cameroun\/#website"},"primaryImageOfPage":{"@id":"https:\/\/www.africa-press.net\/cameroun\/economie\/cameroun-personne-nechappe-a-la-conjoncture-economique-internationale#primaryimage"},"image":{"@id":"https:\/\/www.africa-press.net\/cameroun\/economie\/cameroun-personne-nechappe-a-la-conjoncture-economique-internationale#primaryimage"},"thumbnailUrl":"https:\/\/static.africa-press.net\/cameroun\/sites\/57\/2022\/07\/img-62d8761adc7e6.jpg","datePublished":"2022-07-20T20:05:46+00:00","dateModified":"2022-07-20T21:40:09+00:00","author":{"@id":"https:\/\/www.africa-press.net\/cameroun\/#\/schema\/person\/2b1cf3cd81a31e3cd26889ca66d677f1"},"description":"Entre la pand\u00e9mie du Covid-19 et sa guerre russo-ukrainienne en cours, le Cameroun comme la plupart des pays qui g\u00e9raien ...","breadcrumb":{"@id":"https:\/\/www.africa-press.net\/cameroun\/economie\/cameroun-personne-nechappe-a-la-conjoncture-economique-internationale#breadcrumb"},"inLanguage":"fr-FR","potentialAction":[{"@type":"ReadAction","target":["https:\/\/www.africa-press.net\/cameroun\/economie\/cameroun-personne-nechappe-a-la-conjoncture-economique-internationale"]}]},{"@type":"ImageObject","inLanguage":"fr-FR","@id":"https:\/\/www.africa-press.net\/cameroun\/economie\/cameroun-personne-nechappe-a-la-conjoncture-economique-internationale#primaryimage","url":"https:\/\/static.africa-press.net\/cameroun\/sites\/57\/2022\/07\/img-62d8761adc7e6.jpg","contentUrl":"https:\/\/static.africa-press.net\/cameroun\/sites\/57\/2022\/07\/img-62d8761adc7e6.jpg","width":721,"height":306,"caption":"Cameroun : personne n\u2019\u00e9chappe \u00e0 la conjoncture \u00e9conomique internationale"},{"@type":"BreadcrumbList","@id":"https:\/\/www.africa-press.net\/cameroun\/economie\/cameroun-personne-nechappe-a-la-conjoncture-economique-internationale#breadcrumb","itemListElement":[{"@type":"ListItem","position":1,"name":"Accueil","item":"https:\/\/www.africa-press.net\/cameroun\/"},{"@type":"ListItem","position":2,"name":"Cameroun : personne n\u2019\u00e9chappe \u00e0 la conjoncture \u00e9conomique internationale"}]},{"@type":"WebSite","@id":"https:\/\/www.africa-press.net\/cameroun\/#website","url":"https:\/\/www.africa-press.net\/cameroun\/","name":"Cameroun","description":"Just another Africa News Agency Sites site","potentialAction":[{"@type":"SearchAction","target":{"@type":"EntryPoint","urlTemplate":"https:\/\/www.africa-press.net\/cameroun\/?s={search_term_string}"},"query-input":{"@type":"PropertyValueSpecification","valueRequired":true,"valueName":"search_term_string"}}],"inLanguage":"fr-FR"},{"@type":"Person","@id":"https:\/\/www.africa-press.net\/cameroun\/#\/schema\/person\/2b1cf3cd81a31e3cd26889ca66d677f1","name":"cfeditorfr"}]}},"_links":{"self":[{"href":"https:\/\/www.africa-press.net\/cameroun\/wp-json\/wp\/v2\/posts\/23895","targetHints":{"allow":["GET"]}}],"collection":[{"href":"https:\/\/www.africa-press.net\/cameroun\/wp-json\/wp\/v2\/posts"}],"about":[{"href":"https:\/\/www.africa-press.net\/cameroun\/wp-json\/wp\/v2\/types\/post"}],"author":[{"embeddable":true,"href":"https:\/\/www.africa-press.net\/cameroun\/wp-json\/wp\/v2\/users\/82"}],"replies":[{"embeddable":true,"href":"https:\/\/www.africa-press.net\/cameroun\/wp-json\/wp\/v2\/comments?post=23895"}],"version-history":[{"count":0,"href":"https:\/\/www.africa-press.net\/cameroun\/wp-json\/wp\/v2\/posts\/23895\/revisions"}],"wp:featuredmedia":[{"embeddable":true,"href":"https:\/\/www.africa-press.net\/cameroun\/wp-json\/wp\/v2\/media\/23893"}],"wp:attachment":[{"href":"https:\/\/www.africa-press.net\/cameroun\/wp-json\/wp\/v2\/media?parent=23895"}],"wp:term":[{"taxonomy":"category","embeddable":true,"href":"https:\/\/www.africa-press.net\/cameroun\/wp-json\/wp\/v2\/categories?post=23895"},{"taxonomy":"post_tag","embeddable":true,"href":"https:\/\/www.africa-press.net\/cameroun\/wp-json\/wp\/v2\/tags?post=23895"}],"curies":[{"name":"wp","href":"https:\/\/api.w.org\/{rel}","templated":true}]}}