{"id":23901,"date":"2022-07-20T20:24:06","date_gmt":"2022-07-20T20:24:06","guid":{"rendered":"https:\/\/www.africa-press.net\/cameroun\/politique\/cameroun-nord-ouest-le-general-bouba-dobekreo-promet-le-retour-a-la-paix"},"modified":"2022-07-20T21:41:26","modified_gmt":"2022-07-20T21:41:26","slug":"cameroun-nord-ouest-le-general-bouba-dobekreo-promet-le-retour-a-la-paix","status":"publish","type":"post","link":"https:\/\/www.africa-press.net\/cameroun\/politique\/cameroun-nord-ouest-le-general-bouba-dobekreo-promet-le-retour-a-la-paix","title":{"rendered":"Cameroun-Nord-Ouest : le g\u00e9n\u00e9ral Bouba Dobekreo promet le retour \u00e0 la paix"},"content":{"rendered":"<p><span style=\"color: #ff6600\"><strong>Africa-Press &#8211; Cameroun. <\/strong><\/span>Le nouveau commandant de la 5\u00e8 r\u00e9gion militaire interarm\u00e9es a fait cette promesse mardi 19 juillet 2022 \u00e0 l\u2019issue de son installation \u00e0 Bamenda.<\/p>\n<p>Le g\u00e9n\u00e9ral de brigade Bouba Dobekreo vient d\u2019adresser son premier message aux rebelles ind\u00e9pendantistes du Nord-Ouest. En prenant fonction dans la capitale r\u00e9gionale du Nord-Ouest mardi, le g\u00e9n\u00e9ral de brigade a fait la promesse de ramener la paix menac\u00e9e par la crise s\u00e9curitaire depuis 2016. Son territoire de commandement est perturb\u00e9 par les exactions des s\u00e9paratistes et les effets collat\u00e9raux des actions de l\u2019arm\u00e9e.<\/p>\n<p>Pour le retour \u00e0 la paix, Bouba Dobekreo, g\u00e9n\u00e9ral exp\u00e9riment\u00e9 lance un appel aux s\u00e9cessionnistes. \u00ab Ils ont en face d\u2019eux un guerrier et je vais apporter une r\u00e9ponse pour la paix. Le message que je passe, c\u2019est de d\u00e9poser les armes, pour construire le pays, pour qu\u2019on arrive \u00e0 la paix, pour qu\u2019on arrive vers la reconstruction de ce pays \u00bb, at-il d\u00e9clar\u00e9.<\/p>\n<p>La journ\u00e9e a \u00e9t\u00e9 marqu\u00e9e connu par l\u2019installation du g\u00e9n\u00e9ral Housseini Djibo, nouveau commandant de la 5\u00e8 r\u00e9gion de gendarmerie. Au cours de la c\u00e9r\u00e9monie d\u2019installation, le ministre d\u00e9l\u00e9gu\u00e9 \u00e0 la pr\u00e9sidence charg\u00e9 de la D\u00e9fense a d\u00e9clin\u00e9 les d\u00e9fis qui interpellent les nouveaux commandants.<\/p>\n<p>\u00ab Vous devez vous mettre \u00e0 la disposition de la justice, sans \u00e9tats d\u2019\u00e2me, ni complaisance, tous les contrevenants aux lois et r\u00e8glements de la R\u00e9publique, en invitant par ailleurs vos collaborateurs et subordonn\u00e9s au respect des proc\u00e9dures et \u00e0 une gestion l\u00e9gale d\u2019une libert\u00e9 publique \u00bb, a recommand\u00e9 Joseph Beti assomo.<\/p>\n<p>C\u2019est donc un nouveau vend qui se l\u00e8ve sur le commandement territorial de la D\u00e9fense dans les r\u00e9gions du Nord-Ouest et de l\u2019Ouest en proie \u00e0 l\u2019ins\u00e9curit\u00e9.<\/p>\n<p><strong>Pour plus d&rsquo;informations et d&rsquo;analyses sur la <a href=\"https:\/\/www.africa-press.net\/cameroun\">Cameroun<\/a>, suivez <a href=\"https:\/\/www.africa-press.net\/\">Africa-Press<\/a><\/strong><\/p>\n","protected":false},"excerpt":{"rendered":"<p>Africa-Press &#8211; Cameroun. Le nouveau commandant de la 5\u00e8 r\u00e9gion militaire interarm\u00e9es a fait cette promesse mardi 19 juillet 2022 \u00e0 l\u2019issue de son installation \u00e0 Bamenda. Le g\u00e9n\u00e9ral de brigade Bouba Dobekreo vient d\u2019adresser son premier message aux rebelles ind\u00e9pendantistes du Nord-Ouest. En prenant fonction dans la capitale r\u00e9gionale du Nord-Ouest mardi, le g\u00e9n\u00e9ral [&hellip;]<\/p>\n","protected":false},"author":82,"featured_media":23900,"comment_status":"open","ping_status":"closed","sticky":false,"template":"","format":"standard","meta":{"footnotes":""},"categories":[11,2,10],"tags":[36,50,49],"class_list":["post-23901","post","type-post","status-publish","format-standard","has-post-thumbnail","hentry","category-homepage-french","category-politique","category-toutes-les-actualites","tag-africa-press","tag-africa-press-cameroun","tag-cameroun"],"yoast_head":"<!-- This site is optimized with the Yoast SEO Premium plugin v26.1 (Yoast SEO v27.0) - https:\/\/yoast.com\/product\/yoast-seo-premium-wordpress\/ -->\n<title>Cameroun-Nord-Ouest : le g\u00e9n\u00e9ral Bouba Dobekreo promet le retour \u00e0 la paix - Cameroun<\/title>\n<meta name=\"description\" content=\"Le nouveau commandant de la 5\u00e8 r\u00e9gion militaire interarm\u00e9es a fait cette promesse mardi 19 juillet 2022 \u00e0 l\u2019issue de son ...\" \/>\n<meta name=\"robots\" content=\"index, follow, max-snippet:-1, max-image-preview:large, max-video-preview:-1\" \/>\n<link rel=\"canonical\" href=\"https:\/\/www.africa-press.net\/cameroun\/politique\/cameroun-nord-ouest-le-general-bouba-dobekreo-promet-le-retour-a-la-paix\" \/>\n<meta property=\"og:locale\" content=\"fr_FR\" \/>\n<meta property=\"og:type\" content=\"article\" \/>\n<meta property=\"og:title\" content=\"Cameroun-Nord-Ouest : le g\u00e9n\u00e9ral Bouba Dobekreo promet le retour \u00e0 la paix\" \/>\n<meta property=\"og:description\" content=\"Le nouveau commandant de la 5\u00e8 r\u00e9gion militaire interarm\u00e9es a fait cette promesse mardi 19 juillet 2022 \u00e0 l\u2019issue de son ...\" \/>\n<meta property=\"og:url\" content=\"https:\/\/www.africa-press.net\/cameroun\/politique\/cameroun-nord-ouest-le-general-bouba-dobekreo-promet-le-retour-a-la-paix\" \/>\n<meta property=\"og:site_name\" content=\"Cameroun\" \/>\n<meta property=\"article:published_time\" content=\"2022-07-20T20:24:06+00:00\" \/>\n<meta property=\"article:modified_time\" content=\"2022-07-20T21:41:26+00:00\" \/>\n<meta property=\"og:image\" content=\"https:\/\/static.africa-press.net\/cameroun\/sites\/57\/2022\/07\/img-62d87669481c7.jpg\" \/>\n\t<meta property=\"og:image:width\" content=\"800\" \/>\n\t<meta property=\"og:image:height\" content=\"457\" \/>\n\t<meta property=\"og:image:type\" content=\"image\/jpeg\" \/>\n<meta name=\"author\" content=\"cfeditorfr\" \/>\n<meta name=\"twitter:card\" content=\"summary_large_image\" \/>\n<meta name=\"twitter:label1\" content=\"\u00c9crit par\" \/>\n\t<meta name=\"twitter:data1\" content=\"cfeditorfr\" \/>\n\t<meta name=\"twitter:label2\" content=\"Dur\u00e9e de lecture estim\u00e9e\" \/>\n\t<meta name=\"twitter:data2\" content=\"2 minutes\" \/>\n<script type=\"application\/ld+json\" class=\"yoast-schema-graph\">{\"@context\":\"https:\/\/schema.org\",\"@graph\":[{\"@type\":\"Article\",\"@id\":\"https:\/\/www.africa-press.net\/cameroun\/politique\/cameroun-nord-ouest-le-general-bouba-dobekreo-promet-le-retour-a-la-paix#article\",\"isPartOf\":{\"@id\":\"https:\/\/www.africa-press.net\/cameroun\/politique\/cameroun-nord-ouest-le-general-bouba-dobekreo-promet-le-retour-a-la-paix\"},\"author\":{\"name\":\"cfeditorfr\",\"@id\":\"https:\/\/www.africa-press.net\/cameroun\/#\/schema\/person\/2b1cf3cd81a31e3cd26889ca66d677f1\"},\"headline\":\"Cameroun-Nord-Ouest : le g\u00e9n\u00e9ral Bouba Dobekreo promet le retour \u00e0 la paix\",\"datePublished\":\"2022-07-20T20:24:06+00:00\",\"dateModified\":\"2022-07-20T21:41:26+00:00\",\"mainEntityOfPage\":{\"@id\":\"https:\/\/www.africa-press.net\/cameroun\/politique\/cameroun-nord-ouest-le-general-bouba-dobekreo-promet-le-retour-a-la-paix\"},\"wordCount\":342,\"commentCount\":0,\"image\":{\"@id\":\"https:\/\/www.africa-press.net\/cameroun\/politique\/cameroun-nord-ouest-le-general-bouba-dobekreo-promet-le-retour-a-la-paix#primaryimage\"},\"thumbnailUrl\":\"https:\/\/static.africa-press.net\/cameroun\/sites\/57\/2022\/07\/img-62d87669481c7.jpg\",\"keywords\":[\"Africa Press\",\"Africa Press-Cameroun\",\"Cameroun\"],\"articleSection\":[\"homepage-french\",\"Politique\",\"Toutes les actualit\u00e9s\"],\"inLanguage\":\"fr-FR\",\"potentialAction\":[{\"@type\":\"CommentAction\",\"name\":\"Comment\",\"target\":[\"https:\/\/www.africa-press.net\/cameroun\/politique\/cameroun-nord-ouest-le-general-bouba-dobekreo-promet-le-retour-a-la-paix#respond\"]}]},{\"@type\":\"WebPage\",\"@id\":\"https:\/\/www.africa-press.net\/cameroun\/politique\/cameroun-nord-ouest-le-general-bouba-dobekreo-promet-le-retour-a-la-paix\",\"url\":\"https:\/\/www.africa-press.net\/cameroun\/politique\/cameroun-nord-ouest-le-general-bouba-dobekreo-promet-le-retour-a-la-paix\",\"name\":\"Cameroun-Nord-Ouest : le g\u00e9n\u00e9ral Bouba Dobekreo promet le retour \u00e0 la paix - Cameroun\",\"isPartOf\":{\"@id\":\"https:\/\/www.africa-press.net\/cameroun\/#website\"},\"primaryImageOfPage\":{\"@id\":\"https:\/\/www.africa-press.net\/cameroun\/politique\/cameroun-nord-ouest-le-general-bouba-dobekreo-promet-le-retour-a-la-paix#primaryimage\"},\"image\":{\"@id\":\"https:\/\/www.africa-press.net\/cameroun\/politique\/cameroun-nord-ouest-le-general-bouba-dobekreo-promet-le-retour-a-la-paix#primaryimage\"},\"thumbnailUrl\":\"https:\/\/static.africa-press.net\/cameroun\/sites\/57\/2022\/07\/img-62d87669481c7.jpg\",\"datePublished\":\"2022-07-20T20:24:06+00:00\",\"dateModified\":\"2022-07-20T21:41:26+00:00\",\"author\":{\"@id\":\"https:\/\/www.africa-press.net\/cameroun\/#\/schema\/person\/2b1cf3cd81a31e3cd26889ca66d677f1\"},\"description\":\"Le nouveau commandant de la 5\u00e8 r\u00e9gion militaire interarm\u00e9es a fait cette promesse mardi 19 juillet 2022 \u00e0 l\u2019issue de son ...\",\"breadcrumb\":{\"@id\":\"https:\/\/www.africa-press.net\/cameroun\/politique\/cameroun-nord-ouest-le-general-bouba-dobekreo-promet-le-retour-a-la-paix#breadcrumb\"},\"inLanguage\":\"fr-FR\",\"potentialAction\":[{\"@type\":\"ReadAction\",\"target\":[\"https:\/\/www.africa-press.net\/cameroun\/politique\/cameroun-nord-ouest-le-general-bouba-dobekreo-promet-le-retour-a-la-paix\"]}]},{\"@type\":\"ImageObject\",\"inLanguage\":\"fr-FR\",\"@id\":\"https:\/\/www.africa-press.net\/cameroun\/politique\/cameroun-nord-ouest-le-general-bouba-dobekreo-promet-le-retour-a-la-paix#primaryimage\",\"url\":\"https:\/\/static.africa-press.net\/cameroun\/sites\/57\/2022\/07\/img-62d87669481c7.jpg\",\"contentUrl\":\"https:\/\/static.africa-press.net\/cameroun\/sites\/57\/2022\/07\/img-62d87669481c7.jpg\",\"width\":800,\"height\":457,\"caption\":\"Cameroun-Nord-Ouest : le g\u00e9n\u00e9ral Bouba Dobekreo promet le retour \u00e0 la paix\"},{\"@type\":\"BreadcrumbList\",\"@id\":\"https:\/\/www.africa-press.net\/cameroun\/politique\/cameroun-nord-ouest-le-general-bouba-dobekreo-promet-le-retour-a-la-paix#breadcrumb\",\"itemListElement\":[{\"@type\":\"ListItem\",\"position\":1,\"name\":\"Accueil\",\"item\":\"https:\/\/www.africa-press.net\/cameroun\/\"},{\"@type\":\"ListItem\",\"position\":2,\"name\":\"Cameroun-Nord-Ouest : le g\u00e9n\u00e9ral Bouba Dobekreo promet le retour \u00e0 la paix\"}]},{\"@type\":\"WebSite\",\"@id\":\"https:\/\/www.africa-press.net\/cameroun\/#website\",\"url\":\"https:\/\/www.africa-press.net\/cameroun\/\",\"name\":\"Cameroun\",\"description\":\"Just another Africa News Agency Sites site\",\"potentialAction\":[{\"@type\":\"SearchAction\",\"target\":{\"@type\":\"EntryPoint\",\"urlTemplate\":\"https:\/\/www.africa-press.net\/cameroun\/?s={search_term_string}\"},\"query-input\":{\"@type\":\"PropertyValueSpecification\",\"valueRequired\":true,\"valueName\":\"search_term_string\"}}],\"inLanguage\":\"fr-FR\"},{\"@type\":\"Person\",\"@id\":\"https:\/\/www.africa-press.net\/cameroun\/#\/schema\/person\/2b1cf3cd81a31e3cd26889ca66d677f1\",\"name\":\"cfeditorfr\"}]}<\/script>\n<!-- \/ Yoast SEO Premium plugin. -->","yoast_head_json":{"title":"Cameroun-Nord-Ouest : le g\u00e9n\u00e9ral Bouba Dobekreo promet le retour \u00e0 la paix - Cameroun","description":"Le nouveau commandant de la 5\u00e8 r\u00e9gion militaire interarm\u00e9es a fait cette promesse mardi 19 juillet 2022 \u00e0 l\u2019issue de son ...","robots":{"index":"index","follow":"follow","max-snippet":"max-snippet:-1","max-image-preview":"max-image-preview:large","max-video-preview":"max-video-preview:-1"},"canonical":"https:\/\/www.africa-press.net\/cameroun\/politique\/cameroun-nord-ouest-le-general-bouba-dobekreo-promet-le-retour-a-la-paix","og_locale":"fr_FR","og_type":"article","og_title":"Cameroun-Nord-Ouest : le g\u00e9n\u00e9ral Bouba Dobekreo promet le retour \u00e0 la paix","og_description":"Le nouveau commandant de la 5\u00e8 r\u00e9gion militaire interarm\u00e9es a fait cette promesse mardi 19 juillet 2022 \u00e0 l\u2019issue de son ...","og_url":"https:\/\/www.africa-press.net\/cameroun\/politique\/cameroun-nord-ouest-le-general-bouba-dobekreo-promet-le-retour-a-la-paix","og_site_name":"Cameroun","article_published_time":"2022-07-20T20:24:06+00:00","article_modified_time":"2022-07-20T21:41:26+00:00","og_image":[{"width":800,"height":457,"url":"https:\/\/static.africa-press.net\/cameroun\/sites\/57\/2022\/07\/img-62d87669481c7.jpg","type":"image\/jpeg"}],"author":"cfeditorfr","twitter_card":"summary_large_image","twitter_misc":{"\u00c9crit par":"cfeditorfr","Dur\u00e9e de lecture estim\u00e9e":"2 minutes"},"schema":{"@context":"https:\/\/schema.org","@graph":[{"@type":"Article","@id":"https:\/\/www.africa-press.net\/cameroun\/politique\/cameroun-nord-ouest-le-general-bouba-dobekreo-promet-le-retour-a-la-paix#article","isPartOf":{"@id":"https:\/\/www.africa-press.net\/cameroun\/politique\/cameroun-nord-ouest-le-general-bouba-dobekreo-promet-le-retour-a-la-paix"},"author":{"name":"cfeditorfr","@id":"https:\/\/www.africa-press.net\/cameroun\/#\/schema\/person\/2b1cf3cd81a31e3cd26889ca66d677f1"},"headline":"Cameroun-Nord-Ouest : le g\u00e9n\u00e9ral Bouba Dobekreo promet le retour \u00e0 la paix","datePublished":"2022-07-20T20:24:06+00:00","dateModified":"2022-07-20T21:41:26+00:00","mainEntityOfPage":{"@id":"https:\/\/www.africa-press.net\/cameroun\/politique\/cameroun-nord-ouest-le-general-bouba-dobekreo-promet-le-retour-a-la-paix"},"wordCount":342,"commentCount":0,"image":{"@id":"https:\/\/www.africa-press.net\/cameroun\/politique\/cameroun-nord-ouest-le-general-bouba-dobekreo-promet-le-retour-a-la-paix#primaryimage"},"thumbnailUrl":"https:\/\/static.africa-press.net\/cameroun\/sites\/57\/2022\/07\/img-62d87669481c7.jpg","keywords":["Africa Press","Africa Press-Cameroun","Cameroun"],"articleSection":["homepage-french","Politique","Toutes les actualit\u00e9s"],"inLanguage":"fr-FR","potentialAction":[{"@type":"CommentAction","name":"Comment","target":["https:\/\/www.africa-press.net\/cameroun\/politique\/cameroun-nord-ouest-le-general-bouba-dobekreo-promet-le-retour-a-la-paix#respond"]}]},{"@type":"WebPage","@id":"https:\/\/www.africa-press.net\/cameroun\/politique\/cameroun-nord-ouest-le-general-bouba-dobekreo-promet-le-retour-a-la-paix","url":"https:\/\/www.africa-press.net\/cameroun\/politique\/cameroun-nord-ouest-le-general-bouba-dobekreo-promet-le-retour-a-la-paix","name":"Cameroun-Nord-Ouest : le g\u00e9n\u00e9ral Bouba Dobekreo promet le retour \u00e0 la paix - Cameroun","isPartOf":{"@id":"https:\/\/www.africa-press.net\/cameroun\/#website"},"primaryImageOfPage":{"@id":"https:\/\/www.africa-press.net\/cameroun\/politique\/cameroun-nord-ouest-le-general-bouba-dobekreo-promet-le-retour-a-la-paix#primaryimage"},"image":{"@id":"https:\/\/www.africa-press.net\/cameroun\/politique\/cameroun-nord-ouest-le-general-bouba-dobekreo-promet-le-retour-a-la-paix#primaryimage"},"thumbnailUrl":"https:\/\/static.africa-press.net\/cameroun\/sites\/57\/2022\/07\/img-62d87669481c7.jpg","datePublished":"2022-07-20T20:24:06+00:00","dateModified":"2022-07-20T21:41:26+00:00","author":{"@id":"https:\/\/www.africa-press.net\/cameroun\/#\/schema\/person\/2b1cf3cd81a31e3cd26889ca66d677f1"},"description":"Le nouveau commandant de la 5\u00e8 r\u00e9gion militaire interarm\u00e9es a fait cette promesse mardi 19 juillet 2022 \u00e0 l\u2019issue de son ...","breadcrumb":{"@id":"https:\/\/www.africa-press.net\/cameroun\/politique\/cameroun-nord-ouest-le-general-bouba-dobekreo-promet-le-retour-a-la-paix#breadcrumb"},"inLanguage":"fr-FR","potentialAction":[{"@type":"ReadAction","target":["https:\/\/www.africa-press.net\/cameroun\/politique\/cameroun-nord-ouest-le-general-bouba-dobekreo-promet-le-retour-a-la-paix"]}]},{"@type":"ImageObject","inLanguage":"fr-FR","@id":"https:\/\/www.africa-press.net\/cameroun\/politique\/cameroun-nord-ouest-le-general-bouba-dobekreo-promet-le-retour-a-la-paix#primaryimage","url":"https:\/\/static.africa-press.net\/cameroun\/sites\/57\/2022\/07\/img-62d87669481c7.jpg","contentUrl":"https:\/\/static.africa-press.net\/cameroun\/sites\/57\/2022\/07\/img-62d87669481c7.jpg","width":800,"height":457,"caption":"Cameroun-Nord-Ouest : le g\u00e9n\u00e9ral Bouba Dobekreo promet le retour \u00e0 la paix"},{"@type":"BreadcrumbList","@id":"https:\/\/www.africa-press.net\/cameroun\/politique\/cameroun-nord-ouest-le-general-bouba-dobekreo-promet-le-retour-a-la-paix#breadcrumb","itemListElement":[{"@type":"ListItem","position":1,"name":"Accueil","item":"https:\/\/www.africa-press.net\/cameroun\/"},{"@type":"ListItem","position":2,"name":"Cameroun-Nord-Ouest : le g\u00e9n\u00e9ral Bouba Dobekreo promet le retour \u00e0 la paix"}]},{"@type":"WebSite","@id":"https:\/\/www.africa-press.net\/cameroun\/#website","url":"https:\/\/www.africa-press.net\/cameroun\/","name":"Cameroun","description":"Just another Africa News Agency Sites site","potentialAction":[{"@type":"SearchAction","target":{"@type":"EntryPoint","urlTemplate":"https:\/\/www.africa-press.net\/cameroun\/?s={search_term_string}"},"query-input":{"@type":"PropertyValueSpecification","valueRequired":true,"valueName":"search_term_string"}}],"inLanguage":"fr-FR"},{"@type":"Person","@id":"https:\/\/www.africa-press.net\/cameroun\/#\/schema\/person\/2b1cf3cd81a31e3cd26889ca66d677f1","name":"cfeditorfr"}]}},"_links":{"self":[{"href":"https:\/\/www.africa-press.net\/cameroun\/wp-json\/wp\/v2\/posts\/23901","targetHints":{"allow":["GET"]}}],"collection":[{"href":"https:\/\/www.africa-press.net\/cameroun\/wp-json\/wp\/v2\/posts"}],"about":[{"href":"https:\/\/www.africa-press.net\/cameroun\/wp-json\/wp\/v2\/types\/post"}],"author":[{"embeddable":true,"href":"https:\/\/www.africa-press.net\/cameroun\/wp-json\/wp\/v2\/users\/82"}],"replies":[{"embeddable":true,"href":"https:\/\/www.africa-press.net\/cameroun\/wp-json\/wp\/v2\/comments?post=23901"}],"version-history":[{"count":0,"href":"https:\/\/www.africa-press.net\/cameroun\/wp-json\/wp\/v2\/posts\/23901\/revisions"}],"wp:featuredmedia":[{"embeddable":true,"href":"https:\/\/www.africa-press.net\/cameroun\/wp-json\/wp\/v2\/media\/23900"}],"wp:attachment":[{"href":"https:\/\/www.africa-press.net\/cameroun\/wp-json\/wp\/v2\/media?parent=23901"}],"wp:term":[{"taxonomy":"category","embeddable":true,"href":"https:\/\/www.africa-press.net\/cameroun\/wp-json\/wp\/v2\/categories?post=23901"},{"taxonomy":"post_tag","embeddable":true,"href":"https:\/\/www.africa-press.net\/cameroun\/wp-json\/wp\/v2\/tags?post=23901"}],"curies":[{"name":"wp","href":"https:\/\/api.w.org\/{rel}","templated":true}]}}