{"id":23907,"date":"2022-07-20T20:36:24","date_gmt":"2022-07-20T20:36:24","guid":{"rendered":"https:\/\/www.africa-press.net\/cameroun\/politique\/plus-de-5-600-migrants-camerounais-de-retour-au-pays"},"modified":"2022-07-20T21:42:46","modified_gmt":"2022-07-20T21:42:46","slug":"plus-de-5-600-migrants-camerounais-de-retour-au-pays","status":"publish","type":"post","link":"https:\/\/www.africa-press.net\/cameroun\/toutes-les-actualites\/plus-de-5-600-migrants-camerounais-de-retour-au-pays","title":{"rendered":"Plus de 5 600 migrants camerounais de retour au pays"},"content":{"rendered":"<p><span style=\"color: #ff6600\"><strong>Africa-Press &#8211; Cameroun. <\/strong><\/span>Des Camerounais sont arriv\u00e9s jeudi 14 juillet \u00e0 l\u2019a\u00e9roport international de Douala en provenance du Niger apr\u00e8s avoir pass\u00e9 des mois pour certains et des ann\u00e9es pour d\u2019autres \u00e0 tenter de rejoindre l\u2019Europe via les pays d\u2019Afrique du Nord.<\/p>\n<p>Ils viennent s\u2019ajouter aux milliers de candidats camerounais \u00e0 l\u2019immigration clandestine qui sont rentr\u00e9s librement dans leur pays d\u2019origine, gr\u00e2ce \u00e0 l\u2019initiative conjointe UE-OIM (Union Europ\u00e9enne-Orgnisation internationale pour les migrations) pour la protection et la r\u00e9int\u00e9gration des migrants.<\/p>\n<p>Cette initiative est un projet sollicit\u00e9 par le gouvernement camerounais et mis en \u0153uvre depuis 2017 par l\u2019Organisation internationale pour les migrations (OIM), avec un financement du Fonds fiduciaire d\u2019urgence de l\u2019Union Europ\u00e9enne (UE) pour l\u2019Afrique.<\/p>\n<p>Il vise \u00e0 renforcer la gestion des migrations et \u00e0 r\u00e9pondre au besoin urgent de prot\u00e9ger et de sauver la vie des migrants le long de la route migratoire de la M\u00e9diterran\u00e9e centrale, tout en assurant la protection, le retour et la r\u00e9int\u00e9gration durable des personnes concern\u00e9es.<\/p>\n<p>Depuis sa cr\u00e9ation, 5 468 Camerounais sont rentr\u00e9s \u00ab volontairement et en toute s\u00e9curit\u00e9 \u00bb, indique l\u2019OIM. \u00ab Quatre mille d\u2019entre eux ont b\u00e9n\u00e9fici\u00e9 d\u2019une aide \u00e0 la r\u00e9insertion \u00e9conomique, sociale et\/ou psychosociale. Un site d\u2019accueil temporaire pour les rapatri\u00e9s volontaires a \u00e9t\u00e9 r\u00e9habilit\u00e9 et \u00e9quip\u00e9 \u00bb, a d\u00e9clar\u00e9 le chef de mission de l\u2019OIM au Cameroun, Abdel Rahmane Diop, lors du lancement des sessions de renforcement des capacit\u00e9s des acteurs du projet le 6 juillet \u00e0 Yaound\u00e9.<\/p>\n<p><strong>Pour plus d&rsquo;informations et d&rsquo;analyses sur la <a href=\"https:\/\/www.africa-press.net\/cameroun\">Cameroun<\/a>, suivez <a href=\"https:\/\/www.africa-press.net\/\">Africa-Press<\/a><\/strong><\/p>\n","protected":false},"excerpt":{"rendered":"<p>Africa-Press &#8211; Cameroun. Des Camerounais sont arriv\u00e9s jeudi 14 juillet \u00e0 l\u2019a\u00e9roport international de Douala en provenance du Niger apr\u00e8s avoir pass\u00e9 des mois pour certains et des ann\u00e9es pour d\u2019autres \u00e0 tenter de rejoindre l\u2019Europe via les pays d\u2019Afrique du Nord. Ils viennent s\u2019ajouter aux milliers de candidats camerounais \u00e0 l\u2019immigration clandestine qui sont [&hellip;]<\/p>\n","protected":false},"author":82,"featured_media":23906,"comment_status":"open","ping_status":"closed","sticky":false,"template":"","format":"standard","meta":{"footnotes":""},"categories":[21,11,10],"tags":[36,50,49],"class_list":["post-23907","post","type-post","status-publish","format-standard","has-post-thumbnail","hentry","category-communaute","category-homepage-french","category-toutes-les-actualites","tag-africa-press","tag-africa-press-cameroun","tag-cameroun"],"yoast_head":"<!-- This site is optimized with the Yoast SEO Premium plugin v26.1 (Yoast SEO v27.0) - https:\/\/yoast.com\/product\/yoast-seo-premium-wordpress\/ -->\n<title>Plus de 5 600 migrants camerounais de retour au pays - Cameroun<\/title>\n<meta name=\"description\" content=\"Des Camerounais sont arriv\u00e9s jeudi 14 juillet \u00e0 l\u2019a\u00e9roport international de Douala en provenance du Niger apr\u00e8s avoir pa ...\" \/>\n<meta name=\"robots\" content=\"index, follow, max-snippet:-1, max-image-preview:large, max-video-preview:-1\" \/>\n<link rel=\"canonical\" href=\"https:\/\/www.africa-press.net\/cameroun\/toutes-les-actualites\/plus-de-5-600-migrants-camerounais-de-retour-au-pays\" \/>\n<meta property=\"og:locale\" content=\"fr_FR\" \/>\n<meta property=\"og:type\" content=\"article\" \/>\n<meta property=\"og:title\" content=\"Plus de 5 600 migrants camerounais de retour au pays\" \/>\n<meta property=\"og:description\" content=\"Des Camerounais sont arriv\u00e9s jeudi 14 juillet \u00e0 l\u2019a\u00e9roport international de Douala en provenance du Niger apr\u00e8s avoir pa ...\" \/>\n<meta property=\"og:url\" content=\"https:\/\/www.africa-press.net\/cameroun\/toutes-les-actualites\/plus-de-5-600-migrants-camerounais-de-retour-au-pays\" \/>\n<meta property=\"og:site_name\" content=\"Cameroun\" \/>\n<meta property=\"article:published_time\" content=\"2022-07-20T20:36:24+00:00\" \/>\n<meta property=\"article:modified_time\" content=\"2022-07-20T21:42:46+00:00\" \/>\n<meta property=\"og:image\" content=\"https:\/\/static.africa-press.net\/cameroun\/sites\/57\/2022\/07\/img-62d876b6987ee.jpg\" \/>\n\t<meta property=\"og:image:width\" content=\"720\" \/>\n\t<meta property=\"og:image:height\" content=\"479\" \/>\n\t<meta property=\"og:image:type\" content=\"image\/jpeg\" \/>\n<meta name=\"author\" content=\"cfeditorfr\" \/>\n<meta name=\"twitter:card\" content=\"summary_large_image\" \/>\n<meta name=\"twitter:label1\" content=\"\u00c9crit par\" \/>\n\t<meta name=\"twitter:data1\" content=\"cfeditorfr\" \/>\n\t<meta name=\"twitter:label2\" content=\"Dur\u00e9e de lecture estim\u00e9e\" \/>\n\t<meta name=\"twitter:data2\" content=\"1 minute\" \/>\n<script type=\"application\/ld+json\" class=\"yoast-schema-graph\">{\"@context\":\"https:\/\/schema.org\",\"@graph\":[{\"@type\":\"Article\",\"@id\":\"https:\/\/www.africa-press.net\/cameroun\/toutes-les-actualites\/plus-de-5-600-migrants-camerounais-de-retour-au-pays#article\",\"isPartOf\":{\"@id\":\"https:\/\/www.africa-press.net\/cameroun\/toutes-les-actualites\/plus-de-5-600-migrants-camerounais-de-retour-au-pays\"},\"author\":{\"name\":\"cfeditorfr\",\"@id\":\"https:\/\/www.africa-press.net\/cameroun\/#\/schema\/person\/2b1cf3cd81a31e3cd26889ca66d677f1\"},\"headline\":\"Plus de 5 600 migrants camerounais de retour au pays\",\"datePublished\":\"2022-07-20T20:36:24+00:00\",\"dateModified\":\"2022-07-20T21:42:46+00:00\",\"mainEntityOfPage\":{\"@id\":\"https:\/\/www.africa-press.net\/cameroun\/toutes-les-actualites\/plus-de-5-600-migrants-camerounais-de-retour-au-pays\"},\"wordCount\":289,\"commentCount\":0,\"image\":{\"@id\":\"https:\/\/www.africa-press.net\/cameroun\/toutes-les-actualites\/plus-de-5-600-migrants-camerounais-de-retour-au-pays#primaryimage\"},\"thumbnailUrl\":\"https:\/\/static.africa-press.net\/cameroun\/sites\/57\/2022\/07\/img-62d876b6987ee.jpg\",\"keywords\":[\"Africa Press\",\"Africa Press-Cameroun\",\"Cameroun\"],\"articleSection\":[\"Communaut\u00e9\",\"homepage-french\",\"Toutes les actualit\u00e9s\"],\"inLanguage\":\"fr-FR\",\"potentialAction\":[{\"@type\":\"CommentAction\",\"name\":\"Comment\",\"target\":[\"https:\/\/www.africa-press.net\/cameroun\/toutes-les-actualites\/plus-de-5-600-migrants-camerounais-de-retour-au-pays#respond\"]}]},{\"@type\":\"WebPage\",\"@id\":\"https:\/\/www.africa-press.net\/cameroun\/toutes-les-actualites\/plus-de-5-600-migrants-camerounais-de-retour-au-pays\",\"url\":\"https:\/\/www.africa-press.net\/cameroun\/toutes-les-actualites\/plus-de-5-600-migrants-camerounais-de-retour-au-pays\",\"name\":\"Plus de 5 600 migrants camerounais de retour au pays - Cameroun\",\"isPartOf\":{\"@id\":\"https:\/\/www.africa-press.net\/cameroun\/#website\"},\"primaryImageOfPage\":{\"@id\":\"https:\/\/www.africa-press.net\/cameroun\/toutes-les-actualites\/plus-de-5-600-migrants-camerounais-de-retour-au-pays#primaryimage\"},\"image\":{\"@id\":\"https:\/\/www.africa-press.net\/cameroun\/toutes-les-actualites\/plus-de-5-600-migrants-camerounais-de-retour-au-pays#primaryimage\"},\"thumbnailUrl\":\"https:\/\/static.africa-press.net\/cameroun\/sites\/57\/2022\/07\/img-62d876b6987ee.jpg\",\"datePublished\":\"2022-07-20T20:36:24+00:00\",\"dateModified\":\"2022-07-20T21:42:46+00:00\",\"author\":{\"@id\":\"https:\/\/www.africa-press.net\/cameroun\/#\/schema\/person\/2b1cf3cd81a31e3cd26889ca66d677f1\"},\"description\":\"Des Camerounais sont arriv\u00e9s jeudi 14 juillet \u00e0 l\u2019a\u00e9roport international de Douala en provenance du Niger apr\u00e8s avoir pa ...\",\"breadcrumb\":{\"@id\":\"https:\/\/www.africa-press.net\/cameroun\/toutes-les-actualites\/plus-de-5-600-migrants-camerounais-de-retour-au-pays#breadcrumb\"},\"inLanguage\":\"fr-FR\",\"potentialAction\":[{\"@type\":\"ReadAction\",\"target\":[\"https:\/\/www.africa-press.net\/cameroun\/toutes-les-actualites\/plus-de-5-600-migrants-camerounais-de-retour-au-pays\"]}]},{\"@type\":\"ImageObject\",\"inLanguage\":\"fr-FR\",\"@id\":\"https:\/\/www.africa-press.net\/cameroun\/toutes-les-actualites\/plus-de-5-600-migrants-camerounais-de-retour-au-pays#primaryimage\",\"url\":\"https:\/\/static.africa-press.net\/cameroun\/sites\/57\/2022\/07\/img-62d876b6987ee.jpg\",\"contentUrl\":\"https:\/\/static.africa-press.net\/cameroun\/sites\/57\/2022\/07\/img-62d876b6987ee.jpg\",\"width\":720,\"height\":479,\"caption\":\"Plus de 5 600 migrants camerounais de retour au pays\"},{\"@type\":\"BreadcrumbList\",\"@id\":\"https:\/\/www.africa-press.net\/cameroun\/toutes-les-actualites\/plus-de-5-600-migrants-camerounais-de-retour-au-pays#breadcrumb\",\"itemListElement\":[{\"@type\":\"ListItem\",\"position\":1,\"name\":\"Accueil\",\"item\":\"https:\/\/www.africa-press.net\/cameroun\/\"},{\"@type\":\"ListItem\",\"position\":2,\"name\":\"Plus de 5 600 migrants camerounais de retour au pays\"}]},{\"@type\":\"WebSite\",\"@id\":\"https:\/\/www.africa-press.net\/cameroun\/#website\",\"url\":\"https:\/\/www.africa-press.net\/cameroun\/\",\"name\":\"Cameroun\",\"description\":\"Just another Africa News Agency Sites site\",\"potentialAction\":[{\"@type\":\"SearchAction\",\"target\":{\"@type\":\"EntryPoint\",\"urlTemplate\":\"https:\/\/www.africa-press.net\/cameroun\/?s={search_term_string}\"},\"query-input\":{\"@type\":\"PropertyValueSpecification\",\"valueRequired\":true,\"valueName\":\"search_term_string\"}}],\"inLanguage\":\"fr-FR\"},{\"@type\":\"Person\",\"@id\":\"https:\/\/www.africa-press.net\/cameroun\/#\/schema\/person\/2b1cf3cd81a31e3cd26889ca66d677f1\",\"name\":\"cfeditorfr\"}]}<\/script>\n<!-- \/ Yoast SEO Premium plugin. -->","yoast_head_json":{"title":"Plus de 5 600 migrants camerounais de retour au pays - Cameroun","description":"Des Camerounais sont arriv\u00e9s jeudi 14 juillet \u00e0 l\u2019a\u00e9roport international de Douala en provenance du Niger apr\u00e8s avoir pa ...","robots":{"index":"index","follow":"follow","max-snippet":"max-snippet:-1","max-image-preview":"max-image-preview:large","max-video-preview":"max-video-preview:-1"},"canonical":"https:\/\/www.africa-press.net\/cameroun\/toutes-les-actualites\/plus-de-5-600-migrants-camerounais-de-retour-au-pays","og_locale":"fr_FR","og_type":"article","og_title":"Plus de 5 600 migrants camerounais de retour au pays","og_description":"Des Camerounais sont arriv\u00e9s jeudi 14 juillet \u00e0 l\u2019a\u00e9roport international de Douala en provenance du Niger apr\u00e8s avoir pa ...","og_url":"https:\/\/www.africa-press.net\/cameroun\/toutes-les-actualites\/plus-de-5-600-migrants-camerounais-de-retour-au-pays","og_site_name":"Cameroun","article_published_time":"2022-07-20T20:36:24+00:00","article_modified_time":"2022-07-20T21:42:46+00:00","og_image":[{"width":720,"height":479,"url":"https:\/\/static.africa-press.net\/cameroun\/sites\/57\/2022\/07\/img-62d876b6987ee.jpg","type":"image\/jpeg"}],"author":"cfeditorfr","twitter_card":"summary_large_image","twitter_misc":{"\u00c9crit par":"cfeditorfr","Dur\u00e9e de lecture estim\u00e9e":"1 minute"},"schema":{"@context":"https:\/\/schema.org","@graph":[{"@type":"Article","@id":"https:\/\/www.africa-press.net\/cameroun\/toutes-les-actualites\/plus-de-5-600-migrants-camerounais-de-retour-au-pays#article","isPartOf":{"@id":"https:\/\/www.africa-press.net\/cameroun\/toutes-les-actualites\/plus-de-5-600-migrants-camerounais-de-retour-au-pays"},"author":{"name":"cfeditorfr","@id":"https:\/\/www.africa-press.net\/cameroun\/#\/schema\/person\/2b1cf3cd81a31e3cd26889ca66d677f1"},"headline":"Plus de 5 600 migrants camerounais de retour au pays","datePublished":"2022-07-20T20:36:24+00:00","dateModified":"2022-07-20T21:42:46+00:00","mainEntityOfPage":{"@id":"https:\/\/www.africa-press.net\/cameroun\/toutes-les-actualites\/plus-de-5-600-migrants-camerounais-de-retour-au-pays"},"wordCount":289,"commentCount":0,"image":{"@id":"https:\/\/www.africa-press.net\/cameroun\/toutes-les-actualites\/plus-de-5-600-migrants-camerounais-de-retour-au-pays#primaryimage"},"thumbnailUrl":"https:\/\/static.africa-press.net\/cameroun\/sites\/57\/2022\/07\/img-62d876b6987ee.jpg","keywords":["Africa Press","Africa Press-Cameroun","Cameroun"],"articleSection":["Communaut\u00e9","homepage-french","Toutes les actualit\u00e9s"],"inLanguage":"fr-FR","potentialAction":[{"@type":"CommentAction","name":"Comment","target":["https:\/\/www.africa-press.net\/cameroun\/toutes-les-actualites\/plus-de-5-600-migrants-camerounais-de-retour-au-pays#respond"]}]},{"@type":"WebPage","@id":"https:\/\/www.africa-press.net\/cameroun\/toutes-les-actualites\/plus-de-5-600-migrants-camerounais-de-retour-au-pays","url":"https:\/\/www.africa-press.net\/cameroun\/toutes-les-actualites\/plus-de-5-600-migrants-camerounais-de-retour-au-pays","name":"Plus de 5 600 migrants camerounais de retour au pays - Cameroun","isPartOf":{"@id":"https:\/\/www.africa-press.net\/cameroun\/#website"},"primaryImageOfPage":{"@id":"https:\/\/www.africa-press.net\/cameroun\/toutes-les-actualites\/plus-de-5-600-migrants-camerounais-de-retour-au-pays#primaryimage"},"image":{"@id":"https:\/\/www.africa-press.net\/cameroun\/toutes-les-actualites\/plus-de-5-600-migrants-camerounais-de-retour-au-pays#primaryimage"},"thumbnailUrl":"https:\/\/static.africa-press.net\/cameroun\/sites\/57\/2022\/07\/img-62d876b6987ee.jpg","datePublished":"2022-07-20T20:36:24+00:00","dateModified":"2022-07-20T21:42:46+00:00","author":{"@id":"https:\/\/www.africa-press.net\/cameroun\/#\/schema\/person\/2b1cf3cd81a31e3cd26889ca66d677f1"},"description":"Des Camerounais sont arriv\u00e9s jeudi 14 juillet \u00e0 l\u2019a\u00e9roport international de Douala en provenance du Niger apr\u00e8s avoir pa ...","breadcrumb":{"@id":"https:\/\/www.africa-press.net\/cameroun\/toutes-les-actualites\/plus-de-5-600-migrants-camerounais-de-retour-au-pays#breadcrumb"},"inLanguage":"fr-FR","potentialAction":[{"@type":"ReadAction","target":["https:\/\/www.africa-press.net\/cameroun\/toutes-les-actualites\/plus-de-5-600-migrants-camerounais-de-retour-au-pays"]}]},{"@type":"ImageObject","inLanguage":"fr-FR","@id":"https:\/\/www.africa-press.net\/cameroun\/toutes-les-actualites\/plus-de-5-600-migrants-camerounais-de-retour-au-pays#primaryimage","url":"https:\/\/static.africa-press.net\/cameroun\/sites\/57\/2022\/07\/img-62d876b6987ee.jpg","contentUrl":"https:\/\/static.africa-press.net\/cameroun\/sites\/57\/2022\/07\/img-62d876b6987ee.jpg","width":720,"height":479,"caption":"Plus de 5 600 migrants camerounais de retour au pays"},{"@type":"BreadcrumbList","@id":"https:\/\/www.africa-press.net\/cameroun\/toutes-les-actualites\/plus-de-5-600-migrants-camerounais-de-retour-au-pays#breadcrumb","itemListElement":[{"@type":"ListItem","position":1,"name":"Accueil","item":"https:\/\/www.africa-press.net\/cameroun\/"},{"@type":"ListItem","position":2,"name":"Plus de 5 600 migrants camerounais de retour au pays"}]},{"@type":"WebSite","@id":"https:\/\/www.africa-press.net\/cameroun\/#website","url":"https:\/\/www.africa-press.net\/cameroun\/","name":"Cameroun","description":"Just another Africa News Agency Sites site","potentialAction":[{"@type":"SearchAction","target":{"@type":"EntryPoint","urlTemplate":"https:\/\/www.africa-press.net\/cameroun\/?s={search_term_string}"},"query-input":{"@type":"PropertyValueSpecification","valueRequired":true,"valueName":"search_term_string"}}],"inLanguage":"fr-FR"},{"@type":"Person","@id":"https:\/\/www.africa-press.net\/cameroun\/#\/schema\/person\/2b1cf3cd81a31e3cd26889ca66d677f1","name":"cfeditorfr"}]}},"_links":{"self":[{"href":"https:\/\/www.africa-press.net\/cameroun\/wp-json\/wp\/v2\/posts\/23907","targetHints":{"allow":["GET"]}}],"collection":[{"href":"https:\/\/www.africa-press.net\/cameroun\/wp-json\/wp\/v2\/posts"}],"about":[{"href":"https:\/\/www.africa-press.net\/cameroun\/wp-json\/wp\/v2\/types\/post"}],"author":[{"embeddable":true,"href":"https:\/\/www.africa-press.net\/cameroun\/wp-json\/wp\/v2\/users\/82"}],"replies":[{"embeddable":true,"href":"https:\/\/www.africa-press.net\/cameroun\/wp-json\/wp\/v2\/comments?post=23907"}],"version-history":[{"count":0,"href":"https:\/\/www.africa-press.net\/cameroun\/wp-json\/wp\/v2\/posts\/23907\/revisions"}],"wp:featuredmedia":[{"embeddable":true,"href":"https:\/\/www.africa-press.net\/cameroun\/wp-json\/wp\/v2\/media\/23906"}],"wp:attachment":[{"href":"https:\/\/www.africa-press.net\/cameroun\/wp-json\/wp\/v2\/media?parent=23907"}],"wp:term":[{"taxonomy":"category","embeddable":true,"href":"https:\/\/www.africa-press.net\/cameroun\/wp-json\/wp\/v2\/categories?post=23907"},{"taxonomy":"post_tag","embeddable":true,"href":"https:\/\/www.africa-press.net\/cameroun\/wp-json\/wp\/v2\/tags?post=23907"}],"curies":[{"name":"wp","href":"https:\/\/api.w.org\/{rel}","templated":true}]}}