{"id":23910,"date":"2022-07-20T20:46:06","date_gmt":"2022-07-20T20:46:06","guid":{"rendered":"https:\/\/www.africa-press.net\/cameroun\/politique\/cameroun-le-budget-2023-en-preparation"},"modified":"2022-07-20T21:43:38","modified_gmt":"2022-07-20T21:43:38","slug":"cameroun-le-budget-2023-en-preparation","status":"publish","type":"post","link":"https:\/\/www.africa-press.net\/cameroun\/economie\/cameroun-le-budget-2023-en-preparation","title":{"rendered":"Cameroun\u00a0: le budget 2023 en pr\u00e9paration"},"content":{"rendered":"<p><span style=\"color: #ff6600\"><strong>Africa-Press &#8211; Cameroun. <\/strong><\/span>Au cours des 02 jours de travaux (du 19 au 20 juillet 2022), cinq expos\u00e9s seront pr\u00e9sent\u00e9s et anim\u00e9s par les experts du Minfi et du Minepat \u00e0 cet effet.<\/p>\n<p>Le Ministre des Finances, Louis Paul Motaze a pr\u00e9sid\u00e9 ce 19 juillet 2022, \u00e0 Yaound\u00e9, la c\u00e9r\u00e9monie d\u2019ouverture du S\u00e9minaire de lancement de la pr\u00e9paration du budget 2023 de l\u2019Etat.<\/p>\n<p>Ledit s\u00e9minaire qui s\u2019ach\u00e8vera le 20 juillet 2022, a pour objectif de pr\u00e9senter aux responsables techniques des administrations intervenants dans le processus d\u2019\u00e9laboration du budget, les divers d\u00e9fis, les innovations et contraintes de l\u2019environnement r\u00e8glementaire et socio\u00e9conomique national, de m\u00eame que les outils n\u00e9cessaires \u00e0 une pr\u00e9paration efficace des budgets de leurs administrations<\/p>\n<p>Il est question de les pr\u00e9parer aux d\u00e9fis, innovations et mesures qui visent la rationalisation des choix budg\u00e9taires et une meilleure allocation des ressources disponibles.<\/p>\n<p>Le Cameroun projette malgr\u00e9 les multiples crises, une croissance de 4,6% en 2023 et 5,3% en moyenne en 2024 et 2025. D\u2019apr\u00e8s le ministre de Finances, l\u2019inflation devrait \u00eatre maintenue \u00e0 3% sur cette p\u00e9riode.<\/p>\n<p>Il s\u2019agit l\u00e0 d\u2019un seuil de convergence de la Communaut\u00e9 \u00e9conomique et mon\u00e9taire de l\u2019Afrique centrale. Dans cette perspective, l\u2019\u00c9tat du Cameroun entend orienter ses actions prioritaires vers: la finalisation et de la mise en service des grands projets de 1ere g\u00e9n\u00e9ration et la poursuite et la mise en \u0153uvre de la politique de l\u2019import-substitution et de la promotion du patriotisme \u00e9conomique.<\/p>\n<p>aussi, vers l\u2019acc\u00e9l\u00e9ration du processus de la d\u00e9centralisation \u00e0 travers la poursuite de la mise en place des R\u00e9gions et de la Fonction publique locale et la mise en \u0153uvre de la couverture sant\u00e9 universelle et la politique du livre.<\/p>\n<p>Selon la CRTV, la fin de satisfaire les pr\u00e9c\u00e9dentes actions prioritaires, la direction g\u00e9n\u00e9rale des imp\u00f4ts (DGI) du minist\u00e8re des Finances soutient que la part des pr\u00e9l\u00e8vements obligatoires dans la richesse nationale doit atteindre \u00ab au moins 25% pour \u00eatre significative et engendrer un v\u00e9ritable d\u00e9veloppement\u2009\u00bb.<\/p>\n<p>La DGI rappelle que le taux de pression fiscale calcul\u00e9 sur la base des recettes globales est pass\u00e9 de 12,1% en 2010 \u00e0 14,6% en 2019 avec des pics de 14,7% en 2015 avant de tomber \u00e0 11% en 2020 et 11,8% en 2021.<\/p>\n<p><strong>Pour plus d&rsquo;informations et d&rsquo;analyses sur la <a href=\"https:\/\/www.africa-press.net\/cameroun\">Cameroun<\/a>, suivez <a href=\"https:\/\/www.africa-press.net\/\">Africa-Press<\/a><\/strong><\/p>\n","protected":false},"excerpt":{"rendered":"<p>Africa-Press &#8211; Cameroun. Au cours des 02 jours de travaux (du 19 au 20 juillet 2022), cinq expos\u00e9s seront pr\u00e9sent\u00e9s et anim\u00e9s par les experts du Minfi et du Minepat \u00e0 cet effet. Le Ministre des Finances, Louis Paul Motaze a pr\u00e9sid\u00e9 ce 19 juillet 2022, \u00e0 Yaound\u00e9, la c\u00e9r\u00e9monie d\u2019ouverture du S\u00e9minaire de lancement [&hellip;]<\/p>\n","protected":false},"author":82,"featured_media":23909,"comment_status":"open","ping_status":"closed","sticky":false,"template":"","format":"standard","meta":{"footnotes":""},"categories":[3,11,10],"tags":[36,50,49],"class_list":["post-23910","post","type-post","status-publish","format-standard","has-post-thumbnail","hentry","category-economie","category-homepage-french","category-toutes-les-actualites","tag-africa-press","tag-africa-press-cameroun","tag-cameroun"],"yoast_head":"<!-- This site is optimized with the Yoast SEO Premium plugin v26.1 (Yoast SEO v27.0) - https:\/\/yoast.com\/product\/yoast-seo-premium-wordpress\/ -->\n<title>Cameroun\u00a0: le budget 2023 en pr\u00e9paration - Cameroun<\/title>\n<meta name=\"description\" content=\"Au cours des 02 jours de travaux (du 19 au 20 juillet 2022), cinq expos\u00e9s seront pr\u00e9sent\u00e9s et anim\u00e9s par les experts du ...\" \/>\n<meta name=\"robots\" content=\"index, follow, max-snippet:-1, max-image-preview:large, max-video-preview:-1\" \/>\n<link rel=\"canonical\" href=\"https:\/\/www.africa-press.net\/cameroun\/economie\/cameroun-le-budget-2023-en-preparation\" \/>\n<meta property=\"og:locale\" content=\"fr_FR\" \/>\n<meta property=\"og:type\" content=\"article\" \/>\n<meta property=\"og:title\" content=\"Cameroun\u00a0: le budget 2023 en pr\u00e9paration\" \/>\n<meta property=\"og:description\" content=\"Au cours des 02 jours de travaux (du 19 au 20 juillet 2022), cinq expos\u00e9s seront pr\u00e9sent\u00e9s et anim\u00e9s par les experts du ...\" \/>\n<meta property=\"og:url\" content=\"https:\/\/www.africa-press.net\/cameroun\/economie\/cameroun-le-budget-2023-en-preparation\" \/>\n<meta property=\"og:site_name\" content=\"Cameroun\" \/>\n<meta property=\"article:published_time\" content=\"2022-07-20T20:46:06+00:00\" \/>\n<meta property=\"article:modified_time\" content=\"2022-07-20T21:43:38+00:00\" \/>\n<meta property=\"og:image\" content=\"https:\/\/static.africa-press.net\/cameroun\/sites\/57\/2022\/07\/img-62d876dc7603f.jpg\" \/>\n\t<meta property=\"og:image:width\" content=\"743\" \/>\n\t<meta property=\"og:image:height\" content=\"553\" \/>\n\t<meta property=\"og:image:type\" content=\"image\/jpeg\" \/>\n<meta name=\"author\" content=\"cfeditorfr\" \/>\n<meta name=\"twitter:card\" content=\"summary_large_image\" \/>\n<meta name=\"twitter:label1\" content=\"\u00c9crit par\" \/>\n\t<meta name=\"twitter:data1\" content=\"cfeditorfr\" \/>\n\t<meta name=\"twitter:label2\" content=\"Dur\u00e9e de lecture estim\u00e9e\" \/>\n\t<meta name=\"twitter:data2\" content=\"2 minutes\" \/>\n<script type=\"application\/ld+json\" class=\"yoast-schema-graph\">{\"@context\":\"https:\/\/schema.org\",\"@graph\":[{\"@type\":\"Article\",\"@id\":\"https:\/\/www.africa-press.net\/cameroun\/economie\/cameroun-le-budget-2023-en-preparation#article\",\"isPartOf\":{\"@id\":\"https:\/\/www.africa-press.net\/cameroun\/economie\/cameroun-le-budget-2023-en-preparation\"},\"author\":{\"name\":\"cfeditorfr\",\"@id\":\"https:\/\/www.africa-press.net\/cameroun\/#\/schema\/person\/2b1cf3cd81a31e3cd26889ca66d677f1\"},\"headline\":\"Cameroun\u00a0: le budget 2023 en pr\u00e9paration\",\"datePublished\":\"2022-07-20T20:46:06+00:00\",\"dateModified\":\"2022-07-20T21:43:38+00:00\",\"mainEntityOfPage\":{\"@id\":\"https:\/\/www.africa-press.net\/cameroun\/economie\/cameroun-le-budget-2023-en-preparation\"},\"wordCount\":405,\"commentCount\":0,\"image\":{\"@id\":\"https:\/\/www.africa-press.net\/cameroun\/economie\/cameroun-le-budget-2023-en-preparation#primaryimage\"},\"thumbnailUrl\":\"https:\/\/static.africa-press.net\/cameroun\/sites\/57\/2022\/07\/img-62d876dc7603f.jpg\",\"keywords\":[\"Africa Press\",\"Africa Press-Cameroun\",\"Cameroun\"],\"articleSection\":[\"\u00c9conomie\",\"homepage-french\",\"Toutes les actualit\u00e9s\"],\"inLanguage\":\"fr-FR\",\"potentialAction\":[{\"@type\":\"CommentAction\",\"name\":\"Comment\",\"target\":[\"https:\/\/www.africa-press.net\/cameroun\/economie\/cameroun-le-budget-2023-en-preparation#respond\"]}]},{\"@type\":\"WebPage\",\"@id\":\"https:\/\/www.africa-press.net\/cameroun\/economie\/cameroun-le-budget-2023-en-preparation\",\"url\":\"https:\/\/www.africa-press.net\/cameroun\/economie\/cameroun-le-budget-2023-en-preparation\",\"name\":\"Cameroun\u00a0: le budget 2023 en pr\u00e9paration - Cameroun\",\"isPartOf\":{\"@id\":\"https:\/\/www.africa-press.net\/cameroun\/#website\"},\"primaryImageOfPage\":{\"@id\":\"https:\/\/www.africa-press.net\/cameroun\/economie\/cameroun-le-budget-2023-en-preparation#primaryimage\"},\"image\":{\"@id\":\"https:\/\/www.africa-press.net\/cameroun\/economie\/cameroun-le-budget-2023-en-preparation#primaryimage\"},\"thumbnailUrl\":\"https:\/\/static.africa-press.net\/cameroun\/sites\/57\/2022\/07\/img-62d876dc7603f.jpg\",\"datePublished\":\"2022-07-20T20:46:06+00:00\",\"dateModified\":\"2022-07-20T21:43:38+00:00\",\"author\":{\"@id\":\"https:\/\/www.africa-press.net\/cameroun\/#\/schema\/person\/2b1cf3cd81a31e3cd26889ca66d677f1\"},\"description\":\"Au cours des 02 jours de travaux (du 19 au 20 juillet 2022), cinq expos\u00e9s seront pr\u00e9sent\u00e9s et anim\u00e9s par les experts du ...\",\"breadcrumb\":{\"@id\":\"https:\/\/www.africa-press.net\/cameroun\/economie\/cameroun-le-budget-2023-en-preparation#breadcrumb\"},\"inLanguage\":\"fr-FR\",\"potentialAction\":[{\"@type\":\"ReadAction\",\"target\":[\"https:\/\/www.africa-press.net\/cameroun\/economie\/cameroun-le-budget-2023-en-preparation\"]}]},{\"@type\":\"ImageObject\",\"inLanguage\":\"fr-FR\",\"@id\":\"https:\/\/www.africa-press.net\/cameroun\/economie\/cameroun-le-budget-2023-en-preparation#primaryimage\",\"url\":\"https:\/\/static.africa-press.net\/cameroun\/sites\/57\/2022\/07\/img-62d876dc7603f.jpg\",\"contentUrl\":\"https:\/\/static.africa-press.net\/cameroun\/sites\/57\/2022\/07\/img-62d876dc7603f.jpg\",\"width\":743,\"height\":553,\"caption\":\"Cameroun\u00a0: le budget 2023 en pr\u00e9paration\"},{\"@type\":\"BreadcrumbList\",\"@id\":\"https:\/\/www.africa-press.net\/cameroun\/economie\/cameroun-le-budget-2023-en-preparation#breadcrumb\",\"itemListElement\":[{\"@type\":\"ListItem\",\"position\":1,\"name\":\"Accueil\",\"item\":\"https:\/\/www.africa-press.net\/cameroun\/\"},{\"@type\":\"ListItem\",\"position\":2,\"name\":\"Cameroun\u00a0: le budget 2023 en pr\u00e9paration\"}]},{\"@type\":\"WebSite\",\"@id\":\"https:\/\/www.africa-press.net\/cameroun\/#website\",\"url\":\"https:\/\/www.africa-press.net\/cameroun\/\",\"name\":\"Cameroun\",\"description\":\"Just another Africa News Agency Sites site\",\"potentialAction\":[{\"@type\":\"SearchAction\",\"target\":{\"@type\":\"EntryPoint\",\"urlTemplate\":\"https:\/\/www.africa-press.net\/cameroun\/?s={search_term_string}\"},\"query-input\":{\"@type\":\"PropertyValueSpecification\",\"valueRequired\":true,\"valueName\":\"search_term_string\"}}],\"inLanguage\":\"fr-FR\"},{\"@type\":\"Person\",\"@id\":\"https:\/\/www.africa-press.net\/cameroun\/#\/schema\/person\/2b1cf3cd81a31e3cd26889ca66d677f1\",\"name\":\"cfeditorfr\"}]}<\/script>\n<!-- \/ Yoast SEO Premium plugin. -->","yoast_head_json":{"title":"Cameroun\u00a0: le budget 2023 en pr\u00e9paration - Cameroun","description":"Au cours des 02 jours de travaux (du 19 au 20 juillet 2022), cinq expos\u00e9s seront pr\u00e9sent\u00e9s et anim\u00e9s par les experts du ...","robots":{"index":"index","follow":"follow","max-snippet":"max-snippet:-1","max-image-preview":"max-image-preview:large","max-video-preview":"max-video-preview:-1"},"canonical":"https:\/\/www.africa-press.net\/cameroun\/economie\/cameroun-le-budget-2023-en-preparation","og_locale":"fr_FR","og_type":"article","og_title":"Cameroun\u00a0: le budget 2023 en pr\u00e9paration","og_description":"Au cours des 02 jours de travaux (du 19 au 20 juillet 2022), cinq expos\u00e9s seront pr\u00e9sent\u00e9s et anim\u00e9s par les experts du ...","og_url":"https:\/\/www.africa-press.net\/cameroun\/economie\/cameroun-le-budget-2023-en-preparation","og_site_name":"Cameroun","article_published_time":"2022-07-20T20:46:06+00:00","article_modified_time":"2022-07-20T21:43:38+00:00","og_image":[{"width":743,"height":553,"url":"https:\/\/static.africa-press.net\/cameroun\/sites\/57\/2022\/07\/img-62d876dc7603f.jpg","type":"image\/jpeg"}],"author":"cfeditorfr","twitter_card":"summary_large_image","twitter_misc":{"\u00c9crit par":"cfeditorfr","Dur\u00e9e de lecture estim\u00e9e":"2 minutes"},"schema":{"@context":"https:\/\/schema.org","@graph":[{"@type":"Article","@id":"https:\/\/www.africa-press.net\/cameroun\/economie\/cameroun-le-budget-2023-en-preparation#article","isPartOf":{"@id":"https:\/\/www.africa-press.net\/cameroun\/economie\/cameroun-le-budget-2023-en-preparation"},"author":{"name":"cfeditorfr","@id":"https:\/\/www.africa-press.net\/cameroun\/#\/schema\/person\/2b1cf3cd81a31e3cd26889ca66d677f1"},"headline":"Cameroun\u00a0: le budget 2023 en pr\u00e9paration","datePublished":"2022-07-20T20:46:06+00:00","dateModified":"2022-07-20T21:43:38+00:00","mainEntityOfPage":{"@id":"https:\/\/www.africa-press.net\/cameroun\/economie\/cameroun-le-budget-2023-en-preparation"},"wordCount":405,"commentCount":0,"image":{"@id":"https:\/\/www.africa-press.net\/cameroun\/economie\/cameroun-le-budget-2023-en-preparation#primaryimage"},"thumbnailUrl":"https:\/\/static.africa-press.net\/cameroun\/sites\/57\/2022\/07\/img-62d876dc7603f.jpg","keywords":["Africa Press","Africa Press-Cameroun","Cameroun"],"articleSection":["\u00c9conomie","homepage-french","Toutes les actualit\u00e9s"],"inLanguage":"fr-FR","potentialAction":[{"@type":"CommentAction","name":"Comment","target":["https:\/\/www.africa-press.net\/cameroun\/economie\/cameroun-le-budget-2023-en-preparation#respond"]}]},{"@type":"WebPage","@id":"https:\/\/www.africa-press.net\/cameroun\/economie\/cameroun-le-budget-2023-en-preparation","url":"https:\/\/www.africa-press.net\/cameroun\/economie\/cameroun-le-budget-2023-en-preparation","name":"Cameroun\u00a0: le budget 2023 en pr\u00e9paration - Cameroun","isPartOf":{"@id":"https:\/\/www.africa-press.net\/cameroun\/#website"},"primaryImageOfPage":{"@id":"https:\/\/www.africa-press.net\/cameroun\/economie\/cameroun-le-budget-2023-en-preparation#primaryimage"},"image":{"@id":"https:\/\/www.africa-press.net\/cameroun\/economie\/cameroun-le-budget-2023-en-preparation#primaryimage"},"thumbnailUrl":"https:\/\/static.africa-press.net\/cameroun\/sites\/57\/2022\/07\/img-62d876dc7603f.jpg","datePublished":"2022-07-20T20:46:06+00:00","dateModified":"2022-07-20T21:43:38+00:00","author":{"@id":"https:\/\/www.africa-press.net\/cameroun\/#\/schema\/person\/2b1cf3cd81a31e3cd26889ca66d677f1"},"description":"Au cours des 02 jours de travaux (du 19 au 20 juillet 2022), cinq expos\u00e9s seront pr\u00e9sent\u00e9s et anim\u00e9s par les experts du ...","breadcrumb":{"@id":"https:\/\/www.africa-press.net\/cameroun\/economie\/cameroun-le-budget-2023-en-preparation#breadcrumb"},"inLanguage":"fr-FR","potentialAction":[{"@type":"ReadAction","target":["https:\/\/www.africa-press.net\/cameroun\/economie\/cameroun-le-budget-2023-en-preparation"]}]},{"@type":"ImageObject","inLanguage":"fr-FR","@id":"https:\/\/www.africa-press.net\/cameroun\/economie\/cameroun-le-budget-2023-en-preparation#primaryimage","url":"https:\/\/static.africa-press.net\/cameroun\/sites\/57\/2022\/07\/img-62d876dc7603f.jpg","contentUrl":"https:\/\/static.africa-press.net\/cameroun\/sites\/57\/2022\/07\/img-62d876dc7603f.jpg","width":743,"height":553,"caption":"Cameroun\u00a0: le budget 2023 en pr\u00e9paration"},{"@type":"BreadcrumbList","@id":"https:\/\/www.africa-press.net\/cameroun\/economie\/cameroun-le-budget-2023-en-preparation#breadcrumb","itemListElement":[{"@type":"ListItem","position":1,"name":"Accueil","item":"https:\/\/www.africa-press.net\/cameroun\/"},{"@type":"ListItem","position":2,"name":"Cameroun\u00a0: le budget 2023 en pr\u00e9paration"}]},{"@type":"WebSite","@id":"https:\/\/www.africa-press.net\/cameroun\/#website","url":"https:\/\/www.africa-press.net\/cameroun\/","name":"Cameroun","description":"Just another Africa News Agency Sites site","potentialAction":[{"@type":"SearchAction","target":{"@type":"EntryPoint","urlTemplate":"https:\/\/www.africa-press.net\/cameroun\/?s={search_term_string}"},"query-input":{"@type":"PropertyValueSpecification","valueRequired":true,"valueName":"search_term_string"}}],"inLanguage":"fr-FR"},{"@type":"Person","@id":"https:\/\/www.africa-press.net\/cameroun\/#\/schema\/person\/2b1cf3cd81a31e3cd26889ca66d677f1","name":"cfeditorfr"}]}},"_links":{"self":[{"href":"https:\/\/www.africa-press.net\/cameroun\/wp-json\/wp\/v2\/posts\/23910","targetHints":{"allow":["GET"]}}],"collection":[{"href":"https:\/\/www.africa-press.net\/cameroun\/wp-json\/wp\/v2\/posts"}],"about":[{"href":"https:\/\/www.africa-press.net\/cameroun\/wp-json\/wp\/v2\/types\/post"}],"author":[{"embeddable":true,"href":"https:\/\/www.africa-press.net\/cameroun\/wp-json\/wp\/v2\/users\/82"}],"replies":[{"embeddable":true,"href":"https:\/\/www.africa-press.net\/cameroun\/wp-json\/wp\/v2\/comments?post=23910"}],"version-history":[{"count":0,"href":"https:\/\/www.africa-press.net\/cameroun\/wp-json\/wp\/v2\/posts\/23910\/revisions"}],"wp:featuredmedia":[{"embeddable":true,"href":"https:\/\/www.africa-press.net\/cameroun\/wp-json\/wp\/v2\/media\/23909"}],"wp:attachment":[{"href":"https:\/\/www.africa-press.net\/cameroun\/wp-json\/wp\/v2\/media?parent=23910"}],"wp:term":[{"taxonomy":"category","embeddable":true,"href":"https:\/\/www.africa-press.net\/cameroun\/wp-json\/wp\/v2\/categories?post=23910"},{"taxonomy":"post_tag","embeddable":true,"href":"https:\/\/www.africa-press.net\/cameroun\/wp-json\/wp\/v2\/tags?post=23910"}],"curies":[{"name":"wp","href":"https:\/\/api.w.org\/{rel}","templated":true}]}}