{"id":2392,"date":"2021-04-24T14:53:12","date_gmt":"2021-04-24T14:53:12","guid":{"rendered":"https:\/\/www.africa-press.net\/cameroun\/?p=2392"},"modified":"2021-04-26T02:03:44","modified_gmt":"2021-04-26T02:03:44","slug":"cameroun-crise-anglophone-lhonorable-fusi-naamukong-ancien-depute-sdf-kidnappe-a-bamenda","status":"publish","type":"post","link":"https:\/\/www.africa-press.net\/cameroun\/toutes-les-actualites\/cameroun-crise-anglophone-lhonorable-fusi-naamukong-ancien-depute-sdf-kidnappe-a-bamenda","title":{"rendered":"Cameroun &#8211; Crise anglophone: L\u2019honorable Fusi Naamukong (ancien d\u00e9put\u00e9 SDF) kidnapp\u00e9 \u00e0 Bamenda"},"content":{"rendered":"<p><span style=\"color: #ff6600\"><strong><a href=\"https:\/\/www.africa-press.net\/\">Africa-Press<\/a> &#8211; <a href=\"https:\/\/www.africa-press.net\/cameroun\">Cameroun<\/a>. <\/strong><\/span>Etre victime de kidnapping pendant les obs\u00e8ques de son \u00e9pouse ! C\u2019est le double drame que vit l\u2019honorable Fusi Wilfred Naamukong. L\u2019ex-d\u00e9put\u00e9 SDF (Social Democratic Front) de la circonscription de Bafut Tubah au Nord-Ouest a \u00e9t\u00e9 enlev\u00e9 par des hommes arm\u00e9s non identifi\u00e9s dans la soir\u00e9e du 23 avril 2021 \u00e0 Bamenda.<\/p>\n<p>Le rapt s\u2019est produit lors de l\u2019enterrement de son \u00e9pouse, pr\u00e9cise Jean Robert Wafo, le responsable de la Communication du SDF, sans donner plus de pr\u00e9cisions sur les circonstances de cet enl\u00e8vement. Pour l\u2019instant, Cameroon-Info.Net ignore si une demande de ran\u00e7on a \u00e9t\u00e9 effectu\u00e9e ou pas.<\/p>\n<p>Il y a un peu plus d\u2019un an, pr\u00e9cis\u00e9ment en janvier 2020, des individus arm\u00e9s avaient d\u00e9j\u00e0 mis le feu \u00e0 la r\u00e9sidence de M. Fusi Naamukong. A l\u2019\u00e9poque, selon le concern\u00e9, l\u2019objectif des s\u00e9paratistes \u00e9tait de susciter la peur pour emp\u00eacher la participation aux \u00e9lections locales du 9 f\u00e9vrier 2020.<\/p>\n<p>Les exactions perdurent dans les r\u00e9gions du Nord-Ouest et du Sud-Ouest en proie \u00e0 une guerre d\u2019ind\u00e9pendance depuis bient\u00f4t cinq ans. Il y a une semaine, au moins cinq civils ont \u00e9t\u00e9 tu\u00e9s dans un bar \u00e0 Bamenda.<\/p>\n<p>A en croire un d\u00e9compte du journaliste Fr\u00e9d\u00e9ric Takang, correspondant local de la cha\u00eene priv\u00e9e Radio Equinoxe, au moins 30 kidnappings et demandes de ran\u00e7on ont \u00e9t\u00e9 signal\u00e9s dans la capitale r\u00e9gionale du Nord-Ouest en une semaine.<\/p>\n","protected":false},"excerpt":{"rendered":"<p>Africa-Press &#8211; Cameroun. Etre victime de kidnapping pendant les obs\u00e8ques de son \u00e9pouse ! C\u2019est le double drame que vit l\u2019honorable Fusi Wilfred Naamukong. L\u2019ex-d\u00e9put\u00e9 SDF (Social Democratic Front) de la circonscription de Bafut Tubah au Nord-Ouest a \u00e9t\u00e9 enlev\u00e9 par des hommes arm\u00e9s non identifi\u00e9s dans la soir\u00e9e du 23 avril 2021 \u00e0 Bamenda. [&hellip;]<\/p>\n","protected":false},"author":82,"featured_media":2391,"comment_status":"open","ping_status":"closed","sticky":false,"template":"","format":"standard","meta":{"footnotes":""},"categories":[21,11,10],"tags":[36,50,49],"class_list":["post-2392","post","type-post","status-publish","format-standard","has-post-thumbnail","hentry","category-communaute","category-homepage-french","category-toutes-les-actualites","tag-africa-press","tag-africa-press-cameroun","tag-cameroun"],"yoast_head":"<!-- This site is optimized with the Yoast SEO Premium plugin v26.1 (Yoast SEO v27.0) - https:\/\/yoast.com\/product\/yoast-seo-premium-wordpress\/ -->\n<title>Cameroun - Crise anglophone: L\u2019honorable Fusi Naamukong (ancien d\u00e9put\u00e9 SDF) kidnapp\u00e9 \u00e0 Bamenda - Cameroun<\/title>\n<meta name=\"description\" content=\"Etre victime de kidnapping pendant les obs\u00e8ques de son \u00e9pouse ! C\u2019est le double drame que vit l\u2019honorable Fusi Wilfred N ...\" \/>\n<meta name=\"robots\" content=\"index, follow, max-snippet:-1, max-image-preview:large, max-video-preview:-1\" \/>\n<link rel=\"canonical\" href=\"https:\/\/www.africa-press.net\/cameroun\/toutes-les-actualites\/cameroun-crise-anglophone-lhonorable-fusi-naamukong-ancien-depute-sdf-kidnappe-a-bamenda\" \/>\n<meta property=\"og:locale\" content=\"fr_FR\" \/>\n<meta property=\"og:type\" content=\"article\" \/>\n<meta property=\"og:title\" content=\"Cameroun - Crise anglophone: L\u2019honorable Fusi Naamukong (ancien d\u00e9put\u00e9 SDF) kidnapp\u00e9 \u00e0 Bamenda\" \/>\n<meta property=\"og:description\" content=\"Etre victime de kidnapping pendant les obs\u00e8ques de son \u00e9pouse ! C\u2019est le double drame que vit l\u2019honorable Fusi Wilfred N ...\" \/>\n<meta property=\"og:url\" content=\"https:\/\/www.africa-press.net\/cameroun\/toutes-les-actualites\/cameroun-crise-anglophone-lhonorable-fusi-naamukong-ancien-depute-sdf-kidnappe-a-bamenda\" \/>\n<meta property=\"og:site_name\" content=\"Cameroun\" \/>\n<meta property=\"article:published_time\" content=\"2021-04-24T14:53:12+00:00\" \/>\n<meta property=\"article:modified_time\" content=\"2021-04-26T02:03:44+00:00\" \/>\n<meta property=\"og:image\" content=\"https:\/\/static.africa-press.net\/cameroun\/sites\/57\/2021\/04\/img-6084542d35b32.jpg\" \/>\n\t<meta property=\"og:image:width\" content=\"800\" \/>\n\t<meta property=\"og:image:height\" content=\"509\" \/>\n\t<meta property=\"og:image:type\" content=\"image\/jpeg\" \/>\n<meta name=\"author\" content=\"cfeditorfr\" \/>\n<meta name=\"twitter:card\" content=\"summary_large_image\" \/>\n<meta name=\"twitter:label1\" content=\"\u00c9crit par\" \/>\n\t<meta name=\"twitter:data1\" content=\"cfeditorfr\" \/>\n\t<meta name=\"twitter:label2\" content=\"Dur\u00e9e de lecture estim\u00e9e\" \/>\n\t<meta name=\"twitter:data2\" content=\"1 minute\" \/>\n<script type=\"application\/ld+json\" class=\"yoast-schema-graph\">{\"@context\":\"https:\/\/schema.org\",\"@graph\":[{\"@type\":\"Article\",\"@id\":\"https:\/\/www.africa-press.net\/cameroun\/toutes-les-actualites\/cameroun-crise-anglophone-lhonorable-fusi-naamukong-ancien-depute-sdf-kidnappe-a-bamenda#article\",\"isPartOf\":{\"@id\":\"https:\/\/www.africa-press.net\/cameroun\/toutes-les-actualites\/cameroun-crise-anglophone-lhonorable-fusi-naamukong-ancien-depute-sdf-kidnappe-a-bamenda\"},\"author\":{\"name\":\"cfeditorfr\",\"@id\":\"https:\/\/www.africa-press.net\/cameroun\/#\/schema\/person\/2b1cf3cd81a31e3cd26889ca66d677f1\"},\"headline\":\"Cameroun &#8211; Crise anglophone: L\u2019honorable Fusi Naamukong (ancien d\u00e9put\u00e9 SDF) kidnapp\u00e9 \u00e0 Bamenda\",\"datePublished\":\"2021-04-24T14:53:12+00:00\",\"dateModified\":\"2021-04-26T02:03:44+00:00\",\"mainEntityOfPage\":{\"@id\":\"https:\/\/www.africa-press.net\/cameroun\/toutes-les-actualites\/cameroun-crise-anglophone-lhonorable-fusi-naamukong-ancien-depute-sdf-kidnappe-a-bamenda\"},\"wordCount\":271,\"commentCount\":0,\"image\":{\"@id\":\"https:\/\/www.africa-press.net\/cameroun\/toutes-les-actualites\/cameroun-crise-anglophone-lhonorable-fusi-naamukong-ancien-depute-sdf-kidnappe-a-bamenda#primaryimage\"},\"thumbnailUrl\":\"https:\/\/static.africa-press.net\/cameroun\/sites\/57\/2021\/04\/img-6084542d35b32.jpg\",\"keywords\":[\"Africa Press\",\"Africa Press-Cameroun\",\"Cameroun\"],\"articleSection\":[\"Communaut\u00e9\",\"homepage-french\",\"Toutes les actualit\u00e9s\"],\"inLanguage\":\"fr-FR\",\"potentialAction\":[{\"@type\":\"CommentAction\",\"name\":\"Comment\",\"target\":[\"https:\/\/www.africa-press.net\/cameroun\/toutes-les-actualites\/cameroun-crise-anglophone-lhonorable-fusi-naamukong-ancien-depute-sdf-kidnappe-a-bamenda#respond\"]}]},{\"@type\":\"WebPage\",\"@id\":\"https:\/\/www.africa-press.net\/cameroun\/toutes-les-actualites\/cameroun-crise-anglophone-lhonorable-fusi-naamukong-ancien-depute-sdf-kidnappe-a-bamenda\",\"url\":\"https:\/\/www.africa-press.net\/cameroun\/toutes-les-actualites\/cameroun-crise-anglophone-lhonorable-fusi-naamukong-ancien-depute-sdf-kidnappe-a-bamenda\",\"name\":\"Cameroun - Crise anglophone: L\u2019honorable Fusi Naamukong (ancien d\u00e9put\u00e9 SDF) kidnapp\u00e9 \u00e0 Bamenda - Cameroun\",\"isPartOf\":{\"@id\":\"https:\/\/www.africa-press.net\/cameroun\/#website\"},\"primaryImageOfPage\":{\"@id\":\"https:\/\/www.africa-press.net\/cameroun\/toutes-les-actualites\/cameroun-crise-anglophone-lhonorable-fusi-naamukong-ancien-depute-sdf-kidnappe-a-bamenda#primaryimage\"},\"image\":{\"@id\":\"https:\/\/www.africa-press.net\/cameroun\/toutes-les-actualites\/cameroun-crise-anglophone-lhonorable-fusi-naamukong-ancien-depute-sdf-kidnappe-a-bamenda#primaryimage\"},\"thumbnailUrl\":\"https:\/\/static.africa-press.net\/cameroun\/sites\/57\/2021\/04\/img-6084542d35b32.jpg\",\"datePublished\":\"2021-04-24T14:53:12+00:00\",\"dateModified\":\"2021-04-26T02:03:44+00:00\",\"author\":{\"@id\":\"https:\/\/www.africa-press.net\/cameroun\/#\/schema\/person\/2b1cf3cd81a31e3cd26889ca66d677f1\"},\"description\":\"Etre victime de kidnapping pendant les obs\u00e8ques de son \u00e9pouse ! C\u2019est le double drame que vit l\u2019honorable Fusi Wilfred N ...\",\"breadcrumb\":{\"@id\":\"https:\/\/www.africa-press.net\/cameroun\/toutes-les-actualites\/cameroun-crise-anglophone-lhonorable-fusi-naamukong-ancien-depute-sdf-kidnappe-a-bamenda#breadcrumb\"},\"inLanguage\":\"fr-FR\",\"potentialAction\":[{\"@type\":\"ReadAction\",\"target\":[\"https:\/\/www.africa-press.net\/cameroun\/toutes-les-actualites\/cameroun-crise-anglophone-lhonorable-fusi-naamukong-ancien-depute-sdf-kidnappe-a-bamenda\"]}]},{\"@type\":\"ImageObject\",\"inLanguage\":\"fr-FR\",\"@id\":\"https:\/\/www.africa-press.net\/cameroun\/toutes-les-actualites\/cameroun-crise-anglophone-lhonorable-fusi-naamukong-ancien-depute-sdf-kidnappe-a-bamenda#primaryimage\",\"url\":\"https:\/\/static.africa-press.net\/cameroun\/sites\/57\/2021\/04\/img-6084542d35b32.jpg\",\"contentUrl\":\"https:\/\/static.africa-press.net\/cameroun\/sites\/57\/2021\/04\/img-6084542d35b32.jpg\",\"width\":800,\"height\":509,\"caption\":\"Cameroun - Crise anglophone: L\u2019honorable Fusi Naamukong (ancien d\u00e9put\u00e9 SDF) kidnapp\u00e9 \u00e0 Bamenda\"},{\"@type\":\"BreadcrumbList\",\"@id\":\"https:\/\/www.africa-press.net\/cameroun\/toutes-les-actualites\/cameroun-crise-anglophone-lhonorable-fusi-naamukong-ancien-depute-sdf-kidnappe-a-bamenda#breadcrumb\",\"itemListElement\":[{\"@type\":\"ListItem\",\"position\":1,\"name\":\"Accueil\",\"item\":\"https:\/\/www.africa-press.net\/cameroun\/\"},{\"@type\":\"ListItem\",\"position\":2,\"name\":\"Cameroun &#8211; Crise anglophone: L\u2019honorable Fusi Naamukong (ancien d\u00e9put\u00e9 SDF) kidnapp\u00e9 \u00e0 Bamenda\"}]},{\"@type\":\"WebSite\",\"@id\":\"https:\/\/www.africa-press.net\/cameroun\/#website\",\"url\":\"https:\/\/www.africa-press.net\/cameroun\/\",\"name\":\"Cameroun\",\"description\":\"Just another Africa News Agency Sites site\",\"potentialAction\":[{\"@type\":\"SearchAction\",\"target\":{\"@type\":\"EntryPoint\",\"urlTemplate\":\"https:\/\/www.africa-press.net\/cameroun\/?s={search_term_string}\"},\"query-input\":{\"@type\":\"PropertyValueSpecification\",\"valueRequired\":true,\"valueName\":\"search_term_string\"}}],\"inLanguage\":\"fr-FR\"},{\"@type\":\"Person\",\"@id\":\"https:\/\/www.africa-press.net\/cameroun\/#\/schema\/person\/2b1cf3cd81a31e3cd26889ca66d677f1\",\"name\":\"cfeditorfr\"}]}<\/script>\n<!-- \/ Yoast SEO Premium plugin. -->","yoast_head_json":{"title":"Cameroun - Crise anglophone: L\u2019honorable Fusi Naamukong (ancien d\u00e9put\u00e9 SDF) kidnapp\u00e9 \u00e0 Bamenda - Cameroun","description":"Etre victime de kidnapping pendant les obs\u00e8ques de son \u00e9pouse ! C\u2019est le double drame que vit l\u2019honorable Fusi Wilfred N ...","robots":{"index":"index","follow":"follow","max-snippet":"max-snippet:-1","max-image-preview":"max-image-preview:large","max-video-preview":"max-video-preview:-1"},"canonical":"https:\/\/www.africa-press.net\/cameroun\/toutes-les-actualites\/cameroun-crise-anglophone-lhonorable-fusi-naamukong-ancien-depute-sdf-kidnappe-a-bamenda","og_locale":"fr_FR","og_type":"article","og_title":"Cameroun - Crise anglophone: L\u2019honorable Fusi Naamukong (ancien d\u00e9put\u00e9 SDF) kidnapp\u00e9 \u00e0 Bamenda","og_description":"Etre victime de kidnapping pendant les obs\u00e8ques de son \u00e9pouse ! C\u2019est le double drame que vit l\u2019honorable Fusi Wilfred N ...","og_url":"https:\/\/www.africa-press.net\/cameroun\/toutes-les-actualites\/cameroun-crise-anglophone-lhonorable-fusi-naamukong-ancien-depute-sdf-kidnappe-a-bamenda","og_site_name":"Cameroun","article_published_time":"2021-04-24T14:53:12+00:00","article_modified_time":"2021-04-26T02:03:44+00:00","og_image":[{"width":800,"height":509,"url":"https:\/\/static.africa-press.net\/cameroun\/sites\/57\/2021\/04\/img-6084542d35b32.jpg","type":"image\/jpeg"}],"author":"cfeditorfr","twitter_card":"summary_large_image","twitter_misc":{"\u00c9crit par":"cfeditorfr","Dur\u00e9e de lecture estim\u00e9e":"1 minute"},"schema":{"@context":"https:\/\/schema.org","@graph":[{"@type":"Article","@id":"https:\/\/www.africa-press.net\/cameroun\/toutes-les-actualites\/cameroun-crise-anglophone-lhonorable-fusi-naamukong-ancien-depute-sdf-kidnappe-a-bamenda#article","isPartOf":{"@id":"https:\/\/www.africa-press.net\/cameroun\/toutes-les-actualites\/cameroun-crise-anglophone-lhonorable-fusi-naamukong-ancien-depute-sdf-kidnappe-a-bamenda"},"author":{"name":"cfeditorfr","@id":"https:\/\/www.africa-press.net\/cameroun\/#\/schema\/person\/2b1cf3cd81a31e3cd26889ca66d677f1"},"headline":"Cameroun &#8211; Crise anglophone: L\u2019honorable Fusi Naamukong (ancien d\u00e9put\u00e9 SDF) kidnapp\u00e9 \u00e0 Bamenda","datePublished":"2021-04-24T14:53:12+00:00","dateModified":"2021-04-26T02:03:44+00:00","mainEntityOfPage":{"@id":"https:\/\/www.africa-press.net\/cameroun\/toutes-les-actualites\/cameroun-crise-anglophone-lhonorable-fusi-naamukong-ancien-depute-sdf-kidnappe-a-bamenda"},"wordCount":271,"commentCount":0,"image":{"@id":"https:\/\/www.africa-press.net\/cameroun\/toutes-les-actualites\/cameroun-crise-anglophone-lhonorable-fusi-naamukong-ancien-depute-sdf-kidnappe-a-bamenda#primaryimage"},"thumbnailUrl":"https:\/\/static.africa-press.net\/cameroun\/sites\/57\/2021\/04\/img-6084542d35b32.jpg","keywords":["Africa Press","Africa Press-Cameroun","Cameroun"],"articleSection":["Communaut\u00e9","homepage-french","Toutes les actualit\u00e9s"],"inLanguage":"fr-FR","potentialAction":[{"@type":"CommentAction","name":"Comment","target":["https:\/\/www.africa-press.net\/cameroun\/toutes-les-actualites\/cameroun-crise-anglophone-lhonorable-fusi-naamukong-ancien-depute-sdf-kidnappe-a-bamenda#respond"]}]},{"@type":"WebPage","@id":"https:\/\/www.africa-press.net\/cameroun\/toutes-les-actualites\/cameroun-crise-anglophone-lhonorable-fusi-naamukong-ancien-depute-sdf-kidnappe-a-bamenda","url":"https:\/\/www.africa-press.net\/cameroun\/toutes-les-actualites\/cameroun-crise-anglophone-lhonorable-fusi-naamukong-ancien-depute-sdf-kidnappe-a-bamenda","name":"Cameroun - Crise anglophone: L\u2019honorable Fusi Naamukong (ancien d\u00e9put\u00e9 SDF) kidnapp\u00e9 \u00e0 Bamenda - Cameroun","isPartOf":{"@id":"https:\/\/www.africa-press.net\/cameroun\/#website"},"primaryImageOfPage":{"@id":"https:\/\/www.africa-press.net\/cameroun\/toutes-les-actualites\/cameroun-crise-anglophone-lhonorable-fusi-naamukong-ancien-depute-sdf-kidnappe-a-bamenda#primaryimage"},"image":{"@id":"https:\/\/www.africa-press.net\/cameroun\/toutes-les-actualites\/cameroun-crise-anglophone-lhonorable-fusi-naamukong-ancien-depute-sdf-kidnappe-a-bamenda#primaryimage"},"thumbnailUrl":"https:\/\/static.africa-press.net\/cameroun\/sites\/57\/2021\/04\/img-6084542d35b32.jpg","datePublished":"2021-04-24T14:53:12+00:00","dateModified":"2021-04-26T02:03:44+00:00","author":{"@id":"https:\/\/www.africa-press.net\/cameroun\/#\/schema\/person\/2b1cf3cd81a31e3cd26889ca66d677f1"},"description":"Etre victime de kidnapping pendant les obs\u00e8ques de son \u00e9pouse ! C\u2019est le double drame que vit l\u2019honorable Fusi Wilfred N ...","breadcrumb":{"@id":"https:\/\/www.africa-press.net\/cameroun\/toutes-les-actualites\/cameroun-crise-anglophone-lhonorable-fusi-naamukong-ancien-depute-sdf-kidnappe-a-bamenda#breadcrumb"},"inLanguage":"fr-FR","potentialAction":[{"@type":"ReadAction","target":["https:\/\/www.africa-press.net\/cameroun\/toutes-les-actualites\/cameroun-crise-anglophone-lhonorable-fusi-naamukong-ancien-depute-sdf-kidnappe-a-bamenda"]}]},{"@type":"ImageObject","inLanguage":"fr-FR","@id":"https:\/\/www.africa-press.net\/cameroun\/toutes-les-actualites\/cameroun-crise-anglophone-lhonorable-fusi-naamukong-ancien-depute-sdf-kidnappe-a-bamenda#primaryimage","url":"https:\/\/static.africa-press.net\/cameroun\/sites\/57\/2021\/04\/img-6084542d35b32.jpg","contentUrl":"https:\/\/static.africa-press.net\/cameroun\/sites\/57\/2021\/04\/img-6084542d35b32.jpg","width":800,"height":509,"caption":"Cameroun - Crise anglophone: L\u2019honorable Fusi Naamukong (ancien d\u00e9put\u00e9 SDF) kidnapp\u00e9 \u00e0 Bamenda"},{"@type":"BreadcrumbList","@id":"https:\/\/www.africa-press.net\/cameroun\/toutes-les-actualites\/cameroun-crise-anglophone-lhonorable-fusi-naamukong-ancien-depute-sdf-kidnappe-a-bamenda#breadcrumb","itemListElement":[{"@type":"ListItem","position":1,"name":"Accueil","item":"https:\/\/www.africa-press.net\/cameroun\/"},{"@type":"ListItem","position":2,"name":"Cameroun &#8211; Crise anglophone: L\u2019honorable Fusi Naamukong (ancien d\u00e9put\u00e9 SDF) kidnapp\u00e9 \u00e0 Bamenda"}]},{"@type":"WebSite","@id":"https:\/\/www.africa-press.net\/cameroun\/#website","url":"https:\/\/www.africa-press.net\/cameroun\/","name":"Cameroun","description":"Just another Africa News Agency Sites site","potentialAction":[{"@type":"SearchAction","target":{"@type":"EntryPoint","urlTemplate":"https:\/\/www.africa-press.net\/cameroun\/?s={search_term_string}"},"query-input":{"@type":"PropertyValueSpecification","valueRequired":true,"valueName":"search_term_string"}}],"inLanguage":"fr-FR"},{"@type":"Person","@id":"https:\/\/www.africa-press.net\/cameroun\/#\/schema\/person\/2b1cf3cd81a31e3cd26889ca66d677f1","name":"cfeditorfr"}]}},"_links":{"self":[{"href":"https:\/\/www.africa-press.net\/cameroun\/wp-json\/wp\/v2\/posts\/2392","targetHints":{"allow":["GET"]}}],"collection":[{"href":"https:\/\/www.africa-press.net\/cameroun\/wp-json\/wp\/v2\/posts"}],"about":[{"href":"https:\/\/www.africa-press.net\/cameroun\/wp-json\/wp\/v2\/types\/post"}],"author":[{"embeddable":true,"href":"https:\/\/www.africa-press.net\/cameroun\/wp-json\/wp\/v2\/users\/82"}],"replies":[{"embeddable":true,"href":"https:\/\/www.africa-press.net\/cameroun\/wp-json\/wp\/v2\/comments?post=2392"}],"version-history":[{"count":0,"href":"https:\/\/www.africa-press.net\/cameroun\/wp-json\/wp\/v2\/posts\/2392\/revisions"}],"wp:featuredmedia":[{"embeddable":true,"href":"https:\/\/www.africa-press.net\/cameroun\/wp-json\/wp\/v2\/media\/2391"}],"wp:attachment":[{"href":"https:\/\/www.africa-press.net\/cameroun\/wp-json\/wp\/v2\/media?parent=2392"}],"wp:term":[{"taxonomy":"category","embeddable":true,"href":"https:\/\/www.africa-press.net\/cameroun\/wp-json\/wp\/v2\/categories?post=2392"},{"taxonomy":"post_tag","embeddable":true,"href":"https:\/\/www.africa-press.net\/cameroun\/wp-json\/wp\/v2\/tags?post=2392"}],"curies":[{"name":"wp","href":"https:\/\/api.w.org\/{rel}","templated":true}]}}