{"id":23924,"date":"2022-07-22T16:05:05","date_gmt":"2022-07-22T16:05:05","guid":{"rendered":"https:\/\/www.africa-press.net\/cameroun\/politique\/cameroun-la-region-de-louest-au-top-des-ventes-du-cafe-robusta-entre-2019-et-2020"},"modified":"2022-07-22T16:05:19","modified_gmt":"2022-07-22T16:05:19","slug":"cameroun-la-region-de-louest-au-top-des-ventes-du-cafe-robusta-entre-2019-et-2020","status":"publish","type":"post","link":"https:\/\/www.africa-press.net\/cameroun\/economie\/cameroun-la-region-de-louest-au-top-des-ventes-du-cafe-robusta-entre-2019-et-2020","title":{"rendered":"Cameroun: La r\u00e9gion de l\u2019Ouest au top des ventes du caf\u00e9 Robusta entre 2019 et 2020"},"content":{"rendered":"<p><span style=\"color: #ff6600\"><strong>Africa-Press &#8211; Cameroun. <\/strong><\/span>La ville de Ngaound\u00e9r\u00e9 dans la r\u00e9gion de l\u2019Adamaoua a abrit\u00e9 un atelier de formation en techniques de brassage de caf\u00e9 et des produits cacaot\u00e9s dans les r\u00e9gions septentrionales du Cameroun. Une initiative de l\u2019Office national du cacao et du caf\u00e9 (Oncc). De cet atelier de formation, l\u2019on a appris que la r\u00e9gion de l\u2019Ouest Cameroun est celle qui a enregistr\u00e9 le plus fort taux de vente de caf\u00e9 Robusta entre 2019 et 2020, avec 43,5%.<\/p>\n<p>La r\u00e9gion du Littorale arrive \u00e0 la deuxi\u00e8me position avec 38,9% des ventes, contre respectivement 7,9% et 6% pour les r\u00e9gions de l\u2019Adamaoua et l\u2019Est. Le Nord-Ouest (3,4%) et le Centre (0,5%) ferment la queue du classement de l\u2019Oncc. Ce dernier indique d\u2019ailleurs que les prix vers\u00e9s aux producteurs de caf\u00e9 Robusta sur la p\u00e9riode 2019-2020 ont vari\u00e9 entre 250 FCFA et 900 FCFA.<\/p>\n<p>L\u2019objectif de l\u2019atelier tenu dans la ville de Ngaound\u00e9r\u00e9 \u00e9tait entre autres pour l\u2019Oncc d\u2019am\u00e9liorer et renforcer les capacit\u00e9s des producteurs et les tous les acteurs impliqu\u00e9s dans la cha\u00eene commerciale du caf\u00e9, afin de leur permettre d\u2019am\u00e9liorer la qualit\u00e9 de production. Plusieurs espaces publics sont cibl\u00e9s pour la promotion du caf\u00e9, \u00e0 l\u2019instar des a\u00e9roports, les gares voyageurs, les agences de voyage et autres espaces ouverts au public.<\/p>\n<p>\u00ab Nous voulons sortir l\u2019Adamaoua de l\u2019anonymat afin qu\u2019elle soit reconnue comme un bassin autonome qui a un potentiel \u00e9norme pour les ann\u00e9es \u00e0 venir. Aujourd\u2019hui, on est confront\u00e9 \u00e0 ce qu\u2019on appelle les produits sans d\u00e9forestation. Vous convenez avec moi que dans ces r\u00e9gions, c\u2019est beaucoup plus la steppe, la transition entre la for\u00eat tropicale et la savane et cela constitue une zone tampon o\u00f9 la culture du caf\u00e9 et du cacao n\u2019aura pas les m\u00eames probl\u00e8mes de d\u00e9forestation \u00bb rassure Michael Ndoping, directeur g\u00e9n\u00e9ral de l\u2019Oncc.<\/p>\n<p><b>Jean Daniel Obama, CIN<\/b><\/p>\n<p><strong>Pour plus d&rsquo;informations et d&rsquo;analyses sur la <a href=\"https:\/\/www.africa-press.net\/cameroun\">Cameroun<\/a>, suivez <a href=\"https:\/\/www.africa-press.net\/\">Africa-Press<\/a><\/strong><\/p>\n","protected":false},"excerpt":{"rendered":"<p>Africa-Press &#8211; Cameroun. La ville de Ngaound\u00e9r\u00e9 dans la r\u00e9gion de l\u2019Adamaoua a abrit\u00e9 un atelier de formation en techniques de brassage de caf\u00e9 et des produits cacaot\u00e9s dans les r\u00e9gions septentrionales du Cameroun. Une initiative de l\u2019Office national du cacao et du caf\u00e9 (Oncc). De cet atelier de formation, l\u2019on a appris que la [&hellip;]<\/p>\n","protected":false},"author":82,"featured_media":23923,"comment_status":"open","ping_status":"closed","sticky":false,"template":"","format":"standard","meta":{"footnotes":""},"categories":[3,11,10],"tags":[36,50,49],"class_list":["post-23924","post","type-post","status-publish","format-standard","has-post-thumbnail","hentry","category-economie","category-homepage-french","category-toutes-les-actualites","tag-africa-press","tag-africa-press-cameroun","tag-cameroun"],"yoast_head":"<!-- This site is optimized with the Yoast SEO Premium plugin v26.1 (Yoast SEO v27.0) - https:\/\/yoast.com\/product\/yoast-seo-premium-wordpress\/ -->\n<title>Cameroun: La r\u00e9gion de l\u2019Ouest au top des ventes du caf\u00e9 Robusta entre 2019 et 2020 - Cameroun<\/title>\n<meta name=\"description\" content=\"La ville de Ngaound\u00e9r\u00e9 dans la r\u00e9gion de l\u2019Adamaoua a abrit\u00e9 un atelier de formation en techniques de brassage de caf\u00e9 e ...\" \/>\n<meta name=\"robots\" content=\"index, follow, max-snippet:-1, max-image-preview:large, max-video-preview:-1\" \/>\n<link rel=\"canonical\" href=\"https:\/\/www.africa-press.net\/cameroun\/economie\/cameroun-la-region-de-louest-au-top-des-ventes-du-cafe-robusta-entre-2019-et-2020\" \/>\n<meta property=\"og:locale\" content=\"fr_FR\" \/>\n<meta property=\"og:type\" content=\"article\" \/>\n<meta property=\"og:title\" content=\"Cameroun: La r\u00e9gion de l\u2019Ouest au top des ventes du caf\u00e9 Robusta entre 2019 et 2020\" \/>\n<meta property=\"og:description\" content=\"La ville de Ngaound\u00e9r\u00e9 dans la r\u00e9gion de l\u2019Adamaoua a abrit\u00e9 un atelier de formation en techniques de brassage de caf\u00e9 e ...\" \/>\n<meta property=\"og:url\" content=\"https:\/\/www.africa-press.net\/cameroun\/economie\/cameroun-la-region-de-louest-au-top-des-ventes-du-cafe-robusta-entre-2019-et-2020\" \/>\n<meta property=\"og:site_name\" content=\"Cameroun\" \/>\n<meta property=\"article:published_time\" content=\"2022-07-22T16:05:05+00:00\" \/>\n<meta property=\"article:modified_time\" content=\"2022-07-22T16:05:19+00:00\" \/>\n<meta property=\"og:image\" content=\"https:\/\/static.africa-press.net\/cameroun\/sites\/57\/2022\/07\/img-62dacaa716b8c.jpg\" \/>\n\t<meta property=\"og:image:width\" content=\"800\" \/>\n\t<meta property=\"og:image:height\" content=\"395\" \/>\n\t<meta property=\"og:image:type\" content=\"image\/jpeg\" \/>\n<meta name=\"author\" content=\"cfeditorfr\" \/>\n<meta name=\"twitter:card\" content=\"summary_large_image\" \/>\n<meta name=\"twitter:label1\" content=\"\u00c9crit par\" \/>\n\t<meta name=\"twitter:data1\" content=\"cfeditorfr\" \/>\n\t<meta name=\"twitter:label2\" content=\"Dur\u00e9e de lecture estim\u00e9e\" \/>\n\t<meta name=\"twitter:data2\" content=\"2 minutes\" \/>\n<script type=\"application\/ld+json\" class=\"yoast-schema-graph\">{\"@context\":\"https:\/\/schema.org\",\"@graph\":[{\"@type\":\"Article\",\"@id\":\"https:\/\/www.africa-press.net\/cameroun\/economie\/cameroun-la-region-de-louest-au-top-des-ventes-du-cafe-robusta-entre-2019-et-2020#article\",\"isPartOf\":{\"@id\":\"https:\/\/www.africa-press.net\/cameroun\/economie\/cameroun-la-region-de-louest-au-top-des-ventes-du-cafe-robusta-entre-2019-et-2020\"},\"author\":{\"name\":\"cfeditorfr\",\"@id\":\"https:\/\/www.africa-press.net\/cameroun\/#\/schema\/person\/2b1cf3cd81a31e3cd26889ca66d677f1\"},\"headline\":\"Cameroun: La r\u00e9gion de l\u2019Ouest au top des ventes du caf\u00e9 Robusta entre 2019 et 2020\",\"datePublished\":\"2022-07-22T16:05:05+00:00\",\"dateModified\":\"2022-07-22T16:05:19+00:00\",\"mainEntityOfPage\":{\"@id\":\"https:\/\/www.africa-press.net\/cameroun\/economie\/cameroun-la-region-de-louest-au-top-des-ventes-du-cafe-robusta-entre-2019-et-2020\"},\"wordCount\":365,\"commentCount\":0,\"image\":{\"@id\":\"https:\/\/www.africa-press.net\/cameroun\/economie\/cameroun-la-region-de-louest-au-top-des-ventes-du-cafe-robusta-entre-2019-et-2020#primaryimage\"},\"thumbnailUrl\":\"https:\/\/static.africa-press.net\/cameroun\/sites\/57\/2022\/07\/img-62dacaa716b8c.jpg\",\"keywords\":[\"Africa Press\",\"Africa Press-Cameroun\",\"Cameroun\"],\"articleSection\":[\"\u00c9conomie\",\"homepage-french\",\"Toutes les actualit\u00e9s\"],\"inLanguage\":\"fr-FR\",\"potentialAction\":[{\"@type\":\"CommentAction\",\"name\":\"Comment\",\"target\":[\"https:\/\/www.africa-press.net\/cameroun\/economie\/cameroun-la-region-de-louest-au-top-des-ventes-du-cafe-robusta-entre-2019-et-2020#respond\"]}]},{\"@type\":\"WebPage\",\"@id\":\"https:\/\/www.africa-press.net\/cameroun\/economie\/cameroun-la-region-de-louest-au-top-des-ventes-du-cafe-robusta-entre-2019-et-2020\",\"url\":\"https:\/\/www.africa-press.net\/cameroun\/economie\/cameroun-la-region-de-louest-au-top-des-ventes-du-cafe-robusta-entre-2019-et-2020\",\"name\":\"Cameroun: La r\u00e9gion de l\u2019Ouest au top des ventes du caf\u00e9 Robusta entre 2019 et 2020 - Cameroun\",\"isPartOf\":{\"@id\":\"https:\/\/www.africa-press.net\/cameroun\/#website\"},\"primaryImageOfPage\":{\"@id\":\"https:\/\/www.africa-press.net\/cameroun\/economie\/cameroun-la-region-de-louest-au-top-des-ventes-du-cafe-robusta-entre-2019-et-2020#primaryimage\"},\"image\":{\"@id\":\"https:\/\/www.africa-press.net\/cameroun\/economie\/cameroun-la-region-de-louest-au-top-des-ventes-du-cafe-robusta-entre-2019-et-2020#primaryimage\"},\"thumbnailUrl\":\"https:\/\/static.africa-press.net\/cameroun\/sites\/57\/2022\/07\/img-62dacaa716b8c.jpg\",\"datePublished\":\"2022-07-22T16:05:05+00:00\",\"dateModified\":\"2022-07-22T16:05:19+00:00\",\"author\":{\"@id\":\"https:\/\/www.africa-press.net\/cameroun\/#\/schema\/person\/2b1cf3cd81a31e3cd26889ca66d677f1\"},\"description\":\"La ville de Ngaound\u00e9r\u00e9 dans la r\u00e9gion de l\u2019Adamaoua a abrit\u00e9 un atelier de formation en techniques de brassage de caf\u00e9 e ...\",\"breadcrumb\":{\"@id\":\"https:\/\/www.africa-press.net\/cameroun\/economie\/cameroun-la-region-de-louest-au-top-des-ventes-du-cafe-robusta-entre-2019-et-2020#breadcrumb\"},\"inLanguage\":\"fr-FR\",\"potentialAction\":[{\"@type\":\"ReadAction\",\"target\":[\"https:\/\/www.africa-press.net\/cameroun\/economie\/cameroun-la-region-de-louest-au-top-des-ventes-du-cafe-robusta-entre-2019-et-2020\"]}]},{\"@type\":\"ImageObject\",\"inLanguage\":\"fr-FR\",\"@id\":\"https:\/\/www.africa-press.net\/cameroun\/economie\/cameroun-la-region-de-louest-au-top-des-ventes-du-cafe-robusta-entre-2019-et-2020#primaryimage\",\"url\":\"https:\/\/static.africa-press.net\/cameroun\/sites\/57\/2022\/07\/img-62dacaa716b8c.jpg\",\"contentUrl\":\"https:\/\/static.africa-press.net\/cameroun\/sites\/57\/2022\/07\/img-62dacaa716b8c.jpg\",\"width\":800,\"height\":395,\"caption\":\"Cameroun: La r\u00e9gion de l\u2019Ouest au top des ventes du caf\u00e9 Robusta entre 2019 et 2020\"},{\"@type\":\"BreadcrumbList\",\"@id\":\"https:\/\/www.africa-press.net\/cameroun\/economie\/cameroun-la-region-de-louest-au-top-des-ventes-du-cafe-robusta-entre-2019-et-2020#breadcrumb\",\"itemListElement\":[{\"@type\":\"ListItem\",\"position\":1,\"name\":\"Accueil\",\"item\":\"https:\/\/www.africa-press.net\/cameroun\/\"},{\"@type\":\"ListItem\",\"position\":2,\"name\":\"Cameroun: La r\u00e9gion de l\u2019Ouest au top des ventes du caf\u00e9 Robusta entre 2019 et 2020\"}]},{\"@type\":\"WebSite\",\"@id\":\"https:\/\/www.africa-press.net\/cameroun\/#website\",\"url\":\"https:\/\/www.africa-press.net\/cameroun\/\",\"name\":\"Cameroun\",\"description\":\"Just another Africa News Agency Sites site\",\"potentialAction\":[{\"@type\":\"SearchAction\",\"target\":{\"@type\":\"EntryPoint\",\"urlTemplate\":\"https:\/\/www.africa-press.net\/cameroun\/?s={search_term_string}\"},\"query-input\":{\"@type\":\"PropertyValueSpecification\",\"valueRequired\":true,\"valueName\":\"search_term_string\"}}],\"inLanguage\":\"fr-FR\"},{\"@type\":\"Person\",\"@id\":\"https:\/\/www.africa-press.net\/cameroun\/#\/schema\/person\/2b1cf3cd81a31e3cd26889ca66d677f1\",\"name\":\"cfeditorfr\"}]}<\/script>\n<!-- \/ Yoast SEO Premium plugin. -->","yoast_head_json":{"title":"Cameroun: La r\u00e9gion de l\u2019Ouest au top des ventes du caf\u00e9 Robusta entre 2019 et 2020 - Cameroun","description":"La ville de Ngaound\u00e9r\u00e9 dans la r\u00e9gion de l\u2019Adamaoua a abrit\u00e9 un atelier de formation en techniques de brassage de caf\u00e9 e ...","robots":{"index":"index","follow":"follow","max-snippet":"max-snippet:-1","max-image-preview":"max-image-preview:large","max-video-preview":"max-video-preview:-1"},"canonical":"https:\/\/www.africa-press.net\/cameroun\/economie\/cameroun-la-region-de-louest-au-top-des-ventes-du-cafe-robusta-entre-2019-et-2020","og_locale":"fr_FR","og_type":"article","og_title":"Cameroun: La r\u00e9gion de l\u2019Ouest au top des ventes du caf\u00e9 Robusta entre 2019 et 2020","og_description":"La ville de Ngaound\u00e9r\u00e9 dans la r\u00e9gion de l\u2019Adamaoua a abrit\u00e9 un atelier de formation en techniques de brassage de caf\u00e9 e ...","og_url":"https:\/\/www.africa-press.net\/cameroun\/economie\/cameroun-la-region-de-louest-au-top-des-ventes-du-cafe-robusta-entre-2019-et-2020","og_site_name":"Cameroun","article_published_time":"2022-07-22T16:05:05+00:00","article_modified_time":"2022-07-22T16:05:19+00:00","og_image":[{"width":800,"height":395,"url":"https:\/\/static.africa-press.net\/cameroun\/sites\/57\/2022\/07\/img-62dacaa716b8c.jpg","type":"image\/jpeg"}],"author":"cfeditorfr","twitter_card":"summary_large_image","twitter_misc":{"\u00c9crit par":"cfeditorfr","Dur\u00e9e de lecture estim\u00e9e":"2 minutes"},"schema":{"@context":"https:\/\/schema.org","@graph":[{"@type":"Article","@id":"https:\/\/www.africa-press.net\/cameroun\/economie\/cameroun-la-region-de-louest-au-top-des-ventes-du-cafe-robusta-entre-2019-et-2020#article","isPartOf":{"@id":"https:\/\/www.africa-press.net\/cameroun\/economie\/cameroun-la-region-de-louest-au-top-des-ventes-du-cafe-robusta-entre-2019-et-2020"},"author":{"name":"cfeditorfr","@id":"https:\/\/www.africa-press.net\/cameroun\/#\/schema\/person\/2b1cf3cd81a31e3cd26889ca66d677f1"},"headline":"Cameroun: La r\u00e9gion de l\u2019Ouest au top des ventes du caf\u00e9 Robusta entre 2019 et 2020","datePublished":"2022-07-22T16:05:05+00:00","dateModified":"2022-07-22T16:05:19+00:00","mainEntityOfPage":{"@id":"https:\/\/www.africa-press.net\/cameroun\/economie\/cameroun-la-region-de-louest-au-top-des-ventes-du-cafe-robusta-entre-2019-et-2020"},"wordCount":365,"commentCount":0,"image":{"@id":"https:\/\/www.africa-press.net\/cameroun\/economie\/cameroun-la-region-de-louest-au-top-des-ventes-du-cafe-robusta-entre-2019-et-2020#primaryimage"},"thumbnailUrl":"https:\/\/static.africa-press.net\/cameroun\/sites\/57\/2022\/07\/img-62dacaa716b8c.jpg","keywords":["Africa Press","Africa Press-Cameroun","Cameroun"],"articleSection":["\u00c9conomie","homepage-french","Toutes les actualit\u00e9s"],"inLanguage":"fr-FR","potentialAction":[{"@type":"CommentAction","name":"Comment","target":["https:\/\/www.africa-press.net\/cameroun\/economie\/cameroun-la-region-de-louest-au-top-des-ventes-du-cafe-robusta-entre-2019-et-2020#respond"]}]},{"@type":"WebPage","@id":"https:\/\/www.africa-press.net\/cameroun\/economie\/cameroun-la-region-de-louest-au-top-des-ventes-du-cafe-robusta-entre-2019-et-2020","url":"https:\/\/www.africa-press.net\/cameroun\/economie\/cameroun-la-region-de-louest-au-top-des-ventes-du-cafe-robusta-entre-2019-et-2020","name":"Cameroun: La r\u00e9gion de l\u2019Ouest au top des ventes du caf\u00e9 Robusta entre 2019 et 2020 - Cameroun","isPartOf":{"@id":"https:\/\/www.africa-press.net\/cameroun\/#website"},"primaryImageOfPage":{"@id":"https:\/\/www.africa-press.net\/cameroun\/economie\/cameroun-la-region-de-louest-au-top-des-ventes-du-cafe-robusta-entre-2019-et-2020#primaryimage"},"image":{"@id":"https:\/\/www.africa-press.net\/cameroun\/economie\/cameroun-la-region-de-louest-au-top-des-ventes-du-cafe-robusta-entre-2019-et-2020#primaryimage"},"thumbnailUrl":"https:\/\/static.africa-press.net\/cameroun\/sites\/57\/2022\/07\/img-62dacaa716b8c.jpg","datePublished":"2022-07-22T16:05:05+00:00","dateModified":"2022-07-22T16:05:19+00:00","author":{"@id":"https:\/\/www.africa-press.net\/cameroun\/#\/schema\/person\/2b1cf3cd81a31e3cd26889ca66d677f1"},"description":"La ville de Ngaound\u00e9r\u00e9 dans la r\u00e9gion de l\u2019Adamaoua a abrit\u00e9 un atelier de formation en techniques de brassage de caf\u00e9 e ...","breadcrumb":{"@id":"https:\/\/www.africa-press.net\/cameroun\/economie\/cameroun-la-region-de-louest-au-top-des-ventes-du-cafe-robusta-entre-2019-et-2020#breadcrumb"},"inLanguage":"fr-FR","potentialAction":[{"@type":"ReadAction","target":["https:\/\/www.africa-press.net\/cameroun\/economie\/cameroun-la-region-de-louest-au-top-des-ventes-du-cafe-robusta-entre-2019-et-2020"]}]},{"@type":"ImageObject","inLanguage":"fr-FR","@id":"https:\/\/www.africa-press.net\/cameroun\/economie\/cameroun-la-region-de-louest-au-top-des-ventes-du-cafe-robusta-entre-2019-et-2020#primaryimage","url":"https:\/\/static.africa-press.net\/cameroun\/sites\/57\/2022\/07\/img-62dacaa716b8c.jpg","contentUrl":"https:\/\/static.africa-press.net\/cameroun\/sites\/57\/2022\/07\/img-62dacaa716b8c.jpg","width":800,"height":395,"caption":"Cameroun: La r\u00e9gion de l\u2019Ouest au top des ventes du caf\u00e9 Robusta entre 2019 et 2020"},{"@type":"BreadcrumbList","@id":"https:\/\/www.africa-press.net\/cameroun\/economie\/cameroun-la-region-de-louest-au-top-des-ventes-du-cafe-robusta-entre-2019-et-2020#breadcrumb","itemListElement":[{"@type":"ListItem","position":1,"name":"Accueil","item":"https:\/\/www.africa-press.net\/cameroun\/"},{"@type":"ListItem","position":2,"name":"Cameroun: La r\u00e9gion de l\u2019Ouest au top des ventes du caf\u00e9 Robusta entre 2019 et 2020"}]},{"@type":"WebSite","@id":"https:\/\/www.africa-press.net\/cameroun\/#website","url":"https:\/\/www.africa-press.net\/cameroun\/","name":"Cameroun","description":"Just another Africa News Agency Sites site","potentialAction":[{"@type":"SearchAction","target":{"@type":"EntryPoint","urlTemplate":"https:\/\/www.africa-press.net\/cameroun\/?s={search_term_string}"},"query-input":{"@type":"PropertyValueSpecification","valueRequired":true,"valueName":"search_term_string"}}],"inLanguage":"fr-FR"},{"@type":"Person","@id":"https:\/\/www.africa-press.net\/cameroun\/#\/schema\/person\/2b1cf3cd81a31e3cd26889ca66d677f1","name":"cfeditorfr"}]}},"_links":{"self":[{"href":"https:\/\/www.africa-press.net\/cameroun\/wp-json\/wp\/v2\/posts\/23924","targetHints":{"allow":["GET"]}}],"collection":[{"href":"https:\/\/www.africa-press.net\/cameroun\/wp-json\/wp\/v2\/posts"}],"about":[{"href":"https:\/\/www.africa-press.net\/cameroun\/wp-json\/wp\/v2\/types\/post"}],"author":[{"embeddable":true,"href":"https:\/\/www.africa-press.net\/cameroun\/wp-json\/wp\/v2\/users\/82"}],"replies":[{"embeddable":true,"href":"https:\/\/www.africa-press.net\/cameroun\/wp-json\/wp\/v2\/comments?post=23924"}],"version-history":[{"count":0,"href":"https:\/\/www.africa-press.net\/cameroun\/wp-json\/wp\/v2\/posts\/23924\/revisions"}],"wp:featuredmedia":[{"embeddable":true,"href":"https:\/\/www.africa-press.net\/cameroun\/wp-json\/wp\/v2\/media\/23923"}],"wp:attachment":[{"href":"https:\/\/www.africa-press.net\/cameroun\/wp-json\/wp\/v2\/media?parent=23924"}],"wp:term":[{"taxonomy":"category","embeddable":true,"href":"https:\/\/www.africa-press.net\/cameroun\/wp-json\/wp\/v2\/categories?post=23924"},{"taxonomy":"post_tag","embeddable":true,"href":"https:\/\/www.africa-press.net\/cameroun\/wp-json\/wp\/v2\/tags?post=23924"}],"curies":[{"name":"wp","href":"https:\/\/api.w.org\/{rel}","templated":true}]}}