{"id":23927,"date":"2022-07-22T13:14:36","date_gmt":"2022-07-22T13:14:36","guid":{"rendered":"https:\/\/www.africa-press.net\/cameroun\/politique\/desaccord-le-president-de-lafp-cyrille-sam-mbaka-critique-le-combat-pour-la-reforme-du-code-electoral-que-menent-certains-partis-politiques"},"modified":"2022-07-22T16:05:50","modified_gmt":"2022-07-22T16:05:50","slug":"desaccord-le-president-de-lafp-cyrille-sam-mbaka-critique-le-combat-pour-la-reforme-du-code-electoral-que-menent-certains-partis-politiques","status":"publish","type":"post","link":"https:\/\/www.africa-press.net\/cameroun\/politique\/desaccord-le-president-de-lafp-cyrille-sam-mbaka-critique-le-combat-pour-la-reforme-du-code-electoral-que-menent-certains-partis-politiques","title":{"rendered":"D\u00e9saccord: Le pr\u00e9sident de l\u2019AFP Cyrille Sam Mbaka critique le combat pour la r\u00e9forme du code \u00e9lectoral que m\u00e8nent certains partis politiques"},"content":{"rendered":"<p><span style=\"color: #ff6600\"><strong>Africa-Press &#8211; Cameroun. <\/strong><\/span>Cyrille Sam Mbaka est amer quand il parle de l\u2019opposition camerounaise notamment de l\u2019actuelle g\u00e9n\u00e9ration. Le pr\u00e9sident national de l\u2019Alliance des Forces Progressistes (AFP) a d\u00e9vers\u00e9 sa bile sur elle au cours de la matinale de Radio Balafon \u00e0 laquelle il \u00e9tait convi\u00e9 ce 20 Juillet 2022. Il s\u2019est d\u00e9sol\u00e9 de la situation socio-\u00e9conomique du Cameroun, soutenant que \u00ab l\u2019Etat est en faillite \u00bb et proposant des solutions \u00e0 l\u2019instar de l\u2019union de tous les Camerounais, l\u2019opposition en particulier. \u00ab Nous l\u2019avons fait 1992, nous avons vu ce que cela a donn\u00e9. On pouvait renverser ce pouvoir. Fru Ndi avait gagn\u00e9. Malheureusement, il n\u2019a pas pu prendre le fauteuil. Cela veut dire qu\u2019il ne suffit pas de gagner les \u00e9lections. Il faut traverser tous les m\u00e9canismes et pouvoir prendre ce si\u00e8ge. Est-ce que l\u2019opposition aujourd\u2019hui r\u00e9fl\u00e9chit sur tout cela ? Non ! Niet ! Et c\u2019est cela qui est grave ! Nous sommes en train de conduire le peuple \u00e0 l\u2019ab\u00eeme. C\u2019est pour cette raison que de temps en temps, je suis d\u00e9go\u00fbt\u00e9. D\u00e9go\u00fbt\u00e9 parce qu\u2019on ne peut pas avoir des lendemains meilleurs si l\u2019opposition, la soci\u00e9t\u00e9 civile, tout le monde s\u2019assied autour d\u2019une table \u00bb, a-t-il sugg\u00e9r\u00e9.<\/p>\n<p>Sam Mbaka pense qu\u2019il ne suffira pas de remplacer l\u2019actuel pr\u00e9sident de la R\u00e9publique pour que les choses recommencent \u00e0 marcher. \u00ab Ce qui est dangereux, c\u2019est de vouloir prendre la place de Paul Biya. Si on veut prendre la place de Biya, on ne r\u00e9soudra aucun probl\u00e8me dans ce pays. Parce que nous sommes all\u00e9s trop loin. Et il faut que tous les Camerounais se sentent concern\u00e9s \u00bb, a-t-il dit, d\u00e9non\u00e7ant ceux qui \u00ab veulent se positionner \u00bb. Pour lui, \u00ab le probl\u00e8me ce n\u2019est pas de se positionner, mais de sauver le Cameroun ! On ne peut pas sauver le Cameroun par un Messie. C\u2019est tout le monde qui doit mouiller le maillot \u00bb, a-t-il dit, sentencieux.<\/p>\n<p>Sam Mbaka n\u2019a pas \u00e9t\u00e9 tendre avec les partis politiques qui se battent depuis un an pour obtenir une r\u00e9forme du code \u00e9lectoral. Il assimile cette initiative \u00e0 de la distraction. \u00ab Il faut sensibiliser. Je vois une opposition soud\u00e9e. Comme dans les ann\u00e9es 1991 -1992 o\u00f9 on se r\u00e9unissait, discutait, \u00e9laborait des strat\u00e9gies avec la soci\u00e9t\u00e9 civile, les associations. Mais qu\u2019es-ce que nous voyons aujourd\u2019hui ? Nous voyons des gens qui se r\u00e9unissent \u00e0 deux, \u00e0 trois, \u00e0 quatre, \u00e0 sept\u2026 pour parler du code \u00e9lectoral. Vois pensez que, franchement, ceux qui nous gouvernent, le fichier \u00e9lectoral va changer ? Pour les amener \u00e0 la tombe ? Non ! On va divertir les Camerounais. Il y aura tous les jours, toutes les semaines, tous les mois des affaires. La politique m\u00eame sera un divertissement. (\u2026) Nous sommes l\u00e0 pour dire qu\u2019on va changer le code \u00e9lectoral. Vous croyez qu\u2019on va changer le code \u00e9lectoral ? Quelqu\u2019un qui comme moi, a trente ans dans l\u2019opposition sait tr\u00e8s bien que ceux qui gouvernent ne peuvent pas c\u00e9der, que c\u2019est leur force. Ils maitrisent les trois millions et demi de Camerounais qui votent. Pourquoi voulez-vous qu\u2019il y ait 6 millions de Camerounais qui votent alors qu\u2019ils sont en train de mettre le pays par terre? On doit retourner ces gens qui votent parce que le RDPC leur a dit qu\u2019ils sont l\u2019alpha et l\u2019om\u00e9ga. Parce qu\u2019il est possible que l\u2019on aille aux \u00e9lections sans que ni le fichier \u00e9lectoral, ni le code \u00e9lectoral ne soit boug\u00e9. C\u2019est l\u00e0 o\u00f9 l\u2019opposition va encore se diviser parce que tout le monde veut faire croire aux gens qu\u2019on va changer le code \u00e9lectoral ou que Macrin v venir le changer. Ce sont des histoires ! \u00bb, s\u2019emporte l\u2019homme politique.<\/p>\n<p>Il ne s\u2019arr\u00eate pas l\u00e0. La strat\u00e9gie des opposants camerounais est remise en question. \u00ab Je condamne avec la plus grande \u00e9nergie l\u2019opposition camerounaise. Elle devait comprendre qu\u2019on ne peut pas gagner en comptant sur la faiblesse de l\u2018autre et en se croisant les bras. Il faut s\u2019organiser. En 2004, on a fait un programme minimum commun qui \u00e9tait partag\u00e9. C\u2019est \u00e0 la fin qu\u2019il y a eu des probl\u00e8mes. Aujourd\u2019hui, on doit s\u2019asseoir, analyser cela \u00bb. se souvient l\u2019ancien num\u00e9ro deux de l\u2019Union D\u00e9mocratique du Cameroun (UDC).<\/p>\n<p><strong>Pour plus d&rsquo;informations et d&rsquo;analyses sur la <a href=\"https:\/\/www.africa-press.net\/cameroun\">Cameroun<\/a>, suivez <a href=\"https:\/\/www.africa-press.net\/\">Africa-Press<\/a><\/strong><\/p>\n","protected":false},"excerpt":{"rendered":"<p>Africa-Press &#8211; Cameroun. Cyrille Sam Mbaka est amer quand il parle de l\u2019opposition camerounaise notamment de l\u2019actuelle g\u00e9n\u00e9ration. Le pr\u00e9sident national de l\u2019Alliance des Forces Progressistes (AFP) a d\u00e9vers\u00e9 sa bile sur elle au cours de la matinale de Radio Balafon \u00e0 laquelle il \u00e9tait convi\u00e9 ce 20 Juillet 2022. Il s\u2019est d\u00e9sol\u00e9 de la [&hellip;]<\/p>\n","protected":false},"author":82,"featured_media":23926,"comment_status":"open","ping_status":"closed","sticky":false,"template":"","format":"standard","meta":{"footnotes":""},"categories":[11,2,10],"tags":[36,50,49],"class_list":["post-23927","post","type-post","status-publish","format-standard","has-post-thumbnail","hentry","category-homepage-french","category-politique","category-toutes-les-actualites","tag-africa-press","tag-africa-press-cameroun","tag-cameroun"],"yoast_head":"<!-- This site is optimized with the Yoast SEO Premium plugin v26.1 (Yoast SEO v27.0) - https:\/\/yoast.com\/product\/yoast-seo-premium-wordpress\/ -->\n<title>D\u00e9saccord: Le pr\u00e9sident de l\u2019AFP Cyrille Sam Mbaka critique le combat pour la r\u00e9forme du code \u00e9lectoral que m\u00e8nent certains partis politiques - Cameroun<\/title>\n<meta name=\"description\" content=\"Cyrille Sam Mbaka est amer quand il parle de l\u2019opposition camerounaise notamment de l\u2019actuelle g\u00e9n\u00e9ration. Le pr\u00e9sident ...\" \/>\n<meta name=\"robots\" content=\"index, follow, max-snippet:-1, max-image-preview:large, max-video-preview:-1\" \/>\n<link rel=\"canonical\" href=\"https:\/\/www.africa-press.net\/cameroun\/politique\/desaccord-le-president-de-lafp-cyrille-sam-mbaka-critique-le-combat-pour-la-reforme-du-code-electoral-que-menent-certains-partis-politiques\" \/>\n<meta property=\"og:locale\" content=\"fr_FR\" \/>\n<meta property=\"og:type\" content=\"article\" \/>\n<meta property=\"og:title\" content=\"D\u00e9saccord: Le pr\u00e9sident de l\u2019AFP Cyrille Sam Mbaka critique le combat pour la r\u00e9forme du code \u00e9lectoral que m\u00e8nent certains partis politiques\" \/>\n<meta property=\"og:description\" content=\"Cyrille Sam Mbaka est amer quand il parle de l\u2019opposition camerounaise notamment de l\u2019actuelle g\u00e9n\u00e9ration. Le pr\u00e9sident ...\" \/>\n<meta property=\"og:url\" content=\"https:\/\/www.africa-press.net\/cameroun\/politique\/desaccord-le-president-de-lafp-cyrille-sam-mbaka-critique-le-combat-pour-la-reforme-du-code-electoral-que-menent-certains-partis-politiques\" \/>\n<meta property=\"og:site_name\" content=\"Cameroun\" \/>\n<meta property=\"article:published_time\" content=\"2022-07-22T13:14:36+00:00\" \/>\n<meta property=\"article:modified_time\" content=\"2022-07-22T16:05:50+00:00\" \/>\n<meta property=\"og:image\" content=\"https:\/\/static.africa-press.net\/cameroun\/sites\/57\/2022\/07\/img-62dacac90023f.jpg\" \/>\n\t<meta property=\"og:image:width\" content=\"800\" \/>\n\t<meta property=\"og:image:height\" content=\"502\" \/>\n\t<meta property=\"og:image:type\" content=\"image\/jpeg\" \/>\n<meta name=\"author\" content=\"cfeditorfr\" \/>\n<meta name=\"twitter:card\" content=\"summary_large_image\" \/>\n<meta name=\"twitter:label1\" content=\"\u00c9crit par\" \/>\n\t<meta name=\"twitter:data1\" content=\"cfeditorfr\" \/>\n\t<meta name=\"twitter:label2\" content=\"Dur\u00e9e de lecture estim\u00e9e\" \/>\n\t<meta name=\"twitter:data2\" content=\"4 minutes\" \/>\n<script type=\"application\/ld+json\" class=\"yoast-schema-graph\">{\"@context\":\"https:\/\/schema.org\",\"@graph\":[{\"@type\":\"Article\",\"@id\":\"https:\/\/www.africa-press.net\/cameroun\/politique\/desaccord-le-president-de-lafp-cyrille-sam-mbaka-critique-le-combat-pour-la-reforme-du-code-electoral-que-menent-certains-partis-politiques#article\",\"isPartOf\":{\"@id\":\"https:\/\/www.africa-press.net\/cameroun\/politique\/desaccord-le-president-de-lafp-cyrille-sam-mbaka-critique-le-combat-pour-la-reforme-du-code-electoral-que-menent-certains-partis-politiques\"},\"author\":{\"name\":\"cfeditorfr\",\"@id\":\"https:\/\/www.africa-press.net\/cameroun\/#\/schema\/person\/2b1cf3cd81a31e3cd26889ca66d677f1\"},\"headline\":\"D\u00e9saccord: Le pr\u00e9sident de l\u2019AFP Cyrille Sam Mbaka critique le combat pour la r\u00e9forme du code \u00e9lectoral que m\u00e8nent certains partis politiques\",\"datePublished\":\"2022-07-22T13:14:36+00:00\",\"dateModified\":\"2022-07-22T16:05:50+00:00\",\"mainEntityOfPage\":{\"@id\":\"https:\/\/www.africa-press.net\/cameroun\/politique\/desaccord-le-president-de-lafp-cyrille-sam-mbaka-critique-le-combat-pour-la-reforme-du-code-electoral-que-menent-certains-partis-politiques\"},\"wordCount\":796,\"commentCount\":0,\"image\":{\"@id\":\"https:\/\/www.africa-press.net\/cameroun\/politique\/desaccord-le-president-de-lafp-cyrille-sam-mbaka-critique-le-combat-pour-la-reforme-du-code-electoral-que-menent-certains-partis-politiques#primaryimage\"},\"thumbnailUrl\":\"https:\/\/static.africa-press.net\/cameroun\/sites\/57\/2022\/07\/img-62dacac90023f.jpg\",\"keywords\":[\"Africa Press\",\"Africa Press-Cameroun\",\"Cameroun\"],\"articleSection\":[\"homepage-french\",\"Politique\",\"Toutes les actualit\u00e9s\"],\"inLanguage\":\"fr-FR\",\"potentialAction\":[{\"@type\":\"CommentAction\",\"name\":\"Comment\",\"target\":[\"https:\/\/www.africa-press.net\/cameroun\/politique\/desaccord-le-president-de-lafp-cyrille-sam-mbaka-critique-le-combat-pour-la-reforme-du-code-electoral-que-menent-certains-partis-politiques#respond\"]}]},{\"@type\":\"WebPage\",\"@id\":\"https:\/\/www.africa-press.net\/cameroun\/politique\/desaccord-le-president-de-lafp-cyrille-sam-mbaka-critique-le-combat-pour-la-reforme-du-code-electoral-que-menent-certains-partis-politiques\",\"url\":\"https:\/\/www.africa-press.net\/cameroun\/politique\/desaccord-le-president-de-lafp-cyrille-sam-mbaka-critique-le-combat-pour-la-reforme-du-code-electoral-que-menent-certains-partis-politiques\",\"name\":\"D\u00e9saccord: Le pr\u00e9sident de l\u2019AFP Cyrille Sam Mbaka critique le combat pour la r\u00e9forme du code \u00e9lectoral que m\u00e8nent certains partis politiques - Cameroun\",\"isPartOf\":{\"@id\":\"https:\/\/www.africa-press.net\/cameroun\/#website\"},\"primaryImageOfPage\":{\"@id\":\"https:\/\/www.africa-press.net\/cameroun\/politique\/desaccord-le-president-de-lafp-cyrille-sam-mbaka-critique-le-combat-pour-la-reforme-du-code-electoral-que-menent-certains-partis-politiques#primaryimage\"},\"image\":{\"@id\":\"https:\/\/www.africa-press.net\/cameroun\/politique\/desaccord-le-president-de-lafp-cyrille-sam-mbaka-critique-le-combat-pour-la-reforme-du-code-electoral-que-menent-certains-partis-politiques#primaryimage\"},\"thumbnailUrl\":\"https:\/\/static.africa-press.net\/cameroun\/sites\/57\/2022\/07\/img-62dacac90023f.jpg\",\"datePublished\":\"2022-07-22T13:14:36+00:00\",\"dateModified\":\"2022-07-22T16:05:50+00:00\",\"author\":{\"@id\":\"https:\/\/www.africa-press.net\/cameroun\/#\/schema\/person\/2b1cf3cd81a31e3cd26889ca66d677f1\"},\"description\":\"Cyrille Sam Mbaka est amer quand il parle de l\u2019opposition camerounaise notamment de l\u2019actuelle g\u00e9n\u00e9ration. Le pr\u00e9sident ...\",\"breadcrumb\":{\"@id\":\"https:\/\/www.africa-press.net\/cameroun\/politique\/desaccord-le-president-de-lafp-cyrille-sam-mbaka-critique-le-combat-pour-la-reforme-du-code-electoral-que-menent-certains-partis-politiques#breadcrumb\"},\"inLanguage\":\"fr-FR\",\"potentialAction\":[{\"@type\":\"ReadAction\",\"target\":[\"https:\/\/www.africa-press.net\/cameroun\/politique\/desaccord-le-president-de-lafp-cyrille-sam-mbaka-critique-le-combat-pour-la-reforme-du-code-electoral-que-menent-certains-partis-politiques\"]}]},{\"@type\":\"ImageObject\",\"inLanguage\":\"fr-FR\",\"@id\":\"https:\/\/www.africa-press.net\/cameroun\/politique\/desaccord-le-president-de-lafp-cyrille-sam-mbaka-critique-le-combat-pour-la-reforme-du-code-electoral-que-menent-certains-partis-politiques#primaryimage\",\"url\":\"https:\/\/static.africa-press.net\/cameroun\/sites\/57\/2022\/07\/img-62dacac90023f.jpg\",\"contentUrl\":\"https:\/\/static.africa-press.net\/cameroun\/sites\/57\/2022\/07\/img-62dacac90023f.jpg\",\"width\":800,\"height\":502,\"caption\":\"D\u00e9saccord: Le pr\u00e9sident de l\u2019AFP Cyrille Sam Mbaka critique le combat pour la r\u00e9forme du code \u00e9lectoral que m\u00e8nent certains partis politiques\"},{\"@type\":\"BreadcrumbList\",\"@id\":\"https:\/\/www.africa-press.net\/cameroun\/politique\/desaccord-le-president-de-lafp-cyrille-sam-mbaka-critique-le-combat-pour-la-reforme-du-code-electoral-que-menent-certains-partis-politiques#breadcrumb\",\"itemListElement\":[{\"@type\":\"ListItem\",\"position\":1,\"name\":\"Accueil\",\"item\":\"https:\/\/www.africa-press.net\/cameroun\/\"},{\"@type\":\"ListItem\",\"position\":2,\"name\":\"D\u00e9saccord: Le pr\u00e9sident de l\u2019AFP Cyrille Sam Mbaka critique le combat pour la r\u00e9forme du code \u00e9lectoral que m\u00e8nent certains partis politiques\"}]},{\"@type\":\"WebSite\",\"@id\":\"https:\/\/www.africa-press.net\/cameroun\/#website\",\"url\":\"https:\/\/www.africa-press.net\/cameroun\/\",\"name\":\"Cameroun\",\"description\":\"Just another Africa News Agency Sites site\",\"potentialAction\":[{\"@type\":\"SearchAction\",\"target\":{\"@type\":\"EntryPoint\",\"urlTemplate\":\"https:\/\/www.africa-press.net\/cameroun\/?s={search_term_string}\"},\"query-input\":{\"@type\":\"PropertyValueSpecification\",\"valueRequired\":true,\"valueName\":\"search_term_string\"}}],\"inLanguage\":\"fr-FR\"},{\"@type\":\"Person\",\"@id\":\"https:\/\/www.africa-press.net\/cameroun\/#\/schema\/person\/2b1cf3cd81a31e3cd26889ca66d677f1\",\"name\":\"cfeditorfr\"}]}<\/script>\n<!-- \/ Yoast SEO Premium plugin. -->","yoast_head_json":{"title":"D\u00e9saccord: Le pr\u00e9sident de l\u2019AFP Cyrille Sam Mbaka critique le combat pour la r\u00e9forme du code \u00e9lectoral que m\u00e8nent certains partis politiques - Cameroun","description":"Cyrille Sam Mbaka est amer quand il parle de l\u2019opposition camerounaise notamment de l\u2019actuelle g\u00e9n\u00e9ration. Le pr\u00e9sident ...","robots":{"index":"index","follow":"follow","max-snippet":"max-snippet:-1","max-image-preview":"max-image-preview:large","max-video-preview":"max-video-preview:-1"},"canonical":"https:\/\/www.africa-press.net\/cameroun\/politique\/desaccord-le-president-de-lafp-cyrille-sam-mbaka-critique-le-combat-pour-la-reforme-du-code-electoral-que-menent-certains-partis-politiques","og_locale":"fr_FR","og_type":"article","og_title":"D\u00e9saccord: Le pr\u00e9sident de l\u2019AFP Cyrille Sam Mbaka critique le combat pour la r\u00e9forme du code \u00e9lectoral que m\u00e8nent certains partis politiques","og_description":"Cyrille Sam Mbaka est amer quand il parle de l\u2019opposition camerounaise notamment de l\u2019actuelle g\u00e9n\u00e9ration. Le pr\u00e9sident ...","og_url":"https:\/\/www.africa-press.net\/cameroun\/politique\/desaccord-le-president-de-lafp-cyrille-sam-mbaka-critique-le-combat-pour-la-reforme-du-code-electoral-que-menent-certains-partis-politiques","og_site_name":"Cameroun","article_published_time":"2022-07-22T13:14:36+00:00","article_modified_time":"2022-07-22T16:05:50+00:00","og_image":[{"width":800,"height":502,"url":"https:\/\/static.africa-press.net\/cameroun\/sites\/57\/2022\/07\/img-62dacac90023f.jpg","type":"image\/jpeg"}],"author":"cfeditorfr","twitter_card":"summary_large_image","twitter_misc":{"\u00c9crit par":"cfeditorfr","Dur\u00e9e de lecture estim\u00e9e":"4 minutes"},"schema":{"@context":"https:\/\/schema.org","@graph":[{"@type":"Article","@id":"https:\/\/www.africa-press.net\/cameroun\/politique\/desaccord-le-president-de-lafp-cyrille-sam-mbaka-critique-le-combat-pour-la-reforme-du-code-electoral-que-menent-certains-partis-politiques#article","isPartOf":{"@id":"https:\/\/www.africa-press.net\/cameroun\/politique\/desaccord-le-president-de-lafp-cyrille-sam-mbaka-critique-le-combat-pour-la-reforme-du-code-electoral-que-menent-certains-partis-politiques"},"author":{"name":"cfeditorfr","@id":"https:\/\/www.africa-press.net\/cameroun\/#\/schema\/person\/2b1cf3cd81a31e3cd26889ca66d677f1"},"headline":"D\u00e9saccord: Le pr\u00e9sident de l\u2019AFP Cyrille Sam Mbaka critique le combat pour la r\u00e9forme du code \u00e9lectoral que m\u00e8nent certains partis politiques","datePublished":"2022-07-22T13:14:36+00:00","dateModified":"2022-07-22T16:05:50+00:00","mainEntityOfPage":{"@id":"https:\/\/www.africa-press.net\/cameroun\/politique\/desaccord-le-president-de-lafp-cyrille-sam-mbaka-critique-le-combat-pour-la-reforme-du-code-electoral-que-menent-certains-partis-politiques"},"wordCount":796,"commentCount":0,"image":{"@id":"https:\/\/www.africa-press.net\/cameroun\/politique\/desaccord-le-president-de-lafp-cyrille-sam-mbaka-critique-le-combat-pour-la-reforme-du-code-electoral-que-menent-certains-partis-politiques#primaryimage"},"thumbnailUrl":"https:\/\/static.africa-press.net\/cameroun\/sites\/57\/2022\/07\/img-62dacac90023f.jpg","keywords":["Africa Press","Africa Press-Cameroun","Cameroun"],"articleSection":["homepage-french","Politique","Toutes les actualit\u00e9s"],"inLanguage":"fr-FR","potentialAction":[{"@type":"CommentAction","name":"Comment","target":["https:\/\/www.africa-press.net\/cameroun\/politique\/desaccord-le-president-de-lafp-cyrille-sam-mbaka-critique-le-combat-pour-la-reforme-du-code-electoral-que-menent-certains-partis-politiques#respond"]}]},{"@type":"WebPage","@id":"https:\/\/www.africa-press.net\/cameroun\/politique\/desaccord-le-president-de-lafp-cyrille-sam-mbaka-critique-le-combat-pour-la-reforme-du-code-electoral-que-menent-certains-partis-politiques","url":"https:\/\/www.africa-press.net\/cameroun\/politique\/desaccord-le-president-de-lafp-cyrille-sam-mbaka-critique-le-combat-pour-la-reforme-du-code-electoral-que-menent-certains-partis-politiques","name":"D\u00e9saccord: Le pr\u00e9sident de l\u2019AFP Cyrille Sam Mbaka critique le combat pour la r\u00e9forme du code \u00e9lectoral que m\u00e8nent certains partis politiques - Cameroun","isPartOf":{"@id":"https:\/\/www.africa-press.net\/cameroun\/#website"},"primaryImageOfPage":{"@id":"https:\/\/www.africa-press.net\/cameroun\/politique\/desaccord-le-president-de-lafp-cyrille-sam-mbaka-critique-le-combat-pour-la-reforme-du-code-electoral-que-menent-certains-partis-politiques#primaryimage"},"image":{"@id":"https:\/\/www.africa-press.net\/cameroun\/politique\/desaccord-le-president-de-lafp-cyrille-sam-mbaka-critique-le-combat-pour-la-reforme-du-code-electoral-que-menent-certains-partis-politiques#primaryimage"},"thumbnailUrl":"https:\/\/static.africa-press.net\/cameroun\/sites\/57\/2022\/07\/img-62dacac90023f.jpg","datePublished":"2022-07-22T13:14:36+00:00","dateModified":"2022-07-22T16:05:50+00:00","author":{"@id":"https:\/\/www.africa-press.net\/cameroun\/#\/schema\/person\/2b1cf3cd81a31e3cd26889ca66d677f1"},"description":"Cyrille Sam Mbaka est amer quand il parle de l\u2019opposition camerounaise notamment de l\u2019actuelle g\u00e9n\u00e9ration. Le pr\u00e9sident ...","breadcrumb":{"@id":"https:\/\/www.africa-press.net\/cameroun\/politique\/desaccord-le-president-de-lafp-cyrille-sam-mbaka-critique-le-combat-pour-la-reforme-du-code-electoral-que-menent-certains-partis-politiques#breadcrumb"},"inLanguage":"fr-FR","potentialAction":[{"@type":"ReadAction","target":["https:\/\/www.africa-press.net\/cameroun\/politique\/desaccord-le-president-de-lafp-cyrille-sam-mbaka-critique-le-combat-pour-la-reforme-du-code-electoral-que-menent-certains-partis-politiques"]}]},{"@type":"ImageObject","inLanguage":"fr-FR","@id":"https:\/\/www.africa-press.net\/cameroun\/politique\/desaccord-le-president-de-lafp-cyrille-sam-mbaka-critique-le-combat-pour-la-reforme-du-code-electoral-que-menent-certains-partis-politiques#primaryimage","url":"https:\/\/static.africa-press.net\/cameroun\/sites\/57\/2022\/07\/img-62dacac90023f.jpg","contentUrl":"https:\/\/static.africa-press.net\/cameroun\/sites\/57\/2022\/07\/img-62dacac90023f.jpg","width":800,"height":502,"caption":"D\u00e9saccord: Le pr\u00e9sident de l\u2019AFP Cyrille Sam Mbaka critique le combat pour la r\u00e9forme du code \u00e9lectoral que m\u00e8nent certains partis politiques"},{"@type":"BreadcrumbList","@id":"https:\/\/www.africa-press.net\/cameroun\/politique\/desaccord-le-president-de-lafp-cyrille-sam-mbaka-critique-le-combat-pour-la-reforme-du-code-electoral-que-menent-certains-partis-politiques#breadcrumb","itemListElement":[{"@type":"ListItem","position":1,"name":"Accueil","item":"https:\/\/www.africa-press.net\/cameroun\/"},{"@type":"ListItem","position":2,"name":"D\u00e9saccord: Le pr\u00e9sident de l\u2019AFP Cyrille Sam Mbaka critique le combat pour la r\u00e9forme du code \u00e9lectoral que m\u00e8nent certains partis politiques"}]},{"@type":"WebSite","@id":"https:\/\/www.africa-press.net\/cameroun\/#website","url":"https:\/\/www.africa-press.net\/cameroun\/","name":"Cameroun","description":"Just another Africa News Agency Sites site","potentialAction":[{"@type":"SearchAction","target":{"@type":"EntryPoint","urlTemplate":"https:\/\/www.africa-press.net\/cameroun\/?s={search_term_string}"},"query-input":{"@type":"PropertyValueSpecification","valueRequired":true,"valueName":"search_term_string"}}],"inLanguage":"fr-FR"},{"@type":"Person","@id":"https:\/\/www.africa-press.net\/cameroun\/#\/schema\/person\/2b1cf3cd81a31e3cd26889ca66d677f1","name":"cfeditorfr"}]}},"_links":{"self":[{"href":"https:\/\/www.africa-press.net\/cameroun\/wp-json\/wp\/v2\/posts\/23927","targetHints":{"allow":["GET"]}}],"collection":[{"href":"https:\/\/www.africa-press.net\/cameroun\/wp-json\/wp\/v2\/posts"}],"about":[{"href":"https:\/\/www.africa-press.net\/cameroun\/wp-json\/wp\/v2\/types\/post"}],"author":[{"embeddable":true,"href":"https:\/\/www.africa-press.net\/cameroun\/wp-json\/wp\/v2\/users\/82"}],"replies":[{"embeddable":true,"href":"https:\/\/www.africa-press.net\/cameroun\/wp-json\/wp\/v2\/comments?post=23927"}],"version-history":[{"count":0,"href":"https:\/\/www.africa-press.net\/cameroun\/wp-json\/wp\/v2\/posts\/23927\/revisions"}],"wp:featuredmedia":[{"embeddable":true,"href":"https:\/\/www.africa-press.net\/cameroun\/wp-json\/wp\/v2\/media\/23926"}],"wp:attachment":[{"href":"https:\/\/www.africa-press.net\/cameroun\/wp-json\/wp\/v2\/media?parent=23927"}],"wp:term":[{"taxonomy":"category","embeddable":true,"href":"https:\/\/www.africa-press.net\/cameroun\/wp-json\/wp\/v2\/categories?post=23927"},{"taxonomy":"post_tag","embeddable":true,"href":"https:\/\/www.africa-press.net\/cameroun\/wp-json\/wp\/v2\/tags?post=23927"}],"curies":[{"name":"wp","href":"https:\/\/api.w.org\/{rel}","templated":true}]}}