{"id":23932,"date":"2022-07-22T13:24:09","date_gmt":"2022-07-22T13:24:09","guid":{"rendered":"https:\/\/www.africa-press.net\/cameroun\/politique\/visite-demmanuel-macron-le-ministre-gregoire-owona-pousse-un-coup-de-gueule-aux-politiciens-qui-veulent-imposer-un-agenda-au-president-francais"},"modified":"2022-07-22T16:06:24","modified_gmt":"2022-07-22T16:06:24","slug":"visite-demmanuel-macron-le-ministre-gregoire-owona-pousse-un-coup-de-gueule-aux-politiciens-qui-veulent-imposer-un-agenda-au-president-francais","status":"publish","type":"post","link":"https:\/\/www.africa-press.net\/cameroun\/dossiers\/visite-demmanuel-macron-le-ministre-gregoire-owona-pousse-un-coup-de-gueule-aux-politiciens-qui-veulent-imposer-un-agenda-au-president-francais","title":{"rendered":"Visite d\u2019Emmanuel Macron: Le ministre Gr\u00e9goire Owona pousse un coup de gueule aux politiciens qui veulent imposer un agenda au pr\u00e9sident fran\u00e7ais"},"content":{"rendered":"<p><span style=\"color: #ff6600\"><strong>Africa-Press &#8211; Cameroun. <\/strong><\/span>Le pr\u00e9sident fran\u00e7ais Emmanuel Macron est annonc\u00e9 en visite officielle au Cameroun le 26 juillet 2022. Une premi\u00e8re pour le chef de l\u2019Etat fran\u00e7ais, qui ne s\u2019\u00e9tait pas rendu en terre camerounaise lors de son premier mandat. A quelques jours de cet important rendez-vous pour la consolidation de la coop\u00e9ration franco-camerounaise, les acteurs politiques camerounais s\u2019\u00e9charpent autour de l\u2019agenda d\u2019Emmanuel Macron.<\/p>\n<p>Plusieurs acteurs politiques de l\u2019opposition, et des leaders de la soci\u00e9t\u00e9 civile, s\u2019interrogent sur les grandes lignes de son agenda. D\u2019aucuns \u00e0 l\u2019instar de Samuel Billong du Mouvement R\u00e9formateur (MR), croient savoir qu\u2019il \u00e9voquera avec Paul Biya le sujet des int\u00e9r\u00eats fran\u00e7ais au Cameroun, tandis que d\u2019autres lui sugg\u00e8rent de parler des crimes commis par la France au Cameroun durant les ann\u00e9es d\u2019ind\u00e9pendance, et faire amende honorable au nom de la France.<\/p>\n<p>Une immixtion de ces politiciens dans le d\u00e9bat autour de cette visite qui g\u00eane le ministre du Travail Gr\u00e9goire Owona, qui a tenu \u00e0 le faire savoir dans un message publi\u00e9 sur son compte certifi\u00e9 Facebook.<\/p>\n<p><b>Voici le message de Gr\u00e9goire Owona aux politiciens de l\u2019opposition :<\/b><\/p>\n<p>Quel spectacle d\u00e9solant de voir ces activistes se pr\u00e9sentant comme de grands leaders politiciens du Cameroun s\u2019\u00e9poumoner dans les m\u00e9dias et \u00e0 travers les r\u00e9seaux sociaux, pour instruire le Pr\u00e9sident Emmanuel Macron de ce qu\u2019il doit venir dire, voir imposer au Pr\u00e9sident Paul BIYA, comme si les deux Homologues n\u2019ont pas planifi\u00e9 leur rencontre avec un ordre du jour convenu d\u2019avance et d\u2019accord parties. Malgr\u00e9 ces mots d\u2019ordre et autres injonctions, les camerounais vont bien accueillir le Pr\u00e9sident Emmanuel Macron le moment venu: c\u2019est le chef de l\u2019Etat de la France et la France est une vieille Amie du Cameroun, un partenaire de poids et de choix. De plus \u00ab n\u2019est pas Pr\u00e9sident de la R\u00e9publique qui veut, mais qui peut \u00bb ! Alors laissons les Pr\u00e9sidents \u00e9changer entre eux en toute s\u00e9r\u00e9nit\u00e9 et continuons de nous mobiliser derri\u00e8re S.E Paul BIYA pour la d\u00e9mocratie et le progr\u00e8s dans notre pays.<\/p>\n<p><strong>Pour plus d&rsquo;informations et d&rsquo;analyses sur la <a href=\"https:\/\/www.africa-press.net\/cameroun\">Cameroun<\/a>, suivez <a href=\"https:\/\/www.africa-press.net\/\">Africa-Press<\/a><\/strong><\/p>\n","protected":false},"excerpt":{"rendered":"<p>Africa-Press &#8211; Cameroun. Le pr\u00e9sident fran\u00e7ais Emmanuel Macron est annonc\u00e9 en visite officielle au Cameroun le 26 juillet 2022. Une premi\u00e8re pour le chef de l\u2019Etat fran\u00e7ais, qui ne s\u2019\u00e9tait pas rendu en terre camerounaise lors de son premier mandat. A quelques jours de cet important rendez-vous pour la consolidation de la coop\u00e9ration franco-camerounaise, les [&hellip;]<\/p>\n","protected":false},"author":82,"featured_media":23930,"comment_status":"open","ping_status":"closed","sticky":false,"template":"","format":"standard","meta":{"footnotes":""},"categories":[7,11,10],"tags":[36,50,49],"class_list":["post-23932","post","type-post","status-publish","format-standard","has-post-thumbnail","hentry","category-dossiers","category-homepage-french","category-toutes-les-actualites","tag-africa-press","tag-africa-press-cameroun","tag-cameroun"],"yoast_head":"<!-- This site is optimized with the Yoast SEO Premium plugin v26.1 (Yoast SEO v27.0) - https:\/\/yoast.com\/product\/yoast-seo-premium-wordpress\/ -->\n<title>Visite d\u2019Emmanuel Macron: Le ministre Gr\u00e9goire Owona pousse un coup de gueule aux politiciens qui veulent imposer un agenda au pr\u00e9sident fran\u00e7ais - Cameroun<\/title>\n<meta name=\"description\" content=\"Le pr\u00e9sident fran\u00e7ais Emmanuel Macron est annonc\u00e9 en visite officielle au Cameroun le 26 juillet 2022. Une premi\u00e8re pour ...\" \/>\n<meta name=\"robots\" content=\"index, follow, max-snippet:-1, max-image-preview:large, max-video-preview:-1\" \/>\n<link rel=\"canonical\" href=\"https:\/\/www.africa-press.net\/cameroun\/dossiers\/visite-demmanuel-macron-le-ministre-gregoire-owona-pousse-un-coup-de-gueule-aux-politiciens-qui-veulent-imposer-un-agenda-au-president-francais\" \/>\n<meta property=\"og:locale\" content=\"fr_FR\" \/>\n<meta property=\"og:type\" content=\"article\" \/>\n<meta property=\"og:title\" content=\"Visite d\u2019Emmanuel Macron: Le ministre Gr\u00e9goire Owona pousse un coup de gueule aux politiciens qui veulent imposer un agenda au pr\u00e9sident fran\u00e7ais\" \/>\n<meta property=\"og:description\" content=\"Le pr\u00e9sident fran\u00e7ais Emmanuel Macron est annonc\u00e9 en visite officielle au Cameroun le 26 juillet 2022. Une premi\u00e8re pour ...\" \/>\n<meta property=\"og:url\" content=\"https:\/\/www.africa-press.net\/cameroun\/dossiers\/visite-demmanuel-macron-le-ministre-gregoire-owona-pousse-un-coup-de-gueule-aux-politiciens-qui-veulent-imposer-un-agenda-au-president-francais\" \/>\n<meta property=\"og:site_name\" content=\"Cameroun\" \/>\n<meta property=\"article:published_time\" content=\"2022-07-22T13:24:09+00:00\" \/>\n<meta property=\"article:modified_time\" content=\"2022-07-22T16:06:24+00:00\" \/>\n<meta property=\"og:image\" content=\"https:\/\/static.africa-press.net\/cameroun\/sites\/57\/2022\/07\/img-62dacae84c6ce.jpg\" \/>\n\t<meta property=\"og:image:width\" content=\"800\" \/>\n\t<meta property=\"og:image:height\" content=\"400\" \/>\n\t<meta property=\"og:image:type\" content=\"image\/jpeg\" \/>\n<meta name=\"author\" content=\"cfeditorfr\" \/>\n<meta name=\"twitter:card\" content=\"summary_large_image\" \/>\n<meta name=\"twitter:label1\" content=\"\u00c9crit par\" \/>\n\t<meta name=\"twitter:data1\" content=\"cfeditorfr\" \/>\n\t<meta name=\"twitter:label2\" content=\"Dur\u00e9e de lecture estim\u00e9e\" \/>\n\t<meta name=\"twitter:data2\" content=\"2 minutes\" \/>\n<script type=\"application\/ld+json\" class=\"yoast-schema-graph\">{\"@context\":\"https:\/\/schema.org\",\"@graph\":[{\"@type\":\"Article\",\"@id\":\"https:\/\/www.africa-press.net\/cameroun\/dossiers\/visite-demmanuel-macron-le-ministre-gregoire-owona-pousse-un-coup-de-gueule-aux-politiciens-qui-veulent-imposer-un-agenda-au-president-francais#article\",\"isPartOf\":{\"@id\":\"https:\/\/www.africa-press.net\/cameroun\/dossiers\/visite-demmanuel-macron-le-ministre-gregoire-owona-pousse-un-coup-de-gueule-aux-politiciens-qui-veulent-imposer-un-agenda-au-president-francais\"},\"author\":{\"name\":\"cfeditorfr\",\"@id\":\"https:\/\/www.africa-press.net\/cameroun\/#\/schema\/person\/2b1cf3cd81a31e3cd26889ca66d677f1\"},\"headline\":\"Visite d\u2019Emmanuel Macron: Le ministre Gr\u00e9goire Owona pousse un coup de gueule aux politiciens qui veulent imposer un agenda au pr\u00e9sident fran\u00e7ais\",\"datePublished\":\"2022-07-22T13:24:09+00:00\",\"dateModified\":\"2022-07-22T16:06:24+00:00\",\"mainEntityOfPage\":{\"@id\":\"https:\/\/www.africa-press.net\/cameroun\/dossiers\/visite-demmanuel-macron-le-ministre-gregoire-owona-pousse-un-coup-de-gueule-aux-politiciens-qui-veulent-imposer-un-agenda-au-president-francais\"},\"wordCount\":418,\"commentCount\":0,\"image\":{\"@id\":\"https:\/\/www.africa-press.net\/cameroun\/dossiers\/visite-demmanuel-macron-le-ministre-gregoire-owona-pousse-un-coup-de-gueule-aux-politiciens-qui-veulent-imposer-un-agenda-au-president-francais#primaryimage\"},\"thumbnailUrl\":\"https:\/\/static.africa-press.net\/cameroun\/sites\/57\/2022\/07\/img-62dacae84c6ce.jpg\",\"keywords\":[\"Africa Press\",\"Africa Press-Cameroun\",\"Cameroun\"],\"articleSection\":[\"Dossiers\",\"homepage-french\",\"Toutes les actualit\u00e9s\"],\"inLanguage\":\"fr-FR\",\"potentialAction\":[{\"@type\":\"CommentAction\",\"name\":\"Comment\",\"target\":[\"https:\/\/www.africa-press.net\/cameroun\/dossiers\/visite-demmanuel-macron-le-ministre-gregoire-owona-pousse-un-coup-de-gueule-aux-politiciens-qui-veulent-imposer-un-agenda-au-president-francais#respond\"]}]},{\"@type\":\"WebPage\",\"@id\":\"https:\/\/www.africa-press.net\/cameroun\/dossiers\/visite-demmanuel-macron-le-ministre-gregoire-owona-pousse-un-coup-de-gueule-aux-politiciens-qui-veulent-imposer-un-agenda-au-president-francais\",\"url\":\"https:\/\/www.africa-press.net\/cameroun\/dossiers\/visite-demmanuel-macron-le-ministre-gregoire-owona-pousse-un-coup-de-gueule-aux-politiciens-qui-veulent-imposer-un-agenda-au-president-francais\",\"name\":\"Visite d\u2019Emmanuel Macron: Le ministre Gr\u00e9goire Owona pousse un coup de gueule aux politiciens qui veulent imposer un agenda au pr\u00e9sident fran\u00e7ais - Cameroun\",\"isPartOf\":{\"@id\":\"https:\/\/www.africa-press.net\/cameroun\/#website\"},\"primaryImageOfPage\":{\"@id\":\"https:\/\/www.africa-press.net\/cameroun\/dossiers\/visite-demmanuel-macron-le-ministre-gregoire-owona-pousse-un-coup-de-gueule-aux-politiciens-qui-veulent-imposer-un-agenda-au-president-francais#primaryimage\"},\"image\":{\"@id\":\"https:\/\/www.africa-press.net\/cameroun\/dossiers\/visite-demmanuel-macron-le-ministre-gregoire-owona-pousse-un-coup-de-gueule-aux-politiciens-qui-veulent-imposer-un-agenda-au-president-francais#primaryimage\"},\"thumbnailUrl\":\"https:\/\/static.africa-press.net\/cameroun\/sites\/57\/2022\/07\/img-62dacae84c6ce.jpg\",\"datePublished\":\"2022-07-22T13:24:09+00:00\",\"dateModified\":\"2022-07-22T16:06:24+00:00\",\"author\":{\"@id\":\"https:\/\/www.africa-press.net\/cameroun\/#\/schema\/person\/2b1cf3cd81a31e3cd26889ca66d677f1\"},\"description\":\"Le pr\u00e9sident fran\u00e7ais Emmanuel Macron est annonc\u00e9 en visite officielle au Cameroun le 26 juillet 2022. Une premi\u00e8re pour ...\",\"breadcrumb\":{\"@id\":\"https:\/\/www.africa-press.net\/cameroun\/dossiers\/visite-demmanuel-macron-le-ministre-gregoire-owona-pousse-un-coup-de-gueule-aux-politiciens-qui-veulent-imposer-un-agenda-au-president-francais#breadcrumb\"},\"inLanguage\":\"fr-FR\",\"potentialAction\":[{\"@type\":\"ReadAction\",\"target\":[\"https:\/\/www.africa-press.net\/cameroun\/dossiers\/visite-demmanuel-macron-le-ministre-gregoire-owona-pousse-un-coup-de-gueule-aux-politiciens-qui-veulent-imposer-un-agenda-au-president-francais\"]}]},{\"@type\":\"ImageObject\",\"inLanguage\":\"fr-FR\",\"@id\":\"https:\/\/www.africa-press.net\/cameroun\/dossiers\/visite-demmanuel-macron-le-ministre-gregoire-owona-pousse-un-coup-de-gueule-aux-politiciens-qui-veulent-imposer-un-agenda-au-president-francais#primaryimage\",\"url\":\"https:\/\/static.africa-press.net\/cameroun\/sites\/57\/2022\/07\/img-62dacae84c6ce.jpg\",\"contentUrl\":\"https:\/\/static.africa-press.net\/cameroun\/sites\/57\/2022\/07\/img-62dacae84c6ce.jpg\",\"width\":800,\"height\":400,\"caption\":\"Visite d\u2019Emmanuel Macron: Le ministre Gr\u00e9goire Owona pousse un coup de gueule aux politiciens qui veulent imposer un agenda au pr\u00e9sident fran\u00e7ais\"},{\"@type\":\"BreadcrumbList\",\"@id\":\"https:\/\/www.africa-press.net\/cameroun\/dossiers\/visite-demmanuel-macron-le-ministre-gregoire-owona-pousse-un-coup-de-gueule-aux-politiciens-qui-veulent-imposer-un-agenda-au-president-francais#breadcrumb\",\"itemListElement\":[{\"@type\":\"ListItem\",\"position\":1,\"name\":\"Accueil\",\"item\":\"https:\/\/www.africa-press.net\/cameroun\/\"},{\"@type\":\"ListItem\",\"position\":2,\"name\":\"Visite d\u2019Emmanuel Macron: Le ministre Gr\u00e9goire Owona pousse un coup de gueule aux politiciens qui veulent imposer un agenda au pr\u00e9sident fran\u00e7ais\"}]},{\"@type\":\"WebSite\",\"@id\":\"https:\/\/www.africa-press.net\/cameroun\/#website\",\"url\":\"https:\/\/www.africa-press.net\/cameroun\/\",\"name\":\"Cameroun\",\"description\":\"Just another Africa News Agency Sites site\",\"potentialAction\":[{\"@type\":\"SearchAction\",\"target\":{\"@type\":\"EntryPoint\",\"urlTemplate\":\"https:\/\/www.africa-press.net\/cameroun\/?s={search_term_string}\"},\"query-input\":{\"@type\":\"PropertyValueSpecification\",\"valueRequired\":true,\"valueName\":\"search_term_string\"}}],\"inLanguage\":\"fr-FR\"},{\"@type\":\"Person\",\"@id\":\"https:\/\/www.africa-press.net\/cameroun\/#\/schema\/person\/2b1cf3cd81a31e3cd26889ca66d677f1\",\"name\":\"cfeditorfr\"}]}<\/script>\n<!-- \/ Yoast SEO Premium plugin. -->","yoast_head_json":{"title":"Visite d\u2019Emmanuel Macron: Le ministre Gr\u00e9goire Owona pousse un coup de gueule aux politiciens qui veulent imposer un agenda au pr\u00e9sident fran\u00e7ais - Cameroun","description":"Le pr\u00e9sident fran\u00e7ais Emmanuel Macron est annonc\u00e9 en visite officielle au Cameroun le 26 juillet 2022. Une premi\u00e8re pour ...","robots":{"index":"index","follow":"follow","max-snippet":"max-snippet:-1","max-image-preview":"max-image-preview:large","max-video-preview":"max-video-preview:-1"},"canonical":"https:\/\/www.africa-press.net\/cameroun\/dossiers\/visite-demmanuel-macron-le-ministre-gregoire-owona-pousse-un-coup-de-gueule-aux-politiciens-qui-veulent-imposer-un-agenda-au-president-francais","og_locale":"fr_FR","og_type":"article","og_title":"Visite d\u2019Emmanuel Macron: Le ministre Gr\u00e9goire Owona pousse un coup de gueule aux politiciens qui veulent imposer un agenda au pr\u00e9sident fran\u00e7ais","og_description":"Le pr\u00e9sident fran\u00e7ais Emmanuel Macron est annonc\u00e9 en visite officielle au Cameroun le 26 juillet 2022. Une premi\u00e8re pour ...","og_url":"https:\/\/www.africa-press.net\/cameroun\/dossiers\/visite-demmanuel-macron-le-ministre-gregoire-owona-pousse-un-coup-de-gueule-aux-politiciens-qui-veulent-imposer-un-agenda-au-president-francais","og_site_name":"Cameroun","article_published_time":"2022-07-22T13:24:09+00:00","article_modified_time":"2022-07-22T16:06:24+00:00","og_image":[{"width":800,"height":400,"url":"https:\/\/static.africa-press.net\/cameroun\/sites\/57\/2022\/07\/img-62dacae84c6ce.jpg","type":"image\/jpeg"}],"author":"cfeditorfr","twitter_card":"summary_large_image","twitter_misc":{"\u00c9crit par":"cfeditorfr","Dur\u00e9e de lecture estim\u00e9e":"2 minutes"},"schema":{"@context":"https:\/\/schema.org","@graph":[{"@type":"Article","@id":"https:\/\/www.africa-press.net\/cameroun\/dossiers\/visite-demmanuel-macron-le-ministre-gregoire-owona-pousse-un-coup-de-gueule-aux-politiciens-qui-veulent-imposer-un-agenda-au-president-francais#article","isPartOf":{"@id":"https:\/\/www.africa-press.net\/cameroun\/dossiers\/visite-demmanuel-macron-le-ministre-gregoire-owona-pousse-un-coup-de-gueule-aux-politiciens-qui-veulent-imposer-un-agenda-au-president-francais"},"author":{"name":"cfeditorfr","@id":"https:\/\/www.africa-press.net\/cameroun\/#\/schema\/person\/2b1cf3cd81a31e3cd26889ca66d677f1"},"headline":"Visite d\u2019Emmanuel Macron: Le ministre Gr\u00e9goire Owona pousse un coup de gueule aux politiciens qui veulent imposer un agenda au pr\u00e9sident fran\u00e7ais","datePublished":"2022-07-22T13:24:09+00:00","dateModified":"2022-07-22T16:06:24+00:00","mainEntityOfPage":{"@id":"https:\/\/www.africa-press.net\/cameroun\/dossiers\/visite-demmanuel-macron-le-ministre-gregoire-owona-pousse-un-coup-de-gueule-aux-politiciens-qui-veulent-imposer-un-agenda-au-president-francais"},"wordCount":418,"commentCount":0,"image":{"@id":"https:\/\/www.africa-press.net\/cameroun\/dossiers\/visite-demmanuel-macron-le-ministre-gregoire-owona-pousse-un-coup-de-gueule-aux-politiciens-qui-veulent-imposer-un-agenda-au-president-francais#primaryimage"},"thumbnailUrl":"https:\/\/static.africa-press.net\/cameroun\/sites\/57\/2022\/07\/img-62dacae84c6ce.jpg","keywords":["Africa Press","Africa Press-Cameroun","Cameroun"],"articleSection":["Dossiers","homepage-french","Toutes les actualit\u00e9s"],"inLanguage":"fr-FR","potentialAction":[{"@type":"CommentAction","name":"Comment","target":["https:\/\/www.africa-press.net\/cameroun\/dossiers\/visite-demmanuel-macron-le-ministre-gregoire-owona-pousse-un-coup-de-gueule-aux-politiciens-qui-veulent-imposer-un-agenda-au-president-francais#respond"]}]},{"@type":"WebPage","@id":"https:\/\/www.africa-press.net\/cameroun\/dossiers\/visite-demmanuel-macron-le-ministre-gregoire-owona-pousse-un-coup-de-gueule-aux-politiciens-qui-veulent-imposer-un-agenda-au-president-francais","url":"https:\/\/www.africa-press.net\/cameroun\/dossiers\/visite-demmanuel-macron-le-ministre-gregoire-owona-pousse-un-coup-de-gueule-aux-politiciens-qui-veulent-imposer-un-agenda-au-president-francais","name":"Visite d\u2019Emmanuel Macron: Le ministre Gr\u00e9goire Owona pousse un coup de gueule aux politiciens qui veulent imposer un agenda au pr\u00e9sident fran\u00e7ais - Cameroun","isPartOf":{"@id":"https:\/\/www.africa-press.net\/cameroun\/#website"},"primaryImageOfPage":{"@id":"https:\/\/www.africa-press.net\/cameroun\/dossiers\/visite-demmanuel-macron-le-ministre-gregoire-owona-pousse-un-coup-de-gueule-aux-politiciens-qui-veulent-imposer-un-agenda-au-president-francais#primaryimage"},"image":{"@id":"https:\/\/www.africa-press.net\/cameroun\/dossiers\/visite-demmanuel-macron-le-ministre-gregoire-owona-pousse-un-coup-de-gueule-aux-politiciens-qui-veulent-imposer-un-agenda-au-president-francais#primaryimage"},"thumbnailUrl":"https:\/\/static.africa-press.net\/cameroun\/sites\/57\/2022\/07\/img-62dacae84c6ce.jpg","datePublished":"2022-07-22T13:24:09+00:00","dateModified":"2022-07-22T16:06:24+00:00","author":{"@id":"https:\/\/www.africa-press.net\/cameroun\/#\/schema\/person\/2b1cf3cd81a31e3cd26889ca66d677f1"},"description":"Le pr\u00e9sident fran\u00e7ais Emmanuel Macron est annonc\u00e9 en visite officielle au Cameroun le 26 juillet 2022. Une premi\u00e8re pour ...","breadcrumb":{"@id":"https:\/\/www.africa-press.net\/cameroun\/dossiers\/visite-demmanuel-macron-le-ministre-gregoire-owona-pousse-un-coup-de-gueule-aux-politiciens-qui-veulent-imposer-un-agenda-au-president-francais#breadcrumb"},"inLanguage":"fr-FR","potentialAction":[{"@type":"ReadAction","target":["https:\/\/www.africa-press.net\/cameroun\/dossiers\/visite-demmanuel-macron-le-ministre-gregoire-owona-pousse-un-coup-de-gueule-aux-politiciens-qui-veulent-imposer-un-agenda-au-president-francais"]}]},{"@type":"ImageObject","inLanguage":"fr-FR","@id":"https:\/\/www.africa-press.net\/cameroun\/dossiers\/visite-demmanuel-macron-le-ministre-gregoire-owona-pousse-un-coup-de-gueule-aux-politiciens-qui-veulent-imposer-un-agenda-au-president-francais#primaryimage","url":"https:\/\/static.africa-press.net\/cameroun\/sites\/57\/2022\/07\/img-62dacae84c6ce.jpg","contentUrl":"https:\/\/static.africa-press.net\/cameroun\/sites\/57\/2022\/07\/img-62dacae84c6ce.jpg","width":800,"height":400,"caption":"Visite d\u2019Emmanuel Macron: Le ministre Gr\u00e9goire Owona pousse un coup de gueule aux politiciens qui veulent imposer un agenda au pr\u00e9sident fran\u00e7ais"},{"@type":"BreadcrumbList","@id":"https:\/\/www.africa-press.net\/cameroun\/dossiers\/visite-demmanuel-macron-le-ministre-gregoire-owona-pousse-un-coup-de-gueule-aux-politiciens-qui-veulent-imposer-un-agenda-au-president-francais#breadcrumb","itemListElement":[{"@type":"ListItem","position":1,"name":"Accueil","item":"https:\/\/www.africa-press.net\/cameroun\/"},{"@type":"ListItem","position":2,"name":"Visite d\u2019Emmanuel Macron: Le ministre Gr\u00e9goire Owona pousse un coup de gueule aux politiciens qui veulent imposer un agenda au pr\u00e9sident fran\u00e7ais"}]},{"@type":"WebSite","@id":"https:\/\/www.africa-press.net\/cameroun\/#website","url":"https:\/\/www.africa-press.net\/cameroun\/","name":"Cameroun","description":"Just another Africa News Agency Sites site","potentialAction":[{"@type":"SearchAction","target":{"@type":"EntryPoint","urlTemplate":"https:\/\/www.africa-press.net\/cameroun\/?s={search_term_string}"},"query-input":{"@type":"PropertyValueSpecification","valueRequired":true,"valueName":"search_term_string"}}],"inLanguage":"fr-FR"},{"@type":"Person","@id":"https:\/\/www.africa-press.net\/cameroun\/#\/schema\/person\/2b1cf3cd81a31e3cd26889ca66d677f1","name":"cfeditorfr"}]}},"_links":{"self":[{"href":"https:\/\/www.africa-press.net\/cameroun\/wp-json\/wp\/v2\/posts\/23932","targetHints":{"allow":["GET"]}}],"collection":[{"href":"https:\/\/www.africa-press.net\/cameroun\/wp-json\/wp\/v2\/posts"}],"about":[{"href":"https:\/\/www.africa-press.net\/cameroun\/wp-json\/wp\/v2\/types\/post"}],"author":[{"embeddable":true,"href":"https:\/\/www.africa-press.net\/cameroun\/wp-json\/wp\/v2\/users\/82"}],"replies":[{"embeddable":true,"href":"https:\/\/www.africa-press.net\/cameroun\/wp-json\/wp\/v2\/comments?post=23932"}],"version-history":[{"count":0,"href":"https:\/\/www.africa-press.net\/cameroun\/wp-json\/wp\/v2\/posts\/23932\/revisions"}],"wp:featuredmedia":[{"embeddable":true,"href":"https:\/\/www.africa-press.net\/cameroun\/wp-json\/wp\/v2\/media\/23930"}],"wp:attachment":[{"href":"https:\/\/www.africa-press.net\/cameroun\/wp-json\/wp\/v2\/media?parent=23932"}],"wp:term":[{"taxonomy":"category","embeddable":true,"href":"https:\/\/www.africa-press.net\/cameroun\/wp-json\/wp\/v2\/categories?post=23932"},{"taxonomy":"post_tag","embeddable":true,"href":"https:\/\/www.africa-press.net\/cameroun\/wp-json\/wp\/v2\/tags?post=23932"}],"curies":[{"name":"wp","href":"https:\/\/api.w.org\/{rel}","templated":true}]}}