{"id":2395,"date":"2021-04-24T15:04:53","date_gmt":"2021-04-24T15:04:53","guid":{"rendered":"https:\/\/www.africa-press.net\/cameroun\/?p=2395"},"modified":"2021-04-26T02:03:39","modified_gmt":"2021-04-26T02:03:39","slug":"cameroun-gestion-des-fonds-covid-19-le-mouvement-reformateur-fait-le-proces-de-la-task-force-logee-a-la-presidence-de-la-republique","status":"publish","type":"post","link":"https:\/\/www.africa-press.net\/cameroun\/politique\/cameroun-gestion-des-fonds-covid-19-le-mouvement-reformateur-fait-le-proces-de-la-task-force-logee-a-la-presidence-de-la-republique","title":{"rendered":"Cameroun &#8211; Gestion des fonds Covid-19: Le Mouvement R\u00e9formateur fait le proc\u00e8s de la Task Force log\u00e9e \u00e0 la pr\u00e9sidence de la R\u00e9publique"},"content":{"rendered":"<p><span style=\"color: #ff6600\"><strong><a href=\"https:\/\/www.africa-press.net\/\">Africa-Press<\/a> &#8211; <a href=\"https:\/\/www.africa-press.net\/cameroun\">Cameroun<\/a>. <\/strong><\/span>Les membres de la F\u00e9d\u00e9ration d\u00e9partementale du Mouvement R\u00e9formateur (MR) du Wouri ont \u00e9t\u00e9 install\u00e9s le 17 avril 2021 \u00e0 Douala. C\u2019\u00e9tait au cours d\u2019une c\u00e9r\u00e9monie pr\u00e9sid\u00e9e par Samuel Billong, le pr\u00e9sident national de cette formation politique.<\/p>\n<p>Dans son discours, en saluant l\u2019engagement et la fid\u00e9lit\u00e9 de ses camarades, le leader du MR a demand\u00e9 aux nouveaux responsables d\u2019aller \u00abjusqu\u2019au bout pour nos concitoyens, pour leur bien-\u00eatre. Les camerounais ont assez de ceux qui sont encore en responsabilit\u00e9 et qui ne pensent qu\u2019\u00e0 eux, \u00e0 leurs int\u00e9r\u00eats priv\u00e9s laissant les populations dans une mis\u00e8re inqualifiable\u00bb, a d\u00e9clar\u00e9 Samuel Billong dans des propos relay\u00e9s dans les colonnes du quotidien Le Messager \u00e9dition du 23 avril 2021.<\/p>\n<p>Il a saisi l\u2019occasion pour d\u00e9noncer la strat\u00e9gie nationale de lutte contre le Covid-19, marqu\u00e9e par le scandale des 180 milliards de FCFA du Fonds mon\u00e9taire international (FMI) destin\u00e9s \u00e0 la riposte. \u00abIls se sont partag\u00e9 150 milliards et ils ont donn\u00e9 aux populations quelques seaux et des morceaux de savons. Aujourd\u2019hui, tout le monde parle de la \u00abTask force\u00bb pour la reprise de la gestion des march\u00e9s de la riposte anti-Covid 19 face au scandale de la gestion des fonds. Mais qui a oubli\u00e9 le gigantesque scandale des d\u00e9tournements de fonds publics de pr\u00e8s de 1000 milliards FCFA, rapport\u00e9 par la presse, dans le cadre de la Coupe d\u2019Afrique des nations 2019 avec des march\u00e9s de gr\u00e9 \u00e0 gr\u00e9, les camions de sable \u00e0 700 mille FCFAsous une autre \u00abTask force ?\u00bb, s\u2019interroge-t-il.<\/p>\n<p>D\u2019apr\u00e8s le journal, l\u2019homme politique tient pour coupable, le pouvoir RDPC qui, d\u2019apr\u00e8s lui, endette le pays non pas pour le d\u00e9velopper, encore moins pour l\u2019int\u00e9r\u00eat g\u00e9n\u00e9ral mais pour que certains continuent \u00e0 s\u2019enrichir pendant que les concitoyens croulent dans la pauvret\u00e9.<\/p>\n<p><b>\u00abPourquoi aller se mettre \u00e0 genoux au Fmi pour 180 milliards qu\u2019on va par ailleurs dilapider alors que les populations, \u00e0 travers le versement de 10 % des recettes des \u00e9tablissements m\u00e9dicaux depuis des ann\u00e9es, ont aliment\u00e9 un fonds de solidarit\u00e9 pour la sant\u00e9 qui aujourd\u2019hui pourrait \u00eatre \u00e9valu\u00e9 \u00e0 300 milliards environ ? Le pays ne va pas demeurer \u00e9ternellement dans un syst\u00e8me qui favorise la mauvaise gouvernance et les d\u00e9tournements de fonds publics\u00bb,<\/b>a pr\u00e9venu le pr\u00e9sident national du MR.<\/p>\n","protected":false},"excerpt":{"rendered":"<p>Africa-Press &#8211; Cameroun. Les membres de la F\u00e9d\u00e9ration d\u00e9partementale du Mouvement R\u00e9formateur (MR) du Wouri ont \u00e9t\u00e9 install\u00e9s le 17 avril 2021 \u00e0 Douala. C\u2019\u00e9tait au cours d\u2019une c\u00e9r\u00e9monie pr\u00e9sid\u00e9e par Samuel Billong, le pr\u00e9sident national de cette formation politique. Dans son discours, en saluant l\u2019engagement et la fid\u00e9lit\u00e9 de ses camarades, le leader du [&hellip;]<\/p>\n","protected":false},"author":82,"featured_media":2394,"comment_status":"open","ping_status":"closed","sticky":false,"template":"","format":"standard","meta":{"footnotes":""},"categories":[11,2,20,10],"tags":[36,50,49],"class_list":["post-2395","post","type-post","status-publish","format-standard","has-post-thumbnail","hentry","category-homepage-french","category-politique","category-top-nouvelles","category-toutes-les-actualites","tag-africa-press","tag-africa-press-cameroun","tag-cameroun"],"yoast_head":"<!-- This site is optimized with the Yoast SEO Premium plugin v26.1 (Yoast SEO v27.0) - https:\/\/yoast.com\/product\/yoast-seo-premium-wordpress\/ -->\n<title>Cameroun - Gestion des fonds Covid-19: Le Mouvement R\u00e9formateur fait le proc\u00e8s de la Task Force log\u00e9e \u00e0 la pr\u00e9sidence de la R\u00e9publique - Cameroun<\/title>\n<meta name=\"description\" content=\"Les membres de la F\u00e9d\u00e9ration d\u00e9partementale du Mouvement R\u00e9formateur (MR) du Wouri ont \u00e9t\u00e9 install\u00e9s le 17 avril 2021 \u00e0 ...\" \/>\n<meta name=\"robots\" content=\"index, follow, max-snippet:-1, max-image-preview:large, max-video-preview:-1\" \/>\n<link rel=\"canonical\" href=\"https:\/\/www.africa-press.net\/cameroun\/politique\/cameroun-gestion-des-fonds-covid-19-le-mouvement-reformateur-fait-le-proces-de-la-task-force-logee-a-la-presidence-de-la-republique\" \/>\n<meta property=\"og:locale\" content=\"fr_FR\" \/>\n<meta property=\"og:type\" content=\"article\" \/>\n<meta property=\"og:title\" content=\"Cameroun - Gestion des fonds Covid-19: Le Mouvement R\u00e9formateur fait le proc\u00e8s de la Task Force log\u00e9e \u00e0 la pr\u00e9sidence de la R\u00e9publique\" \/>\n<meta property=\"og:description\" content=\"Les membres de la F\u00e9d\u00e9ration d\u00e9partementale du Mouvement R\u00e9formateur (MR) du Wouri ont \u00e9t\u00e9 install\u00e9s le 17 avril 2021 \u00e0 ...\" \/>\n<meta property=\"og:url\" content=\"https:\/\/www.africa-press.net\/cameroun\/politique\/cameroun-gestion-des-fonds-covid-19-le-mouvement-reformateur-fait-le-proces-de-la-task-force-logee-a-la-presidence-de-la-republique\" \/>\n<meta property=\"og:site_name\" content=\"Cameroun\" \/>\n<meta property=\"article:published_time\" content=\"2021-04-24T15:04:53+00:00\" \/>\n<meta property=\"article:modified_time\" content=\"2021-04-26T02:03:39+00:00\" \/>\n<meta property=\"og:image\" content=\"https:\/\/static.africa-press.net\/cameroun\/sites\/57\/2021\/04\/img-60845455d49de.jpg\" \/>\n\t<meta property=\"og:image:width\" content=\"800\" \/>\n\t<meta property=\"og:image:height\" content=\"573\" \/>\n\t<meta property=\"og:image:type\" content=\"image\/jpeg\" \/>\n<meta name=\"author\" content=\"cfeditorfr\" \/>\n<meta name=\"twitter:card\" content=\"summary_large_image\" \/>\n<meta name=\"twitter:label1\" content=\"\u00c9crit par\" \/>\n\t<meta name=\"twitter:data1\" content=\"cfeditorfr\" \/>\n\t<meta name=\"twitter:label2\" content=\"Dur\u00e9e de lecture estim\u00e9e\" \/>\n\t<meta name=\"twitter:data2\" content=\"2 minutes\" \/>\n<script type=\"application\/ld+json\" class=\"yoast-schema-graph\">{\"@context\":\"https:\/\/schema.org\",\"@graph\":[{\"@type\":\"Article\",\"@id\":\"https:\/\/www.africa-press.net\/cameroun\/politique\/cameroun-gestion-des-fonds-covid-19-le-mouvement-reformateur-fait-le-proces-de-la-task-force-logee-a-la-presidence-de-la-republique#article\",\"isPartOf\":{\"@id\":\"https:\/\/www.africa-press.net\/cameroun\/politique\/cameroun-gestion-des-fonds-covid-19-le-mouvement-reformateur-fait-le-proces-de-la-task-force-logee-a-la-presidence-de-la-republique\"},\"author\":{\"name\":\"cfeditorfr\",\"@id\":\"https:\/\/www.africa-press.net\/cameroun\/#\/schema\/person\/2b1cf3cd81a31e3cd26889ca66d677f1\"},\"headline\":\"Cameroun &#8211; Gestion des fonds Covid-19: Le Mouvement R\u00e9formateur fait le proc\u00e8s de la Task Force log\u00e9e \u00e0 la pr\u00e9sidence de la R\u00e9publique\",\"datePublished\":\"2021-04-24T15:04:53+00:00\",\"dateModified\":\"2021-04-26T02:03:39+00:00\",\"mainEntityOfPage\":{\"@id\":\"https:\/\/www.africa-press.net\/cameroun\/politique\/cameroun-gestion-des-fonds-covid-19-le-mouvement-reformateur-fait-le-proces-de-la-task-force-logee-a-la-presidence-de-la-republique\"},\"wordCount\":434,\"commentCount\":0,\"image\":{\"@id\":\"https:\/\/www.africa-press.net\/cameroun\/politique\/cameroun-gestion-des-fonds-covid-19-le-mouvement-reformateur-fait-le-proces-de-la-task-force-logee-a-la-presidence-de-la-republique#primaryimage\"},\"thumbnailUrl\":\"https:\/\/static.africa-press.net\/cameroun\/sites\/57\/2021\/04\/img-60845455d49de.jpg\",\"keywords\":[\"Africa Press\",\"Africa Press-Cameroun\",\"Cameroun\"],\"articleSection\":[\"homepage-french\",\"Politique\",\"Top Nouvelles\",\"Toutes les actualit\u00e9s\"],\"inLanguage\":\"fr-FR\",\"potentialAction\":[{\"@type\":\"CommentAction\",\"name\":\"Comment\",\"target\":[\"https:\/\/www.africa-press.net\/cameroun\/politique\/cameroun-gestion-des-fonds-covid-19-le-mouvement-reformateur-fait-le-proces-de-la-task-force-logee-a-la-presidence-de-la-republique#respond\"]}]},{\"@type\":\"WebPage\",\"@id\":\"https:\/\/www.africa-press.net\/cameroun\/politique\/cameroun-gestion-des-fonds-covid-19-le-mouvement-reformateur-fait-le-proces-de-la-task-force-logee-a-la-presidence-de-la-republique\",\"url\":\"https:\/\/www.africa-press.net\/cameroun\/politique\/cameroun-gestion-des-fonds-covid-19-le-mouvement-reformateur-fait-le-proces-de-la-task-force-logee-a-la-presidence-de-la-republique\",\"name\":\"Cameroun - Gestion des fonds Covid-19: Le Mouvement R\u00e9formateur fait le proc\u00e8s de la Task Force log\u00e9e \u00e0 la pr\u00e9sidence de la R\u00e9publique - Cameroun\",\"isPartOf\":{\"@id\":\"https:\/\/www.africa-press.net\/cameroun\/#website\"},\"primaryImageOfPage\":{\"@id\":\"https:\/\/www.africa-press.net\/cameroun\/politique\/cameroun-gestion-des-fonds-covid-19-le-mouvement-reformateur-fait-le-proces-de-la-task-force-logee-a-la-presidence-de-la-republique#primaryimage\"},\"image\":{\"@id\":\"https:\/\/www.africa-press.net\/cameroun\/politique\/cameroun-gestion-des-fonds-covid-19-le-mouvement-reformateur-fait-le-proces-de-la-task-force-logee-a-la-presidence-de-la-republique#primaryimage\"},\"thumbnailUrl\":\"https:\/\/static.africa-press.net\/cameroun\/sites\/57\/2021\/04\/img-60845455d49de.jpg\",\"datePublished\":\"2021-04-24T15:04:53+00:00\",\"dateModified\":\"2021-04-26T02:03:39+00:00\",\"author\":{\"@id\":\"https:\/\/www.africa-press.net\/cameroun\/#\/schema\/person\/2b1cf3cd81a31e3cd26889ca66d677f1\"},\"description\":\"Les membres de la F\u00e9d\u00e9ration d\u00e9partementale du Mouvement R\u00e9formateur (MR) du Wouri ont \u00e9t\u00e9 install\u00e9s le 17 avril 2021 \u00e0 ...\",\"breadcrumb\":{\"@id\":\"https:\/\/www.africa-press.net\/cameroun\/politique\/cameroun-gestion-des-fonds-covid-19-le-mouvement-reformateur-fait-le-proces-de-la-task-force-logee-a-la-presidence-de-la-republique#breadcrumb\"},\"inLanguage\":\"fr-FR\",\"potentialAction\":[{\"@type\":\"ReadAction\",\"target\":[\"https:\/\/www.africa-press.net\/cameroun\/politique\/cameroun-gestion-des-fonds-covid-19-le-mouvement-reformateur-fait-le-proces-de-la-task-force-logee-a-la-presidence-de-la-republique\"]}]},{\"@type\":\"ImageObject\",\"inLanguage\":\"fr-FR\",\"@id\":\"https:\/\/www.africa-press.net\/cameroun\/politique\/cameroun-gestion-des-fonds-covid-19-le-mouvement-reformateur-fait-le-proces-de-la-task-force-logee-a-la-presidence-de-la-republique#primaryimage\",\"url\":\"https:\/\/static.africa-press.net\/cameroun\/sites\/57\/2021\/04\/img-60845455d49de.jpg\",\"contentUrl\":\"https:\/\/static.africa-press.net\/cameroun\/sites\/57\/2021\/04\/img-60845455d49de.jpg\",\"width\":800,\"height\":573,\"caption\":\"Cameroun - Gestion des fonds Covid-19: Le Mouvement R\u00e9formateur fait le proc\u00e8s de la Task Force log\u00e9e \u00e0 la pr\u00e9sidence de la R\u00e9publique\"},{\"@type\":\"BreadcrumbList\",\"@id\":\"https:\/\/www.africa-press.net\/cameroun\/politique\/cameroun-gestion-des-fonds-covid-19-le-mouvement-reformateur-fait-le-proces-de-la-task-force-logee-a-la-presidence-de-la-republique#breadcrumb\",\"itemListElement\":[{\"@type\":\"ListItem\",\"position\":1,\"name\":\"Accueil\",\"item\":\"https:\/\/www.africa-press.net\/cameroun\/\"},{\"@type\":\"ListItem\",\"position\":2,\"name\":\"Cameroun &#8211; Gestion des fonds Covid-19: Le Mouvement R\u00e9formateur fait le proc\u00e8s de la Task Force log\u00e9e \u00e0 la pr\u00e9sidence de la R\u00e9publique\"}]},{\"@type\":\"WebSite\",\"@id\":\"https:\/\/www.africa-press.net\/cameroun\/#website\",\"url\":\"https:\/\/www.africa-press.net\/cameroun\/\",\"name\":\"Cameroun\",\"description\":\"Just another Africa News Agency Sites site\",\"potentialAction\":[{\"@type\":\"SearchAction\",\"target\":{\"@type\":\"EntryPoint\",\"urlTemplate\":\"https:\/\/www.africa-press.net\/cameroun\/?s={search_term_string}\"},\"query-input\":{\"@type\":\"PropertyValueSpecification\",\"valueRequired\":true,\"valueName\":\"search_term_string\"}}],\"inLanguage\":\"fr-FR\"},{\"@type\":\"Person\",\"@id\":\"https:\/\/www.africa-press.net\/cameroun\/#\/schema\/person\/2b1cf3cd81a31e3cd26889ca66d677f1\",\"name\":\"cfeditorfr\"}]}<\/script>\n<!-- \/ Yoast SEO Premium plugin. -->","yoast_head_json":{"title":"Cameroun - Gestion des fonds Covid-19: Le Mouvement R\u00e9formateur fait le proc\u00e8s de la Task Force log\u00e9e \u00e0 la pr\u00e9sidence de la R\u00e9publique - Cameroun","description":"Les membres de la F\u00e9d\u00e9ration d\u00e9partementale du Mouvement R\u00e9formateur (MR) du Wouri ont \u00e9t\u00e9 install\u00e9s le 17 avril 2021 \u00e0 ...","robots":{"index":"index","follow":"follow","max-snippet":"max-snippet:-1","max-image-preview":"max-image-preview:large","max-video-preview":"max-video-preview:-1"},"canonical":"https:\/\/www.africa-press.net\/cameroun\/politique\/cameroun-gestion-des-fonds-covid-19-le-mouvement-reformateur-fait-le-proces-de-la-task-force-logee-a-la-presidence-de-la-republique","og_locale":"fr_FR","og_type":"article","og_title":"Cameroun - Gestion des fonds Covid-19: Le Mouvement R\u00e9formateur fait le proc\u00e8s de la Task Force log\u00e9e \u00e0 la pr\u00e9sidence de la R\u00e9publique","og_description":"Les membres de la F\u00e9d\u00e9ration d\u00e9partementale du Mouvement R\u00e9formateur (MR) du Wouri ont \u00e9t\u00e9 install\u00e9s le 17 avril 2021 \u00e0 ...","og_url":"https:\/\/www.africa-press.net\/cameroun\/politique\/cameroun-gestion-des-fonds-covid-19-le-mouvement-reformateur-fait-le-proces-de-la-task-force-logee-a-la-presidence-de-la-republique","og_site_name":"Cameroun","article_published_time":"2021-04-24T15:04:53+00:00","article_modified_time":"2021-04-26T02:03:39+00:00","og_image":[{"width":800,"height":573,"url":"https:\/\/static.africa-press.net\/cameroun\/sites\/57\/2021\/04\/img-60845455d49de.jpg","type":"image\/jpeg"}],"author":"cfeditorfr","twitter_card":"summary_large_image","twitter_misc":{"\u00c9crit par":"cfeditorfr","Dur\u00e9e de lecture estim\u00e9e":"2 minutes"},"schema":{"@context":"https:\/\/schema.org","@graph":[{"@type":"Article","@id":"https:\/\/www.africa-press.net\/cameroun\/politique\/cameroun-gestion-des-fonds-covid-19-le-mouvement-reformateur-fait-le-proces-de-la-task-force-logee-a-la-presidence-de-la-republique#article","isPartOf":{"@id":"https:\/\/www.africa-press.net\/cameroun\/politique\/cameroun-gestion-des-fonds-covid-19-le-mouvement-reformateur-fait-le-proces-de-la-task-force-logee-a-la-presidence-de-la-republique"},"author":{"name":"cfeditorfr","@id":"https:\/\/www.africa-press.net\/cameroun\/#\/schema\/person\/2b1cf3cd81a31e3cd26889ca66d677f1"},"headline":"Cameroun &#8211; Gestion des fonds Covid-19: Le Mouvement R\u00e9formateur fait le proc\u00e8s de la Task Force log\u00e9e \u00e0 la pr\u00e9sidence de la R\u00e9publique","datePublished":"2021-04-24T15:04:53+00:00","dateModified":"2021-04-26T02:03:39+00:00","mainEntityOfPage":{"@id":"https:\/\/www.africa-press.net\/cameroun\/politique\/cameroun-gestion-des-fonds-covid-19-le-mouvement-reformateur-fait-le-proces-de-la-task-force-logee-a-la-presidence-de-la-republique"},"wordCount":434,"commentCount":0,"image":{"@id":"https:\/\/www.africa-press.net\/cameroun\/politique\/cameroun-gestion-des-fonds-covid-19-le-mouvement-reformateur-fait-le-proces-de-la-task-force-logee-a-la-presidence-de-la-republique#primaryimage"},"thumbnailUrl":"https:\/\/static.africa-press.net\/cameroun\/sites\/57\/2021\/04\/img-60845455d49de.jpg","keywords":["Africa Press","Africa Press-Cameroun","Cameroun"],"articleSection":["homepage-french","Politique","Top Nouvelles","Toutes les actualit\u00e9s"],"inLanguage":"fr-FR","potentialAction":[{"@type":"CommentAction","name":"Comment","target":["https:\/\/www.africa-press.net\/cameroun\/politique\/cameroun-gestion-des-fonds-covid-19-le-mouvement-reformateur-fait-le-proces-de-la-task-force-logee-a-la-presidence-de-la-republique#respond"]}]},{"@type":"WebPage","@id":"https:\/\/www.africa-press.net\/cameroun\/politique\/cameroun-gestion-des-fonds-covid-19-le-mouvement-reformateur-fait-le-proces-de-la-task-force-logee-a-la-presidence-de-la-republique","url":"https:\/\/www.africa-press.net\/cameroun\/politique\/cameroun-gestion-des-fonds-covid-19-le-mouvement-reformateur-fait-le-proces-de-la-task-force-logee-a-la-presidence-de-la-republique","name":"Cameroun - Gestion des fonds Covid-19: Le Mouvement R\u00e9formateur fait le proc\u00e8s de la Task Force log\u00e9e \u00e0 la pr\u00e9sidence de la R\u00e9publique - Cameroun","isPartOf":{"@id":"https:\/\/www.africa-press.net\/cameroun\/#website"},"primaryImageOfPage":{"@id":"https:\/\/www.africa-press.net\/cameroun\/politique\/cameroun-gestion-des-fonds-covid-19-le-mouvement-reformateur-fait-le-proces-de-la-task-force-logee-a-la-presidence-de-la-republique#primaryimage"},"image":{"@id":"https:\/\/www.africa-press.net\/cameroun\/politique\/cameroun-gestion-des-fonds-covid-19-le-mouvement-reformateur-fait-le-proces-de-la-task-force-logee-a-la-presidence-de-la-republique#primaryimage"},"thumbnailUrl":"https:\/\/static.africa-press.net\/cameroun\/sites\/57\/2021\/04\/img-60845455d49de.jpg","datePublished":"2021-04-24T15:04:53+00:00","dateModified":"2021-04-26T02:03:39+00:00","author":{"@id":"https:\/\/www.africa-press.net\/cameroun\/#\/schema\/person\/2b1cf3cd81a31e3cd26889ca66d677f1"},"description":"Les membres de la F\u00e9d\u00e9ration d\u00e9partementale du Mouvement R\u00e9formateur (MR) du Wouri ont \u00e9t\u00e9 install\u00e9s le 17 avril 2021 \u00e0 ...","breadcrumb":{"@id":"https:\/\/www.africa-press.net\/cameroun\/politique\/cameroun-gestion-des-fonds-covid-19-le-mouvement-reformateur-fait-le-proces-de-la-task-force-logee-a-la-presidence-de-la-republique#breadcrumb"},"inLanguage":"fr-FR","potentialAction":[{"@type":"ReadAction","target":["https:\/\/www.africa-press.net\/cameroun\/politique\/cameroun-gestion-des-fonds-covid-19-le-mouvement-reformateur-fait-le-proces-de-la-task-force-logee-a-la-presidence-de-la-republique"]}]},{"@type":"ImageObject","inLanguage":"fr-FR","@id":"https:\/\/www.africa-press.net\/cameroun\/politique\/cameroun-gestion-des-fonds-covid-19-le-mouvement-reformateur-fait-le-proces-de-la-task-force-logee-a-la-presidence-de-la-republique#primaryimage","url":"https:\/\/static.africa-press.net\/cameroun\/sites\/57\/2021\/04\/img-60845455d49de.jpg","contentUrl":"https:\/\/static.africa-press.net\/cameroun\/sites\/57\/2021\/04\/img-60845455d49de.jpg","width":800,"height":573,"caption":"Cameroun - Gestion des fonds Covid-19: Le Mouvement R\u00e9formateur fait le proc\u00e8s de la Task Force log\u00e9e \u00e0 la pr\u00e9sidence de la R\u00e9publique"},{"@type":"BreadcrumbList","@id":"https:\/\/www.africa-press.net\/cameroun\/politique\/cameroun-gestion-des-fonds-covid-19-le-mouvement-reformateur-fait-le-proces-de-la-task-force-logee-a-la-presidence-de-la-republique#breadcrumb","itemListElement":[{"@type":"ListItem","position":1,"name":"Accueil","item":"https:\/\/www.africa-press.net\/cameroun\/"},{"@type":"ListItem","position":2,"name":"Cameroun &#8211; Gestion des fonds Covid-19: Le Mouvement R\u00e9formateur fait le proc\u00e8s de la Task Force log\u00e9e \u00e0 la pr\u00e9sidence de la R\u00e9publique"}]},{"@type":"WebSite","@id":"https:\/\/www.africa-press.net\/cameroun\/#website","url":"https:\/\/www.africa-press.net\/cameroun\/","name":"Cameroun","description":"Just another Africa News Agency Sites site","potentialAction":[{"@type":"SearchAction","target":{"@type":"EntryPoint","urlTemplate":"https:\/\/www.africa-press.net\/cameroun\/?s={search_term_string}"},"query-input":{"@type":"PropertyValueSpecification","valueRequired":true,"valueName":"search_term_string"}}],"inLanguage":"fr-FR"},{"@type":"Person","@id":"https:\/\/www.africa-press.net\/cameroun\/#\/schema\/person\/2b1cf3cd81a31e3cd26889ca66d677f1","name":"cfeditorfr"}]}},"_links":{"self":[{"href":"https:\/\/www.africa-press.net\/cameroun\/wp-json\/wp\/v2\/posts\/2395","targetHints":{"allow":["GET"]}}],"collection":[{"href":"https:\/\/www.africa-press.net\/cameroun\/wp-json\/wp\/v2\/posts"}],"about":[{"href":"https:\/\/www.africa-press.net\/cameroun\/wp-json\/wp\/v2\/types\/post"}],"author":[{"embeddable":true,"href":"https:\/\/www.africa-press.net\/cameroun\/wp-json\/wp\/v2\/users\/82"}],"replies":[{"embeddable":true,"href":"https:\/\/www.africa-press.net\/cameroun\/wp-json\/wp\/v2\/comments?post=2395"}],"version-history":[{"count":0,"href":"https:\/\/www.africa-press.net\/cameroun\/wp-json\/wp\/v2\/posts\/2395\/revisions"}],"wp:featuredmedia":[{"embeddable":true,"href":"https:\/\/www.africa-press.net\/cameroun\/wp-json\/wp\/v2\/media\/2394"}],"wp:attachment":[{"href":"https:\/\/www.africa-press.net\/cameroun\/wp-json\/wp\/v2\/media?parent=2395"}],"wp:term":[{"taxonomy":"category","embeddable":true,"href":"https:\/\/www.africa-press.net\/cameroun\/wp-json\/wp\/v2\/categories?post=2395"},{"taxonomy":"post_tag","embeddable":true,"href":"https:\/\/www.africa-press.net\/cameroun\/wp-json\/wp\/v2\/tags?post=2395"}],"curies":[{"name":"wp","href":"https:\/\/api.w.org\/{rel}","templated":true}]}}