{"id":23964,"date":"2022-07-22T14:02:52","date_gmt":"2022-07-22T14:02:52","guid":{"rendered":"https:\/\/www.africa-press.net\/cameroun\/politique\/reaction-me-roland-dieuwou-mrc-repond-aux-politiques-qui-critiquent-les-actions-de-la-nouvelle-opposition"},"modified":"2022-07-22T16:09:05","modified_gmt":"2022-07-22T16:09:05","slug":"reaction-me-roland-dieuwou-mrc-repond-aux-politiques-qui-critiquent-les-actions-de-la-nouvelle-opposition","status":"publish","type":"post","link":"https:\/\/www.africa-press.net\/cameroun\/politique\/reaction-me-roland-dieuwou-mrc-repond-aux-politiques-qui-critiquent-les-actions-de-la-nouvelle-opposition","title":{"rendered":"R\u00e9action: Me Roland Dieuwou (MRC) r\u00e9pond aux politiques qui critiquent les actions de la \u00ab nouvelle opposition \u00bb"},"content":{"rendered":"<p><span style=\"color: #ff6600\"><strong>Africa-Press &#8211; Cameroun. <\/strong><\/span>Apr\u00e8s les piques re\u00e7ues cette semaine des vieux opposants, Anicet Ekane et Cyrille Sam Mbaka, un repr\u00e9sentant de ce que certains appellent la \u00ab nouvelle opposition \u00bb, celle qui a \u00e9merg\u00e9 lors de l\u2019\u00e9lection pr\u00e9sidentielle d\u2019Octobre 2018 r\u00e9agit. Son nom est Roland Dieuwou. C\u2019est un avocat de profession et cadre du Mouvement pour la Renaissance du Cameroun (MRC). Il a r\u00e9pondu ce 21 Juillet 2022 sur Radio Balafon aux accusations d\u2019individualisme, de volont\u00e9 de positionnement et aux critiques \u00e9mises sur l\u2019importance du combat en cour pour la r\u00e9forme du code \u00e9lectoral.<\/p>\n<p><b>\u00ab Je ne vais pas jouer au jeu qui consiste \u00e0 vouloir d\u00e9montrer que \u00ab c\u2019est nous les plus beaux, c\u2019est nous les plus intelligents \u00bb. Je voudrais simplement vous renvoyer \u00e0 des images. Si vous \u00eates un m\u00e9decin et que vous pr\u00e9tendez d\u00e9tenir la th\u00e9rapie pour soigner un malade, est-ce que vous passez le temps \u00e0 dire aux gens que vous avez soigner depuis 30 ans et que ceux qui essaient de soigner aujourd\u2019hui sont mauvais m\u00e9decins? Est-ce que c\u2019est pertinent de faire \u00e7a ou alors, c\u2019est mieux, parce que vous \u00eates l\u2019excellent m\u00e9decin, de soigner le malade directement ? Vous ne pouvez pas pr\u00e9tendre \u00eatre ma\u00eetre dans l\u2019art du changement, vous ne pouvez pas pr\u00e9tendre avoir trente ann\u00e9es dans l\u2019art du changement et n\u2019avoir pas chang\u00e9. Et quand m\u00eame avoir le courage de rappeler \u00e0 tous ceux qui essaient sans pr\u00e9tention mais qui essaient, mais qui ne vont pas r\u00e9ussir parce que c\u2019est vous qui savez. Je suis d\u2019accord que c\u2019est vous qui savez. Comme vous savez, faites ! \u00bb,<\/b><\/p>\n<p>a-t-il d\u00e9clar\u00e9 en r\u00e9ponse \u00e0 ceux des anciens de l\u2019opposition des ann\u00e9es 1990 qui pr\u00e9tendent avoir la meilleure strat\u00e9gie.<\/p>\n<p>En r\u00e9ponse \u00e0 la proposition de transition de 3ans formul\u00e9e par Cyrille Sam Mbaka, il r\u00e9pond : \u00ab c\u2019est le d\u00e9bat de la poule et de l\u2019\u0153uf. C\u2019est son droit de proposer cela. Comment on cr\u00e9\u00e9e les conditions pour imposer la mise en place de ces trois ans de transition ? \u00c7a se fait de mani\u00e8re automatique ? \u00c7a se fait tout seul ? La question est de savoir si les institutions fortes se mettent en place sans intervention humaine ou ce sont les hommes qui mettent en place ces institutions. Voil\u00e0 le d\u00e9bat. J\u2019ai lu un compte-rendu dans lequel il s\u2019offusque par exemple de l\u2019id\u00e9e d\u2019un Messie, etc. J\u2018estime d\u2019ailleurs que je ne vois pas trop qui sont ceux qui sur la sc\u00e8ne politique se pr\u00e9sentent comme un Messie \u00bb.<\/p>\n<p>Me Roland Dieuwou dit qu\u2019il faut d\u00e9passer la distinction opposition-pouvoir au Cameroun au motif qu\u2019elle ne correspond pas \u00e0 la r\u00e9alit\u00e9 selon lui. Il explique alors qu\u2019il y a un camp politique qui est pour la conservation de l\u2019ordre \u00e9tabli et un autre qui est pour le changement. Et d\u2019illustrer : \u00ab Quand on retient la distinction opposition-pouvoir beaucoup de partis conservateurs de l\u2019ordre \u00e9tabli se pr\u00e9sentent comme des partis de l\u2019opposition \u00bb.<\/p>\n<p>Le secr\u00e9taire national du MRC en charge des Affaires. Juridiques et Judiciaires pense que s\u2019il faut mettre toute l\u2019opposition ensemble, ceux qui bataillent pour conserver le pouvoir comme ceux qui veulent le changement \u00ab cela ne peut tout simplement pas marcher \u00bb.<\/p>\n<p>Il propose que chacun des acteurs politiques fasse ce qu\u2019il pense \u00eatre le mieux pour le Cameroun et que le peuple appr\u00e9cie, mais relativise aussit\u00f4t en dressant un constat. \u00ab Le probl\u00e8me c\u2019est que quand le peuple appr\u00e9cie, quand il estime que certaines formations politiques, certains leaders sont plus \u00e0 m\u00eame d\u2019incarner leurs aspirations d\u2019espoirs et de changement, beaucoup d\u2019autres acteurs ou formations politiques estiment que c\u2019est un tort, qu\u2019il n\u2019aurait pas d\u00fb accepter le soutien du peuple, qu\u2019ils auraient d\u00fb dire que \u00ab non, il faut que ce soient plut\u00f4t ceux qui sont l\u00e0 depuis 30 ans qui soient devant \u00bb<\/p>\n<p><strong>Pour plus d&rsquo;informations et d&rsquo;analyses sur la <a href=\"https:\/\/www.africa-press.net\/cameroun\">Cameroun<\/a>, suivez <a href=\"https:\/\/www.africa-press.net\/\">Africa-Press<\/a><\/strong><\/p>\n","protected":false},"excerpt":{"rendered":"<p>Africa-Press &#8211; Cameroun. Apr\u00e8s les piques re\u00e7ues cette semaine des vieux opposants, Anicet Ekane et Cyrille Sam Mbaka, un repr\u00e9sentant de ce que certains appellent la \u00ab nouvelle opposition \u00bb, celle qui a \u00e9merg\u00e9 lors de l\u2019\u00e9lection pr\u00e9sidentielle d\u2019Octobre 2018 r\u00e9agit. Son nom est Roland Dieuwou. C\u2019est un avocat de profession et cadre du Mouvement [&hellip;]<\/p>\n","protected":false},"author":82,"featured_media":23962,"comment_status":"open","ping_status":"closed","sticky":false,"template":"","format":"standard","meta":{"footnotes":""},"categories":[11,2,10],"tags":[36,50,49],"class_list":["post-23964","post","type-post","status-publish","format-standard","has-post-thumbnail","hentry","category-homepage-french","category-politique","category-toutes-les-actualites","tag-africa-press","tag-africa-press-cameroun","tag-cameroun"],"yoast_head":"<!-- This site is optimized with the Yoast SEO Premium plugin v26.1 (Yoast SEO v27.0) - https:\/\/yoast.com\/product\/yoast-seo-premium-wordpress\/ -->\n<title>R\u00e9action: Me Roland Dieuwou (MRC) r\u00e9pond aux politiques qui critiquent les actions de la \u00ab nouvelle opposition \u00bb - Cameroun<\/title>\n<meta name=\"description\" content=\"Apr\u00e8s les piques re\u00e7ues cette semaine des vieux opposants, Anicet Ekane et Cyrille Sam Mbaka, un repr\u00e9sentant de ce que ...\" \/>\n<meta name=\"robots\" content=\"index, follow, max-snippet:-1, max-image-preview:large, max-video-preview:-1\" \/>\n<link rel=\"canonical\" href=\"https:\/\/www.africa-press.net\/cameroun\/politique\/reaction-me-roland-dieuwou-mrc-repond-aux-politiques-qui-critiquent-les-actions-de-la-nouvelle-opposition\" \/>\n<meta property=\"og:locale\" content=\"fr_FR\" \/>\n<meta property=\"og:type\" content=\"article\" \/>\n<meta property=\"og:title\" content=\"R\u00e9action: Me Roland Dieuwou (MRC) r\u00e9pond aux politiques qui critiquent les actions de la \u00ab nouvelle opposition \u00bb\" \/>\n<meta property=\"og:description\" content=\"Apr\u00e8s les piques re\u00e7ues cette semaine des vieux opposants, Anicet Ekane et Cyrille Sam Mbaka, un repr\u00e9sentant de ce que ...\" \/>\n<meta property=\"og:url\" content=\"https:\/\/www.africa-press.net\/cameroun\/politique\/reaction-me-roland-dieuwou-mrc-repond-aux-politiques-qui-critiquent-les-actions-de-la-nouvelle-opposition\" \/>\n<meta property=\"og:site_name\" content=\"Cameroun\" \/>\n<meta property=\"article:published_time\" content=\"2022-07-22T14:02:52+00:00\" \/>\n<meta property=\"article:modified_time\" content=\"2022-07-22T16:09:05+00:00\" \/>\n<meta property=\"og:image\" content=\"https:\/\/static.africa-press.net\/cameroun\/sites\/57\/2022\/07\/img-62dacb8b8ebb3.jpg\" \/>\n\t<meta property=\"og:image:width\" content=\"800\" \/>\n\t<meta property=\"og:image:height\" content=\"388\" \/>\n\t<meta property=\"og:image:type\" content=\"image\/jpeg\" \/>\n<meta name=\"author\" content=\"cfeditorfr\" \/>\n<meta name=\"twitter:card\" content=\"summary_large_image\" \/>\n<meta name=\"twitter:label1\" content=\"\u00c9crit par\" \/>\n\t<meta name=\"twitter:data1\" content=\"cfeditorfr\" \/>\n\t<meta name=\"twitter:label2\" content=\"Dur\u00e9e de lecture estim\u00e9e\" \/>\n\t<meta name=\"twitter:data2\" content=\"4 minutes\" \/>\n<script type=\"application\/ld+json\" class=\"yoast-schema-graph\">{\"@context\":\"https:\/\/schema.org\",\"@graph\":[{\"@type\":\"Article\",\"@id\":\"https:\/\/www.africa-press.net\/cameroun\/politique\/reaction-me-roland-dieuwou-mrc-repond-aux-politiques-qui-critiquent-les-actions-de-la-nouvelle-opposition#article\",\"isPartOf\":{\"@id\":\"https:\/\/www.africa-press.net\/cameroun\/politique\/reaction-me-roland-dieuwou-mrc-repond-aux-politiques-qui-critiquent-les-actions-de-la-nouvelle-opposition\"},\"author\":{\"name\":\"cfeditorfr\",\"@id\":\"https:\/\/www.africa-press.net\/cameroun\/#\/schema\/person\/2b1cf3cd81a31e3cd26889ca66d677f1\"},\"headline\":\"R\u00e9action: Me Roland Dieuwou (MRC) r\u00e9pond aux politiques qui critiquent les actions de la \u00ab nouvelle opposition \u00bb\",\"datePublished\":\"2022-07-22T14:02:52+00:00\",\"dateModified\":\"2022-07-22T16:09:05+00:00\",\"mainEntityOfPage\":{\"@id\":\"https:\/\/www.africa-press.net\/cameroun\/politique\/reaction-me-roland-dieuwou-mrc-repond-aux-politiques-qui-critiquent-les-actions-de-la-nouvelle-opposition\"},\"wordCount\":718,\"commentCount\":0,\"image\":{\"@id\":\"https:\/\/www.africa-press.net\/cameroun\/politique\/reaction-me-roland-dieuwou-mrc-repond-aux-politiques-qui-critiquent-les-actions-de-la-nouvelle-opposition#primaryimage\"},\"thumbnailUrl\":\"https:\/\/static.africa-press.net\/cameroun\/sites\/57\/2022\/07\/img-62dacb8b8ebb3.jpg\",\"keywords\":[\"Africa Press\",\"Africa Press-Cameroun\",\"Cameroun\"],\"articleSection\":[\"homepage-french\",\"Politique\",\"Toutes les actualit\u00e9s\"],\"inLanguage\":\"fr-FR\",\"potentialAction\":[{\"@type\":\"CommentAction\",\"name\":\"Comment\",\"target\":[\"https:\/\/www.africa-press.net\/cameroun\/politique\/reaction-me-roland-dieuwou-mrc-repond-aux-politiques-qui-critiquent-les-actions-de-la-nouvelle-opposition#respond\"]}]},{\"@type\":\"WebPage\",\"@id\":\"https:\/\/www.africa-press.net\/cameroun\/politique\/reaction-me-roland-dieuwou-mrc-repond-aux-politiques-qui-critiquent-les-actions-de-la-nouvelle-opposition\",\"url\":\"https:\/\/www.africa-press.net\/cameroun\/politique\/reaction-me-roland-dieuwou-mrc-repond-aux-politiques-qui-critiquent-les-actions-de-la-nouvelle-opposition\",\"name\":\"R\u00e9action: Me Roland Dieuwou (MRC) r\u00e9pond aux politiques qui critiquent les actions de la \u00ab nouvelle opposition \u00bb - Cameroun\",\"isPartOf\":{\"@id\":\"https:\/\/www.africa-press.net\/cameroun\/#website\"},\"primaryImageOfPage\":{\"@id\":\"https:\/\/www.africa-press.net\/cameroun\/politique\/reaction-me-roland-dieuwou-mrc-repond-aux-politiques-qui-critiquent-les-actions-de-la-nouvelle-opposition#primaryimage\"},\"image\":{\"@id\":\"https:\/\/www.africa-press.net\/cameroun\/politique\/reaction-me-roland-dieuwou-mrc-repond-aux-politiques-qui-critiquent-les-actions-de-la-nouvelle-opposition#primaryimage\"},\"thumbnailUrl\":\"https:\/\/static.africa-press.net\/cameroun\/sites\/57\/2022\/07\/img-62dacb8b8ebb3.jpg\",\"datePublished\":\"2022-07-22T14:02:52+00:00\",\"dateModified\":\"2022-07-22T16:09:05+00:00\",\"author\":{\"@id\":\"https:\/\/www.africa-press.net\/cameroun\/#\/schema\/person\/2b1cf3cd81a31e3cd26889ca66d677f1\"},\"description\":\"Apr\u00e8s les piques re\u00e7ues cette semaine des vieux opposants, Anicet Ekane et Cyrille Sam Mbaka, un repr\u00e9sentant de ce que ...\",\"breadcrumb\":{\"@id\":\"https:\/\/www.africa-press.net\/cameroun\/politique\/reaction-me-roland-dieuwou-mrc-repond-aux-politiques-qui-critiquent-les-actions-de-la-nouvelle-opposition#breadcrumb\"},\"inLanguage\":\"fr-FR\",\"potentialAction\":[{\"@type\":\"ReadAction\",\"target\":[\"https:\/\/www.africa-press.net\/cameroun\/politique\/reaction-me-roland-dieuwou-mrc-repond-aux-politiques-qui-critiquent-les-actions-de-la-nouvelle-opposition\"]}]},{\"@type\":\"ImageObject\",\"inLanguage\":\"fr-FR\",\"@id\":\"https:\/\/www.africa-press.net\/cameroun\/politique\/reaction-me-roland-dieuwou-mrc-repond-aux-politiques-qui-critiquent-les-actions-de-la-nouvelle-opposition#primaryimage\",\"url\":\"https:\/\/static.africa-press.net\/cameroun\/sites\/57\/2022\/07\/img-62dacb8b8ebb3.jpg\",\"contentUrl\":\"https:\/\/static.africa-press.net\/cameroun\/sites\/57\/2022\/07\/img-62dacb8b8ebb3.jpg\",\"width\":800,\"height\":388,\"caption\":\"R\u00e9action: Me Roland Dieuwou (MRC) r\u00e9pond aux politiques qui critiquent les actions de la \u00ab nouvelle opposition \u00bb\"},{\"@type\":\"BreadcrumbList\",\"@id\":\"https:\/\/www.africa-press.net\/cameroun\/politique\/reaction-me-roland-dieuwou-mrc-repond-aux-politiques-qui-critiquent-les-actions-de-la-nouvelle-opposition#breadcrumb\",\"itemListElement\":[{\"@type\":\"ListItem\",\"position\":1,\"name\":\"Accueil\",\"item\":\"https:\/\/www.africa-press.net\/cameroun\/\"},{\"@type\":\"ListItem\",\"position\":2,\"name\":\"R\u00e9action: Me Roland Dieuwou (MRC) r\u00e9pond aux politiques qui critiquent les actions de la \u00ab nouvelle opposition \u00bb\"}]},{\"@type\":\"WebSite\",\"@id\":\"https:\/\/www.africa-press.net\/cameroun\/#website\",\"url\":\"https:\/\/www.africa-press.net\/cameroun\/\",\"name\":\"Cameroun\",\"description\":\"Just another Africa News Agency Sites site\",\"potentialAction\":[{\"@type\":\"SearchAction\",\"target\":{\"@type\":\"EntryPoint\",\"urlTemplate\":\"https:\/\/www.africa-press.net\/cameroun\/?s={search_term_string}\"},\"query-input\":{\"@type\":\"PropertyValueSpecification\",\"valueRequired\":true,\"valueName\":\"search_term_string\"}}],\"inLanguage\":\"fr-FR\"},{\"@type\":\"Person\",\"@id\":\"https:\/\/www.africa-press.net\/cameroun\/#\/schema\/person\/2b1cf3cd81a31e3cd26889ca66d677f1\",\"name\":\"cfeditorfr\"}]}<\/script>\n<!-- \/ Yoast SEO Premium plugin. -->","yoast_head_json":{"title":"R\u00e9action: Me Roland Dieuwou (MRC) r\u00e9pond aux politiques qui critiquent les actions de la \u00ab nouvelle opposition \u00bb - Cameroun","description":"Apr\u00e8s les piques re\u00e7ues cette semaine des vieux opposants, Anicet Ekane et Cyrille Sam Mbaka, un repr\u00e9sentant de ce que ...","robots":{"index":"index","follow":"follow","max-snippet":"max-snippet:-1","max-image-preview":"max-image-preview:large","max-video-preview":"max-video-preview:-1"},"canonical":"https:\/\/www.africa-press.net\/cameroun\/politique\/reaction-me-roland-dieuwou-mrc-repond-aux-politiques-qui-critiquent-les-actions-de-la-nouvelle-opposition","og_locale":"fr_FR","og_type":"article","og_title":"R\u00e9action: Me Roland Dieuwou (MRC) r\u00e9pond aux politiques qui critiquent les actions de la \u00ab nouvelle opposition \u00bb","og_description":"Apr\u00e8s les piques re\u00e7ues cette semaine des vieux opposants, Anicet Ekane et Cyrille Sam Mbaka, un repr\u00e9sentant de ce que ...","og_url":"https:\/\/www.africa-press.net\/cameroun\/politique\/reaction-me-roland-dieuwou-mrc-repond-aux-politiques-qui-critiquent-les-actions-de-la-nouvelle-opposition","og_site_name":"Cameroun","article_published_time":"2022-07-22T14:02:52+00:00","article_modified_time":"2022-07-22T16:09:05+00:00","og_image":[{"width":800,"height":388,"url":"https:\/\/static.africa-press.net\/cameroun\/sites\/57\/2022\/07\/img-62dacb8b8ebb3.jpg","type":"image\/jpeg"}],"author":"cfeditorfr","twitter_card":"summary_large_image","twitter_misc":{"\u00c9crit par":"cfeditorfr","Dur\u00e9e de lecture estim\u00e9e":"4 minutes"},"schema":{"@context":"https:\/\/schema.org","@graph":[{"@type":"Article","@id":"https:\/\/www.africa-press.net\/cameroun\/politique\/reaction-me-roland-dieuwou-mrc-repond-aux-politiques-qui-critiquent-les-actions-de-la-nouvelle-opposition#article","isPartOf":{"@id":"https:\/\/www.africa-press.net\/cameroun\/politique\/reaction-me-roland-dieuwou-mrc-repond-aux-politiques-qui-critiquent-les-actions-de-la-nouvelle-opposition"},"author":{"name":"cfeditorfr","@id":"https:\/\/www.africa-press.net\/cameroun\/#\/schema\/person\/2b1cf3cd81a31e3cd26889ca66d677f1"},"headline":"R\u00e9action: Me Roland Dieuwou (MRC) r\u00e9pond aux politiques qui critiquent les actions de la \u00ab nouvelle opposition \u00bb","datePublished":"2022-07-22T14:02:52+00:00","dateModified":"2022-07-22T16:09:05+00:00","mainEntityOfPage":{"@id":"https:\/\/www.africa-press.net\/cameroun\/politique\/reaction-me-roland-dieuwou-mrc-repond-aux-politiques-qui-critiquent-les-actions-de-la-nouvelle-opposition"},"wordCount":718,"commentCount":0,"image":{"@id":"https:\/\/www.africa-press.net\/cameroun\/politique\/reaction-me-roland-dieuwou-mrc-repond-aux-politiques-qui-critiquent-les-actions-de-la-nouvelle-opposition#primaryimage"},"thumbnailUrl":"https:\/\/static.africa-press.net\/cameroun\/sites\/57\/2022\/07\/img-62dacb8b8ebb3.jpg","keywords":["Africa Press","Africa Press-Cameroun","Cameroun"],"articleSection":["homepage-french","Politique","Toutes les actualit\u00e9s"],"inLanguage":"fr-FR","potentialAction":[{"@type":"CommentAction","name":"Comment","target":["https:\/\/www.africa-press.net\/cameroun\/politique\/reaction-me-roland-dieuwou-mrc-repond-aux-politiques-qui-critiquent-les-actions-de-la-nouvelle-opposition#respond"]}]},{"@type":"WebPage","@id":"https:\/\/www.africa-press.net\/cameroun\/politique\/reaction-me-roland-dieuwou-mrc-repond-aux-politiques-qui-critiquent-les-actions-de-la-nouvelle-opposition","url":"https:\/\/www.africa-press.net\/cameroun\/politique\/reaction-me-roland-dieuwou-mrc-repond-aux-politiques-qui-critiquent-les-actions-de-la-nouvelle-opposition","name":"R\u00e9action: Me Roland Dieuwou (MRC) r\u00e9pond aux politiques qui critiquent les actions de la \u00ab nouvelle opposition \u00bb - Cameroun","isPartOf":{"@id":"https:\/\/www.africa-press.net\/cameroun\/#website"},"primaryImageOfPage":{"@id":"https:\/\/www.africa-press.net\/cameroun\/politique\/reaction-me-roland-dieuwou-mrc-repond-aux-politiques-qui-critiquent-les-actions-de-la-nouvelle-opposition#primaryimage"},"image":{"@id":"https:\/\/www.africa-press.net\/cameroun\/politique\/reaction-me-roland-dieuwou-mrc-repond-aux-politiques-qui-critiquent-les-actions-de-la-nouvelle-opposition#primaryimage"},"thumbnailUrl":"https:\/\/static.africa-press.net\/cameroun\/sites\/57\/2022\/07\/img-62dacb8b8ebb3.jpg","datePublished":"2022-07-22T14:02:52+00:00","dateModified":"2022-07-22T16:09:05+00:00","author":{"@id":"https:\/\/www.africa-press.net\/cameroun\/#\/schema\/person\/2b1cf3cd81a31e3cd26889ca66d677f1"},"description":"Apr\u00e8s les piques re\u00e7ues cette semaine des vieux opposants, Anicet Ekane et Cyrille Sam Mbaka, un repr\u00e9sentant de ce que ...","breadcrumb":{"@id":"https:\/\/www.africa-press.net\/cameroun\/politique\/reaction-me-roland-dieuwou-mrc-repond-aux-politiques-qui-critiquent-les-actions-de-la-nouvelle-opposition#breadcrumb"},"inLanguage":"fr-FR","potentialAction":[{"@type":"ReadAction","target":["https:\/\/www.africa-press.net\/cameroun\/politique\/reaction-me-roland-dieuwou-mrc-repond-aux-politiques-qui-critiquent-les-actions-de-la-nouvelle-opposition"]}]},{"@type":"ImageObject","inLanguage":"fr-FR","@id":"https:\/\/www.africa-press.net\/cameroun\/politique\/reaction-me-roland-dieuwou-mrc-repond-aux-politiques-qui-critiquent-les-actions-de-la-nouvelle-opposition#primaryimage","url":"https:\/\/static.africa-press.net\/cameroun\/sites\/57\/2022\/07\/img-62dacb8b8ebb3.jpg","contentUrl":"https:\/\/static.africa-press.net\/cameroun\/sites\/57\/2022\/07\/img-62dacb8b8ebb3.jpg","width":800,"height":388,"caption":"R\u00e9action: Me Roland Dieuwou (MRC) r\u00e9pond aux politiques qui critiquent les actions de la \u00ab nouvelle opposition \u00bb"},{"@type":"BreadcrumbList","@id":"https:\/\/www.africa-press.net\/cameroun\/politique\/reaction-me-roland-dieuwou-mrc-repond-aux-politiques-qui-critiquent-les-actions-de-la-nouvelle-opposition#breadcrumb","itemListElement":[{"@type":"ListItem","position":1,"name":"Accueil","item":"https:\/\/www.africa-press.net\/cameroun\/"},{"@type":"ListItem","position":2,"name":"R\u00e9action: Me Roland Dieuwou (MRC) r\u00e9pond aux politiques qui critiquent les actions de la \u00ab nouvelle opposition \u00bb"}]},{"@type":"WebSite","@id":"https:\/\/www.africa-press.net\/cameroun\/#website","url":"https:\/\/www.africa-press.net\/cameroun\/","name":"Cameroun","description":"Just another Africa News Agency Sites site","potentialAction":[{"@type":"SearchAction","target":{"@type":"EntryPoint","urlTemplate":"https:\/\/www.africa-press.net\/cameroun\/?s={search_term_string}"},"query-input":{"@type":"PropertyValueSpecification","valueRequired":true,"valueName":"search_term_string"}}],"inLanguage":"fr-FR"},{"@type":"Person","@id":"https:\/\/www.africa-press.net\/cameroun\/#\/schema\/person\/2b1cf3cd81a31e3cd26889ca66d677f1","name":"cfeditorfr"}]}},"_links":{"self":[{"href":"https:\/\/www.africa-press.net\/cameroun\/wp-json\/wp\/v2\/posts\/23964","targetHints":{"allow":["GET"]}}],"collection":[{"href":"https:\/\/www.africa-press.net\/cameroun\/wp-json\/wp\/v2\/posts"}],"about":[{"href":"https:\/\/www.africa-press.net\/cameroun\/wp-json\/wp\/v2\/types\/post"}],"author":[{"embeddable":true,"href":"https:\/\/www.africa-press.net\/cameroun\/wp-json\/wp\/v2\/users\/82"}],"replies":[{"embeddable":true,"href":"https:\/\/www.africa-press.net\/cameroun\/wp-json\/wp\/v2\/comments?post=23964"}],"version-history":[{"count":0,"href":"https:\/\/www.africa-press.net\/cameroun\/wp-json\/wp\/v2\/posts\/23964\/revisions"}],"wp:featuredmedia":[{"embeddable":true,"href":"https:\/\/www.africa-press.net\/cameroun\/wp-json\/wp\/v2\/media\/23962"}],"wp:attachment":[{"href":"https:\/\/www.africa-press.net\/cameroun\/wp-json\/wp\/v2\/media?parent=23964"}],"wp:term":[{"taxonomy":"category","embeddable":true,"href":"https:\/\/www.africa-press.net\/cameroun\/wp-json\/wp\/v2\/categories?post=23964"},{"taxonomy":"post_tag","embeddable":true,"href":"https:\/\/www.africa-press.net\/cameroun\/wp-json\/wp\/v2\/tags?post=23964"}],"curies":[{"name":"wp","href":"https:\/\/api.w.org\/{rel}","templated":true}]}}