{"id":23965,"date":"2022-07-22T13:54:53","date_gmt":"2022-07-22T13:54:53","guid":{"rendered":"https:\/\/www.africa-press.net\/cameroun\/politique\/incendie-a-la-sonara-activa-soupconnee-de-detournements-de-deniers-publics-et-de-negligence"},"modified":"2022-07-22T16:53:03","modified_gmt":"2022-07-22T16:53:03","slug":"incendie-a-la-sonara-activa-soupconnee-de-detournements-de-deniers-publics-et-de-negligence","status":"publish","type":"post","link":"https:\/\/www.africa-press.net\/cameroun\/economie\/incendie-a-la-sonara-activa-soupconnee-de-detournements-de-deniers-publics-et-de-negligence","title":{"rendered":"Incendie \u00e0 la Sonara\u00a0: Activa soup\u00e7onn\u00e9e de d\u00e9tournements de deniers publics et de n\u00e9gligence"},"content":{"rendered":"<p><span style=\"color: #ff6600\"><strong>Africa-Press &#8211; Cameroun. <\/strong><\/span>Investir au Cameroun) &#8211; Le directeur g\u00e9n\u00e9ral de la compagnie d\u2019assurances Activa-Cameroun, Richard Low\u00e9 (photo), est attendu le 28 juillet 2022 dans les locaux du Tribunal criminel sp\u00e9cial (TCS), juridiction d\u2019exception mise en place par l\u2019Etat du Cameroun pour traquer les pr\u00e9varicateurs de la fortune publique. Celui qui est par ailleurs PDG du groupe Activa sera entendu \u00ab comme suspect \u00bb dans \u00ab l\u2019affaire minist\u00e8re public et Sonara, pour soup\u00e7ons de d\u00e9tournement de deniers publics et n\u00e9gligence syst\u00e9matique ayant entra\u00een\u00e9 l\u2019incident du 31 mai 2019 \u00e0 la Sonara \u00bb, peut-on lire dans une convocation sign\u00e9e le 20 juillet 2022 par le commissaire divisionnaire William Oko Petis, chef de la division des enqu\u00eates du Corps sp\u00e9cialis\u00e9 des officiers de police judiciaire du TCS.<\/p>\n<p>On ignore pour l\u2019instant pourquoi les soup\u00e7ons du TCS sont orient\u00e9s vers Activa. Mais des informations, qui ont circul\u00e9 apr\u00e8s l\u2019incendie survenu le 31 mai 2019 \u00e0 la Sonara, font \u00e9tat du non-paiement par la Sonara de la prime d\u2019assurances au moment de l\u2019incendie. La m\u00eame information transpara\u00eet dans le communiqu\u00e9 sign\u00e9 en ao\u00fbt 2019 par le directeur g\u00e9n\u00e9ral de la Sonara, Jean Paul Njonou, portant \u00ab\u2009annulation de l\u2019appel d\u2019offres n\u00b0 011.19\/Aono\/Sonara\/Cipm\/2019 du 1er avril 2019 relatif au programme triennal (2019-2021) d\u2019assurances\u2009\u00bb de la Sonara.<\/p>\n<p>En effet, s\u2019il explique l\u2019annulation de cet appel d\u2019offres d\u2019assurances couvrant trois exercices par \u00ab\u2009la modification de la configuration des risques suite \u00e0 l\u2019incendie du 31 mai 2019\u2009\u00bb, le DG de la Sonara \u00e9voque aussi, comme justification, le conflit qui oppose la raffinerie publique \u00e0 la compagnie d\u2019assurances Activa, membre d\u2019un groupement d\u2019assureurs soumissionnaires \u00e0 cet appel d\u2019offres, relativement au r\u00e8glement du sinistre cons\u00e9cutif \u00e0 l\u2019incendie du 31 mai 2019.<\/p>\n<p><b>Enqu\u00eate de flagrance<\/b><\/p>\n<p>Les raisons du conflit entre la compagnie Activa et la Sonara au sujet de l\u2019incendie du 31 mai 2019 ne sont pas officiellement connues. A ce jour, ni la Sonara, ni l\u2019Etat du Cameroun, principal actionnaire de cette raffinerie, encore moins Activa ne se sont jamais prononc\u00e9s sur cette question. Mais, diverses sources autoris\u00e9es affirment que le conflit tient de ce que l\u2019assureur refuse de diligenter toute proc\u00e9dure d\u2019indemnisation, en raison de ce qu\u2019au moment du sinistre, la prime d\u2019assurances requise n\u2019avait pas encore \u00e9t\u00e9 pay\u00e9e par le sinistr\u00e9, ceci pour des motifs encore obscurs.<\/p>\n<p>Le directeur g\u00e9n\u00e9ral d\u2019Activa Cameroun avait d\u00e9j\u00e0 \u00e9t\u00e9 convoqu\u00e9 en juillet 2019 dans le cadre d\u2019une \u00ab enqu\u00eate de flagrance \u00bb conjointement men\u00e9e par les services de la police et de la gendarmerie de la r\u00e9gion du Sud-ouest, si\u00e8ge de la Sonara. Au centre des pr\u00e9occupations des enqu\u00eateurs, selon le magazine Jeune Afrique, les raisons du non-renouvellement de la police d\u2019assurance de la raffinerie. A l\u2019occasion, \u00e0 en croire la m\u00eame source, Activa a pr\u00e9sent\u00e9, pour sa d\u00e9fense, deux lettres de relance envoy\u00e9es \u00e0 la Sonara, la pr\u00e9venant que, si le paiement n\u2019\u00e9tait pas effectu\u00e9, elle ne serait plus assur\u00e9e \u00e0 compter du 30 mai.<\/p>\n<p>Pour rappel, l\u2019enqu\u00eate administrative instruite par le gouvernement suite \u00e0 l\u2019incendie \u00e0 la Sonara avaient conclu \u00e0 des flammes d\u2019origine accidentelle, ce qui avait permis d\u2019exclure l\u2019hypoth\u00e8se d\u2019un acte de sabotage perp\u00e9tr\u00e9 par des s\u00e9paratistes anglophones. Mais, ces flammes ont totalement endommag\u00e9 4 des 13 unit\u00e9s de production de la raffinerie, souffl\u00e9 partiellement trois unit\u00e9s et consum\u00e9 10 millions de litres de p\u00e9trole brut. Mieux, cet incendie a r\u00e9duit l\u2019unique raffinerie de p\u00e9trole du Cameroun en simple importateur de produits p\u00e9troliers finis (80%), pour assurer l\u2019approvisionnement du pays.<\/p>\n<p><b>Brice R. Mbodiam<\/b><\/p>\n<p><strong>Pour plus d&rsquo;informations et d&rsquo;analyses sur la <a href=\"https:\/\/www.africa-press.net\/cameroun\">Cameroun<\/a>, suivez <a href=\"https:\/\/www.africa-press.net\/\">Africa-Press<\/a><\/strong><\/p>\n","protected":false},"excerpt":{"rendered":"<p>Africa-Press &#8211; Cameroun. Investir au Cameroun) &#8211; Le directeur g\u00e9n\u00e9ral de la compagnie d\u2019assurances Activa-Cameroun, Richard Low\u00e9 (photo), est attendu le 28 juillet 2022 dans les locaux du Tribunal criminel sp\u00e9cial (TCS), juridiction d\u2019exception mise en place par l\u2019Etat du Cameroun pour traquer les pr\u00e9varicateurs de la fortune publique. Celui qui est par ailleurs PDG [&hellip;]<\/p>\n","protected":false},"author":82,"featured_media":23963,"comment_status":"open","ping_status":"closed","sticky":false,"template":"","format":"standard","meta":{"footnotes":""},"categories":[3,11,10],"tags":[36,50,49],"class_list":["post-23965","post","type-post","status-publish","format-standard","has-post-thumbnail","hentry","category-economie","category-homepage-french","category-toutes-les-actualites","tag-africa-press","tag-africa-press-cameroun","tag-cameroun"],"yoast_head":"<!-- This site is optimized with the Yoast SEO Premium plugin v26.1 (Yoast SEO v27.0) - https:\/\/yoast.com\/product\/yoast-seo-premium-wordpress\/ -->\n<title>Incendie \u00e0 la Sonara\u00a0: Activa soup\u00e7onn\u00e9e de d\u00e9tournements de deniers publics et de n\u00e9gligence - Cameroun<\/title>\n<meta name=\"description\" content=\"Investir au Cameroun) - Le directeur g\u00e9n\u00e9ral de la compagnie d\u2019assurances Activa-Cameroun, Richard Low\u00e9 (photo), est att ...\" \/>\n<meta name=\"robots\" content=\"index, follow, max-snippet:-1, max-image-preview:large, max-video-preview:-1\" \/>\n<link rel=\"canonical\" href=\"https:\/\/www.africa-press.net\/cameroun\/economie\/incendie-a-la-sonara-activa-soupconnee-de-detournements-de-deniers-publics-et-de-negligence\" \/>\n<meta property=\"og:locale\" content=\"fr_FR\" \/>\n<meta property=\"og:type\" content=\"article\" \/>\n<meta property=\"og:title\" content=\"Incendie \u00e0 la Sonara\u00a0: Activa soup\u00e7onn\u00e9e de d\u00e9tournements de deniers publics et de n\u00e9gligence\" \/>\n<meta property=\"og:description\" content=\"Investir au Cameroun) - Le directeur g\u00e9n\u00e9ral de la compagnie d\u2019assurances Activa-Cameroun, Richard Low\u00e9 (photo), est att ...\" \/>\n<meta property=\"og:url\" content=\"https:\/\/www.africa-press.net\/cameroun\/economie\/incendie-a-la-sonara-activa-soupconnee-de-detournements-de-deniers-publics-et-de-negligence\" \/>\n<meta property=\"og:site_name\" content=\"Cameroun\" \/>\n<meta property=\"article:published_time\" content=\"2022-07-22T13:54:53+00:00\" \/>\n<meta property=\"article:modified_time\" content=\"2022-07-22T16:53:03+00:00\" \/>\n<meta property=\"og:image\" content=\"https:\/\/static.africa-press.net\/cameroun\/sites\/57\/2022\/07\/img-62dacb8da3305.jpg\" \/>\n\t<meta property=\"og:image:width\" content=\"720\" \/>\n\t<meta property=\"og:image:height\" content=\"479\" \/>\n\t<meta property=\"og:image:type\" content=\"image\/jpeg\" \/>\n<meta name=\"author\" content=\"cfeditorfr\" \/>\n<meta name=\"twitter:card\" content=\"summary_large_image\" \/>\n<meta name=\"twitter:label1\" content=\"\u00c9crit par\" \/>\n\t<meta name=\"twitter:data1\" content=\"cfeditorfr\" \/>\n\t<meta name=\"twitter:label2\" content=\"Dur\u00e9e de lecture estim\u00e9e\" \/>\n\t<meta name=\"twitter:data2\" content=\"4 minutes\" \/>\n<script type=\"application\/ld+json\" class=\"yoast-schema-graph\">{\"@context\":\"https:\/\/schema.org\",\"@graph\":[{\"@type\":\"Article\",\"@id\":\"https:\/\/www.africa-press.net\/cameroun\/economie\/incendie-a-la-sonara-activa-soupconnee-de-detournements-de-deniers-publics-et-de-negligence#article\",\"isPartOf\":{\"@id\":\"https:\/\/www.africa-press.net\/cameroun\/economie\/incendie-a-la-sonara-activa-soupconnee-de-detournements-de-deniers-publics-et-de-negligence\"},\"author\":{\"name\":\"cfeditorfr\",\"@id\":\"https:\/\/www.africa-press.net\/cameroun\/#\/schema\/person\/2b1cf3cd81a31e3cd26889ca66d677f1\"},\"headline\":\"Incendie \u00e0 la Sonara\u00a0: Activa soup\u00e7onn\u00e9e de d\u00e9tournements de deniers publics et de n\u00e9gligence\",\"datePublished\":\"2022-07-22T13:54:53+00:00\",\"dateModified\":\"2022-07-22T16:53:03+00:00\",\"mainEntityOfPage\":{\"@id\":\"https:\/\/www.africa-press.net\/cameroun\/economie\/incendie-a-la-sonara-activa-soupconnee-de-detournements-de-deniers-publics-et-de-negligence\"},\"wordCount\":660,\"commentCount\":0,\"image\":{\"@id\":\"https:\/\/www.africa-press.net\/cameroun\/economie\/incendie-a-la-sonara-activa-soupconnee-de-detournements-de-deniers-publics-et-de-negligence#primaryimage\"},\"thumbnailUrl\":\"https:\/\/static.africa-press.net\/cameroun\/sites\/57\/2022\/07\/img-62dacb8da3305.jpg\",\"keywords\":[\"Africa Press\",\"Africa Press-Cameroun\",\"Cameroun\"],\"articleSection\":[\"\u00c9conomie\",\"homepage-french\",\"Toutes les actualit\u00e9s\"],\"inLanguage\":\"fr-FR\",\"potentialAction\":[{\"@type\":\"CommentAction\",\"name\":\"Comment\",\"target\":[\"https:\/\/www.africa-press.net\/cameroun\/economie\/incendie-a-la-sonara-activa-soupconnee-de-detournements-de-deniers-publics-et-de-negligence#respond\"]}]},{\"@type\":\"WebPage\",\"@id\":\"https:\/\/www.africa-press.net\/cameroun\/economie\/incendie-a-la-sonara-activa-soupconnee-de-detournements-de-deniers-publics-et-de-negligence\",\"url\":\"https:\/\/www.africa-press.net\/cameroun\/economie\/incendie-a-la-sonara-activa-soupconnee-de-detournements-de-deniers-publics-et-de-negligence\",\"name\":\"Incendie \u00e0 la Sonara\u00a0: Activa soup\u00e7onn\u00e9e de d\u00e9tournements de deniers publics et de n\u00e9gligence - Cameroun\",\"isPartOf\":{\"@id\":\"https:\/\/www.africa-press.net\/cameroun\/#website\"},\"primaryImageOfPage\":{\"@id\":\"https:\/\/www.africa-press.net\/cameroun\/economie\/incendie-a-la-sonara-activa-soupconnee-de-detournements-de-deniers-publics-et-de-negligence#primaryimage\"},\"image\":{\"@id\":\"https:\/\/www.africa-press.net\/cameroun\/economie\/incendie-a-la-sonara-activa-soupconnee-de-detournements-de-deniers-publics-et-de-negligence#primaryimage\"},\"thumbnailUrl\":\"https:\/\/static.africa-press.net\/cameroun\/sites\/57\/2022\/07\/img-62dacb8da3305.jpg\",\"datePublished\":\"2022-07-22T13:54:53+00:00\",\"dateModified\":\"2022-07-22T16:53:03+00:00\",\"author\":{\"@id\":\"https:\/\/www.africa-press.net\/cameroun\/#\/schema\/person\/2b1cf3cd81a31e3cd26889ca66d677f1\"},\"description\":\"Investir au Cameroun) - Le directeur g\u00e9n\u00e9ral de la compagnie d\u2019assurances Activa-Cameroun, Richard Low\u00e9 (photo), est att ...\",\"breadcrumb\":{\"@id\":\"https:\/\/www.africa-press.net\/cameroun\/economie\/incendie-a-la-sonara-activa-soupconnee-de-detournements-de-deniers-publics-et-de-negligence#breadcrumb\"},\"inLanguage\":\"fr-FR\",\"potentialAction\":[{\"@type\":\"ReadAction\",\"target\":[\"https:\/\/www.africa-press.net\/cameroun\/economie\/incendie-a-la-sonara-activa-soupconnee-de-detournements-de-deniers-publics-et-de-negligence\"]}]},{\"@type\":\"ImageObject\",\"inLanguage\":\"fr-FR\",\"@id\":\"https:\/\/www.africa-press.net\/cameroun\/economie\/incendie-a-la-sonara-activa-soupconnee-de-detournements-de-deniers-publics-et-de-negligence#primaryimage\",\"url\":\"https:\/\/static.africa-press.net\/cameroun\/sites\/57\/2022\/07\/img-62dacb8da3305.jpg\",\"contentUrl\":\"https:\/\/static.africa-press.net\/cameroun\/sites\/57\/2022\/07\/img-62dacb8da3305.jpg\",\"width\":720,\"height\":479,\"caption\":\"Incendie \u00e0 la Sonara\u00a0: Activa soup\u00e7onn\u00e9e de d\u00e9tournements de deniers publics et de n\u00e9gligence\"},{\"@type\":\"BreadcrumbList\",\"@id\":\"https:\/\/www.africa-press.net\/cameroun\/economie\/incendie-a-la-sonara-activa-soupconnee-de-detournements-de-deniers-publics-et-de-negligence#breadcrumb\",\"itemListElement\":[{\"@type\":\"ListItem\",\"position\":1,\"name\":\"Accueil\",\"item\":\"https:\/\/www.africa-press.net\/cameroun\/\"},{\"@type\":\"ListItem\",\"position\":2,\"name\":\"Incendie \u00e0 la Sonara\u00a0: Activa soup\u00e7onn\u00e9e de d\u00e9tournements de deniers publics et de n\u00e9gligence\"}]},{\"@type\":\"WebSite\",\"@id\":\"https:\/\/www.africa-press.net\/cameroun\/#website\",\"url\":\"https:\/\/www.africa-press.net\/cameroun\/\",\"name\":\"Cameroun\",\"description\":\"Just another Africa News Agency Sites site\",\"potentialAction\":[{\"@type\":\"SearchAction\",\"target\":{\"@type\":\"EntryPoint\",\"urlTemplate\":\"https:\/\/www.africa-press.net\/cameroun\/?s={search_term_string}\"},\"query-input\":{\"@type\":\"PropertyValueSpecification\",\"valueRequired\":true,\"valueName\":\"search_term_string\"}}],\"inLanguage\":\"fr-FR\"},{\"@type\":\"Person\",\"@id\":\"https:\/\/www.africa-press.net\/cameroun\/#\/schema\/person\/2b1cf3cd81a31e3cd26889ca66d677f1\",\"name\":\"cfeditorfr\"}]}<\/script>\n<!-- \/ Yoast SEO Premium plugin. -->","yoast_head_json":{"title":"Incendie \u00e0 la Sonara\u00a0: Activa soup\u00e7onn\u00e9e de d\u00e9tournements de deniers publics et de n\u00e9gligence - Cameroun","description":"Investir au Cameroun) - Le directeur g\u00e9n\u00e9ral de la compagnie d\u2019assurances Activa-Cameroun, Richard Low\u00e9 (photo), est att ...","robots":{"index":"index","follow":"follow","max-snippet":"max-snippet:-1","max-image-preview":"max-image-preview:large","max-video-preview":"max-video-preview:-1"},"canonical":"https:\/\/www.africa-press.net\/cameroun\/economie\/incendie-a-la-sonara-activa-soupconnee-de-detournements-de-deniers-publics-et-de-negligence","og_locale":"fr_FR","og_type":"article","og_title":"Incendie \u00e0 la Sonara\u00a0: Activa soup\u00e7onn\u00e9e de d\u00e9tournements de deniers publics et de n\u00e9gligence","og_description":"Investir au Cameroun) - Le directeur g\u00e9n\u00e9ral de la compagnie d\u2019assurances Activa-Cameroun, Richard Low\u00e9 (photo), est att ...","og_url":"https:\/\/www.africa-press.net\/cameroun\/economie\/incendie-a-la-sonara-activa-soupconnee-de-detournements-de-deniers-publics-et-de-negligence","og_site_name":"Cameroun","article_published_time":"2022-07-22T13:54:53+00:00","article_modified_time":"2022-07-22T16:53:03+00:00","og_image":[{"width":720,"height":479,"url":"https:\/\/static.africa-press.net\/cameroun\/sites\/57\/2022\/07\/img-62dacb8da3305.jpg","type":"image\/jpeg"}],"author":"cfeditorfr","twitter_card":"summary_large_image","twitter_misc":{"\u00c9crit par":"cfeditorfr","Dur\u00e9e de lecture estim\u00e9e":"4 minutes"},"schema":{"@context":"https:\/\/schema.org","@graph":[{"@type":"Article","@id":"https:\/\/www.africa-press.net\/cameroun\/economie\/incendie-a-la-sonara-activa-soupconnee-de-detournements-de-deniers-publics-et-de-negligence#article","isPartOf":{"@id":"https:\/\/www.africa-press.net\/cameroun\/economie\/incendie-a-la-sonara-activa-soupconnee-de-detournements-de-deniers-publics-et-de-negligence"},"author":{"name":"cfeditorfr","@id":"https:\/\/www.africa-press.net\/cameroun\/#\/schema\/person\/2b1cf3cd81a31e3cd26889ca66d677f1"},"headline":"Incendie \u00e0 la Sonara\u00a0: Activa soup\u00e7onn\u00e9e de d\u00e9tournements de deniers publics et de n\u00e9gligence","datePublished":"2022-07-22T13:54:53+00:00","dateModified":"2022-07-22T16:53:03+00:00","mainEntityOfPage":{"@id":"https:\/\/www.africa-press.net\/cameroun\/economie\/incendie-a-la-sonara-activa-soupconnee-de-detournements-de-deniers-publics-et-de-negligence"},"wordCount":660,"commentCount":0,"image":{"@id":"https:\/\/www.africa-press.net\/cameroun\/economie\/incendie-a-la-sonara-activa-soupconnee-de-detournements-de-deniers-publics-et-de-negligence#primaryimage"},"thumbnailUrl":"https:\/\/static.africa-press.net\/cameroun\/sites\/57\/2022\/07\/img-62dacb8da3305.jpg","keywords":["Africa Press","Africa Press-Cameroun","Cameroun"],"articleSection":["\u00c9conomie","homepage-french","Toutes les actualit\u00e9s"],"inLanguage":"fr-FR","potentialAction":[{"@type":"CommentAction","name":"Comment","target":["https:\/\/www.africa-press.net\/cameroun\/economie\/incendie-a-la-sonara-activa-soupconnee-de-detournements-de-deniers-publics-et-de-negligence#respond"]}]},{"@type":"WebPage","@id":"https:\/\/www.africa-press.net\/cameroun\/economie\/incendie-a-la-sonara-activa-soupconnee-de-detournements-de-deniers-publics-et-de-negligence","url":"https:\/\/www.africa-press.net\/cameroun\/economie\/incendie-a-la-sonara-activa-soupconnee-de-detournements-de-deniers-publics-et-de-negligence","name":"Incendie \u00e0 la Sonara\u00a0: Activa soup\u00e7onn\u00e9e de d\u00e9tournements de deniers publics et de n\u00e9gligence - Cameroun","isPartOf":{"@id":"https:\/\/www.africa-press.net\/cameroun\/#website"},"primaryImageOfPage":{"@id":"https:\/\/www.africa-press.net\/cameroun\/economie\/incendie-a-la-sonara-activa-soupconnee-de-detournements-de-deniers-publics-et-de-negligence#primaryimage"},"image":{"@id":"https:\/\/www.africa-press.net\/cameroun\/economie\/incendie-a-la-sonara-activa-soupconnee-de-detournements-de-deniers-publics-et-de-negligence#primaryimage"},"thumbnailUrl":"https:\/\/static.africa-press.net\/cameroun\/sites\/57\/2022\/07\/img-62dacb8da3305.jpg","datePublished":"2022-07-22T13:54:53+00:00","dateModified":"2022-07-22T16:53:03+00:00","author":{"@id":"https:\/\/www.africa-press.net\/cameroun\/#\/schema\/person\/2b1cf3cd81a31e3cd26889ca66d677f1"},"description":"Investir au Cameroun) - Le directeur g\u00e9n\u00e9ral de la compagnie d\u2019assurances Activa-Cameroun, Richard Low\u00e9 (photo), est att ...","breadcrumb":{"@id":"https:\/\/www.africa-press.net\/cameroun\/economie\/incendie-a-la-sonara-activa-soupconnee-de-detournements-de-deniers-publics-et-de-negligence#breadcrumb"},"inLanguage":"fr-FR","potentialAction":[{"@type":"ReadAction","target":["https:\/\/www.africa-press.net\/cameroun\/economie\/incendie-a-la-sonara-activa-soupconnee-de-detournements-de-deniers-publics-et-de-negligence"]}]},{"@type":"ImageObject","inLanguage":"fr-FR","@id":"https:\/\/www.africa-press.net\/cameroun\/economie\/incendie-a-la-sonara-activa-soupconnee-de-detournements-de-deniers-publics-et-de-negligence#primaryimage","url":"https:\/\/static.africa-press.net\/cameroun\/sites\/57\/2022\/07\/img-62dacb8da3305.jpg","contentUrl":"https:\/\/static.africa-press.net\/cameroun\/sites\/57\/2022\/07\/img-62dacb8da3305.jpg","width":720,"height":479,"caption":"Incendie \u00e0 la Sonara\u00a0: Activa soup\u00e7onn\u00e9e de d\u00e9tournements de deniers publics et de n\u00e9gligence"},{"@type":"BreadcrumbList","@id":"https:\/\/www.africa-press.net\/cameroun\/economie\/incendie-a-la-sonara-activa-soupconnee-de-detournements-de-deniers-publics-et-de-negligence#breadcrumb","itemListElement":[{"@type":"ListItem","position":1,"name":"Accueil","item":"https:\/\/www.africa-press.net\/cameroun\/"},{"@type":"ListItem","position":2,"name":"Incendie \u00e0 la Sonara\u00a0: Activa soup\u00e7onn\u00e9e de d\u00e9tournements de deniers publics et de n\u00e9gligence"}]},{"@type":"WebSite","@id":"https:\/\/www.africa-press.net\/cameroun\/#website","url":"https:\/\/www.africa-press.net\/cameroun\/","name":"Cameroun","description":"Just another Africa News Agency Sites site","potentialAction":[{"@type":"SearchAction","target":{"@type":"EntryPoint","urlTemplate":"https:\/\/www.africa-press.net\/cameroun\/?s={search_term_string}"},"query-input":{"@type":"PropertyValueSpecification","valueRequired":true,"valueName":"search_term_string"}}],"inLanguage":"fr-FR"},{"@type":"Person","@id":"https:\/\/www.africa-press.net\/cameroun\/#\/schema\/person\/2b1cf3cd81a31e3cd26889ca66d677f1","name":"cfeditorfr"}]}},"_links":{"self":[{"href":"https:\/\/www.africa-press.net\/cameroun\/wp-json\/wp\/v2\/posts\/23965","targetHints":{"allow":["GET"]}}],"collection":[{"href":"https:\/\/www.africa-press.net\/cameroun\/wp-json\/wp\/v2\/posts"}],"about":[{"href":"https:\/\/www.africa-press.net\/cameroun\/wp-json\/wp\/v2\/types\/post"}],"author":[{"embeddable":true,"href":"https:\/\/www.africa-press.net\/cameroun\/wp-json\/wp\/v2\/users\/82"}],"replies":[{"embeddable":true,"href":"https:\/\/www.africa-press.net\/cameroun\/wp-json\/wp\/v2\/comments?post=23965"}],"version-history":[{"count":0,"href":"https:\/\/www.africa-press.net\/cameroun\/wp-json\/wp\/v2\/posts\/23965\/revisions"}],"wp:featuredmedia":[{"embeddable":true,"href":"https:\/\/www.africa-press.net\/cameroun\/wp-json\/wp\/v2\/media\/23963"}],"wp:attachment":[{"href":"https:\/\/www.africa-press.net\/cameroun\/wp-json\/wp\/v2\/media?parent=23965"}],"wp:term":[{"taxonomy":"category","embeddable":true,"href":"https:\/\/www.africa-press.net\/cameroun\/wp-json\/wp\/v2\/categories?post=23965"},{"taxonomy":"post_tag","embeddable":true,"href":"https:\/\/www.africa-press.net\/cameroun\/wp-json\/wp\/v2\/tags?post=23965"}],"curies":[{"name":"wp","href":"https:\/\/api.w.org\/{rel}","templated":true}]}}