{"id":23969,"date":"2022-07-22T14:06:26","date_gmt":"2022-07-22T14:06:26","guid":{"rendered":"https:\/\/www.africa-press.net\/cameroun\/politique\/partenariat-camtel-va-connecter-les-logements-sociaux-du-minhdu-a-la-fibre-optique"},"modified":"2022-07-22T16:09:38","modified_gmt":"2022-07-22T16:09:38","slug":"partenariat-camtel-va-connecter-les-logements-sociaux-du-minhdu-a-la-fibre-optique","status":"publish","type":"post","link":"https:\/\/www.africa-press.net\/cameroun\/toutes-les-actualites\/partenariat-camtel-va-connecter-les-logements-sociaux-du-minhdu-a-la-fibre-optique","title":{"rendered":"Partenariat: CAMTEL va connecter les logements sociaux du MINHDU \u00e0 la fibre optique"},"content":{"rendered":"<p><span style=\"color: #ff6600\"><strong>Africa-Press &#8211; Cameroun. <\/strong><\/span>CAMTEL (Cameroon Telecommunications) et le Minist\u00e8re de l\u2019habitat et du d\u00e9veloppement urbain (MINHDU) poursuivent leur collaboration. En droite ligne des engagements qu\u2019elles ont prises il y a plusieurs ann\u00e9es, les deux entit\u00e9s viennent de signer une convention \u00e0 Yaound\u00e9. La CRTV\u2013 Radio qui rend compte de la c\u00e9r\u00e9monie dans le journal de 17 heures de ce 21 Juillet 2022 fait savoir que ce partenariat va consister \u00e0 moderniser les villes en num\u00e9risant les nouveaux logements sociaux.<\/p>\n<p>CAMTEL va mettre \u00e0 la disposition du MINDHU des connexions Internet et connecion haut d\u00e9bit par liaisons sp\u00e9cialis\u00e9es en fibre optique. L\u2019op\u00e9rateur de t\u00e9l\u00e9communications public va assurer le pr\u00e9-c\u00e2blage des immeubles et des maisons d\u2019habitations. Elle va proc\u00e9der aud\u00e9ploiement de la fibre optique dans l\u2019ensemble des sites des projets concern\u00e9s. Elle va fournir la connectivit\u00e9 haut d\u00e9bit aux locataires des cit\u00e9s.<\/p>\n<p><b>\u00ab CAMTEL en tant qu\u2019op\u00e9rateur historique a l\u2019obligation de fournir des services des t\u00e9l\u00e9communications \u00e9lectroniques \u00e0 tr\u00e8s haut d\u00e9bit \u00e0 l\u2019ensemble des populations. Aujourd\u2019hui avec l\u2019av\u00e8nement des villes num\u00e9riques, il est important que CAMTEL anticipe et mette \u00e0 la disposition du MINDHU des communications \u00e9lectroniques de tr\u00e8s haut d\u00e9bit \u00bb<\/b><\/p>\n<p>, explique Judith Yah Sunday Achidi Achu.<\/p>\n<p>La ministre de l\u2019habitat et du d\u00e9veloppement urbain C\u00e9lestine Ketcha Courtes se dit \u00ab tr\u00e8s heureuse \u00bb de l\u2019existence du nouveau partenariat avec CAMTEL.\u00ab Cette convention va permettre \u00e0 CAMTEL sur le plan de l\u2019habitat, de raccorder les logements sociaux avec la fibre optique pour permettre \u00e0 ces habitants de nos nouvelles villes d\u2019avoir acc\u00e8s \u00e0 tr\u00e8s haut d\u00e9bit \u00e0 Internet \u00bb, r\u00e9agit-elle au micro de la CRTV. \u00ab Cette convention permettra \u00e9galement de r\u00e9soudre par anticipation, l\u2019un des \u00e9pineux probl\u00e8mes que nous rencontrons le plus souvent dans nos chantiers, \u00e0 savoir le d\u00e9placement des r\u00e9seaux. Nous devons DONC d\u00e9sormais travailler avec Camtel, main dans la main, dans la maturation des projets urbains, pour une meilleure satisfaction des besoins des populations \u00bb, ajoute la ministre<\/p>\n<p><strong>Pour plus d&rsquo;informations et d&rsquo;analyses sur la <a href=\"https:\/\/www.africa-press.net\/cameroun\">Cameroun<\/a>, suivez <a href=\"https:\/\/www.africa-press.net\/\">Africa-Press<\/a><\/strong><\/p>\n","protected":false},"excerpt":{"rendered":"<p>Africa-Press &#8211; Cameroun. CAMTEL (Cameroon Telecommunications) et le Minist\u00e8re de l\u2019habitat et du d\u00e9veloppement urbain (MINHDU) poursuivent leur collaboration. En droite ligne des engagements qu\u2019elles ont prises il y a plusieurs ann\u00e9es, les deux entit\u00e9s viennent de signer une convention \u00e0 Yaound\u00e9. La CRTV\u2013 Radio qui rend compte de la c\u00e9r\u00e9monie dans le journal de [&hellip;]<\/p>\n","protected":false},"author":82,"featured_media":23968,"comment_status":"open","ping_status":"closed","sticky":false,"template":"","format":"standard","meta":{"footnotes":""},"categories":[21,11,10],"tags":[36,50,49],"class_list":["post-23969","post","type-post","status-publish","format-standard","has-post-thumbnail","hentry","category-communaute","category-homepage-french","category-toutes-les-actualites","tag-africa-press","tag-africa-press-cameroun","tag-cameroun"],"yoast_head":"<!-- This site is optimized with the Yoast SEO Premium plugin v26.1 (Yoast SEO v27.0) - https:\/\/yoast.com\/product\/yoast-seo-premium-wordpress\/ -->\n<title>Partenariat: CAMTEL va connecter les logements sociaux du MINHDU \u00e0 la fibre optique - Cameroun<\/title>\n<meta name=\"description\" content=\"CAMTEL (Cameroon Telecommunications) et le Minist\u00e8re de l\u2019habitat et du d\u00e9veloppement urbain (MINHDU) poursuivent leur c ...\" \/>\n<meta name=\"robots\" content=\"index, follow, max-snippet:-1, max-image-preview:large, max-video-preview:-1\" \/>\n<link rel=\"canonical\" href=\"https:\/\/www.africa-press.net\/cameroun\/toutes-les-actualites\/partenariat-camtel-va-connecter-les-logements-sociaux-du-minhdu-a-la-fibre-optique\" \/>\n<meta property=\"og:locale\" content=\"fr_FR\" \/>\n<meta property=\"og:type\" content=\"article\" \/>\n<meta property=\"og:title\" content=\"Partenariat: CAMTEL va connecter les logements sociaux du MINHDU \u00e0 la fibre optique\" \/>\n<meta property=\"og:description\" content=\"CAMTEL (Cameroon Telecommunications) et le Minist\u00e8re de l\u2019habitat et du d\u00e9veloppement urbain (MINHDU) poursuivent leur c ...\" \/>\n<meta property=\"og:url\" content=\"https:\/\/www.africa-press.net\/cameroun\/toutes-les-actualites\/partenariat-camtel-va-connecter-les-logements-sociaux-du-minhdu-a-la-fibre-optique\" \/>\n<meta property=\"og:site_name\" content=\"Cameroun\" \/>\n<meta property=\"article:published_time\" content=\"2022-07-22T14:06:26+00:00\" \/>\n<meta property=\"article:modified_time\" content=\"2022-07-22T16:09:38+00:00\" \/>\n<meta property=\"og:image\" content=\"https:\/\/static.africa-press.net\/cameroun\/sites\/57\/2022\/07\/img-62dacbabe9252.jpg\" \/>\n\t<meta property=\"og:image:width\" content=\"800\" \/>\n\t<meta property=\"og:image:height\" content=\"600\" \/>\n\t<meta property=\"og:image:type\" content=\"image\/jpeg\" \/>\n<meta name=\"author\" content=\"cfeditorfr\" \/>\n<meta name=\"twitter:card\" content=\"summary_large_image\" \/>\n<meta name=\"twitter:label1\" content=\"\u00c9crit par\" \/>\n\t<meta name=\"twitter:data1\" content=\"cfeditorfr\" \/>\n\t<meta name=\"twitter:label2\" content=\"Dur\u00e9e de lecture estim\u00e9e\" \/>\n\t<meta name=\"twitter:data2\" content=\"2 minutes\" \/>\n<script type=\"application\/ld+json\" class=\"yoast-schema-graph\">{\"@context\":\"https:\/\/schema.org\",\"@graph\":[{\"@type\":\"Article\",\"@id\":\"https:\/\/www.africa-press.net\/cameroun\/toutes-les-actualites\/partenariat-camtel-va-connecter-les-logements-sociaux-du-minhdu-a-la-fibre-optique#article\",\"isPartOf\":{\"@id\":\"https:\/\/www.africa-press.net\/cameroun\/toutes-les-actualites\/partenariat-camtel-va-connecter-les-logements-sociaux-du-minhdu-a-la-fibre-optique\"},\"author\":{\"name\":\"cfeditorfr\",\"@id\":\"https:\/\/www.africa-press.net\/cameroun\/#\/schema\/person\/2b1cf3cd81a31e3cd26889ca66d677f1\"},\"headline\":\"Partenariat: CAMTEL va connecter les logements sociaux du MINHDU \u00e0 la fibre optique\",\"datePublished\":\"2022-07-22T14:06:26+00:00\",\"dateModified\":\"2022-07-22T16:09:38+00:00\",\"mainEntityOfPage\":{\"@id\":\"https:\/\/www.africa-press.net\/cameroun\/toutes-les-actualites\/partenariat-camtel-va-connecter-les-logements-sociaux-du-minhdu-a-la-fibre-optique\"},\"wordCount\":380,\"commentCount\":0,\"image\":{\"@id\":\"https:\/\/www.africa-press.net\/cameroun\/toutes-les-actualites\/partenariat-camtel-va-connecter-les-logements-sociaux-du-minhdu-a-la-fibre-optique#primaryimage\"},\"thumbnailUrl\":\"https:\/\/static.africa-press.net\/cameroun\/sites\/57\/2022\/07\/img-62dacbabe9252.jpg\",\"keywords\":[\"Africa Press\",\"Africa Press-Cameroun\",\"Cameroun\"],\"articleSection\":[\"Communaut\u00e9\",\"homepage-french\",\"Toutes les actualit\u00e9s\"],\"inLanguage\":\"fr-FR\",\"potentialAction\":[{\"@type\":\"CommentAction\",\"name\":\"Comment\",\"target\":[\"https:\/\/www.africa-press.net\/cameroun\/toutes-les-actualites\/partenariat-camtel-va-connecter-les-logements-sociaux-du-minhdu-a-la-fibre-optique#respond\"]}]},{\"@type\":\"WebPage\",\"@id\":\"https:\/\/www.africa-press.net\/cameroun\/toutes-les-actualites\/partenariat-camtel-va-connecter-les-logements-sociaux-du-minhdu-a-la-fibre-optique\",\"url\":\"https:\/\/www.africa-press.net\/cameroun\/toutes-les-actualites\/partenariat-camtel-va-connecter-les-logements-sociaux-du-minhdu-a-la-fibre-optique\",\"name\":\"Partenariat: CAMTEL va connecter les logements sociaux du MINHDU \u00e0 la fibre optique - Cameroun\",\"isPartOf\":{\"@id\":\"https:\/\/www.africa-press.net\/cameroun\/#website\"},\"primaryImageOfPage\":{\"@id\":\"https:\/\/www.africa-press.net\/cameroun\/toutes-les-actualites\/partenariat-camtel-va-connecter-les-logements-sociaux-du-minhdu-a-la-fibre-optique#primaryimage\"},\"image\":{\"@id\":\"https:\/\/www.africa-press.net\/cameroun\/toutes-les-actualites\/partenariat-camtel-va-connecter-les-logements-sociaux-du-minhdu-a-la-fibre-optique#primaryimage\"},\"thumbnailUrl\":\"https:\/\/static.africa-press.net\/cameroun\/sites\/57\/2022\/07\/img-62dacbabe9252.jpg\",\"datePublished\":\"2022-07-22T14:06:26+00:00\",\"dateModified\":\"2022-07-22T16:09:38+00:00\",\"author\":{\"@id\":\"https:\/\/www.africa-press.net\/cameroun\/#\/schema\/person\/2b1cf3cd81a31e3cd26889ca66d677f1\"},\"description\":\"CAMTEL (Cameroon Telecommunications) et le Minist\u00e8re de l\u2019habitat et du d\u00e9veloppement urbain (MINHDU) poursuivent leur c ...\",\"breadcrumb\":{\"@id\":\"https:\/\/www.africa-press.net\/cameroun\/toutes-les-actualites\/partenariat-camtel-va-connecter-les-logements-sociaux-du-minhdu-a-la-fibre-optique#breadcrumb\"},\"inLanguage\":\"fr-FR\",\"potentialAction\":[{\"@type\":\"ReadAction\",\"target\":[\"https:\/\/www.africa-press.net\/cameroun\/toutes-les-actualites\/partenariat-camtel-va-connecter-les-logements-sociaux-du-minhdu-a-la-fibre-optique\"]}]},{\"@type\":\"ImageObject\",\"inLanguage\":\"fr-FR\",\"@id\":\"https:\/\/www.africa-press.net\/cameroun\/toutes-les-actualites\/partenariat-camtel-va-connecter-les-logements-sociaux-du-minhdu-a-la-fibre-optique#primaryimage\",\"url\":\"https:\/\/static.africa-press.net\/cameroun\/sites\/57\/2022\/07\/img-62dacbabe9252.jpg\",\"contentUrl\":\"https:\/\/static.africa-press.net\/cameroun\/sites\/57\/2022\/07\/img-62dacbabe9252.jpg\",\"width\":800,\"height\":600,\"caption\":\"Partenariat: CAMTEL va connecter les logements sociaux du MINHDU \u00e0 la fibre optique\"},{\"@type\":\"BreadcrumbList\",\"@id\":\"https:\/\/www.africa-press.net\/cameroun\/toutes-les-actualites\/partenariat-camtel-va-connecter-les-logements-sociaux-du-minhdu-a-la-fibre-optique#breadcrumb\",\"itemListElement\":[{\"@type\":\"ListItem\",\"position\":1,\"name\":\"Accueil\",\"item\":\"https:\/\/www.africa-press.net\/cameroun\/\"},{\"@type\":\"ListItem\",\"position\":2,\"name\":\"Partenariat: CAMTEL va connecter les logements sociaux du MINHDU \u00e0 la fibre optique\"}]},{\"@type\":\"WebSite\",\"@id\":\"https:\/\/www.africa-press.net\/cameroun\/#website\",\"url\":\"https:\/\/www.africa-press.net\/cameroun\/\",\"name\":\"Cameroun\",\"description\":\"Just another Africa News Agency Sites site\",\"potentialAction\":[{\"@type\":\"SearchAction\",\"target\":{\"@type\":\"EntryPoint\",\"urlTemplate\":\"https:\/\/www.africa-press.net\/cameroun\/?s={search_term_string}\"},\"query-input\":{\"@type\":\"PropertyValueSpecification\",\"valueRequired\":true,\"valueName\":\"search_term_string\"}}],\"inLanguage\":\"fr-FR\"},{\"@type\":\"Person\",\"@id\":\"https:\/\/www.africa-press.net\/cameroun\/#\/schema\/person\/2b1cf3cd81a31e3cd26889ca66d677f1\",\"name\":\"cfeditorfr\"}]}<\/script>\n<!-- \/ Yoast SEO Premium plugin. -->","yoast_head_json":{"title":"Partenariat: CAMTEL va connecter les logements sociaux du MINHDU \u00e0 la fibre optique - Cameroun","description":"CAMTEL (Cameroon Telecommunications) et le Minist\u00e8re de l\u2019habitat et du d\u00e9veloppement urbain (MINHDU) poursuivent leur c ...","robots":{"index":"index","follow":"follow","max-snippet":"max-snippet:-1","max-image-preview":"max-image-preview:large","max-video-preview":"max-video-preview:-1"},"canonical":"https:\/\/www.africa-press.net\/cameroun\/toutes-les-actualites\/partenariat-camtel-va-connecter-les-logements-sociaux-du-minhdu-a-la-fibre-optique","og_locale":"fr_FR","og_type":"article","og_title":"Partenariat: CAMTEL va connecter les logements sociaux du MINHDU \u00e0 la fibre optique","og_description":"CAMTEL (Cameroon Telecommunications) et le Minist\u00e8re de l\u2019habitat et du d\u00e9veloppement urbain (MINHDU) poursuivent leur c ...","og_url":"https:\/\/www.africa-press.net\/cameroun\/toutes-les-actualites\/partenariat-camtel-va-connecter-les-logements-sociaux-du-minhdu-a-la-fibre-optique","og_site_name":"Cameroun","article_published_time":"2022-07-22T14:06:26+00:00","article_modified_time":"2022-07-22T16:09:38+00:00","og_image":[{"width":800,"height":600,"url":"https:\/\/static.africa-press.net\/cameroun\/sites\/57\/2022\/07\/img-62dacbabe9252.jpg","type":"image\/jpeg"}],"author":"cfeditorfr","twitter_card":"summary_large_image","twitter_misc":{"\u00c9crit par":"cfeditorfr","Dur\u00e9e de lecture estim\u00e9e":"2 minutes"},"schema":{"@context":"https:\/\/schema.org","@graph":[{"@type":"Article","@id":"https:\/\/www.africa-press.net\/cameroun\/toutes-les-actualites\/partenariat-camtel-va-connecter-les-logements-sociaux-du-minhdu-a-la-fibre-optique#article","isPartOf":{"@id":"https:\/\/www.africa-press.net\/cameroun\/toutes-les-actualites\/partenariat-camtel-va-connecter-les-logements-sociaux-du-minhdu-a-la-fibre-optique"},"author":{"name":"cfeditorfr","@id":"https:\/\/www.africa-press.net\/cameroun\/#\/schema\/person\/2b1cf3cd81a31e3cd26889ca66d677f1"},"headline":"Partenariat: CAMTEL va connecter les logements sociaux du MINHDU \u00e0 la fibre optique","datePublished":"2022-07-22T14:06:26+00:00","dateModified":"2022-07-22T16:09:38+00:00","mainEntityOfPage":{"@id":"https:\/\/www.africa-press.net\/cameroun\/toutes-les-actualites\/partenariat-camtel-va-connecter-les-logements-sociaux-du-minhdu-a-la-fibre-optique"},"wordCount":380,"commentCount":0,"image":{"@id":"https:\/\/www.africa-press.net\/cameroun\/toutes-les-actualites\/partenariat-camtel-va-connecter-les-logements-sociaux-du-minhdu-a-la-fibre-optique#primaryimage"},"thumbnailUrl":"https:\/\/static.africa-press.net\/cameroun\/sites\/57\/2022\/07\/img-62dacbabe9252.jpg","keywords":["Africa Press","Africa Press-Cameroun","Cameroun"],"articleSection":["Communaut\u00e9","homepage-french","Toutes les actualit\u00e9s"],"inLanguage":"fr-FR","potentialAction":[{"@type":"CommentAction","name":"Comment","target":["https:\/\/www.africa-press.net\/cameroun\/toutes-les-actualites\/partenariat-camtel-va-connecter-les-logements-sociaux-du-minhdu-a-la-fibre-optique#respond"]}]},{"@type":"WebPage","@id":"https:\/\/www.africa-press.net\/cameroun\/toutes-les-actualites\/partenariat-camtel-va-connecter-les-logements-sociaux-du-minhdu-a-la-fibre-optique","url":"https:\/\/www.africa-press.net\/cameroun\/toutes-les-actualites\/partenariat-camtel-va-connecter-les-logements-sociaux-du-minhdu-a-la-fibre-optique","name":"Partenariat: CAMTEL va connecter les logements sociaux du MINHDU \u00e0 la fibre optique - Cameroun","isPartOf":{"@id":"https:\/\/www.africa-press.net\/cameroun\/#website"},"primaryImageOfPage":{"@id":"https:\/\/www.africa-press.net\/cameroun\/toutes-les-actualites\/partenariat-camtel-va-connecter-les-logements-sociaux-du-minhdu-a-la-fibre-optique#primaryimage"},"image":{"@id":"https:\/\/www.africa-press.net\/cameroun\/toutes-les-actualites\/partenariat-camtel-va-connecter-les-logements-sociaux-du-minhdu-a-la-fibre-optique#primaryimage"},"thumbnailUrl":"https:\/\/static.africa-press.net\/cameroun\/sites\/57\/2022\/07\/img-62dacbabe9252.jpg","datePublished":"2022-07-22T14:06:26+00:00","dateModified":"2022-07-22T16:09:38+00:00","author":{"@id":"https:\/\/www.africa-press.net\/cameroun\/#\/schema\/person\/2b1cf3cd81a31e3cd26889ca66d677f1"},"description":"CAMTEL (Cameroon Telecommunications) et le Minist\u00e8re de l\u2019habitat et du d\u00e9veloppement urbain (MINHDU) poursuivent leur c ...","breadcrumb":{"@id":"https:\/\/www.africa-press.net\/cameroun\/toutes-les-actualites\/partenariat-camtel-va-connecter-les-logements-sociaux-du-minhdu-a-la-fibre-optique#breadcrumb"},"inLanguage":"fr-FR","potentialAction":[{"@type":"ReadAction","target":["https:\/\/www.africa-press.net\/cameroun\/toutes-les-actualites\/partenariat-camtel-va-connecter-les-logements-sociaux-du-minhdu-a-la-fibre-optique"]}]},{"@type":"ImageObject","inLanguage":"fr-FR","@id":"https:\/\/www.africa-press.net\/cameroun\/toutes-les-actualites\/partenariat-camtel-va-connecter-les-logements-sociaux-du-minhdu-a-la-fibre-optique#primaryimage","url":"https:\/\/static.africa-press.net\/cameroun\/sites\/57\/2022\/07\/img-62dacbabe9252.jpg","contentUrl":"https:\/\/static.africa-press.net\/cameroun\/sites\/57\/2022\/07\/img-62dacbabe9252.jpg","width":800,"height":600,"caption":"Partenariat: CAMTEL va connecter les logements sociaux du MINHDU \u00e0 la fibre optique"},{"@type":"BreadcrumbList","@id":"https:\/\/www.africa-press.net\/cameroun\/toutes-les-actualites\/partenariat-camtel-va-connecter-les-logements-sociaux-du-minhdu-a-la-fibre-optique#breadcrumb","itemListElement":[{"@type":"ListItem","position":1,"name":"Accueil","item":"https:\/\/www.africa-press.net\/cameroun\/"},{"@type":"ListItem","position":2,"name":"Partenariat: CAMTEL va connecter les logements sociaux du MINHDU \u00e0 la fibre optique"}]},{"@type":"WebSite","@id":"https:\/\/www.africa-press.net\/cameroun\/#website","url":"https:\/\/www.africa-press.net\/cameroun\/","name":"Cameroun","description":"Just another Africa News Agency Sites site","potentialAction":[{"@type":"SearchAction","target":{"@type":"EntryPoint","urlTemplate":"https:\/\/www.africa-press.net\/cameroun\/?s={search_term_string}"},"query-input":{"@type":"PropertyValueSpecification","valueRequired":true,"valueName":"search_term_string"}}],"inLanguage":"fr-FR"},{"@type":"Person","@id":"https:\/\/www.africa-press.net\/cameroun\/#\/schema\/person\/2b1cf3cd81a31e3cd26889ca66d677f1","name":"cfeditorfr"}]}},"_links":{"self":[{"href":"https:\/\/www.africa-press.net\/cameroun\/wp-json\/wp\/v2\/posts\/23969","targetHints":{"allow":["GET"]}}],"collection":[{"href":"https:\/\/www.africa-press.net\/cameroun\/wp-json\/wp\/v2\/posts"}],"about":[{"href":"https:\/\/www.africa-press.net\/cameroun\/wp-json\/wp\/v2\/types\/post"}],"author":[{"embeddable":true,"href":"https:\/\/www.africa-press.net\/cameroun\/wp-json\/wp\/v2\/users\/82"}],"replies":[{"embeddable":true,"href":"https:\/\/www.africa-press.net\/cameroun\/wp-json\/wp\/v2\/comments?post=23969"}],"version-history":[{"count":0,"href":"https:\/\/www.africa-press.net\/cameroun\/wp-json\/wp\/v2\/posts\/23969\/revisions"}],"wp:featuredmedia":[{"embeddable":true,"href":"https:\/\/www.africa-press.net\/cameroun\/wp-json\/wp\/v2\/media\/23968"}],"wp:attachment":[{"href":"https:\/\/www.africa-press.net\/cameroun\/wp-json\/wp\/v2\/media?parent=23969"}],"wp:term":[{"taxonomy":"category","embeddable":true,"href":"https:\/\/www.africa-press.net\/cameroun\/wp-json\/wp\/v2\/categories?post=23969"},{"taxonomy":"post_tag","embeddable":true,"href":"https:\/\/www.africa-press.net\/cameroun\/wp-json\/wp\/v2\/tags?post=23969"}],"curies":[{"name":"wp","href":"https:\/\/api.w.org\/{rel}","templated":true}]}}