{"id":23972,"date":"2022-07-22T14:13:56","date_gmt":"2022-07-22T14:13:56","guid":{"rendered":"https:\/\/www.africa-press.net\/cameroun\/politique\/diplomatie-la-presidence-la-republique-officialise-la-venue-du-president-francais-emmanuel-macron-au-cameroun"},"modified":"2022-07-22T16:10:07","modified_gmt":"2022-07-22T16:10:07","slug":"diplomatie-la-presidence-la-republique-officialise-la-venue-du-president-francais-emmanuel-macron-au-cameroun","status":"publish","type":"post","link":"https:\/\/www.africa-press.net\/cameroun\/politique\/diplomatie-la-presidence-la-republique-officialise-la-venue-du-president-francais-emmanuel-macron-au-cameroun","title":{"rendered":"Diplomatie : La Presidence la R\u00e9publique officialise la venue du pr\u00e9sident fran\u00e7ais Emmanuel Macron au Cameroun"},"content":{"rendered":"<p><span style=\"color: #ff6600\"><strong>Africa-Press &#8211; Cameroun. <\/strong><\/span>C&rsquo;est d\u00e9sormais officiel. Emmanuel Macron effectuera une visite officielle au Cameroun du 25 au 27 juillet 2022. La nouvelle a \u00e9t\u00e9 officialis\u00e9e ce jeudi 21 juillet 3032 par le cabinet civil de la Pr\u00e9sidence de la R\u00e9publique, dans un communiqu\u00e9 sign\u00e9 de Samuel Mvondo Ayolo.<\/p>\n<p>Le document ne renseigne pas plus sur cette visite de 3 jours. Il vient simplement confirmer l&rsquo;information pr\u00e9alablement donn\u00e9e par nos confr\u00e8res de Jeune Afrique, et la presse fran\u00e7aise. L&rsquo;on ignore pour l&rsquo;heure le contenu de l&rsquo;agenda du pr\u00e9sident fran\u00e7ais, encore moins les d\u00e9tails li\u00e9s \u00e0 son accueil au Cameroun. Le site internet de l&rsquo;\u00c9lys\u00e9e tarde encore cependant \u00e0 communiquer sur cette visite de Macron.<\/p>\n<p><strong>Pour plus d&rsquo;informations et d&rsquo;analyses sur la <a href=\"https:\/\/www.africa-press.net\/cameroun\">Cameroun<\/a>, suivez <a href=\"https:\/\/www.africa-press.net\/\">Africa-Press<\/a><\/strong><\/p>\n","protected":false},"excerpt":{"rendered":"<p>Africa-Press &#8211; Cameroun. C&rsquo;est d\u00e9sormais officiel. Emmanuel Macron effectuera une visite officielle au Cameroun du 25 au 27 juillet 2022. La nouvelle a \u00e9t\u00e9 officialis\u00e9e ce jeudi 21 juillet 3032 par le cabinet civil de la Pr\u00e9sidence de la R\u00e9publique, dans un communiqu\u00e9 sign\u00e9 de Samuel Mvondo Ayolo. Le document ne renseigne pas plus sur [&hellip;]<\/p>\n","protected":false},"author":82,"featured_media":23971,"comment_status":"open","ping_status":"closed","sticky":false,"template":"","format":"standard","meta":{"footnotes":""},"categories":[11,2,10],"tags":[36,50,49],"class_list":["post-23972","post","type-post","status-publish","format-standard","has-post-thumbnail","hentry","category-homepage-french","category-politique","category-toutes-les-actualites","tag-africa-press","tag-africa-press-cameroun","tag-cameroun"],"yoast_head":"<!-- This site is optimized with the Yoast SEO Premium plugin v26.1 (Yoast SEO v27.0) - https:\/\/yoast.com\/product\/yoast-seo-premium-wordpress\/ -->\n<title>Diplomatie : La Presidence la R\u00e9publique officialise la venue du pr\u00e9sident fran\u00e7ais Emmanuel Macron au Cameroun - Cameroun<\/title>\n<meta name=\"description\" content=\"C&#039;est d\u00e9sormais officiel. Emmanuel Macron effectuera une visite officielle au Cameroun du 25 au 27 juillet 2022. La nouv ...\" \/>\n<meta name=\"robots\" content=\"index, follow, max-snippet:-1, max-image-preview:large, max-video-preview:-1\" \/>\n<link rel=\"canonical\" href=\"https:\/\/www.africa-press.net\/cameroun\/politique\/diplomatie-la-presidence-la-republique-officialise-la-venue-du-president-francais-emmanuel-macron-au-cameroun\" \/>\n<meta property=\"og:locale\" content=\"fr_FR\" \/>\n<meta property=\"og:type\" content=\"article\" \/>\n<meta property=\"og:title\" content=\"Diplomatie : La Presidence la R\u00e9publique officialise la venue du pr\u00e9sident fran\u00e7ais Emmanuel Macron au Cameroun\" \/>\n<meta property=\"og:description\" content=\"C&#039;est d\u00e9sormais officiel. Emmanuel Macron effectuera une visite officielle au Cameroun du 25 au 27 juillet 2022. La nouv ...\" \/>\n<meta property=\"og:url\" content=\"https:\/\/www.africa-press.net\/cameroun\/politique\/diplomatie-la-presidence-la-republique-officialise-la-venue-du-president-francais-emmanuel-macron-au-cameroun\" \/>\n<meta property=\"og:site_name\" content=\"Cameroun\" \/>\n<meta property=\"article:published_time\" content=\"2022-07-22T14:13:56+00:00\" \/>\n<meta property=\"article:modified_time\" content=\"2022-07-22T16:10:07+00:00\" \/>\n<meta property=\"og:image\" content=\"https:\/\/static.africa-press.net\/cameroun\/sites\/57\/2022\/07\/img-62dacbcc80812.jpg\" \/>\n\t<meta property=\"og:image:width\" content=\"800\" \/>\n\t<meta property=\"og:image:height\" content=\"448\" \/>\n\t<meta property=\"og:image:type\" content=\"image\/jpeg\" \/>\n<meta name=\"author\" content=\"cfeditorfr\" \/>\n<meta name=\"twitter:card\" content=\"summary_large_image\" \/>\n<meta name=\"twitter:label1\" content=\"\u00c9crit par\" \/>\n\t<meta name=\"twitter:data1\" content=\"cfeditorfr\" \/>\n\t<meta name=\"twitter:label2\" content=\"Dur\u00e9e de lecture estim\u00e9e\" \/>\n\t<meta name=\"twitter:data2\" content=\"1 minute\" \/>\n<script type=\"application\/ld+json\" class=\"yoast-schema-graph\">{\"@context\":\"https:\/\/schema.org\",\"@graph\":[{\"@type\":\"Article\",\"@id\":\"https:\/\/www.africa-press.net\/cameroun\/politique\/diplomatie-la-presidence-la-republique-officialise-la-venue-du-president-francais-emmanuel-macron-au-cameroun#article\",\"isPartOf\":{\"@id\":\"https:\/\/www.africa-press.net\/cameroun\/politique\/diplomatie-la-presidence-la-republique-officialise-la-venue-du-president-francais-emmanuel-macron-au-cameroun\"},\"author\":{\"name\":\"cfeditorfr\",\"@id\":\"https:\/\/www.africa-press.net\/cameroun\/#\/schema\/person\/2b1cf3cd81a31e3cd26889ca66d677f1\"},\"headline\":\"Diplomatie : La Presidence la R\u00e9publique officialise la venue du pr\u00e9sident fran\u00e7ais Emmanuel Macron au Cameroun\",\"datePublished\":\"2022-07-22T14:13:56+00:00\",\"dateModified\":\"2022-07-22T16:10:07+00:00\",\"mainEntityOfPage\":{\"@id\":\"https:\/\/www.africa-press.net\/cameroun\/politique\/diplomatie-la-presidence-la-republique-officialise-la-venue-du-president-francais-emmanuel-macron-au-cameroun\"},\"wordCount\":154,\"commentCount\":0,\"image\":{\"@id\":\"https:\/\/www.africa-press.net\/cameroun\/politique\/diplomatie-la-presidence-la-republique-officialise-la-venue-du-president-francais-emmanuel-macron-au-cameroun#primaryimage\"},\"thumbnailUrl\":\"https:\/\/static.africa-press.net\/cameroun\/sites\/57\/2022\/07\/img-62dacbcc80812.jpg\",\"keywords\":[\"Africa Press\",\"Africa Press-Cameroun\",\"Cameroun\"],\"articleSection\":[\"homepage-french\",\"Politique\",\"Toutes les actualit\u00e9s\"],\"inLanguage\":\"fr-FR\",\"potentialAction\":[{\"@type\":\"CommentAction\",\"name\":\"Comment\",\"target\":[\"https:\/\/www.africa-press.net\/cameroun\/politique\/diplomatie-la-presidence-la-republique-officialise-la-venue-du-president-francais-emmanuel-macron-au-cameroun#respond\"]}]},{\"@type\":\"WebPage\",\"@id\":\"https:\/\/www.africa-press.net\/cameroun\/politique\/diplomatie-la-presidence-la-republique-officialise-la-venue-du-president-francais-emmanuel-macron-au-cameroun\",\"url\":\"https:\/\/www.africa-press.net\/cameroun\/politique\/diplomatie-la-presidence-la-republique-officialise-la-venue-du-president-francais-emmanuel-macron-au-cameroun\",\"name\":\"Diplomatie : La Presidence la R\u00e9publique officialise la venue du pr\u00e9sident fran\u00e7ais Emmanuel Macron au Cameroun - Cameroun\",\"isPartOf\":{\"@id\":\"https:\/\/www.africa-press.net\/cameroun\/#website\"},\"primaryImageOfPage\":{\"@id\":\"https:\/\/www.africa-press.net\/cameroun\/politique\/diplomatie-la-presidence-la-republique-officialise-la-venue-du-president-francais-emmanuel-macron-au-cameroun#primaryimage\"},\"image\":{\"@id\":\"https:\/\/www.africa-press.net\/cameroun\/politique\/diplomatie-la-presidence-la-republique-officialise-la-venue-du-president-francais-emmanuel-macron-au-cameroun#primaryimage\"},\"thumbnailUrl\":\"https:\/\/static.africa-press.net\/cameroun\/sites\/57\/2022\/07\/img-62dacbcc80812.jpg\",\"datePublished\":\"2022-07-22T14:13:56+00:00\",\"dateModified\":\"2022-07-22T16:10:07+00:00\",\"author\":{\"@id\":\"https:\/\/www.africa-press.net\/cameroun\/#\/schema\/person\/2b1cf3cd81a31e3cd26889ca66d677f1\"},\"description\":\"C'est d\u00e9sormais officiel. Emmanuel Macron effectuera une visite officielle au Cameroun du 25 au 27 juillet 2022. La nouv ...\",\"breadcrumb\":{\"@id\":\"https:\/\/www.africa-press.net\/cameroun\/politique\/diplomatie-la-presidence-la-republique-officialise-la-venue-du-president-francais-emmanuel-macron-au-cameroun#breadcrumb\"},\"inLanguage\":\"fr-FR\",\"potentialAction\":[{\"@type\":\"ReadAction\",\"target\":[\"https:\/\/www.africa-press.net\/cameroun\/politique\/diplomatie-la-presidence-la-republique-officialise-la-venue-du-president-francais-emmanuel-macron-au-cameroun\"]}]},{\"@type\":\"ImageObject\",\"inLanguage\":\"fr-FR\",\"@id\":\"https:\/\/www.africa-press.net\/cameroun\/politique\/diplomatie-la-presidence-la-republique-officialise-la-venue-du-president-francais-emmanuel-macron-au-cameroun#primaryimage\",\"url\":\"https:\/\/static.africa-press.net\/cameroun\/sites\/57\/2022\/07\/img-62dacbcc80812.jpg\",\"contentUrl\":\"https:\/\/static.africa-press.net\/cameroun\/sites\/57\/2022\/07\/img-62dacbcc80812.jpg\",\"width\":800,\"height\":448,\"caption\":\"Diplomatie : La Presidence la R\u00e9publique officialise la venue du pr\u00e9sident fran\u00e7ais Emmanuel Macron au Cameroun\"},{\"@type\":\"BreadcrumbList\",\"@id\":\"https:\/\/www.africa-press.net\/cameroun\/politique\/diplomatie-la-presidence-la-republique-officialise-la-venue-du-president-francais-emmanuel-macron-au-cameroun#breadcrumb\",\"itemListElement\":[{\"@type\":\"ListItem\",\"position\":1,\"name\":\"Accueil\",\"item\":\"https:\/\/www.africa-press.net\/cameroun\/\"},{\"@type\":\"ListItem\",\"position\":2,\"name\":\"Diplomatie : La Presidence la R\u00e9publique officialise la venue du pr\u00e9sident fran\u00e7ais Emmanuel Macron au Cameroun\"}]},{\"@type\":\"WebSite\",\"@id\":\"https:\/\/www.africa-press.net\/cameroun\/#website\",\"url\":\"https:\/\/www.africa-press.net\/cameroun\/\",\"name\":\"Cameroun\",\"description\":\"Just another Africa News Agency Sites site\",\"potentialAction\":[{\"@type\":\"SearchAction\",\"target\":{\"@type\":\"EntryPoint\",\"urlTemplate\":\"https:\/\/www.africa-press.net\/cameroun\/?s={search_term_string}\"},\"query-input\":{\"@type\":\"PropertyValueSpecification\",\"valueRequired\":true,\"valueName\":\"search_term_string\"}}],\"inLanguage\":\"fr-FR\"},{\"@type\":\"Person\",\"@id\":\"https:\/\/www.africa-press.net\/cameroun\/#\/schema\/person\/2b1cf3cd81a31e3cd26889ca66d677f1\",\"name\":\"cfeditorfr\"}]}<\/script>\n<!-- \/ Yoast SEO Premium plugin. -->","yoast_head_json":{"title":"Diplomatie : La Presidence la R\u00e9publique officialise la venue du pr\u00e9sident fran\u00e7ais Emmanuel Macron au Cameroun - Cameroun","description":"C'est d\u00e9sormais officiel. Emmanuel Macron effectuera une visite officielle au Cameroun du 25 au 27 juillet 2022. La nouv ...","robots":{"index":"index","follow":"follow","max-snippet":"max-snippet:-1","max-image-preview":"max-image-preview:large","max-video-preview":"max-video-preview:-1"},"canonical":"https:\/\/www.africa-press.net\/cameroun\/politique\/diplomatie-la-presidence-la-republique-officialise-la-venue-du-president-francais-emmanuel-macron-au-cameroun","og_locale":"fr_FR","og_type":"article","og_title":"Diplomatie : La Presidence la R\u00e9publique officialise la venue du pr\u00e9sident fran\u00e7ais Emmanuel Macron au Cameroun","og_description":"C'est d\u00e9sormais officiel. Emmanuel Macron effectuera une visite officielle au Cameroun du 25 au 27 juillet 2022. La nouv ...","og_url":"https:\/\/www.africa-press.net\/cameroun\/politique\/diplomatie-la-presidence-la-republique-officialise-la-venue-du-president-francais-emmanuel-macron-au-cameroun","og_site_name":"Cameroun","article_published_time":"2022-07-22T14:13:56+00:00","article_modified_time":"2022-07-22T16:10:07+00:00","og_image":[{"width":800,"height":448,"url":"https:\/\/static.africa-press.net\/cameroun\/sites\/57\/2022\/07\/img-62dacbcc80812.jpg","type":"image\/jpeg"}],"author":"cfeditorfr","twitter_card":"summary_large_image","twitter_misc":{"\u00c9crit par":"cfeditorfr","Dur\u00e9e de lecture estim\u00e9e":"1 minute"},"schema":{"@context":"https:\/\/schema.org","@graph":[{"@type":"Article","@id":"https:\/\/www.africa-press.net\/cameroun\/politique\/diplomatie-la-presidence-la-republique-officialise-la-venue-du-president-francais-emmanuel-macron-au-cameroun#article","isPartOf":{"@id":"https:\/\/www.africa-press.net\/cameroun\/politique\/diplomatie-la-presidence-la-republique-officialise-la-venue-du-president-francais-emmanuel-macron-au-cameroun"},"author":{"name":"cfeditorfr","@id":"https:\/\/www.africa-press.net\/cameroun\/#\/schema\/person\/2b1cf3cd81a31e3cd26889ca66d677f1"},"headline":"Diplomatie : La Presidence la R\u00e9publique officialise la venue du pr\u00e9sident fran\u00e7ais Emmanuel Macron au Cameroun","datePublished":"2022-07-22T14:13:56+00:00","dateModified":"2022-07-22T16:10:07+00:00","mainEntityOfPage":{"@id":"https:\/\/www.africa-press.net\/cameroun\/politique\/diplomatie-la-presidence-la-republique-officialise-la-venue-du-president-francais-emmanuel-macron-au-cameroun"},"wordCount":154,"commentCount":0,"image":{"@id":"https:\/\/www.africa-press.net\/cameroun\/politique\/diplomatie-la-presidence-la-republique-officialise-la-venue-du-president-francais-emmanuel-macron-au-cameroun#primaryimage"},"thumbnailUrl":"https:\/\/static.africa-press.net\/cameroun\/sites\/57\/2022\/07\/img-62dacbcc80812.jpg","keywords":["Africa Press","Africa Press-Cameroun","Cameroun"],"articleSection":["homepage-french","Politique","Toutes les actualit\u00e9s"],"inLanguage":"fr-FR","potentialAction":[{"@type":"CommentAction","name":"Comment","target":["https:\/\/www.africa-press.net\/cameroun\/politique\/diplomatie-la-presidence-la-republique-officialise-la-venue-du-president-francais-emmanuel-macron-au-cameroun#respond"]}]},{"@type":"WebPage","@id":"https:\/\/www.africa-press.net\/cameroun\/politique\/diplomatie-la-presidence-la-republique-officialise-la-venue-du-president-francais-emmanuel-macron-au-cameroun","url":"https:\/\/www.africa-press.net\/cameroun\/politique\/diplomatie-la-presidence-la-republique-officialise-la-venue-du-president-francais-emmanuel-macron-au-cameroun","name":"Diplomatie : La Presidence la R\u00e9publique officialise la venue du pr\u00e9sident fran\u00e7ais Emmanuel Macron au Cameroun - Cameroun","isPartOf":{"@id":"https:\/\/www.africa-press.net\/cameroun\/#website"},"primaryImageOfPage":{"@id":"https:\/\/www.africa-press.net\/cameroun\/politique\/diplomatie-la-presidence-la-republique-officialise-la-venue-du-president-francais-emmanuel-macron-au-cameroun#primaryimage"},"image":{"@id":"https:\/\/www.africa-press.net\/cameroun\/politique\/diplomatie-la-presidence-la-republique-officialise-la-venue-du-president-francais-emmanuel-macron-au-cameroun#primaryimage"},"thumbnailUrl":"https:\/\/static.africa-press.net\/cameroun\/sites\/57\/2022\/07\/img-62dacbcc80812.jpg","datePublished":"2022-07-22T14:13:56+00:00","dateModified":"2022-07-22T16:10:07+00:00","author":{"@id":"https:\/\/www.africa-press.net\/cameroun\/#\/schema\/person\/2b1cf3cd81a31e3cd26889ca66d677f1"},"description":"C'est d\u00e9sormais officiel. Emmanuel Macron effectuera une visite officielle au Cameroun du 25 au 27 juillet 2022. La nouv ...","breadcrumb":{"@id":"https:\/\/www.africa-press.net\/cameroun\/politique\/diplomatie-la-presidence-la-republique-officialise-la-venue-du-president-francais-emmanuel-macron-au-cameroun#breadcrumb"},"inLanguage":"fr-FR","potentialAction":[{"@type":"ReadAction","target":["https:\/\/www.africa-press.net\/cameroun\/politique\/diplomatie-la-presidence-la-republique-officialise-la-venue-du-president-francais-emmanuel-macron-au-cameroun"]}]},{"@type":"ImageObject","inLanguage":"fr-FR","@id":"https:\/\/www.africa-press.net\/cameroun\/politique\/diplomatie-la-presidence-la-republique-officialise-la-venue-du-president-francais-emmanuel-macron-au-cameroun#primaryimage","url":"https:\/\/static.africa-press.net\/cameroun\/sites\/57\/2022\/07\/img-62dacbcc80812.jpg","contentUrl":"https:\/\/static.africa-press.net\/cameroun\/sites\/57\/2022\/07\/img-62dacbcc80812.jpg","width":800,"height":448,"caption":"Diplomatie : La Presidence la R\u00e9publique officialise la venue du pr\u00e9sident fran\u00e7ais Emmanuel Macron au Cameroun"},{"@type":"BreadcrumbList","@id":"https:\/\/www.africa-press.net\/cameroun\/politique\/diplomatie-la-presidence-la-republique-officialise-la-venue-du-president-francais-emmanuel-macron-au-cameroun#breadcrumb","itemListElement":[{"@type":"ListItem","position":1,"name":"Accueil","item":"https:\/\/www.africa-press.net\/cameroun\/"},{"@type":"ListItem","position":2,"name":"Diplomatie : La Presidence la R\u00e9publique officialise la venue du pr\u00e9sident fran\u00e7ais Emmanuel Macron au Cameroun"}]},{"@type":"WebSite","@id":"https:\/\/www.africa-press.net\/cameroun\/#website","url":"https:\/\/www.africa-press.net\/cameroun\/","name":"Cameroun","description":"Just another Africa News Agency Sites site","potentialAction":[{"@type":"SearchAction","target":{"@type":"EntryPoint","urlTemplate":"https:\/\/www.africa-press.net\/cameroun\/?s={search_term_string}"},"query-input":{"@type":"PropertyValueSpecification","valueRequired":true,"valueName":"search_term_string"}}],"inLanguage":"fr-FR"},{"@type":"Person","@id":"https:\/\/www.africa-press.net\/cameroun\/#\/schema\/person\/2b1cf3cd81a31e3cd26889ca66d677f1","name":"cfeditorfr"}]}},"_links":{"self":[{"href":"https:\/\/www.africa-press.net\/cameroun\/wp-json\/wp\/v2\/posts\/23972","targetHints":{"allow":["GET"]}}],"collection":[{"href":"https:\/\/www.africa-press.net\/cameroun\/wp-json\/wp\/v2\/posts"}],"about":[{"href":"https:\/\/www.africa-press.net\/cameroun\/wp-json\/wp\/v2\/types\/post"}],"author":[{"embeddable":true,"href":"https:\/\/www.africa-press.net\/cameroun\/wp-json\/wp\/v2\/users\/82"}],"replies":[{"embeddable":true,"href":"https:\/\/www.africa-press.net\/cameroun\/wp-json\/wp\/v2\/comments?post=23972"}],"version-history":[{"count":0,"href":"https:\/\/www.africa-press.net\/cameroun\/wp-json\/wp\/v2\/posts\/23972\/revisions"}],"wp:featuredmedia":[{"embeddable":true,"href":"https:\/\/www.africa-press.net\/cameroun\/wp-json\/wp\/v2\/media\/23971"}],"wp:attachment":[{"href":"https:\/\/www.africa-press.net\/cameroun\/wp-json\/wp\/v2\/media?parent=23972"}],"wp:term":[{"taxonomy":"category","embeddable":true,"href":"https:\/\/www.africa-press.net\/cameroun\/wp-json\/wp\/v2\/categories?post=23972"},{"taxonomy":"post_tag","embeddable":true,"href":"https:\/\/www.africa-press.net\/cameroun\/wp-json\/wp\/v2\/tags?post=23972"}],"curies":[{"name":"wp","href":"https:\/\/api.w.org\/{rel}","templated":true}]}}