{"id":23975,"date":"2022-07-22T14:25:24","date_gmt":"2022-07-22T14:25:24","guid":{"rendered":"https:\/\/www.africa-press.net\/cameroun\/politique\/visite-du-president-francais-voici-les-camerounais-qui-feront-partie-de-la-delegation-demmanuel-macron"},"modified":"2022-07-22T16:10:37","modified_gmt":"2022-07-22T16:10:37","slug":"visite-du-president-francais-voici-les-camerounais-qui-feront-partie-de-la-delegation-demmanuel-macron","status":"publish","type":"post","link":"https:\/\/www.africa-press.net\/cameroun\/dossiers\/visite-du-president-francais-voici-les-camerounais-qui-feront-partie-de-la-delegation-demmanuel-macron","title":{"rendered":"Visite du pr\u00e9sident fran\u00e7ais: Voici les Camerounais qui feront partie de la d\u00e9l\u00e9gation d\u2019Emmanuel Macron"},"content":{"rendered":"<p><span style=\"color: #ff6600\"><strong>Africa-Press &#8211; Cameroun. <\/strong><\/span>Des Camerounais seront dans l\u2019avion d\u2019Emmanuel Macron. C\u2019est ce que l\u2019Elys\u00e9e, la pr\u00e9sidence de la R\u00e9publique Fran\u00e7aise, a d\u00e9cid\u00e9. Pour son voyage pr\u00e9vu dans leur pays d\u2019origine les 25, 26 et 27 Juillet prochains le chef de l\u2019Etat fran\u00e7ais a d\u00e9cid\u00e9 de se faire accompagner des personnalit\u00e9s de nationalit\u00e9 ou d\u2019origine camerounaise issues des sph\u00e8res artistique, universitaire, m\u00e9diatique et sportive.<\/p>\n<p>www.cameroon-info.net a ainsi appris d\u2019une source retenue pour le voyage que la d\u00e9l\u00e9gation du pr\u00e9sident fran\u00e7ais va comprendre l\u2019universitaire Achilles Mbembe, les artistes-musiciens Blick Bassy et Jacques Greg Belobo, les journalistes Denise Epote (TV5 Monde) et Eric Golf Kouatchou (correspondant de la t\u00e9l\u00e9vision Canal 2 International en France) l\u2019ancien rugbyman international fran\u00e7ais d\u2019origine camerounaise Serge Betsen.<\/p>\n<p>Pour ce qui concerne Achille Mbembe, le journaliste sp\u00e9cialiste des relations franco-africaines fran\u00e7ais Antoine Glaser, semble avoir \u00e9t\u00e9 entendu puisqu\u2019il souhaitait un peu plu t\u00f4t ce 21 Juillet qu\u2019il soit du voyage. \u00ab Emmanuel Macron va faire un geste. Il va sans doute rencontrer des opposants politiques \u00e0 Paul Biya. Je pense qu\u2019il doit faire ce voyage avec Achille Mbembe, un historien devenu grand ami d\u2019Emmanuel Macron. C\u2019est lui qui l\u2019a aid\u00e9 \u00e0 organiser le sommet Afrique-France de Montpellier. C\u2019est un opposant notoire de Paul Biya \u00bb, a-t-il expliqu\u00e9 chez nos confr\u00e8re de TV5 Monde. .<\/p>\n<p>La visite d\u2019Emmanuel Macron au Cameroun a \u00e9t\u00e9 confirm\u00e9e ce jeudi 21 juillet 2022 par le cabinet civil de la Pr\u00e9sidence de la R\u00e9publique, \u00e0 travers un communiqu\u00e9. La nouvelle avait d\u00e9j\u00e0 \u00e9t\u00e9 ventil\u00e9e par le journal panafricain Jeune Afrique et des m\u00e9dias fran\u00e7ais.<\/p>\n<p><strong>Pour plus d&rsquo;informations et d&rsquo;analyses sur la <a href=\"https:\/\/www.africa-press.net\/cameroun\">Cameroun<\/a>, suivez <a href=\"https:\/\/www.africa-press.net\/\">Africa-Press<\/a><\/strong><\/p>\n","protected":false},"excerpt":{"rendered":"<p>Africa-Press &#8211; Cameroun. Des Camerounais seront dans l\u2019avion d\u2019Emmanuel Macron. C\u2019est ce que l\u2019Elys\u00e9e, la pr\u00e9sidence de la R\u00e9publique Fran\u00e7aise, a d\u00e9cid\u00e9. Pour son voyage pr\u00e9vu dans leur pays d\u2019origine les 25, 26 et 27 Juillet prochains le chef de l\u2019Etat fran\u00e7ais a d\u00e9cid\u00e9 de se faire accompagner des personnalit\u00e9s de nationalit\u00e9 ou d\u2019origine camerounaise [&hellip;]<\/p>\n","protected":false},"author":82,"featured_media":23974,"comment_status":"open","ping_status":"closed","sticky":false,"template":"","format":"standard","meta":{"footnotes":""},"categories":[7,11,10],"tags":[36,50,49],"class_list":["post-23975","post","type-post","status-publish","format-standard","has-post-thumbnail","hentry","category-dossiers","category-homepage-french","category-toutes-les-actualites","tag-africa-press","tag-africa-press-cameroun","tag-cameroun"],"yoast_head":"<!-- This site is optimized with the Yoast SEO Premium plugin v26.1 (Yoast SEO v27.0) - https:\/\/yoast.com\/product\/yoast-seo-premium-wordpress\/ -->\n<title>Visite du pr\u00e9sident fran\u00e7ais: Voici les Camerounais qui feront partie de la d\u00e9l\u00e9gation d\u2019Emmanuel Macron - Cameroun<\/title>\n<meta name=\"description\" content=\"Des Camerounais seront dans l\u2019avion d\u2019Emmanuel Macron. C\u2019est ce que l\u2019Elys\u00e9e, la pr\u00e9sidence de la R\u00e9publique Fran\u00e7aise, ...\" \/>\n<meta name=\"robots\" content=\"index, follow, max-snippet:-1, max-image-preview:large, max-video-preview:-1\" \/>\n<link rel=\"canonical\" href=\"https:\/\/www.africa-press.net\/cameroun\/dossiers\/visite-du-president-francais-voici-les-camerounais-qui-feront-partie-de-la-delegation-demmanuel-macron\" \/>\n<meta property=\"og:locale\" content=\"fr_FR\" \/>\n<meta property=\"og:type\" content=\"article\" \/>\n<meta property=\"og:title\" content=\"Visite du pr\u00e9sident fran\u00e7ais: Voici les Camerounais qui feront partie de la d\u00e9l\u00e9gation d\u2019Emmanuel Macron\" \/>\n<meta property=\"og:description\" content=\"Des Camerounais seront dans l\u2019avion d\u2019Emmanuel Macron. C\u2019est ce que l\u2019Elys\u00e9e, la pr\u00e9sidence de la R\u00e9publique Fran\u00e7aise, ...\" \/>\n<meta property=\"og:url\" content=\"https:\/\/www.africa-press.net\/cameroun\/dossiers\/visite-du-president-francais-voici-les-camerounais-qui-feront-partie-de-la-delegation-demmanuel-macron\" \/>\n<meta property=\"og:site_name\" content=\"Cameroun\" \/>\n<meta property=\"article:published_time\" content=\"2022-07-22T14:25:24+00:00\" \/>\n<meta property=\"article:modified_time\" content=\"2022-07-22T16:10:37+00:00\" \/>\n<meta property=\"og:image\" content=\"https:\/\/static.africa-press.net\/cameroun\/sites\/57\/2022\/07\/img-62dacbe8eb2d5.jpg\" \/>\n\t<meta property=\"og:image:width\" content=\"800\" \/>\n\t<meta property=\"og:image:height\" content=\"451\" \/>\n\t<meta property=\"og:image:type\" content=\"image\/jpeg\" \/>\n<meta name=\"author\" content=\"cfeditorfr\" \/>\n<meta name=\"twitter:card\" content=\"summary_large_image\" \/>\n<meta name=\"twitter:label1\" content=\"\u00c9crit par\" \/>\n\t<meta name=\"twitter:data1\" content=\"cfeditorfr\" \/>\n\t<meta name=\"twitter:label2\" content=\"Dur\u00e9e de lecture estim\u00e9e\" \/>\n\t<meta name=\"twitter:data2\" content=\"2 minutes\" \/>\n<script type=\"application\/ld+json\" class=\"yoast-schema-graph\">{\"@context\":\"https:\/\/schema.org\",\"@graph\":[{\"@type\":\"Article\",\"@id\":\"https:\/\/www.africa-press.net\/cameroun\/dossiers\/visite-du-president-francais-voici-les-camerounais-qui-feront-partie-de-la-delegation-demmanuel-macron#article\",\"isPartOf\":{\"@id\":\"https:\/\/www.africa-press.net\/cameroun\/dossiers\/visite-du-president-francais-voici-les-camerounais-qui-feront-partie-de-la-delegation-demmanuel-macron\"},\"author\":{\"name\":\"cfeditorfr\",\"@id\":\"https:\/\/www.africa-press.net\/cameroun\/#\/schema\/person\/2b1cf3cd81a31e3cd26889ca66d677f1\"},\"headline\":\"Visite du pr\u00e9sident fran\u00e7ais: Voici les Camerounais qui feront partie de la d\u00e9l\u00e9gation d\u2019Emmanuel Macron\",\"datePublished\":\"2022-07-22T14:25:24+00:00\",\"dateModified\":\"2022-07-22T16:10:37+00:00\",\"mainEntityOfPage\":{\"@id\":\"https:\/\/www.africa-press.net\/cameroun\/dossiers\/visite-du-president-francais-voici-les-camerounais-qui-feront-partie-de-la-delegation-demmanuel-macron\"},\"wordCount\":328,\"commentCount\":0,\"image\":{\"@id\":\"https:\/\/www.africa-press.net\/cameroun\/dossiers\/visite-du-president-francais-voici-les-camerounais-qui-feront-partie-de-la-delegation-demmanuel-macron#primaryimage\"},\"thumbnailUrl\":\"https:\/\/static.africa-press.net\/cameroun\/sites\/57\/2022\/07\/img-62dacbe8eb2d5.jpg\",\"keywords\":[\"Africa Press\",\"Africa Press-Cameroun\",\"Cameroun\"],\"articleSection\":[\"Dossiers\",\"homepage-french\",\"Toutes les actualit\u00e9s\"],\"inLanguage\":\"fr-FR\",\"potentialAction\":[{\"@type\":\"CommentAction\",\"name\":\"Comment\",\"target\":[\"https:\/\/www.africa-press.net\/cameroun\/dossiers\/visite-du-president-francais-voici-les-camerounais-qui-feront-partie-de-la-delegation-demmanuel-macron#respond\"]}]},{\"@type\":\"WebPage\",\"@id\":\"https:\/\/www.africa-press.net\/cameroun\/dossiers\/visite-du-president-francais-voici-les-camerounais-qui-feront-partie-de-la-delegation-demmanuel-macron\",\"url\":\"https:\/\/www.africa-press.net\/cameroun\/dossiers\/visite-du-president-francais-voici-les-camerounais-qui-feront-partie-de-la-delegation-demmanuel-macron\",\"name\":\"Visite du pr\u00e9sident fran\u00e7ais: Voici les Camerounais qui feront partie de la d\u00e9l\u00e9gation d\u2019Emmanuel Macron - Cameroun\",\"isPartOf\":{\"@id\":\"https:\/\/www.africa-press.net\/cameroun\/#website\"},\"primaryImageOfPage\":{\"@id\":\"https:\/\/www.africa-press.net\/cameroun\/dossiers\/visite-du-president-francais-voici-les-camerounais-qui-feront-partie-de-la-delegation-demmanuel-macron#primaryimage\"},\"image\":{\"@id\":\"https:\/\/www.africa-press.net\/cameroun\/dossiers\/visite-du-president-francais-voici-les-camerounais-qui-feront-partie-de-la-delegation-demmanuel-macron#primaryimage\"},\"thumbnailUrl\":\"https:\/\/static.africa-press.net\/cameroun\/sites\/57\/2022\/07\/img-62dacbe8eb2d5.jpg\",\"datePublished\":\"2022-07-22T14:25:24+00:00\",\"dateModified\":\"2022-07-22T16:10:37+00:00\",\"author\":{\"@id\":\"https:\/\/www.africa-press.net\/cameroun\/#\/schema\/person\/2b1cf3cd81a31e3cd26889ca66d677f1\"},\"description\":\"Des Camerounais seront dans l\u2019avion d\u2019Emmanuel Macron. C\u2019est ce que l\u2019Elys\u00e9e, la pr\u00e9sidence de la R\u00e9publique Fran\u00e7aise, ...\",\"breadcrumb\":{\"@id\":\"https:\/\/www.africa-press.net\/cameroun\/dossiers\/visite-du-president-francais-voici-les-camerounais-qui-feront-partie-de-la-delegation-demmanuel-macron#breadcrumb\"},\"inLanguage\":\"fr-FR\",\"potentialAction\":[{\"@type\":\"ReadAction\",\"target\":[\"https:\/\/www.africa-press.net\/cameroun\/dossiers\/visite-du-president-francais-voici-les-camerounais-qui-feront-partie-de-la-delegation-demmanuel-macron\"]}]},{\"@type\":\"ImageObject\",\"inLanguage\":\"fr-FR\",\"@id\":\"https:\/\/www.africa-press.net\/cameroun\/dossiers\/visite-du-president-francais-voici-les-camerounais-qui-feront-partie-de-la-delegation-demmanuel-macron#primaryimage\",\"url\":\"https:\/\/static.africa-press.net\/cameroun\/sites\/57\/2022\/07\/img-62dacbe8eb2d5.jpg\",\"contentUrl\":\"https:\/\/static.africa-press.net\/cameroun\/sites\/57\/2022\/07\/img-62dacbe8eb2d5.jpg\",\"width\":800,\"height\":451,\"caption\":\"Visite du pr\u00e9sident fran\u00e7ais: Voici les Camerounais qui feront partie de la d\u00e9l\u00e9gation d\u2019Emmanuel Macron\"},{\"@type\":\"BreadcrumbList\",\"@id\":\"https:\/\/www.africa-press.net\/cameroun\/dossiers\/visite-du-president-francais-voici-les-camerounais-qui-feront-partie-de-la-delegation-demmanuel-macron#breadcrumb\",\"itemListElement\":[{\"@type\":\"ListItem\",\"position\":1,\"name\":\"Accueil\",\"item\":\"https:\/\/www.africa-press.net\/cameroun\/\"},{\"@type\":\"ListItem\",\"position\":2,\"name\":\"Visite du pr\u00e9sident fran\u00e7ais: Voici les Camerounais qui feront partie de la d\u00e9l\u00e9gation d\u2019Emmanuel Macron\"}]},{\"@type\":\"WebSite\",\"@id\":\"https:\/\/www.africa-press.net\/cameroun\/#website\",\"url\":\"https:\/\/www.africa-press.net\/cameroun\/\",\"name\":\"Cameroun\",\"description\":\"Just another Africa News Agency Sites site\",\"potentialAction\":[{\"@type\":\"SearchAction\",\"target\":{\"@type\":\"EntryPoint\",\"urlTemplate\":\"https:\/\/www.africa-press.net\/cameroun\/?s={search_term_string}\"},\"query-input\":{\"@type\":\"PropertyValueSpecification\",\"valueRequired\":true,\"valueName\":\"search_term_string\"}}],\"inLanguage\":\"fr-FR\"},{\"@type\":\"Person\",\"@id\":\"https:\/\/www.africa-press.net\/cameroun\/#\/schema\/person\/2b1cf3cd81a31e3cd26889ca66d677f1\",\"name\":\"cfeditorfr\"}]}<\/script>\n<!-- \/ Yoast SEO Premium plugin. -->","yoast_head_json":{"title":"Visite du pr\u00e9sident fran\u00e7ais: Voici les Camerounais qui feront partie de la d\u00e9l\u00e9gation d\u2019Emmanuel Macron - Cameroun","description":"Des Camerounais seront dans l\u2019avion d\u2019Emmanuel Macron. C\u2019est ce que l\u2019Elys\u00e9e, la pr\u00e9sidence de la R\u00e9publique Fran\u00e7aise, ...","robots":{"index":"index","follow":"follow","max-snippet":"max-snippet:-1","max-image-preview":"max-image-preview:large","max-video-preview":"max-video-preview:-1"},"canonical":"https:\/\/www.africa-press.net\/cameroun\/dossiers\/visite-du-president-francais-voici-les-camerounais-qui-feront-partie-de-la-delegation-demmanuel-macron","og_locale":"fr_FR","og_type":"article","og_title":"Visite du pr\u00e9sident fran\u00e7ais: Voici les Camerounais qui feront partie de la d\u00e9l\u00e9gation d\u2019Emmanuel Macron","og_description":"Des Camerounais seront dans l\u2019avion d\u2019Emmanuel Macron. C\u2019est ce que l\u2019Elys\u00e9e, la pr\u00e9sidence de la R\u00e9publique Fran\u00e7aise, ...","og_url":"https:\/\/www.africa-press.net\/cameroun\/dossiers\/visite-du-president-francais-voici-les-camerounais-qui-feront-partie-de-la-delegation-demmanuel-macron","og_site_name":"Cameroun","article_published_time":"2022-07-22T14:25:24+00:00","article_modified_time":"2022-07-22T16:10:37+00:00","og_image":[{"width":800,"height":451,"url":"https:\/\/static.africa-press.net\/cameroun\/sites\/57\/2022\/07\/img-62dacbe8eb2d5.jpg","type":"image\/jpeg"}],"author":"cfeditorfr","twitter_card":"summary_large_image","twitter_misc":{"\u00c9crit par":"cfeditorfr","Dur\u00e9e de lecture estim\u00e9e":"2 minutes"},"schema":{"@context":"https:\/\/schema.org","@graph":[{"@type":"Article","@id":"https:\/\/www.africa-press.net\/cameroun\/dossiers\/visite-du-president-francais-voici-les-camerounais-qui-feront-partie-de-la-delegation-demmanuel-macron#article","isPartOf":{"@id":"https:\/\/www.africa-press.net\/cameroun\/dossiers\/visite-du-president-francais-voici-les-camerounais-qui-feront-partie-de-la-delegation-demmanuel-macron"},"author":{"name":"cfeditorfr","@id":"https:\/\/www.africa-press.net\/cameroun\/#\/schema\/person\/2b1cf3cd81a31e3cd26889ca66d677f1"},"headline":"Visite du pr\u00e9sident fran\u00e7ais: Voici les Camerounais qui feront partie de la d\u00e9l\u00e9gation d\u2019Emmanuel Macron","datePublished":"2022-07-22T14:25:24+00:00","dateModified":"2022-07-22T16:10:37+00:00","mainEntityOfPage":{"@id":"https:\/\/www.africa-press.net\/cameroun\/dossiers\/visite-du-president-francais-voici-les-camerounais-qui-feront-partie-de-la-delegation-demmanuel-macron"},"wordCount":328,"commentCount":0,"image":{"@id":"https:\/\/www.africa-press.net\/cameroun\/dossiers\/visite-du-president-francais-voici-les-camerounais-qui-feront-partie-de-la-delegation-demmanuel-macron#primaryimage"},"thumbnailUrl":"https:\/\/static.africa-press.net\/cameroun\/sites\/57\/2022\/07\/img-62dacbe8eb2d5.jpg","keywords":["Africa Press","Africa Press-Cameroun","Cameroun"],"articleSection":["Dossiers","homepage-french","Toutes les actualit\u00e9s"],"inLanguage":"fr-FR","potentialAction":[{"@type":"CommentAction","name":"Comment","target":["https:\/\/www.africa-press.net\/cameroun\/dossiers\/visite-du-president-francais-voici-les-camerounais-qui-feront-partie-de-la-delegation-demmanuel-macron#respond"]}]},{"@type":"WebPage","@id":"https:\/\/www.africa-press.net\/cameroun\/dossiers\/visite-du-president-francais-voici-les-camerounais-qui-feront-partie-de-la-delegation-demmanuel-macron","url":"https:\/\/www.africa-press.net\/cameroun\/dossiers\/visite-du-president-francais-voici-les-camerounais-qui-feront-partie-de-la-delegation-demmanuel-macron","name":"Visite du pr\u00e9sident fran\u00e7ais: Voici les Camerounais qui feront partie de la d\u00e9l\u00e9gation d\u2019Emmanuel Macron - Cameroun","isPartOf":{"@id":"https:\/\/www.africa-press.net\/cameroun\/#website"},"primaryImageOfPage":{"@id":"https:\/\/www.africa-press.net\/cameroun\/dossiers\/visite-du-president-francais-voici-les-camerounais-qui-feront-partie-de-la-delegation-demmanuel-macron#primaryimage"},"image":{"@id":"https:\/\/www.africa-press.net\/cameroun\/dossiers\/visite-du-president-francais-voici-les-camerounais-qui-feront-partie-de-la-delegation-demmanuel-macron#primaryimage"},"thumbnailUrl":"https:\/\/static.africa-press.net\/cameroun\/sites\/57\/2022\/07\/img-62dacbe8eb2d5.jpg","datePublished":"2022-07-22T14:25:24+00:00","dateModified":"2022-07-22T16:10:37+00:00","author":{"@id":"https:\/\/www.africa-press.net\/cameroun\/#\/schema\/person\/2b1cf3cd81a31e3cd26889ca66d677f1"},"description":"Des Camerounais seront dans l\u2019avion d\u2019Emmanuel Macron. C\u2019est ce que l\u2019Elys\u00e9e, la pr\u00e9sidence de la R\u00e9publique Fran\u00e7aise, ...","breadcrumb":{"@id":"https:\/\/www.africa-press.net\/cameroun\/dossiers\/visite-du-president-francais-voici-les-camerounais-qui-feront-partie-de-la-delegation-demmanuel-macron#breadcrumb"},"inLanguage":"fr-FR","potentialAction":[{"@type":"ReadAction","target":["https:\/\/www.africa-press.net\/cameroun\/dossiers\/visite-du-president-francais-voici-les-camerounais-qui-feront-partie-de-la-delegation-demmanuel-macron"]}]},{"@type":"ImageObject","inLanguage":"fr-FR","@id":"https:\/\/www.africa-press.net\/cameroun\/dossiers\/visite-du-president-francais-voici-les-camerounais-qui-feront-partie-de-la-delegation-demmanuel-macron#primaryimage","url":"https:\/\/static.africa-press.net\/cameroun\/sites\/57\/2022\/07\/img-62dacbe8eb2d5.jpg","contentUrl":"https:\/\/static.africa-press.net\/cameroun\/sites\/57\/2022\/07\/img-62dacbe8eb2d5.jpg","width":800,"height":451,"caption":"Visite du pr\u00e9sident fran\u00e7ais: Voici les Camerounais qui feront partie de la d\u00e9l\u00e9gation d\u2019Emmanuel Macron"},{"@type":"BreadcrumbList","@id":"https:\/\/www.africa-press.net\/cameroun\/dossiers\/visite-du-president-francais-voici-les-camerounais-qui-feront-partie-de-la-delegation-demmanuel-macron#breadcrumb","itemListElement":[{"@type":"ListItem","position":1,"name":"Accueil","item":"https:\/\/www.africa-press.net\/cameroun\/"},{"@type":"ListItem","position":2,"name":"Visite du pr\u00e9sident fran\u00e7ais: Voici les Camerounais qui feront partie de la d\u00e9l\u00e9gation d\u2019Emmanuel Macron"}]},{"@type":"WebSite","@id":"https:\/\/www.africa-press.net\/cameroun\/#website","url":"https:\/\/www.africa-press.net\/cameroun\/","name":"Cameroun","description":"Just another Africa News Agency Sites site","potentialAction":[{"@type":"SearchAction","target":{"@type":"EntryPoint","urlTemplate":"https:\/\/www.africa-press.net\/cameroun\/?s={search_term_string}"},"query-input":{"@type":"PropertyValueSpecification","valueRequired":true,"valueName":"search_term_string"}}],"inLanguage":"fr-FR"},{"@type":"Person","@id":"https:\/\/www.africa-press.net\/cameroun\/#\/schema\/person\/2b1cf3cd81a31e3cd26889ca66d677f1","name":"cfeditorfr"}]}},"_links":{"self":[{"href":"https:\/\/www.africa-press.net\/cameroun\/wp-json\/wp\/v2\/posts\/23975","targetHints":{"allow":["GET"]}}],"collection":[{"href":"https:\/\/www.africa-press.net\/cameroun\/wp-json\/wp\/v2\/posts"}],"about":[{"href":"https:\/\/www.africa-press.net\/cameroun\/wp-json\/wp\/v2\/types\/post"}],"author":[{"embeddable":true,"href":"https:\/\/www.africa-press.net\/cameroun\/wp-json\/wp\/v2\/users\/82"}],"replies":[{"embeddable":true,"href":"https:\/\/www.africa-press.net\/cameroun\/wp-json\/wp\/v2\/comments?post=23975"}],"version-history":[{"count":0,"href":"https:\/\/www.africa-press.net\/cameroun\/wp-json\/wp\/v2\/posts\/23975\/revisions"}],"wp:featuredmedia":[{"embeddable":true,"href":"https:\/\/www.africa-press.net\/cameroun\/wp-json\/wp\/v2\/media\/23974"}],"wp:attachment":[{"href":"https:\/\/www.africa-press.net\/cameroun\/wp-json\/wp\/v2\/media?parent=23975"}],"wp:term":[{"taxonomy":"category","embeddable":true,"href":"https:\/\/www.africa-press.net\/cameroun\/wp-json\/wp\/v2\/categories?post=23975"},{"taxonomy":"post_tag","embeddable":true,"href":"https:\/\/www.africa-press.net\/cameroun\/wp-json\/wp\/v2\/tags?post=23975"}],"curies":[{"name":"wp","href":"https:\/\/api.w.org\/{rel}","templated":true}]}}