{"id":23978,"date":"2022-07-22T14:31:59","date_gmt":"2022-07-22T14:31:59","guid":{"rendered":"https:\/\/www.africa-press.net\/cameroun\/politique\/football-face-aux-rumeurs-de-vacance-a-la-tete-de-la-fecafoot-le-comite-executif-conforte-samuel-etoo-fils-dans-ses-fonctions-de-president"},"modified":"2022-07-22T16:11:11","modified_gmt":"2022-07-22T16:11:11","slug":"football-face-aux-rumeurs-de-vacance-a-la-tete-de-la-fecafoot-le-comite-executif-conforte-samuel-etoo-fils-dans-ses-fonctions-de-president","status":"publish","type":"post","link":"https:\/\/www.africa-press.net\/cameroun\/sports\/football-face-aux-rumeurs-de-vacance-a-la-tete-de-la-fecafoot-le-comite-executif-conforte-samuel-etoo-fils-dans-ses-fonctions-de-president","title":{"rendered":"Football : Face aux rumeurs de vacance \u00e0 la t\u00eate de la FECAFOOT, le Comit\u00e9 ex\u00e9cutif conforte Samuel Eto&rsquo;o Fils dans ses fonctions de pr\u00e9sident"},"content":{"rendered":"<p><span style=\"color: #ff6600\"><strong>Africa-Press &#8211; Cameroun. <\/strong><\/span>Apres la condamnation de Samuel Eto&rsquo;o Fils le 21 juin 2022 par la justice espagnole \u00e0 22 mois de prison avec sursis, des voix se sont \u00e9lev\u00e9es parmi les contempteurs du pr\u00e9sident de la F\u00e9d\u00e9ration camerounaise de football (FECAFOOT) pour proclamer la vacance \u00e0 la t\u00eate de l&rsquo;instance du football local. D&rsquo;aucuns ont m\u00eame sugg\u00e9r\u00e9 \u00e0 la vice-pr\u00e9sidente C\u00e9line Eko Mendomo, de prendre ses responsabilit\u00e9s en occupant le fauteuil de pr\u00e9sident.<\/p>\n<p>Des all\u00e9gations confuses qui n&rsquo;ont pas laiss\u00e9 de marbre le Comit\u00e9 ex\u00e9cutif. L&rsquo;instance de d\u00e9cision r\u00e9uni ce jeudi 21 juillet 2022 \u00e0 Yaound\u00e9, a prioritairement apport\u00e9 un d\u00e9menti sur cette pr\u00e9tendue vacance \u00e0 la t\u00eate de la FECAFOOT, et a en outre renouvel\u00e9 sa confiance au patron de l&rsquo;ex\u00e9cutif.<\/p>\n<p><b>\u00ab\u00a0Les 16 membres du Comit\u00e9 ex\u00e9cutif r\u00e9unis ce jour accordent leur totale confiance au pr\u00e9sident Samuel Eto&rsquo;o dans la mise en \u0153uvre des projets qui ont permis de changer radicalement le monde du football en 07 mois seulement\u00a0\u00bb,<\/b><\/p>\n<p>lit-on dans ce communiqu\u00e9.<\/p>\n<p>Cette position devrait ragaillardir le chef du football camerounais, engag\u00e9 sur plusieurs fronts pour la modernisation et la professionnalisation du football camerounais, mais dont l&rsquo;\u00e9lection \u00e0 la FECAFOOT n&rsquo;est pas sans aiguiser les app\u00e9tits de ses pourfendeurs.<\/p>\n<p><strong>Pour plus d&rsquo;informations et d&rsquo;analyses sur la <a href=\"https:\/\/www.africa-press.net\/cameroun\">Cameroun<\/a>, suivez <a href=\"https:\/\/www.africa-press.net\/\">Africa-Press<\/a><\/strong><\/p>\n","protected":false},"excerpt":{"rendered":"<p>Africa-Press &#8211; Cameroun. Apres la condamnation de Samuel Eto&rsquo;o Fils le 21 juin 2022 par la justice espagnole \u00e0 22 mois de prison avec sursis, des voix se sont \u00e9lev\u00e9es parmi les contempteurs du pr\u00e9sident de la F\u00e9d\u00e9ration camerounaise de football (FECAFOOT) pour proclamer la vacance \u00e0 la t\u00eate de l&rsquo;instance du football local. D&rsquo;aucuns [&hellip;]<\/p>\n","protected":false},"author":82,"featured_media":23977,"comment_status":"open","ping_status":"closed","sticky":false,"template":"","format":"standard","meta":{"footnotes":""},"categories":[11,6,10],"tags":[36,50,49],"class_list":["post-23978","post","type-post","status-publish","format-standard","has-post-thumbnail","hentry","category-homepage-french","category-sports","category-toutes-les-actualites","tag-africa-press","tag-africa-press-cameroun","tag-cameroun"],"yoast_head":"<!-- This site is optimized with the Yoast SEO Premium plugin v26.1 (Yoast SEO v27.0) - https:\/\/yoast.com\/product\/yoast-seo-premium-wordpress\/ -->\n<title>Football : Face aux rumeurs de vacance \u00e0 la t\u00eate de la FECAFOOT, le Comit\u00e9 ex\u00e9cutif conforte Samuel Eto&#039;o Fils dans ses fonctions de pr\u00e9sident - Cameroun<\/title>\n<meta name=\"description\" content=\"Apres la condamnation de Samuel Eto&#039;o Fils le 21 juin 2022 par la justice espagnole \u00e0 22 mois de prison avec sursis, des ...\" \/>\n<meta name=\"robots\" content=\"index, follow, max-snippet:-1, max-image-preview:large, max-video-preview:-1\" \/>\n<link rel=\"canonical\" href=\"https:\/\/www.africa-press.net\/cameroun\/sports\/football-face-aux-rumeurs-de-vacance-a-la-tete-de-la-fecafoot-le-comite-executif-conforte-samuel-etoo-fils-dans-ses-fonctions-de-president\" \/>\n<meta property=\"og:locale\" content=\"fr_FR\" \/>\n<meta property=\"og:type\" content=\"article\" \/>\n<meta property=\"og:title\" content=\"Football : Face aux rumeurs de vacance \u00e0 la t\u00eate de la FECAFOOT, le Comit\u00e9 ex\u00e9cutif conforte Samuel Eto&#039;o Fils dans ses fonctions de pr\u00e9sident\" \/>\n<meta property=\"og:description\" content=\"Apres la condamnation de Samuel Eto&#039;o Fils le 21 juin 2022 par la justice espagnole \u00e0 22 mois de prison avec sursis, des ...\" \/>\n<meta property=\"og:url\" content=\"https:\/\/www.africa-press.net\/cameroun\/sports\/football-face-aux-rumeurs-de-vacance-a-la-tete-de-la-fecafoot-le-comite-executif-conforte-samuel-etoo-fils-dans-ses-fonctions-de-president\" \/>\n<meta property=\"og:site_name\" content=\"Cameroun\" \/>\n<meta property=\"article:published_time\" content=\"2022-07-22T14:31:59+00:00\" \/>\n<meta property=\"article:modified_time\" content=\"2022-07-22T16:11:11+00:00\" \/>\n<meta property=\"og:image\" content=\"https:\/\/static.africa-press.net\/cameroun\/sites\/57\/2022\/07\/img-62dacc08df94c.jpg\" \/>\n\t<meta property=\"og:image:width\" content=\"800\" \/>\n\t<meta property=\"og:image:height\" content=\"451\" \/>\n\t<meta property=\"og:image:type\" content=\"image\/jpeg\" \/>\n<meta name=\"author\" content=\"cfeditorfr\" \/>\n<meta name=\"twitter:card\" content=\"summary_large_image\" \/>\n<meta name=\"twitter:label1\" content=\"\u00c9crit par\" \/>\n\t<meta name=\"twitter:data1\" content=\"cfeditorfr\" \/>\n\t<meta name=\"twitter:label2\" content=\"Dur\u00e9e de lecture estim\u00e9e\" \/>\n\t<meta name=\"twitter:data2\" content=\"2 minutes\" \/>\n<script type=\"application\/ld+json\" class=\"yoast-schema-graph\">{\"@context\":\"https:\/\/schema.org\",\"@graph\":[{\"@type\":\"Article\",\"@id\":\"https:\/\/www.africa-press.net\/cameroun\/sports\/football-face-aux-rumeurs-de-vacance-a-la-tete-de-la-fecafoot-le-comite-executif-conforte-samuel-etoo-fils-dans-ses-fonctions-de-president#article\",\"isPartOf\":{\"@id\":\"https:\/\/www.africa-press.net\/cameroun\/sports\/football-face-aux-rumeurs-de-vacance-a-la-tete-de-la-fecafoot-le-comite-executif-conforte-samuel-etoo-fils-dans-ses-fonctions-de-president\"},\"author\":{\"name\":\"cfeditorfr\",\"@id\":\"https:\/\/www.africa-press.net\/cameroun\/#\/schema\/person\/2b1cf3cd81a31e3cd26889ca66d677f1\"},\"headline\":\"Football : Face aux rumeurs de vacance \u00e0 la t\u00eate de la FECAFOOT, le Comit\u00e9 ex\u00e9cutif conforte Samuel Eto&rsquo;o Fils dans ses fonctions de pr\u00e9sident\",\"datePublished\":\"2022-07-22T14:31:59+00:00\",\"dateModified\":\"2022-07-22T16:11:11+00:00\",\"mainEntityOfPage\":{\"@id\":\"https:\/\/www.africa-press.net\/cameroun\/sports\/football-face-aux-rumeurs-de-vacance-a-la-tete-de-la-fecafoot-le-comite-executif-conforte-samuel-etoo-fils-dans-ses-fonctions-de-president\"},\"wordCount\":260,\"commentCount\":0,\"image\":{\"@id\":\"https:\/\/www.africa-press.net\/cameroun\/sports\/football-face-aux-rumeurs-de-vacance-a-la-tete-de-la-fecafoot-le-comite-executif-conforte-samuel-etoo-fils-dans-ses-fonctions-de-president#primaryimage\"},\"thumbnailUrl\":\"https:\/\/static.africa-press.net\/cameroun\/sites\/57\/2022\/07\/img-62dacc08df94c.jpg\",\"keywords\":[\"Africa Press\",\"Africa Press-Cameroun\",\"Cameroun\"],\"articleSection\":[\"homepage-french\",\"Sports\",\"Toutes les actualit\u00e9s\"],\"inLanguage\":\"fr-FR\",\"potentialAction\":[{\"@type\":\"CommentAction\",\"name\":\"Comment\",\"target\":[\"https:\/\/www.africa-press.net\/cameroun\/sports\/football-face-aux-rumeurs-de-vacance-a-la-tete-de-la-fecafoot-le-comite-executif-conforte-samuel-etoo-fils-dans-ses-fonctions-de-president#respond\"]}]},{\"@type\":\"WebPage\",\"@id\":\"https:\/\/www.africa-press.net\/cameroun\/sports\/football-face-aux-rumeurs-de-vacance-a-la-tete-de-la-fecafoot-le-comite-executif-conforte-samuel-etoo-fils-dans-ses-fonctions-de-president\",\"url\":\"https:\/\/www.africa-press.net\/cameroun\/sports\/football-face-aux-rumeurs-de-vacance-a-la-tete-de-la-fecafoot-le-comite-executif-conforte-samuel-etoo-fils-dans-ses-fonctions-de-president\",\"name\":\"Football : Face aux rumeurs de vacance \u00e0 la t\u00eate de la FECAFOOT, le Comit\u00e9 ex\u00e9cutif conforte Samuel Eto'o Fils dans ses fonctions de pr\u00e9sident - Cameroun\",\"isPartOf\":{\"@id\":\"https:\/\/www.africa-press.net\/cameroun\/#website\"},\"primaryImageOfPage\":{\"@id\":\"https:\/\/www.africa-press.net\/cameroun\/sports\/football-face-aux-rumeurs-de-vacance-a-la-tete-de-la-fecafoot-le-comite-executif-conforte-samuel-etoo-fils-dans-ses-fonctions-de-president#primaryimage\"},\"image\":{\"@id\":\"https:\/\/www.africa-press.net\/cameroun\/sports\/football-face-aux-rumeurs-de-vacance-a-la-tete-de-la-fecafoot-le-comite-executif-conforte-samuel-etoo-fils-dans-ses-fonctions-de-president#primaryimage\"},\"thumbnailUrl\":\"https:\/\/static.africa-press.net\/cameroun\/sites\/57\/2022\/07\/img-62dacc08df94c.jpg\",\"datePublished\":\"2022-07-22T14:31:59+00:00\",\"dateModified\":\"2022-07-22T16:11:11+00:00\",\"author\":{\"@id\":\"https:\/\/www.africa-press.net\/cameroun\/#\/schema\/person\/2b1cf3cd81a31e3cd26889ca66d677f1\"},\"description\":\"Apres la condamnation de Samuel Eto'o Fils le 21 juin 2022 par la justice espagnole \u00e0 22 mois de prison avec sursis, des ...\",\"breadcrumb\":{\"@id\":\"https:\/\/www.africa-press.net\/cameroun\/sports\/football-face-aux-rumeurs-de-vacance-a-la-tete-de-la-fecafoot-le-comite-executif-conforte-samuel-etoo-fils-dans-ses-fonctions-de-president#breadcrumb\"},\"inLanguage\":\"fr-FR\",\"potentialAction\":[{\"@type\":\"ReadAction\",\"target\":[\"https:\/\/www.africa-press.net\/cameroun\/sports\/football-face-aux-rumeurs-de-vacance-a-la-tete-de-la-fecafoot-le-comite-executif-conforte-samuel-etoo-fils-dans-ses-fonctions-de-president\"]}]},{\"@type\":\"ImageObject\",\"inLanguage\":\"fr-FR\",\"@id\":\"https:\/\/www.africa-press.net\/cameroun\/sports\/football-face-aux-rumeurs-de-vacance-a-la-tete-de-la-fecafoot-le-comite-executif-conforte-samuel-etoo-fils-dans-ses-fonctions-de-president#primaryimage\",\"url\":\"https:\/\/static.africa-press.net\/cameroun\/sites\/57\/2022\/07\/img-62dacc08df94c.jpg\",\"contentUrl\":\"https:\/\/static.africa-press.net\/cameroun\/sites\/57\/2022\/07\/img-62dacc08df94c.jpg\",\"width\":800,\"height\":451,\"caption\":\"Football : Face aux rumeurs de vacance \u00e0 la t\u00eate de la FECAFOOT, le Comit\u00e9 ex\u00e9cutif conforte Samuel Eto'o Fils dans ses fonctions de pr\u00e9sident\"},{\"@type\":\"BreadcrumbList\",\"@id\":\"https:\/\/www.africa-press.net\/cameroun\/sports\/football-face-aux-rumeurs-de-vacance-a-la-tete-de-la-fecafoot-le-comite-executif-conforte-samuel-etoo-fils-dans-ses-fonctions-de-president#breadcrumb\",\"itemListElement\":[{\"@type\":\"ListItem\",\"position\":1,\"name\":\"Accueil\",\"item\":\"https:\/\/www.africa-press.net\/cameroun\/\"},{\"@type\":\"ListItem\",\"position\":2,\"name\":\"Football : Face aux rumeurs de vacance \u00e0 la t\u00eate de la FECAFOOT, le Comit\u00e9 ex\u00e9cutif conforte Samuel Eto&#8217;o Fils dans ses fonctions de pr\u00e9sident\"}]},{\"@type\":\"WebSite\",\"@id\":\"https:\/\/www.africa-press.net\/cameroun\/#website\",\"url\":\"https:\/\/www.africa-press.net\/cameroun\/\",\"name\":\"Cameroun\",\"description\":\"Just another Africa News Agency Sites site\",\"potentialAction\":[{\"@type\":\"SearchAction\",\"target\":{\"@type\":\"EntryPoint\",\"urlTemplate\":\"https:\/\/www.africa-press.net\/cameroun\/?s={search_term_string}\"},\"query-input\":{\"@type\":\"PropertyValueSpecification\",\"valueRequired\":true,\"valueName\":\"search_term_string\"}}],\"inLanguage\":\"fr-FR\"},{\"@type\":\"Person\",\"@id\":\"https:\/\/www.africa-press.net\/cameroun\/#\/schema\/person\/2b1cf3cd81a31e3cd26889ca66d677f1\",\"name\":\"cfeditorfr\"}]}<\/script>\n<!-- \/ Yoast SEO Premium plugin. -->","yoast_head_json":{"title":"Football : Face aux rumeurs de vacance \u00e0 la t\u00eate de la FECAFOOT, le Comit\u00e9 ex\u00e9cutif conforte Samuel Eto'o Fils dans ses fonctions de pr\u00e9sident - Cameroun","description":"Apres la condamnation de Samuel Eto'o Fils le 21 juin 2022 par la justice espagnole \u00e0 22 mois de prison avec sursis, des ...","robots":{"index":"index","follow":"follow","max-snippet":"max-snippet:-1","max-image-preview":"max-image-preview:large","max-video-preview":"max-video-preview:-1"},"canonical":"https:\/\/www.africa-press.net\/cameroun\/sports\/football-face-aux-rumeurs-de-vacance-a-la-tete-de-la-fecafoot-le-comite-executif-conforte-samuel-etoo-fils-dans-ses-fonctions-de-president","og_locale":"fr_FR","og_type":"article","og_title":"Football : Face aux rumeurs de vacance \u00e0 la t\u00eate de la FECAFOOT, le Comit\u00e9 ex\u00e9cutif conforte Samuel Eto'o Fils dans ses fonctions de pr\u00e9sident","og_description":"Apres la condamnation de Samuel Eto'o Fils le 21 juin 2022 par la justice espagnole \u00e0 22 mois de prison avec sursis, des ...","og_url":"https:\/\/www.africa-press.net\/cameroun\/sports\/football-face-aux-rumeurs-de-vacance-a-la-tete-de-la-fecafoot-le-comite-executif-conforte-samuel-etoo-fils-dans-ses-fonctions-de-president","og_site_name":"Cameroun","article_published_time":"2022-07-22T14:31:59+00:00","article_modified_time":"2022-07-22T16:11:11+00:00","og_image":[{"width":800,"height":451,"url":"https:\/\/static.africa-press.net\/cameroun\/sites\/57\/2022\/07\/img-62dacc08df94c.jpg","type":"image\/jpeg"}],"author":"cfeditorfr","twitter_card":"summary_large_image","twitter_misc":{"\u00c9crit par":"cfeditorfr","Dur\u00e9e de lecture estim\u00e9e":"2 minutes"},"schema":{"@context":"https:\/\/schema.org","@graph":[{"@type":"Article","@id":"https:\/\/www.africa-press.net\/cameroun\/sports\/football-face-aux-rumeurs-de-vacance-a-la-tete-de-la-fecafoot-le-comite-executif-conforte-samuel-etoo-fils-dans-ses-fonctions-de-president#article","isPartOf":{"@id":"https:\/\/www.africa-press.net\/cameroun\/sports\/football-face-aux-rumeurs-de-vacance-a-la-tete-de-la-fecafoot-le-comite-executif-conforte-samuel-etoo-fils-dans-ses-fonctions-de-president"},"author":{"name":"cfeditorfr","@id":"https:\/\/www.africa-press.net\/cameroun\/#\/schema\/person\/2b1cf3cd81a31e3cd26889ca66d677f1"},"headline":"Football : Face aux rumeurs de vacance \u00e0 la t\u00eate de la FECAFOOT, le Comit\u00e9 ex\u00e9cutif conforte Samuel Eto&rsquo;o Fils dans ses fonctions de pr\u00e9sident","datePublished":"2022-07-22T14:31:59+00:00","dateModified":"2022-07-22T16:11:11+00:00","mainEntityOfPage":{"@id":"https:\/\/www.africa-press.net\/cameroun\/sports\/football-face-aux-rumeurs-de-vacance-a-la-tete-de-la-fecafoot-le-comite-executif-conforte-samuel-etoo-fils-dans-ses-fonctions-de-president"},"wordCount":260,"commentCount":0,"image":{"@id":"https:\/\/www.africa-press.net\/cameroun\/sports\/football-face-aux-rumeurs-de-vacance-a-la-tete-de-la-fecafoot-le-comite-executif-conforte-samuel-etoo-fils-dans-ses-fonctions-de-president#primaryimage"},"thumbnailUrl":"https:\/\/static.africa-press.net\/cameroun\/sites\/57\/2022\/07\/img-62dacc08df94c.jpg","keywords":["Africa Press","Africa Press-Cameroun","Cameroun"],"articleSection":["homepage-french","Sports","Toutes les actualit\u00e9s"],"inLanguage":"fr-FR","potentialAction":[{"@type":"CommentAction","name":"Comment","target":["https:\/\/www.africa-press.net\/cameroun\/sports\/football-face-aux-rumeurs-de-vacance-a-la-tete-de-la-fecafoot-le-comite-executif-conforte-samuel-etoo-fils-dans-ses-fonctions-de-president#respond"]}]},{"@type":"WebPage","@id":"https:\/\/www.africa-press.net\/cameroun\/sports\/football-face-aux-rumeurs-de-vacance-a-la-tete-de-la-fecafoot-le-comite-executif-conforte-samuel-etoo-fils-dans-ses-fonctions-de-president","url":"https:\/\/www.africa-press.net\/cameroun\/sports\/football-face-aux-rumeurs-de-vacance-a-la-tete-de-la-fecafoot-le-comite-executif-conforte-samuel-etoo-fils-dans-ses-fonctions-de-president","name":"Football : Face aux rumeurs de vacance \u00e0 la t\u00eate de la FECAFOOT, le Comit\u00e9 ex\u00e9cutif conforte Samuel Eto'o Fils dans ses fonctions de pr\u00e9sident - Cameroun","isPartOf":{"@id":"https:\/\/www.africa-press.net\/cameroun\/#website"},"primaryImageOfPage":{"@id":"https:\/\/www.africa-press.net\/cameroun\/sports\/football-face-aux-rumeurs-de-vacance-a-la-tete-de-la-fecafoot-le-comite-executif-conforte-samuel-etoo-fils-dans-ses-fonctions-de-president#primaryimage"},"image":{"@id":"https:\/\/www.africa-press.net\/cameroun\/sports\/football-face-aux-rumeurs-de-vacance-a-la-tete-de-la-fecafoot-le-comite-executif-conforte-samuel-etoo-fils-dans-ses-fonctions-de-president#primaryimage"},"thumbnailUrl":"https:\/\/static.africa-press.net\/cameroun\/sites\/57\/2022\/07\/img-62dacc08df94c.jpg","datePublished":"2022-07-22T14:31:59+00:00","dateModified":"2022-07-22T16:11:11+00:00","author":{"@id":"https:\/\/www.africa-press.net\/cameroun\/#\/schema\/person\/2b1cf3cd81a31e3cd26889ca66d677f1"},"description":"Apres la condamnation de Samuel Eto'o Fils le 21 juin 2022 par la justice espagnole \u00e0 22 mois de prison avec sursis, des ...","breadcrumb":{"@id":"https:\/\/www.africa-press.net\/cameroun\/sports\/football-face-aux-rumeurs-de-vacance-a-la-tete-de-la-fecafoot-le-comite-executif-conforte-samuel-etoo-fils-dans-ses-fonctions-de-president#breadcrumb"},"inLanguage":"fr-FR","potentialAction":[{"@type":"ReadAction","target":["https:\/\/www.africa-press.net\/cameroun\/sports\/football-face-aux-rumeurs-de-vacance-a-la-tete-de-la-fecafoot-le-comite-executif-conforte-samuel-etoo-fils-dans-ses-fonctions-de-president"]}]},{"@type":"ImageObject","inLanguage":"fr-FR","@id":"https:\/\/www.africa-press.net\/cameroun\/sports\/football-face-aux-rumeurs-de-vacance-a-la-tete-de-la-fecafoot-le-comite-executif-conforte-samuel-etoo-fils-dans-ses-fonctions-de-president#primaryimage","url":"https:\/\/static.africa-press.net\/cameroun\/sites\/57\/2022\/07\/img-62dacc08df94c.jpg","contentUrl":"https:\/\/static.africa-press.net\/cameroun\/sites\/57\/2022\/07\/img-62dacc08df94c.jpg","width":800,"height":451,"caption":"Football : Face aux rumeurs de vacance \u00e0 la t\u00eate de la FECAFOOT, le Comit\u00e9 ex\u00e9cutif conforte Samuel Eto'o Fils dans ses fonctions de pr\u00e9sident"},{"@type":"BreadcrumbList","@id":"https:\/\/www.africa-press.net\/cameroun\/sports\/football-face-aux-rumeurs-de-vacance-a-la-tete-de-la-fecafoot-le-comite-executif-conforte-samuel-etoo-fils-dans-ses-fonctions-de-president#breadcrumb","itemListElement":[{"@type":"ListItem","position":1,"name":"Accueil","item":"https:\/\/www.africa-press.net\/cameroun\/"},{"@type":"ListItem","position":2,"name":"Football : Face aux rumeurs de vacance \u00e0 la t\u00eate de la FECAFOOT, le Comit\u00e9 ex\u00e9cutif conforte Samuel Eto&#8217;o Fils dans ses fonctions de pr\u00e9sident"}]},{"@type":"WebSite","@id":"https:\/\/www.africa-press.net\/cameroun\/#website","url":"https:\/\/www.africa-press.net\/cameroun\/","name":"Cameroun","description":"Just another Africa News Agency Sites site","potentialAction":[{"@type":"SearchAction","target":{"@type":"EntryPoint","urlTemplate":"https:\/\/www.africa-press.net\/cameroun\/?s={search_term_string}"},"query-input":{"@type":"PropertyValueSpecification","valueRequired":true,"valueName":"search_term_string"}}],"inLanguage":"fr-FR"},{"@type":"Person","@id":"https:\/\/www.africa-press.net\/cameroun\/#\/schema\/person\/2b1cf3cd81a31e3cd26889ca66d677f1","name":"cfeditorfr"}]}},"_links":{"self":[{"href":"https:\/\/www.africa-press.net\/cameroun\/wp-json\/wp\/v2\/posts\/23978","targetHints":{"allow":["GET"]}}],"collection":[{"href":"https:\/\/www.africa-press.net\/cameroun\/wp-json\/wp\/v2\/posts"}],"about":[{"href":"https:\/\/www.africa-press.net\/cameroun\/wp-json\/wp\/v2\/types\/post"}],"author":[{"embeddable":true,"href":"https:\/\/www.africa-press.net\/cameroun\/wp-json\/wp\/v2\/users\/82"}],"replies":[{"embeddable":true,"href":"https:\/\/www.africa-press.net\/cameroun\/wp-json\/wp\/v2\/comments?post=23978"}],"version-history":[{"count":0,"href":"https:\/\/www.africa-press.net\/cameroun\/wp-json\/wp\/v2\/posts\/23978\/revisions"}],"wp:featuredmedia":[{"embeddable":true,"href":"https:\/\/www.africa-press.net\/cameroun\/wp-json\/wp\/v2\/media\/23977"}],"wp:attachment":[{"href":"https:\/\/www.africa-press.net\/cameroun\/wp-json\/wp\/v2\/media?parent=23978"}],"wp:term":[{"taxonomy":"category","embeddable":true,"href":"https:\/\/www.africa-press.net\/cameroun\/wp-json\/wp\/v2\/categories?post=23978"},{"taxonomy":"post_tag","embeddable":true,"href":"https:\/\/www.africa-press.net\/cameroun\/wp-json\/wp\/v2\/tags?post=23978"}],"curies":[{"name":"wp","href":"https:\/\/api.w.org\/{rel}","templated":true}]}}