{"id":2398,"date":"2021-04-24T15:08:46","date_gmt":"2021-04-24T15:08:46","guid":{"rendered":"https:\/\/www.africa-press.net\/cameroun\/?p=2398"},"modified":"2021-04-26T02:03:35","modified_gmt":"2021-04-26T02:03:35","slug":"cameroun-france-protestation-en-soutien-a-j-remy-ngono-lassociation-les-fourmis-magnans-manifeste-devant-le-siege-de-canal-pour-exiger-le-retrait-de-vision-4-de-lun","status":"publish","type":"post","link":"https:\/\/www.africa-press.net\/cameroun\/politique\/cameroun-france-protestation-en-soutien-a-j-remy-ngono-lassociation-les-fourmis-magnans-manifeste-devant-le-siege-de-canal-pour-exiger-le-retrait-de-vision-4-de-lun","title":{"rendered":"Cameroun\/France &#8211; Protestation: En soutien \u00e0 J.Remy Ngono, l\u2019association \u00abLes fourmis magnans\u00bb manifeste devant le si\u00e8ge de Canal+ pour exiger le retrait de Vision 4 de l\u2019un de ses bouquets satellitaires"},"content":{"rendered":"<p><span style=\"color: #ff6600\"><strong><a href=\"https:\/\/www.africa-press.net\/\">Africa-Press<\/a> &#8211; <a href=\"https:\/\/www.africa-press.net\/cameroun\">Cameroun<\/a>. <\/strong><\/span>Les images ont \u00e9t\u00e9 diffus\u00e9es en direct sur les r\u00e9seaux sociaux l\u2019apr\u00e8s-midi du 23 avril 2021. Film\u00e9es par t\u00e9l\u00e9phone, elles rendaient compte de la manifestation de l\u2019Association \u00ables fourmis Magnans\u00bb dont fait partie le journaliste camerounais engag\u00e9 J.R\u00e9my Ngono. D\u00e8s les premi\u00e8res minutes de ce direct, l\u2019on voit des vigiles et les forces de Police emp\u00eacher la vingtaine d\u2019activistes camerounais d\u2019entrer dans le b\u00e2timent qui abrite le si\u00e8ge du groupe audiovisuel Canal+ \u00e0 Paris. Des \u00e9chauffour\u00e9es ont lieu.<\/p>\n<p>Les manifestants sont repouss\u00e9s vers l\u2019esplanade, mais continuent de protester. Ils disent \u00eatre l\u00e0 pour protester contre le fait que Vision 4 ait dans un reportage diffus\u00e9 en d\u00e9but de semaine assimil\u00e9 R\u00e9my Ngono \u00e0 un singe. \u00abNous sommes l\u00e0 pour contester. Parce que \u00e7a ne se fait pas. Le ridicule ne tue pas\u00bb, crie l\u2019un des activistes. \u00abNous sommes ici pour dire: \u00abstop \u00e0 la haine tribale\u00bb. Nous sommes ici pour demander au directeur g\u00e9n\u00e9ral de Canal Sat d\u2019arr\u00eater ce partenariat commercial avec la cha\u00eene g\u00e9nocidaire Vision 4 et par extension T\u00e9l\u00e9sud qui est une cha\u00eene partenaire de Vision 4 et m\u00eame d\u00e9tenue par les patrons de Vision 4 \u00bb, l\u00e2che un autre manifestant, v\u00eatu d\u2019un costume sombre. Lui et les autres disent vouloir remettre un m\u00e9morandum \u00e0 la direction de Canal+.<\/p>\n<p><b>\u00abOn n\u2019est pas l\u00e0 pour bagarrer\u00bb<\/b>, r\u00e9pondent-ils \u00e0 ceux qui les repoussent. L\u2019homme en costume s\u2019est muni d\u2019un haut-parleur et d\u00e9livre son message. Il demande \u00e0 la communaut\u00e9 internationale de s\u2019impliquer pour mettre fin \u00e0 la guerre dans les r\u00e9gions anglophones. Les membres des \u00abfourmis magnans\u00bb assimilent Vision 4 \u00e0 la tristement c\u00e9l\u00e8bre antenne rwandaise \u00abRadio Mille Collines\u00bb.<\/p>\n<p>Le chef des policiers pr\u00e9sent r\u00e9ceptionne le m\u00e9morandum et promet de le remettre \u00abaux responsables\u00bb. Puis l\u2019on voit ses \u00e9l\u00e9ments obliger le groupe de manifestants \u00e0 quitter l\u2019enceinte de Canal+. Ils sont repouss\u00e9s vers l\u2019ext\u00e9rieur. Mais eux, pas convaincus de ce que leur document va \u00eatre remis \u00e0 leurs destinataires, promettent de \u00abrevenir\u00bb s\u2019ils se rendent compte que leur dossier n\u2018est pas parvenu \u00e0 qui de droit.<\/p>\n<p>Voici la vid\u00e9o de la manifestation organis\u00e9e par les \u00abfourmis magnans\u00bb le 23 Avril 2021 devant le si\u00e8ge de Canal+ \u00e0 Paris<\/p>\n","protected":false},"excerpt":{"rendered":"<p>Africa-Press &#8211; Cameroun. Les images ont \u00e9t\u00e9 diffus\u00e9es en direct sur les r\u00e9seaux sociaux l\u2019apr\u00e8s-midi du 23 avril 2021. Film\u00e9es par t\u00e9l\u00e9phone, elles rendaient compte de la manifestation de l\u2019Association \u00ables fourmis Magnans\u00bb dont fait partie le journaliste camerounais engag\u00e9 J.R\u00e9my Ngono. D\u00e8s les premi\u00e8res minutes de ce direct, l\u2019on voit des vigiles et les [&hellip;]<\/p>\n","protected":false},"author":82,"featured_media":2397,"comment_status":"open","ping_status":"closed","sticky":false,"template":"","format":"standard","meta":{"footnotes":""},"categories":[11,2,10],"tags":[36,50,49],"class_list":["post-2398","post","type-post","status-publish","format-standard","has-post-thumbnail","hentry","category-homepage-french","category-politique","category-toutes-les-actualites","tag-africa-press","tag-africa-press-cameroun","tag-cameroun"],"yoast_head":"<!-- This site is optimized with the Yoast SEO Premium plugin v26.1 (Yoast SEO v27.0) - https:\/\/yoast.com\/product\/yoast-seo-premium-wordpress\/ -->\n<title>Cameroun\/France - Protestation: En soutien \u00e0 J.Remy Ngono, l\u2019association \u00abLes fourmis magnans\u00bb manifeste devant le si\u00e8ge de Canal+ pour exiger le retrait de Vision 4 de l\u2019un de ses bouquets satellitaires - Cameroun<\/title>\n<meta name=\"description\" content=\"Les images ont \u00e9t\u00e9 diffus\u00e9es en direct sur les r\u00e9seaux sociaux l\u2019apr\u00e8s-midi du 23 avril 2021. Film\u00e9es par t\u00e9l\u00e9phone, ell ...\" \/>\n<meta name=\"robots\" content=\"index, follow, max-snippet:-1, max-image-preview:large, max-video-preview:-1\" \/>\n<link rel=\"canonical\" href=\"https:\/\/www.africa-press.net\/cameroun\/politique\/cameroun-france-protestation-en-soutien-a-j-remy-ngono-lassociation-les-fourmis-magnans-manifeste-devant-le-siege-de-canal-pour-exiger-le-retrait-de-vision-4-de-lun\" \/>\n<meta property=\"og:locale\" content=\"fr_FR\" \/>\n<meta property=\"og:type\" content=\"article\" \/>\n<meta property=\"og:title\" content=\"Cameroun\/France - Protestation: En soutien \u00e0 J.Remy Ngono, l\u2019association \u00abLes fourmis magnans\u00bb manifeste devant le si\u00e8ge de Canal+ pour exiger le retrait de Vision 4 de l\u2019un de ses bouquets satellitaires\" \/>\n<meta property=\"og:description\" content=\"Les images ont \u00e9t\u00e9 diffus\u00e9es en direct sur les r\u00e9seaux sociaux l\u2019apr\u00e8s-midi du 23 avril 2021. Film\u00e9es par t\u00e9l\u00e9phone, ell ...\" \/>\n<meta property=\"og:url\" content=\"https:\/\/www.africa-press.net\/cameroun\/politique\/cameroun-france-protestation-en-soutien-a-j-remy-ngono-lassociation-les-fourmis-magnans-manifeste-devant-le-siege-de-canal-pour-exiger-le-retrait-de-vision-4-de-lun\" \/>\n<meta property=\"og:site_name\" content=\"Cameroun\" \/>\n<meta property=\"article:published_time\" content=\"2021-04-24T15:08:46+00:00\" \/>\n<meta property=\"article:modified_time\" content=\"2021-04-26T02:03:35+00:00\" \/>\n<meta property=\"og:image\" content=\"https:\/\/static.africa-press.net\/cameroun\/sites\/57\/2021\/04\/img-60845489c5768.jpg\" \/>\n\t<meta property=\"og:image:width\" content=\"800\" \/>\n\t<meta property=\"og:image:height\" content=\"1284\" \/>\n\t<meta property=\"og:image:type\" content=\"image\/jpeg\" \/>\n<meta name=\"author\" content=\"cfeditorfr\" \/>\n<meta name=\"twitter:card\" content=\"summary_large_image\" \/>\n<meta name=\"twitter:label1\" content=\"\u00c9crit par\" \/>\n\t<meta name=\"twitter:data1\" content=\"cfeditorfr\" \/>\n\t<meta name=\"twitter:label2\" content=\"Dur\u00e9e de lecture estim\u00e9e\" \/>\n\t<meta name=\"twitter:data2\" content=\"2 minutes\" \/>\n<script type=\"application\/ld+json\" class=\"yoast-schema-graph\">{\"@context\":\"https:\/\/schema.org\",\"@graph\":[{\"@type\":\"Article\",\"@id\":\"https:\/\/www.africa-press.net\/cameroun\/politique\/cameroun-france-protestation-en-soutien-a-j-remy-ngono-lassociation-les-fourmis-magnans-manifeste-devant-le-siege-de-canal-pour-exiger-le-retrait-de-vision-4-de-lun#article\",\"isPartOf\":{\"@id\":\"https:\/\/www.africa-press.net\/cameroun\/politique\/cameroun-france-protestation-en-soutien-a-j-remy-ngono-lassociation-les-fourmis-magnans-manifeste-devant-le-siege-de-canal-pour-exiger-le-retrait-de-vision-4-de-lun\"},\"author\":{\"name\":\"cfeditorfr\",\"@id\":\"https:\/\/www.africa-press.net\/cameroun\/#\/schema\/person\/2b1cf3cd81a31e3cd26889ca66d677f1\"},\"headline\":\"Cameroun\/France &#8211; Protestation: En soutien \u00e0 J.Remy Ngono, l\u2019association \u00abLes fourmis magnans\u00bb manifeste devant le si\u00e8ge de Canal+ pour exiger le retrait de Vision 4 de l\u2019un de ses bouquets satellitaires\",\"datePublished\":\"2021-04-24T15:08:46+00:00\",\"dateModified\":\"2021-04-26T02:03:35+00:00\",\"mainEntityOfPage\":{\"@id\":\"https:\/\/www.africa-press.net\/cameroun\/politique\/cameroun-france-protestation-en-soutien-a-j-remy-ngono-lassociation-les-fourmis-magnans-manifeste-devant-le-siege-de-canal-pour-exiger-le-retrait-de-vision-4-de-lun\"},\"wordCount\":436,\"commentCount\":0,\"image\":{\"@id\":\"https:\/\/www.africa-press.net\/cameroun\/politique\/cameroun-france-protestation-en-soutien-a-j-remy-ngono-lassociation-les-fourmis-magnans-manifeste-devant-le-siege-de-canal-pour-exiger-le-retrait-de-vision-4-de-lun#primaryimage\"},\"thumbnailUrl\":\"https:\/\/static.africa-press.net\/cameroun\/sites\/57\/2021\/04\/img-60845489c5768.jpg\",\"keywords\":[\"Africa Press\",\"Africa Press-Cameroun\",\"Cameroun\"],\"articleSection\":[\"homepage-french\",\"Politique\",\"Toutes les actualit\u00e9s\"],\"inLanguage\":\"fr-FR\",\"potentialAction\":[{\"@type\":\"CommentAction\",\"name\":\"Comment\",\"target\":[\"https:\/\/www.africa-press.net\/cameroun\/politique\/cameroun-france-protestation-en-soutien-a-j-remy-ngono-lassociation-les-fourmis-magnans-manifeste-devant-le-siege-de-canal-pour-exiger-le-retrait-de-vision-4-de-lun#respond\"]}]},{\"@type\":\"WebPage\",\"@id\":\"https:\/\/www.africa-press.net\/cameroun\/politique\/cameroun-france-protestation-en-soutien-a-j-remy-ngono-lassociation-les-fourmis-magnans-manifeste-devant-le-siege-de-canal-pour-exiger-le-retrait-de-vision-4-de-lun\",\"url\":\"https:\/\/www.africa-press.net\/cameroun\/politique\/cameroun-france-protestation-en-soutien-a-j-remy-ngono-lassociation-les-fourmis-magnans-manifeste-devant-le-siege-de-canal-pour-exiger-le-retrait-de-vision-4-de-lun\",\"name\":\"Cameroun\/France - Protestation: En soutien \u00e0 J.Remy Ngono, l\u2019association \u00abLes fourmis magnans\u00bb manifeste devant le si\u00e8ge de Canal+ pour exiger le retrait de Vision 4 de l\u2019un de ses bouquets satellitaires - Cameroun\",\"isPartOf\":{\"@id\":\"https:\/\/www.africa-press.net\/cameroun\/#website\"},\"primaryImageOfPage\":{\"@id\":\"https:\/\/www.africa-press.net\/cameroun\/politique\/cameroun-france-protestation-en-soutien-a-j-remy-ngono-lassociation-les-fourmis-magnans-manifeste-devant-le-siege-de-canal-pour-exiger-le-retrait-de-vision-4-de-lun#primaryimage\"},\"image\":{\"@id\":\"https:\/\/www.africa-press.net\/cameroun\/politique\/cameroun-france-protestation-en-soutien-a-j-remy-ngono-lassociation-les-fourmis-magnans-manifeste-devant-le-siege-de-canal-pour-exiger-le-retrait-de-vision-4-de-lun#primaryimage\"},\"thumbnailUrl\":\"https:\/\/static.africa-press.net\/cameroun\/sites\/57\/2021\/04\/img-60845489c5768.jpg\",\"datePublished\":\"2021-04-24T15:08:46+00:00\",\"dateModified\":\"2021-04-26T02:03:35+00:00\",\"author\":{\"@id\":\"https:\/\/www.africa-press.net\/cameroun\/#\/schema\/person\/2b1cf3cd81a31e3cd26889ca66d677f1\"},\"description\":\"Les images ont \u00e9t\u00e9 diffus\u00e9es en direct sur les r\u00e9seaux sociaux l\u2019apr\u00e8s-midi du 23 avril 2021. Film\u00e9es par t\u00e9l\u00e9phone, ell ...\",\"breadcrumb\":{\"@id\":\"https:\/\/www.africa-press.net\/cameroun\/politique\/cameroun-france-protestation-en-soutien-a-j-remy-ngono-lassociation-les-fourmis-magnans-manifeste-devant-le-siege-de-canal-pour-exiger-le-retrait-de-vision-4-de-lun#breadcrumb\"},\"inLanguage\":\"fr-FR\",\"potentialAction\":[{\"@type\":\"ReadAction\",\"target\":[\"https:\/\/www.africa-press.net\/cameroun\/politique\/cameroun-france-protestation-en-soutien-a-j-remy-ngono-lassociation-les-fourmis-magnans-manifeste-devant-le-siege-de-canal-pour-exiger-le-retrait-de-vision-4-de-lun\"]}]},{\"@type\":\"ImageObject\",\"inLanguage\":\"fr-FR\",\"@id\":\"https:\/\/www.africa-press.net\/cameroun\/politique\/cameroun-france-protestation-en-soutien-a-j-remy-ngono-lassociation-les-fourmis-magnans-manifeste-devant-le-siege-de-canal-pour-exiger-le-retrait-de-vision-4-de-lun#primaryimage\",\"url\":\"https:\/\/static.africa-press.net\/cameroun\/sites\/57\/2021\/04\/img-60845489c5768.jpg\",\"contentUrl\":\"https:\/\/static.africa-press.net\/cameroun\/sites\/57\/2021\/04\/img-60845489c5768.jpg\",\"width\":800,\"height\":1284,\"caption\":\"Cameroun\/France - Protestation: En soutien \u00e0 J.Remy Ngono, l\u2019association \u00abLes fourmis magnans\u00bb manifeste devant le si\u00e8ge de Canal+ pour exiger le retrait de Vision 4 de l\u2019un de ses bouquets satellitaires\"},{\"@type\":\"BreadcrumbList\",\"@id\":\"https:\/\/www.africa-press.net\/cameroun\/politique\/cameroun-france-protestation-en-soutien-a-j-remy-ngono-lassociation-les-fourmis-magnans-manifeste-devant-le-siege-de-canal-pour-exiger-le-retrait-de-vision-4-de-lun#breadcrumb\",\"itemListElement\":[{\"@type\":\"ListItem\",\"position\":1,\"name\":\"Accueil\",\"item\":\"https:\/\/www.africa-press.net\/cameroun\/\"},{\"@type\":\"ListItem\",\"position\":2,\"name\":\"Cameroun\/France &#8211; Protestation: En soutien \u00e0 J.Remy Ngono, l\u2019association \u00abLes fourmis magnans\u00bb manifeste devant le si\u00e8ge de Canal+ pour exiger le retrait de Vision 4 de l\u2019un de ses bouquets satellitaires\"}]},{\"@type\":\"WebSite\",\"@id\":\"https:\/\/www.africa-press.net\/cameroun\/#website\",\"url\":\"https:\/\/www.africa-press.net\/cameroun\/\",\"name\":\"Cameroun\",\"description\":\"Just another Africa News Agency Sites site\",\"potentialAction\":[{\"@type\":\"SearchAction\",\"target\":{\"@type\":\"EntryPoint\",\"urlTemplate\":\"https:\/\/www.africa-press.net\/cameroun\/?s={search_term_string}\"},\"query-input\":{\"@type\":\"PropertyValueSpecification\",\"valueRequired\":true,\"valueName\":\"search_term_string\"}}],\"inLanguage\":\"fr-FR\"},{\"@type\":\"Person\",\"@id\":\"https:\/\/www.africa-press.net\/cameroun\/#\/schema\/person\/2b1cf3cd81a31e3cd26889ca66d677f1\",\"name\":\"cfeditorfr\"}]}<\/script>\n<!-- \/ Yoast SEO Premium plugin. -->","yoast_head_json":{"title":"Cameroun\/France - Protestation: En soutien \u00e0 J.Remy Ngono, l\u2019association \u00abLes fourmis magnans\u00bb manifeste devant le si\u00e8ge de Canal+ pour exiger le retrait de Vision 4 de l\u2019un de ses bouquets satellitaires - Cameroun","description":"Les images ont \u00e9t\u00e9 diffus\u00e9es en direct sur les r\u00e9seaux sociaux l\u2019apr\u00e8s-midi du 23 avril 2021. Film\u00e9es par t\u00e9l\u00e9phone, ell ...","robots":{"index":"index","follow":"follow","max-snippet":"max-snippet:-1","max-image-preview":"max-image-preview:large","max-video-preview":"max-video-preview:-1"},"canonical":"https:\/\/www.africa-press.net\/cameroun\/politique\/cameroun-france-protestation-en-soutien-a-j-remy-ngono-lassociation-les-fourmis-magnans-manifeste-devant-le-siege-de-canal-pour-exiger-le-retrait-de-vision-4-de-lun","og_locale":"fr_FR","og_type":"article","og_title":"Cameroun\/France - Protestation: En soutien \u00e0 J.Remy Ngono, l\u2019association \u00abLes fourmis magnans\u00bb manifeste devant le si\u00e8ge de Canal+ pour exiger le retrait de Vision 4 de l\u2019un de ses bouquets satellitaires","og_description":"Les images ont \u00e9t\u00e9 diffus\u00e9es en direct sur les r\u00e9seaux sociaux l\u2019apr\u00e8s-midi du 23 avril 2021. Film\u00e9es par t\u00e9l\u00e9phone, ell ...","og_url":"https:\/\/www.africa-press.net\/cameroun\/politique\/cameroun-france-protestation-en-soutien-a-j-remy-ngono-lassociation-les-fourmis-magnans-manifeste-devant-le-siege-de-canal-pour-exiger-le-retrait-de-vision-4-de-lun","og_site_name":"Cameroun","article_published_time":"2021-04-24T15:08:46+00:00","article_modified_time":"2021-04-26T02:03:35+00:00","og_image":[{"width":800,"height":1284,"url":"https:\/\/static.africa-press.net\/cameroun\/sites\/57\/2021\/04\/img-60845489c5768.jpg","type":"image\/jpeg"}],"author":"cfeditorfr","twitter_card":"summary_large_image","twitter_misc":{"\u00c9crit par":"cfeditorfr","Dur\u00e9e de lecture estim\u00e9e":"2 minutes"},"schema":{"@context":"https:\/\/schema.org","@graph":[{"@type":"Article","@id":"https:\/\/www.africa-press.net\/cameroun\/politique\/cameroun-france-protestation-en-soutien-a-j-remy-ngono-lassociation-les-fourmis-magnans-manifeste-devant-le-siege-de-canal-pour-exiger-le-retrait-de-vision-4-de-lun#article","isPartOf":{"@id":"https:\/\/www.africa-press.net\/cameroun\/politique\/cameroun-france-protestation-en-soutien-a-j-remy-ngono-lassociation-les-fourmis-magnans-manifeste-devant-le-siege-de-canal-pour-exiger-le-retrait-de-vision-4-de-lun"},"author":{"name":"cfeditorfr","@id":"https:\/\/www.africa-press.net\/cameroun\/#\/schema\/person\/2b1cf3cd81a31e3cd26889ca66d677f1"},"headline":"Cameroun\/France &#8211; Protestation: En soutien \u00e0 J.Remy Ngono, l\u2019association \u00abLes fourmis magnans\u00bb manifeste devant le si\u00e8ge de Canal+ pour exiger le retrait de Vision 4 de l\u2019un de ses bouquets satellitaires","datePublished":"2021-04-24T15:08:46+00:00","dateModified":"2021-04-26T02:03:35+00:00","mainEntityOfPage":{"@id":"https:\/\/www.africa-press.net\/cameroun\/politique\/cameroun-france-protestation-en-soutien-a-j-remy-ngono-lassociation-les-fourmis-magnans-manifeste-devant-le-siege-de-canal-pour-exiger-le-retrait-de-vision-4-de-lun"},"wordCount":436,"commentCount":0,"image":{"@id":"https:\/\/www.africa-press.net\/cameroun\/politique\/cameroun-france-protestation-en-soutien-a-j-remy-ngono-lassociation-les-fourmis-magnans-manifeste-devant-le-siege-de-canal-pour-exiger-le-retrait-de-vision-4-de-lun#primaryimage"},"thumbnailUrl":"https:\/\/static.africa-press.net\/cameroun\/sites\/57\/2021\/04\/img-60845489c5768.jpg","keywords":["Africa Press","Africa Press-Cameroun","Cameroun"],"articleSection":["homepage-french","Politique","Toutes les actualit\u00e9s"],"inLanguage":"fr-FR","potentialAction":[{"@type":"CommentAction","name":"Comment","target":["https:\/\/www.africa-press.net\/cameroun\/politique\/cameroun-france-protestation-en-soutien-a-j-remy-ngono-lassociation-les-fourmis-magnans-manifeste-devant-le-siege-de-canal-pour-exiger-le-retrait-de-vision-4-de-lun#respond"]}]},{"@type":"WebPage","@id":"https:\/\/www.africa-press.net\/cameroun\/politique\/cameroun-france-protestation-en-soutien-a-j-remy-ngono-lassociation-les-fourmis-magnans-manifeste-devant-le-siege-de-canal-pour-exiger-le-retrait-de-vision-4-de-lun","url":"https:\/\/www.africa-press.net\/cameroun\/politique\/cameroun-france-protestation-en-soutien-a-j-remy-ngono-lassociation-les-fourmis-magnans-manifeste-devant-le-siege-de-canal-pour-exiger-le-retrait-de-vision-4-de-lun","name":"Cameroun\/France - Protestation: En soutien \u00e0 J.Remy Ngono, l\u2019association \u00abLes fourmis magnans\u00bb manifeste devant le si\u00e8ge de Canal+ pour exiger le retrait de Vision 4 de l\u2019un de ses bouquets satellitaires - Cameroun","isPartOf":{"@id":"https:\/\/www.africa-press.net\/cameroun\/#website"},"primaryImageOfPage":{"@id":"https:\/\/www.africa-press.net\/cameroun\/politique\/cameroun-france-protestation-en-soutien-a-j-remy-ngono-lassociation-les-fourmis-magnans-manifeste-devant-le-siege-de-canal-pour-exiger-le-retrait-de-vision-4-de-lun#primaryimage"},"image":{"@id":"https:\/\/www.africa-press.net\/cameroun\/politique\/cameroun-france-protestation-en-soutien-a-j-remy-ngono-lassociation-les-fourmis-magnans-manifeste-devant-le-siege-de-canal-pour-exiger-le-retrait-de-vision-4-de-lun#primaryimage"},"thumbnailUrl":"https:\/\/static.africa-press.net\/cameroun\/sites\/57\/2021\/04\/img-60845489c5768.jpg","datePublished":"2021-04-24T15:08:46+00:00","dateModified":"2021-04-26T02:03:35+00:00","author":{"@id":"https:\/\/www.africa-press.net\/cameroun\/#\/schema\/person\/2b1cf3cd81a31e3cd26889ca66d677f1"},"description":"Les images ont \u00e9t\u00e9 diffus\u00e9es en direct sur les r\u00e9seaux sociaux l\u2019apr\u00e8s-midi du 23 avril 2021. Film\u00e9es par t\u00e9l\u00e9phone, ell ...","breadcrumb":{"@id":"https:\/\/www.africa-press.net\/cameroun\/politique\/cameroun-france-protestation-en-soutien-a-j-remy-ngono-lassociation-les-fourmis-magnans-manifeste-devant-le-siege-de-canal-pour-exiger-le-retrait-de-vision-4-de-lun#breadcrumb"},"inLanguage":"fr-FR","potentialAction":[{"@type":"ReadAction","target":["https:\/\/www.africa-press.net\/cameroun\/politique\/cameroun-france-protestation-en-soutien-a-j-remy-ngono-lassociation-les-fourmis-magnans-manifeste-devant-le-siege-de-canal-pour-exiger-le-retrait-de-vision-4-de-lun"]}]},{"@type":"ImageObject","inLanguage":"fr-FR","@id":"https:\/\/www.africa-press.net\/cameroun\/politique\/cameroun-france-protestation-en-soutien-a-j-remy-ngono-lassociation-les-fourmis-magnans-manifeste-devant-le-siege-de-canal-pour-exiger-le-retrait-de-vision-4-de-lun#primaryimage","url":"https:\/\/static.africa-press.net\/cameroun\/sites\/57\/2021\/04\/img-60845489c5768.jpg","contentUrl":"https:\/\/static.africa-press.net\/cameroun\/sites\/57\/2021\/04\/img-60845489c5768.jpg","width":800,"height":1284,"caption":"Cameroun\/France - Protestation: En soutien \u00e0 J.Remy Ngono, l\u2019association \u00abLes fourmis magnans\u00bb manifeste devant le si\u00e8ge de Canal+ pour exiger le retrait de Vision 4 de l\u2019un de ses bouquets satellitaires"},{"@type":"BreadcrumbList","@id":"https:\/\/www.africa-press.net\/cameroun\/politique\/cameroun-france-protestation-en-soutien-a-j-remy-ngono-lassociation-les-fourmis-magnans-manifeste-devant-le-siege-de-canal-pour-exiger-le-retrait-de-vision-4-de-lun#breadcrumb","itemListElement":[{"@type":"ListItem","position":1,"name":"Accueil","item":"https:\/\/www.africa-press.net\/cameroun\/"},{"@type":"ListItem","position":2,"name":"Cameroun\/France &#8211; Protestation: En soutien \u00e0 J.Remy Ngono, l\u2019association \u00abLes fourmis magnans\u00bb manifeste devant le si\u00e8ge de Canal+ pour exiger le retrait de Vision 4 de l\u2019un de ses bouquets satellitaires"}]},{"@type":"WebSite","@id":"https:\/\/www.africa-press.net\/cameroun\/#website","url":"https:\/\/www.africa-press.net\/cameroun\/","name":"Cameroun","description":"Just another Africa News Agency Sites site","potentialAction":[{"@type":"SearchAction","target":{"@type":"EntryPoint","urlTemplate":"https:\/\/www.africa-press.net\/cameroun\/?s={search_term_string}"},"query-input":{"@type":"PropertyValueSpecification","valueRequired":true,"valueName":"search_term_string"}}],"inLanguage":"fr-FR"},{"@type":"Person","@id":"https:\/\/www.africa-press.net\/cameroun\/#\/schema\/person\/2b1cf3cd81a31e3cd26889ca66d677f1","name":"cfeditorfr"}]}},"_links":{"self":[{"href":"https:\/\/www.africa-press.net\/cameroun\/wp-json\/wp\/v2\/posts\/2398","targetHints":{"allow":["GET"]}}],"collection":[{"href":"https:\/\/www.africa-press.net\/cameroun\/wp-json\/wp\/v2\/posts"}],"about":[{"href":"https:\/\/www.africa-press.net\/cameroun\/wp-json\/wp\/v2\/types\/post"}],"author":[{"embeddable":true,"href":"https:\/\/www.africa-press.net\/cameroun\/wp-json\/wp\/v2\/users\/82"}],"replies":[{"embeddable":true,"href":"https:\/\/www.africa-press.net\/cameroun\/wp-json\/wp\/v2\/comments?post=2398"}],"version-history":[{"count":0,"href":"https:\/\/www.africa-press.net\/cameroun\/wp-json\/wp\/v2\/posts\/2398\/revisions"}],"wp:featuredmedia":[{"embeddable":true,"href":"https:\/\/www.africa-press.net\/cameroun\/wp-json\/wp\/v2\/media\/2397"}],"wp:attachment":[{"href":"https:\/\/www.africa-press.net\/cameroun\/wp-json\/wp\/v2\/media?parent=2398"}],"wp:term":[{"taxonomy":"category","embeddable":true,"href":"https:\/\/www.africa-press.net\/cameroun\/wp-json\/wp\/v2\/categories?post=2398"},{"taxonomy":"post_tag","embeddable":true,"href":"https:\/\/www.africa-press.net\/cameroun\/wp-json\/wp\/v2\/tags?post=2398"}],"curies":[{"name":"wp","href":"https:\/\/api.w.org\/{rel}","templated":true}]}}