{"id":23993,"date":"2022-07-22T15:08:27","date_gmt":"2022-07-22T15:08:27","guid":{"rendered":"https:\/\/www.africa-press.net\/cameroun\/politique\/visite-du-president-francais-emmanuel-macron-ne-va-pas-rencontrer-les-opposants"},"modified":"2022-07-22T16:13:42","modified_gmt":"2022-07-22T16:13:42","slug":"visite-du-president-francais-emmanuel-macron-ne-va-pas-rencontrer-les-opposants","status":"publish","type":"post","link":"https:\/\/www.africa-press.net\/cameroun\/politique\/visite-du-president-francais-emmanuel-macron-ne-va-pas-rencontrer-les-opposants","title":{"rendered":"Visite du pr\u00e9sident fran\u00e7ais: Emmanuel Macron ne va pas rencontrer les opposants"},"content":{"rendered":"<p><span style=\"color: #ff6600\"><strong>Africa-Press &#8211; Cameroun. <\/strong><\/span>C\u2019est une nouvelle qui va \u00e0 coup s\u00fbr en d\u00e9cevoir beaucoup. Alors que des informations relay\u00e9es dans la presse camerounaise et les milieux politiques annoncent une rencontre entre le pr\u00e9sident fran\u00e7ais et des opposants camerounais lors de sa prochaine visite au Cameroun circulent, RFI (Radio France Internationale) fait savoir que rien de tel n\u2019est pr\u00e9vu. Dans son papier entendu dans l\u2019\u00e9dition de 23h30 du journal consacr\u00e9 \u00e0 l\u2019Afrique le 21 Juillet 2022, la journaliste Am\u00e9lie Tulet indique qu\u2019 \u00ab\u00e0 Yaound\u00e9, Cotonou et Bissau, Emmanuel Macron s\u2019entretiendra avec ses homologues mais il ne rencontrera pas les repr\u00e9sentants de l\u2019opposition\u00bb. Cette consoeur qui suit de pr\u00e8s l\u2019actualit\u00e9 en rapport avec le Cameroun, citant la pr\u00e9sidence fran\u00e7aise, ajoute qu\u2019 \u00ab\u00e0 chaque \u00e9tape, les questions de s\u00e9curit\u00e9 et de gouvernance seront abord\u00e9es lors des \u00e9changes directs entre chefs d\u2019Etat\u00bb.<\/p>\n<p>RFI fait aussi savoir qu\u2019il n\u2019y aura \u00abpas d\u2019injonction m\u00e9diatique\u00bb. En outre, ajoute le m\u00e9dia international fran\u00e7ais, \u00abla ligne du pr\u00e9sident n\u2019est en aucun cas de s\u2019\u00e9riger en donneur de le\u00e7ons ou de promouvoir un mod\u00e8le. Ce que l\u2019Elys\u00e9e met en avant en revanche au Cameroun, c\u2019est l\u2019initiative internationale \u00ab femmes pou doper la production agricole et faire face \u00e0 l\u2019ins\u00e9curit\u00e9 alimentaire \u00bb, les interactions avec la jeunesse aussi et une table ronde avec les jeunes Camerounais qui ont particip\u00e9 au sommet d\u2019octobre \u00e0 Montpellier \u00bb, apprend-on.<\/p>\n<p><strong>Pour plus d&rsquo;informations et d&rsquo;analyses sur la <a href=\"https:\/\/www.africa-press.net\/cameroun\">Cameroun<\/a>, suivez <a href=\"https:\/\/www.africa-press.net\/\">Africa-Press<\/a><\/strong><\/p>\n","protected":false},"excerpt":{"rendered":"<p>Africa-Press &#8211; Cameroun. C\u2019est une nouvelle qui va \u00e0 coup s\u00fbr en d\u00e9cevoir beaucoup. Alors que des informations relay\u00e9es dans la presse camerounaise et les milieux politiques annoncent une rencontre entre le pr\u00e9sident fran\u00e7ais et des opposants camerounais lors de sa prochaine visite au Cameroun circulent, RFI (Radio France Internationale) fait savoir que rien de [&hellip;]<\/p>\n","protected":false},"author":82,"featured_media":23992,"comment_status":"open","ping_status":"closed","sticky":false,"template":"","format":"standard","meta":{"footnotes":""},"categories":[11,2,20,10],"tags":[36,50,49],"class_list":["post-23993","post","type-post","status-publish","format-standard","has-post-thumbnail","hentry","category-homepage-french","category-politique","category-top-nouvelles","category-toutes-les-actualites","tag-africa-press","tag-africa-press-cameroun","tag-cameroun"],"yoast_head":"<!-- This site is optimized with the Yoast SEO Premium plugin v26.1 (Yoast SEO v27.0) - https:\/\/yoast.com\/product\/yoast-seo-premium-wordpress\/ -->\n<title>Visite du pr\u00e9sident fran\u00e7ais: Emmanuel Macron ne va pas rencontrer les opposants - Cameroun<\/title>\n<meta name=\"description\" content=\"C\u2019est une nouvelle qui va \u00e0 coup s\u00fbr en d\u00e9cevoir beaucoup. Alors que des informations relay\u00e9es dans la presse camerounai ...\" \/>\n<meta name=\"robots\" content=\"index, follow, max-snippet:-1, max-image-preview:large, max-video-preview:-1\" \/>\n<link rel=\"canonical\" href=\"https:\/\/www.africa-press.net\/cameroun\/politique\/visite-du-president-francais-emmanuel-macron-ne-va-pas-rencontrer-les-opposants\" \/>\n<meta property=\"og:locale\" content=\"fr_FR\" \/>\n<meta property=\"og:type\" content=\"article\" \/>\n<meta property=\"og:title\" content=\"Visite du pr\u00e9sident fran\u00e7ais: Emmanuel Macron ne va pas rencontrer les opposants\" \/>\n<meta property=\"og:description\" content=\"C\u2019est une nouvelle qui va \u00e0 coup s\u00fbr en d\u00e9cevoir beaucoup. Alors que des informations relay\u00e9es dans la presse camerounai ...\" \/>\n<meta property=\"og:url\" content=\"https:\/\/www.africa-press.net\/cameroun\/politique\/visite-du-president-francais-emmanuel-macron-ne-va-pas-rencontrer-les-opposants\" \/>\n<meta property=\"og:site_name\" content=\"Cameroun\" \/>\n<meta property=\"article:published_time\" content=\"2022-07-22T15:08:27+00:00\" \/>\n<meta property=\"article:modified_time\" content=\"2022-07-22T16:13:42+00:00\" \/>\n<meta property=\"og:image\" content=\"https:\/\/static.africa-press.net\/cameroun\/sites\/57\/2022\/07\/img-62dacca036d89.jpg\" \/>\n\t<meta property=\"og:image:width\" content=\"800\" \/>\n\t<meta property=\"og:image:height\" content=\"532\" \/>\n\t<meta property=\"og:image:type\" content=\"image\/jpeg\" \/>\n<meta name=\"author\" content=\"cfeditorfr\" \/>\n<meta name=\"twitter:card\" content=\"summary_large_image\" \/>\n<meta name=\"twitter:label1\" content=\"\u00c9crit par\" \/>\n\t<meta name=\"twitter:data1\" content=\"cfeditorfr\" \/>\n\t<meta name=\"twitter:label2\" content=\"Dur\u00e9e de lecture estim\u00e9e\" \/>\n\t<meta name=\"twitter:data2\" content=\"2 minutes\" \/>\n<script type=\"application\/ld+json\" class=\"yoast-schema-graph\">{\"@context\":\"https:\/\/schema.org\",\"@graph\":[{\"@type\":\"Article\",\"@id\":\"https:\/\/www.africa-press.net\/cameroun\/politique\/visite-du-president-francais-emmanuel-macron-ne-va-pas-rencontrer-les-opposants#article\",\"isPartOf\":{\"@id\":\"https:\/\/www.africa-press.net\/cameroun\/politique\/visite-du-president-francais-emmanuel-macron-ne-va-pas-rencontrer-les-opposants\"},\"author\":{\"name\":\"cfeditorfr\",\"@id\":\"https:\/\/www.africa-press.net\/cameroun\/#\/schema\/person\/2b1cf3cd81a31e3cd26889ca66d677f1\"},\"headline\":\"Visite du pr\u00e9sident fran\u00e7ais: Emmanuel Macron ne va pas rencontrer les opposants\",\"datePublished\":\"2022-07-22T15:08:27+00:00\",\"dateModified\":\"2022-07-22T16:13:42+00:00\",\"mainEntityOfPage\":{\"@id\":\"https:\/\/www.africa-press.net\/cameroun\/politique\/visite-du-president-francais-emmanuel-macron-ne-va-pas-rencontrer-les-opposants\"},\"wordCount\":279,\"commentCount\":0,\"image\":{\"@id\":\"https:\/\/www.africa-press.net\/cameroun\/politique\/visite-du-president-francais-emmanuel-macron-ne-va-pas-rencontrer-les-opposants#primaryimage\"},\"thumbnailUrl\":\"https:\/\/static.africa-press.net\/cameroun\/sites\/57\/2022\/07\/img-62dacca036d89.jpg\",\"keywords\":[\"Africa Press\",\"Africa Press-Cameroun\",\"Cameroun\"],\"articleSection\":[\"homepage-french\",\"Politique\",\"Top Nouvelles\",\"Toutes les actualit\u00e9s\"],\"inLanguage\":\"fr-FR\",\"potentialAction\":[{\"@type\":\"CommentAction\",\"name\":\"Comment\",\"target\":[\"https:\/\/www.africa-press.net\/cameroun\/politique\/visite-du-president-francais-emmanuel-macron-ne-va-pas-rencontrer-les-opposants#respond\"]}]},{\"@type\":\"WebPage\",\"@id\":\"https:\/\/www.africa-press.net\/cameroun\/politique\/visite-du-president-francais-emmanuel-macron-ne-va-pas-rencontrer-les-opposants\",\"url\":\"https:\/\/www.africa-press.net\/cameroun\/politique\/visite-du-president-francais-emmanuel-macron-ne-va-pas-rencontrer-les-opposants\",\"name\":\"Visite du pr\u00e9sident fran\u00e7ais: Emmanuel Macron ne va pas rencontrer les opposants - Cameroun\",\"isPartOf\":{\"@id\":\"https:\/\/www.africa-press.net\/cameroun\/#website\"},\"primaryImageOfPage\":{\"@id\":\"https:\/\/www.africa-press.net\/cameroun\/politique\/visite-du-president-francais-emmanuel-macron-ne-va-pas-rencontrer-les-opposants#primaryimage\"},\"image\":{\"@id\":\"https:\/\/www.africa-press.net\/cameroun\/politique\/visite-du-president-francais-emmanuel-macron-ne-va-pas-rencontrer-les-opposants#primaryimage\"},\"thumbnailUrl\":\"https:\/\/static.africa-press.net\/cameroun\/sites\/57\/2022\/07\/img-62dacca036d89.jpg\",\"datePublished\":\"2022-07-22T15:08:27+00:00\",\"dateModified\":\"2022-07-22T16:13:42+00:00\",\"author\":{\"@id\":\"https:\/\/www.africa-press.net\/cameroun\/#\/schema\/person\/2b1cf3cd81a31e3cd26889ca66d677f1\"},\"description\":\"C\u2019est une nouvelle qui va \u00e0 coup s\u00fbr en d\u00e9cevoir beaucoup. Alors que des informations relay\u00e9es dans la presse camerounai ...\",\"breadcrumb\":{\"@id\":\"https:\/\/www.africa-press.net\/cameroun\/politique\/visite-du-president-francais-emmanuel-macron-ne-va-pas-rencontrer-les-opposants#breadcrumb\"},\"inLanguage\":\"fr-FR\",\"potentialAction\":[{\"@type\":\"ReadAction\",\"target\":[\"https:\/\/www.africa-press.net\/cameroun\/politique\/visite-du-president-francais-emmanuel-macron-ne-va-pas-rencontrer-les-opposants\"]}]},{\"@type\":\"ImageObject\",\"inLanguage\":\"fr-FR\",\"@id\":\"https:\/\/www.africa-press.net\/cameroun\/politique\/visite-du-president-francais-emmanuel-macron-ne-va-pas-rencontrer-les-opposants#primaryimage\",\"url\":\"https:\/\/static.africa-press.net\/cameroun\/sites\/57\/2022\/07\/img-62dacca036d89.jpg\",\"contentUrl\":\"https:\/\/static.africa-press.net\/cameroun\/sites\/57\/2022\/07\/img-62dacca036d89.jpg\",\"width\":800,\"height\":532,\"caption\":\"Visite du pr\u00e9sident fran\u00e7ais: Emmanuel Macron ne va pas rencontrer les opposants\"},{\"@type\":\"BreadcrumbList\",\"@id\":\"https:\/\/www.africa-press.net\/cameroun\/politique\/visite-du-president-francais-emmanuel-macron-ne-va-pas-rencontrer-les-opposants#breadcrumb\",\"itemListElement\":[{\"@type\":\"ListItem\",\"position\":1,\"name\":\"Accueil\",\"item\":\"https:\/\/www.africa-press.net\/cameroun\/\"},{\"@type\":\"ListItem\",\"position\":2,\"name\":\"Visite du pr\u00e9sident fran\u00e7ais: Emmanuel Macron ne va pas rencontrer les opposants\"}]},{\"@type\":\"WebSite\",\"@id\":\"https:\/\/www.africa-press.net\/cameroun\/#website\",\"url\":\"https:\/\/www.africa-press.net\/cameroun\/\",\"name\":\"Cameroun\",\"description\":\"Just another Africa News Agency Sites site\",\"potentialAction\":[{\"@type\":\"SearchAction\",\"target\":{\"@type\":\"EntryPoint\",\"urlTemplate\":\"https:\/\/www.africa-press.net\/cameroun\/?s={search_term_string}\"},\"query-input\":{\"@type\":\"PropertyValueSpecification\",\"valueRequired\":true,\"valueName\":\"search_term_string\"}}],\"inLanguage\":\"fr-FR\"},{\"@type\":\"Person\",\"@id\":\"https:\/\/www.africa-press.net\/cameroun\/#\/schema\/person\/2b1cf3cd81a31e3cd26889ca66d677f1\",\"name\":\"cfeditorfr\"}]}<\/script>\n<!-- \/ Yoast SEO Premium plugin. -->","yoast_head_json":{"title":"Visite du pr\u00e9sident fran\u00e7ais: Emmanuel Macron ne va pas rencontrer les opposants - Cameroun","description":"C\u2019est une nouvelle qui va \u00e0 coup s\u00fbr en d\u00e9cevoir beaucoup. Alors que des informations relay\u00e9es dans la presse camerounai ...","robots":{"index":"index","follow":"follow","max-snippet":"max-snippet:-1","max-image-preview":"max-image-preview:large","max-video-preview":"max-video-preview:-1"},"canonical":"https:\/\/www.africa-press.net\/cameroun\/politique\/visite-du-president-francais-emmanuel-macron-ne-va-pas-rencontrer-les-opposants","og_locale":"fr_FR","og_type":"article","og_title":"Visite du pr\u00e9sident fran\u00e7ais: Emmanuel Macron ne va pas rencontrer les opposants","og_description":"C\u2019est une nouvelle qui va \u00e0 coup s\u00fbr en d\u00e9cevoir beaucoup. Alors que des informations relay\u00e9es dans la presse camerounai ...","og_url":"https:\/\/www.africa-press.net\/cameroun\/politique\/visite-du-president-francais-emmanuel-macron-ne-va-pas-rencontrer-les-opposants","og_site_name":"Cameroun","article_published_time":"2022-07-22T15:08:27+00:00","article_modified_time":"2022-07-22T16:13:42+00:00","og_image":[{"width":800,"height":532,"url":"https:\/\/static.africa-press.net\/cameroun\/sites\/57\/2022\/07\/img-62dacca036d89.jpg","type":"image\/jpeg"}],"author":"cfeditorfr","twitter_card":"summary_large_image","twitter_misc":{"\u00c9crit par":"cfeditorfr","Dur\u00e9e de lecture estim\u00e9e":"2 minutes"},"schema":{"@context":"https:\/\/schema.org","@graph":[{"@type":"Article","@id":"https:\/\/www.africa-press.net\/cameroun\/politique\/visite-du-president-francais-emmanuel-macron-ne-va-pas-rencontrer-les-opposants#article","isPartOf":{"@id":"https:\/\/www.africa-press.net\/cameroun\/politique\/visite-du-president-francais-emmanuel-macron-ne-va-pas-rencontrer-les-opposants"},"author":{"name":"cfeditorfr","@id":"https:\/\/www.africa-press.net\/cameroun\/#\/schema\/person\/2b1cf3cd81a31e3cd26889ca66d677f1"},"headline":"Visite du pr\u00e9sident fran\u00e7ais: Emmanuel Macron ne va pas rencontrer les opposants","datePublished":"2022-07-22T15:08:27+00:00","dateModified":"2022-07-22T16:13:42+00:00","mainEntityOfPage":{"@id":"https:\/\/www.africa-press.net\/cameroun\/politique\/visite-du-president-francais-emmanuel-macron-ne-va-pas-rencontrer-les-opposants"},"wordCount":279,"commentCount":0,"image":{"@id":"https:\/\/www.africa-press.net\/cameroun\/politique\/visite-du-president-francais-emmanuel-macron-ne-va-pas-rencontrer-les-opposants#primaryimage"},"thumbnailUrl":"https:\/\/static.africa-press.net\/cameroun\/sites\/57\/2022\/07\/img-62dacca036d89.jpg","keywords":["Africa Press","Africa Press-Cameroun","Cameroun"],"articleSection":["homepage-french","Politique","Top Nouvelles","Toutes les actualit\u00e9s"],"inLanguage":"fr-FR","potentialAction":[{"@type":"CommentAction","name":"Comment","target":["https:\/\/www.africa-press.net\/cameroun\/politique\/visite-du-president-francais-emmanuel-macron-ne-va-pas-rencontrer-les-opposants#respond"]}]},{"@type":"WebPage","@id":"https:\/\/www.africa-press.net\/cameroun\/politique\/visite-du-president-francais-emmanuel-macron-ne-va-pas-rencontrer-les-opposants","url":"https:\/\/www.africa-press.net\/cameroun\/politique\/visite-du-president-francais-emmanuel-macron-ne-va-pas-rencontrer-les-opposants","name":"Visite du pr\u00e9sident fran\u00e7ais: Emmanuel Macron ne va pas rencontrer les opposants - Cameroun","isPartOf":{"@id":"https:\/\/www.africa-press.net\/cameroun\/#website"},"primaryImageOfPage":{"@id":"https:\/\/www.africa-press.net\/cameroun\/politique\/visite-du-president-francais-emmanuel-macron-ne-va-pas-rencontrer-les-opposants#primaryimage"},"image":{"@id":"https:\/\/www.africa-press.net\/cameroun\/politique\/visite-du-president-francais-emmanuel-macron-ne-va-pas-rencontrer-les-opposants#primaryimage"},"thumbnailUrl":"https:\/\/static.africa-press.net\/cameroun\/sites\/57\/2022\/07\/img-62dacca036d89.jpg","datePublished":"2022-07-22T15:08:27+00:00","dateModified":"2022-07-22T16:13:42+00:00","author":{"@id":"https:\/\/www.africa-press.net\/cameroun\/#\/schema\/person\/2b1cf3cd81a31e3cd26889ca66d677f1"},"description":"C\u2019est une nouvelle qui va \u00e0 coup s\u00fbr en d\u00e9cevoir beaucoup. Alors que des informations relay\u00e9es dans la presse camerounai ...","breadcrumb":{"@id":"https:\/\/www.africa-press.net\/cameroun\/politique\/visite-du-president-francais-emmanuel-macron-ne-va-pas-rencontrer-les-opposants#breadcrumb"},"inLanguage":"fr-FR","potentialAction":[{"@type":"ReadAction","target":["https:\/\/www.africa-press.net\/cameroun\/politique\/visite-du-president-francais-emmanuel-macron-ne-va-pas-rencontrer-les-opposants"]}]},{"@type":"ImageObject","inLanguage":"fr-FR","@id":"https:\/\/www.africa-press.net\/cameroun\/politique\/visite-du-president-francais-emmanuel-macron-ne-va-pas-rencontrer-les-opposants#primaryimage","url":"https:\/\/static.africa-press.net\/cameroun\/sites\/57\/2022\/07\/img-62dacca036d89.jpg","contentUrl":"https:\/\/static.africa-press.net\/cameroun\/sites\/57\/2022\/07\/img-62dacca036d89.jpg","width":800,"height":532,"caption":"Visite du pr\u00e9sident fran\u00e7ais: Emmanuel Macron ne va pas rencontrer les opposants"},{"@type":"BreadcrumbList","@id":"https:\/\/www.africa-press.net\/cameroun\/politique\/visite-du-president-francais-emmanuel-macron-ne-va-pas-rencontrer-les-opposants#breadcrumb","itemListElement":[{"@type":"ListItem","position":1,"name":"Accueil","item":"https:\/\/www.africa-press.net\/cameroun\/"},{"@type":"ListItem","position":2,"name":"Visite du pr\u00e9sident fran\u00e7ais: Emmanuel Macron ne va pas rencontrer les opposants"}]},{"@type":"WebSite","@id":"https:\/\/www.africa-press.net\/cameroun\/#website","url":"https:\/\/www.africa-press.net\/cameroun\/","name":"Cameroun","description":"Just another Africa News Agency Sites site","potentialAction":[{"@type":"SearchAction","target":{"@type":"EntryPoint","urlTemplate":"https:\/\/www.africa-press.net\/cameroun\/?s={search_term_string}"},"query-input":{"@type":"PropertyValueSpecification","valueRequired":true,"valueName":"search_term_string"}}],"inLanguage":"fr-FR"},{"@type":"Person","@id":"https:\/\/www.africa-press.net\/cameroun\/#\/schema\/person\/2b1cf3cd81a31e3cd26889ca66d677f1","name":"cfeditorfr"}]}},"_links":{"self":[{"href":"https:\/\/www.africa-press.net\/cameroun\/wp-json\/wp\/v2\/posts\/23993","targetHints":{"allow":["GET"]}}],"collection":[{"href":"https:\/\/www.africa-press.net\/cameroun\/wp-json\/wp\/v2\/posts"}],"about":[{"href":"https:\/\/www.africa-press.net\/cameroun\/wp-json\/wp\/v2\/types\/post"}],"author":[{"embeddable":true,"href":"https:\/\/www.africa-press.net\/cameroun\/wp-json\/wp\/v2\/users\/82"}],"replies":[{"embeddable":true,"href":"https:\/\/www.africa-press.net\/cameroun\/wp-json\/wp\/v2\/comments?post=23993"}],"version-history":[{"count":0,"href":"https:\/\/www.africa-press.net\/cameroun\/wp-json\/wp\/v2\/posts\/23993\/revisions"}],"wp:featuredmedia":[{"embeddable":true,"href":"https:\/\/www.africa-press.net\/cameroun\/wp-json\/wp\/v2\/media\/23992"}],"wp:attachment":[{"href":"https:\/\/www.africa-press.net\/cameroun\/wp-json\/wp\/v2\/media?parent=23993"}],"wp:term":[{"taxonomy":"category","embeddable":true,"href":"https:\/\/www.africa-press.net\/cameroun\/wp-json\/wp\/v2\/categories?post=23993"},{"taxonomy":"post_tag","embeddable":true,"href":"https:\/\/www.africa-press.net\/cameroun\/wp-json\/wp\/v2\/tags?post=23993"}],"curies":[{"name":"wp","href":"https:\/\/api.w.org\/{rel}","templated":true}]}}