{"id":23996,"date":"2022-07-22T15:17:12","date_gmt":"2022-07-22T15:17:12","guid":{"rendered":"https:\/\/www.africa-press.net\/cameroun\/politique\/cameroun-samuel-etoo-president-sans-filtre"},"modified":"2022-07-22T16:14:27","modified_gmt":"2022-07-22T16:14:27","slug":"cameroun-samuel-etoo-president-sans-filtre","status":"publish","type":"post","link":"https:\/\/www.africa-press.net\/cameroun\/dossiers\/cameroun-samuel-etoo-president-sans-filtre","title":{"rendered":"Cameroun : Samuel Eto\u2019o, pr\u00e9sident sans filtre"},"content":{"rendered":"<p><span style=\"color: #ff6600\"><strong>Africa-Press &#8211; Cameroun. <\/strong><\/span>Plus de sept mois apr\u00e8s son \u00e9lection, le 11 d\u00e9cembre 2021, \u00e0 la pr\u00e9sidence de la F\u00e9d\u00e9ration camerounaise de football (Fecafoot), Samuel Eto\u2019o n\u2019en finit pas de bousculer l\u2019institution. Le 12 juillet, il a limog\u00e9 Bill Tchato, qui occupait le poste de coordonnateur des \u00e9quipes nationales depuis janvier 2013, et l\u2019a remplac\u00e9 par Beno\u00eet Angbwa, un autre ex-Lion. Selon un proche de Tchato, ce dernier ignorait toujours, une dizaine de jours apr\u00e8s son renvoi, les raisons de son d\u00e9part.<\/p>\n<p>Quelques jours plus t\u00f4t, Le Coq Sportif, \u00e9quipementier fran\u00e7ais engag\u00e9 avec les Lions depuis janvier 2020, faisait \u00e0 son tour les frais d\u2019une d\u00e9cision inattendue de la Fecafoot. Cette derni\u00e8re a publiquement annonc\u00e9, le 1er juillet, qu\u2019elle mettrait fin, apr\u00e8s la CAN f\u00e9minine au Maroc de juillet, au contrat liant les deux parties jusqu\u2019en juillet 2023, sans la moindre explication. L\u2019\u00e9quipementier fran\u00e7ais, qui avait remplac\u00e9 Puma, a depuis annonc\u00e9 qu\u2019il n\u2019entendait pas en rester l\u00e0, \u00e0 quatre mois de la Coupe du monde au Qatar. L\u2019affaire devrait se terminer devant les tribunaux, comme l\u2019a laiss\u00e9 entendre dans un communiqu\u00e9 Marc-Henri Beausire, le directeur g\u00e9n\u00e9ral de la marque fran\u00e7aise. Il soup\u00e7onne la Fecafoot de vouloir s\u2019engager avec autre \u00e9quipementier \u00e0 moindres frais, avant le Mondial. \u00ab Si jamais cela va devant la justice, cela pourrait co\u00fbter cher, et encore une fois, c\u2019est le contribuable camerounais qui r\u00e8glera la facture \u00bb, se lamente un ancien dirigeant de l\u2019instance.<\/p>\n<p>\u00c0 la Fecafoot, aucune t\u00eate ne d\u00e9passe, sauf celle d\u2019un patron intelligent, direct et tr\u00e8s \u00e0 l\u2019aise avec les mots<\/p>\n<p><b>Attention \u00e0 l\u2019addition<\/b><\/p>\n<p><strong>Pour plus d&rsquo;informations et d&rsquo;analyses sur la <a href=\"https:\/\/www.africa-press.net\/cameroun\">Cameroun<\/a>, suivez <a href=\"https:\/\/www.africa-press.net\/\">Africa-Press<\/a><\/strong><\/p>\n","protected":false},"excerpt":{"rendered":"<p>Africa-Press &#8211; Cameroun. Plus de sept mois apr\u00e8s son \u00e9lection, le 11 d\u00e9cembre 2021, \u00e0 la pr\u00e9sidence de la F\u00e9d\u00e9ration camerounaise de football (Fecafoot), Samuel Eto\u2019o n\u2019en finit pas de bousculer l\u2019institution. Le 12 juillet, il a limog\u00e9 Bill Tchato, qui occupait le poste de coordonnateur des \u00e9quipes nationales depuis janvier 2013, et l\u2019a remplac\u00e9 [&hellip;]<\/p>\n","protected":false},"author":82,"featured_media":23995,"comment_status":"open","ping_status":"closed","sticky":false,"template":"","format":"standard","meta":{"footnotes":""},"categories":[7,11,10],"tags":[36,50,49],"class_list":["post-23996","post","type-post","status-publish","format-standard","has-post-thumbnail","hentry","category-dossiers","category-homepage-french","category-toutes-les-actualites","tag-africa-press","tag-africa-press-cameroun","tag-cameroun"],"yoast_head":"<!-- This site is optimized with the Yoast SEO Premium plugin v26.1 (Yoast SEO v27.0) - https:\/\/yoast.com\/product\/yoast-seo-premium-wordpress\/ -->\n<title>Cameroun : Samuel Eto\u2019o, pr\u00e9sident sans filtre - Cameroun<\/title>\n<meta name=\"description\" content=\"Plus de sept mois apr\u00e8s son \u00e9lection, le 11 d\u00e9cembre 2021, \u00e0 la pr\u00e9sidence de la F\u00e9d\u00e9ration camerounaise de football (Fe ...\" \/>\n<meta name=\"robots\" content=\"index, follow, max-snippet:-1, max-image-preview:large, max-video-preview:-1\" \/>\n<link rel=\"canonical\" href=\"https:\/\/www.africa-press.net\/cameroun\/dossiers\/cameroun-samuel-etoo-president-sans-filtre\" \/>\n<meta property=\"og:locale\" content=\"fr_FR\" \/>\n<meta property=\"og:type\" content=\"article\" \/>\n<meta property=\"og:title\" content=\"Cameroun : Samuel Eto\u2019o, pr\u00e9sident sans filtre\" \/>\n<meta property=\"og:description\" content=\"Plus de sept mois apr\u00e8s son \u00e9lection, le 11 d\u00e9cembre 2021, \u00e0 la pr\u00e9sidence de la F\u00e9d\u00e9ration camerounaise de football (Fe ...\" \/>\n<meta property=\"og:url\" content=\"https:\/\/www.africa-press.net\/cameroun\/dossiers\/cameroun-samuel-etoo-president-sans-filtre\" \/>\n<meta property=\"og:site_name\" content=\"Cameroun\" \/>\n<meta property=\"article:published_time\" content=\"2022-07-22T15:17:12+00:00\" \/>\n<meta property=\"article:modified_time\" content=\"2022-07-22T16:14:27+00:00\" \/>\n<meta property=\"og:image\" content=\"https:\/\/static.africa-press.net\/cameroun\/sites\/57\/2022\/07\/img-62dacccbb9c26.jpg\" \/>\n\t<meta property=\"og:image:width\" content=\"1256\" \/>\n\t<meta property=\"og:image:height\" content=\"628\" \/>\n\t<meta property=\"og:image:type\" content=\"image\/jpeg\" \/>\n<meta name=\"author\" content=\"cfeditorfr\" \/>\n<meta name=\"twitter:card\" content=\"summary_large_image\" \/>\n<meta name=\"twitter:label1\" content=\"\u00c9crit par\" \/>\n\t<meta name=\"twitter:data1\" content=\"cfeditorfr\" \/>\n\t<meta name=\"twitter:label2\" content=\"Dur\u00e9e de lecture estim\u00e9e\" \/>\n\t<meta name=\"twitter:data2\" content=\"2 minutes\" \/>\n<script type=\"application\/ld+json\" class=\"yoast-schema-graph\">{\"@context\":\"https:\/\/schema.org\",\"@graph\":[{\"@type\":\"Article\",\"@id\":\"https:\/\/www.africa-press.net\/cameroun\/dossiers\/cameroun-samuel-etoo-president-sans-filtre#article\",\"isPartOf\":{\"@id\":\"https:\/\/www.africa-press.net\/cameroun\/dossiers\/cameroun-samuel-etoo-president-sans-filtre\"},\"author\":{\"name\":\"cfeditorfr\",\"@id\":\"https:\/\/www.africa-press.net\/cameroun\/#\/schema\/person\/2b1cf3cd81a31e3cd26889ca66d677f1\"},\"headline\":\"Cameroun : Samuel Eto\u2019o, pr\u00e9sident sans filtre\",\"datePublished\":\"2022-07-22T15:17:12+00:00\",\"dateModified\":\"2022-07-22T16:14:27+00:00\",\"mainEntityOfPage\":{\"@id\":\"https:\/\/www.africa-press.net\/cameroun\/dossiers\/cameroun-samuel-etoo-president-sans-filtre\"},\"wordCount\":308,\"commentCount\":0,\"image\":{\"@id\":\"https:\/\/www.africa-press.net\/cameroun\/dossiers\/cameroun-samuel-etoo-president-sans-filtre#primaryimage\"},\"thumbnailUrl\":\"https:\/\/static.africa-press.net\/cameroun\/sites\/57\/2022\/07\/img-62dacccbb9c26.jpg\",\"keywords\":[\"Africa Press\",\"Africa Press-Cameroun\",\"Cameroun\"],\"articleSection\":[\"Dossiers\",\"homepage-french\",\"Toutes les actualit\u00e9s\"],\"inLanguage\":\"fr-FR\",\"potentialAction\":[{\"@type\":\"CommentAction\",\"name\":\"Comment\",\"target\":[\"https:\/\/www.africa-press.net\/cameroun\/dossiers\/cameroun-samuel-etoo-president-sans-filtre#respond\"]}]},{\"@type\":\"WebPage\",\"@id\":\"https:\/\/www.africa-press.net\/cameroun\/dossiers\/cameroun-samuel-etoo-president-sans-filtre\",\"url\":\"https:\/\/www.africa-press.net\/cameroun\/dossiers\/cameroun-samuel-etoo-president-sans-filtre\",\"name\":\"Cameroun : Samuel Eto\u2019o, pr\u00e9sident sans filtre - Cameroun\",\"isPartOf\":{\"@id\":\"https:\/\/www.africa-press.net\/cameroun\/#website\"},\"primaryImageOfPage\":{\"@id\":\"https:\/\/www.africa-press.net\/cameroun\/dossiers\/cameroun-samuel-etoo-president-sans-filtre#primaryimage\"},\"image\":{\"@id\":\"https:\/\/www.africa-press.net\/cameroun\/dossiers\/cameroun-samuel-etoo-president-sans-filtre#primaryimage\"},\"thumbnailUrl\":\"https:\/\/static.africa-press.net\/cameroun\/sites\/57\/2022\/07\/img-62dacccbb9c26.jpg\",\"datePublished\":\"2022-07-22T15:17:12+00:00\",\"dateModified\":\"2022-07-22T16:14:27+00:00\",\"author\":{\"@id\":\"https:\/\/www.africa-press.net\/cameroun\/#\/schema\/person\/2b1cf3cd81a31e3cd26889ca66d677f1\"},\"description\":\"Plus de sept mois apr\u00e8s son \u00e9lection, le 11 d\u00e9cembre 2021, \u00e0 la pr\u00e9sidence de la F\u00e9d\u00e9ration camerounaise de football (Fe ...\",\"breadcrumb\":{\"@id\":\"https:\/\/www.africa-press.net\/cameroun\/dossiers\/cameroun-samuel-etoo-president-sans-filtre#breadcrumb\"},\"inLanguage\":\"fr-FR\",\"potentialAction\":[{\"@type\":\"ReadAction\",\"target\":[\"https:\/\/www.africa-press.net\/cameroun\/dossiers\/cameroun-samuel-etoo-president-sans-filtre\"]}]},{\"@type\":\"ImageObject\",\"inLanguage\":\"fr-FR\",\"@id\":\"https:\/\/www.africa-press.net\/cameroun\/dossiers\/cameroun-samuel-etoo-president-sans-filtre#primaryimage\",\"url\":\"https:\/\/static.africa-press.net\/cameroun\/sites\/57\/2022\/07\/img-62dacccbb9c26.jpg\",\"contentUrl\":\"https:\/\/static.africa-press.net\/cameroun\/sites\/57\/2022\/07\/img-62dacccbb9c26.jpg\",\"width\":1256,\"height\":628,\"caption\":\"Cameroun : Samuel Eto\u2019o, pr\u00e9sident sans filtre\"},{\"@type\":\"BreadcrumbList\",\"@id\":\"https:\/\/www.africa-press.net\/cameroun\/dossiers\/cameroun-samuel-etoo-president-sans-filtre#breadcrumb\",\"itemListElement\":[{\"@type\":\"ListItem\",\"position\":1,\"name\":\"Accueil\",\"item\":\"https:\/\/www.africa-press.net\/cameroun\/\"},{\"@type\":\"ListItem\",\"position\":2,\"name\":\"Cameroun : Samuel Eto\u2019o, pr\u00e9sident sans filtre\"}]},{\"@type\":\"WebSite\",\"@id\":\"https:\/\/www.africa-press.net\/cameroun\/#website\",\"url\":\"https:\/\/www.africa-press.net\/cameroun\/\",\"name\":\"Cameroun\",\"description\":\"Just another Africa News Agency Sites site\",\"potentialAction\":[{\"@type\":\"SearchAction\",\"target\":{\"@type\":\"EntryPoint\",\"urlTemplate\":\"https:\/\/www.africa-press.net\/cameroun\/?s={search_term_string}\"},\"query-input\":{\"@type\":\"PropertyValueSpecification\",\"valueRequired\":true,\"valueName\":\"search_term_string\"}}],\"inLanguage\":\"fr-FR\"},{\"@type\":\"Person\",\"@id\":\"https:\/\/www.africa-press.net\/cameroun\/#\/schema\/person\/2b1cf3cd81a31e3cd26889ca66d677f1\",\"name\":\"cfeditorfr\"}]}<\/script>\n<!-- \/ Yoast SEO Premium plugin. -->","yoast_head_json":{"title":"Cameroun : Samuel Eto\u2019o, pr\u00e9sident sans filtre - Cameroun","description":"Plus de sept mois apr\u00e8s son \u00e9lection, le 11 d\u00e9cembre 2021, \u00e0 la pr\u00e9sidence de la F\u00e9d\u00e9ration camerounaise de football (Fe ...","robots":{"index":"index","follow":"follow","max-snippet":"max-snippet:-1","max-image-preview":"max-image-preview:large","max-video-preview":"max-video-preview:-1"},"canonical":"https:\/\/www.africa-press.net\/cameroun\/dossiers\/cameroun-samuel-etoo-president-sans-filtre","og_locale":"fr_FR","og_type":"article","og_title":"Cameroun : Samuel Eto\u2019o, pr\u00e9sident sans filtre","og_description":"Plus de sept mois apr\u00e8s son \u00e9lection, le 11 d\u00e9cembre 2021, \u00e0 la pr\u00e9sidence de la F\u00e9d\u00e9ration camerounaise de football (Fe ...","og_url":"https:\/\/www.africa-press.net\/cameroun\/dossiers\/cameroun-samuel-etoo-president-sans-filtre","og_site_name":"Cameroun","article_published_time":"2022-07-22T15:17:12+00:00","article_modified_time":"2022-07-22T16:14:27+00:00","og_image":[{"width":1256,"height":628,"url":"https:\/\/static.africa-press.net\/cameroun\/sites\/57\/2022\/07\/img-62dacccbb9c26.jpg","type":"image\/jpeg"}],"author":"cfeditorfr","twitter_card":"summary_large_image","twitter_misc":{"\u00c9crit par":"cfeditorfr","Dur\u00e9e de lecture estim\u00e9e":"2 minutes"},"schema":{"@context":"https:\/\/schema.org","@graph":[{"@type":"Article","@id":"https:\/\/www.africa-press.net\/cameroun\/dossiers\/cameroun-samuel-etoo-president-sans-filtre#article","isPartOf":{"@id":"https:\/\/www.africa-press.net\/cameroun\/dossiers\/cameroun-samuel-etoo-president-sans-filtre"},"author":{"name":"cfeditorfr","@id":"https:\/\/www.africa-press.net\/cameroun\/#\/schema\/person\/2b1cf3cd81a31e3cd26889ca66d677f1"},"headline":"Cameroun : Samuel Eto\u2019o, pr\u00e9sident sans filtre","datePublished":"2022-07-22T15:17:12+00:00","dateModified":"2022-07-22T16:14:27+00:00","mainEntityOfPage":{"@id":"https:\/\/www.africa-press.net\/cameroun\/dossiers\/cameroun-samuel-etoo-president-sans-filtre"},"wordCount":308,"commentCount":0,"image":{"@id":"https:\/\/www.africa-press.net\/cameroun\/dossiers\/cameroun-samuel-etoo-president-sans-filtre#primaryimage"},"thumbnailUrl":"https:\/\/static.africa-press.net\/cameroun\/sites\/57\/2022\/07\/img-62dacccbb9c26.jpg","keywords":["Africa Press","Africa Press-Cameroun","Cameroun"],"articleSection":["Dossiers","homepage-french","Toutes les actualit\u00e9s"],"inLanguage":"fr-FR","potentialAction":[{"@type":"CommentAction","name":"Comment","target":["https:\/\/www.africa-press.net\/cameroun\/dossiers\/cameroun-samuel-etoo-president-sans-filtre#respond"]}]},{"@type":"WebPage","@id":"https:\/\/www.africa-press.net\/cameroun\/dossiers\/cameroun-samuel-etoo-president-sans-filtre","url":"https:\/\/www.africa-press.net\/cameroun\/dossiers\/cameroun-samuel-etoo-president-sans-filtre","name":"Cameroun : Samuel Eto\u2019o, pr\u00e9sident sans filtre - Cameroun","isPartOf":{"@id":"https:\/\/www.africa-press.net\/cameroun\/#website"},"primaryImageOfPage":{"@id":"https:\/\/www.africa-press.net\/cameroun\/dossiers\/cameroun-samuel-etoo-president-sans-filtre#primaryimage"},"image":{"@id":"https:\/\/www.africa-press.net\/cameroun\/dossiers\/cameroun-samuel-etoo-president-sans-filtre#primaryimage"},"thumbnailUrl":"https:\/\/static.africa-press.net\/cameroun\/sites\/57\/2022\/07\/img-62dacccbb9c26.jpg","datePublished":"2022-07-22T15:17:12+00:00","dateModified":"2022-07-22T16:14:27+00:00","author":{"@id":"https:\/\/www.africa-press.net\/cameroun\/#\/schema\/person\/2b1cf3cd81a31e3cd26889ca66d677f1"},"description":"Plus de sept mois apr\u00e8s son \u00e9lection, le 11 d\u00e9cembre 2021, \u00e0 la pr\u00e9sidence de la F\u00e9d\u00e9ration camerounaise de football (Fe ...","breadcrumb":{"@id":"https:\/\/www.africa-press.net\/cameroun\/dossiers\/cameroun-samuel-etoo-president-sans-filtre#breadcrumb"},"inLanguage":"fr-FR","potentialAction":[{"@type":"ReadAction","target":["https:\/\/www.africa-press.net\/cameroun\/dossiers\/cameroun-samuel-etoo-president-sans-filtre"]}]},{"@type":"ImageObject","inLanguage":"fr-FR","@id":"https:\/\/www.africa-press.net\/cameroun\/dossiers\/cameroun-samuel-etoo-president-sans-filtre#primaryimage","url":"https:\/\/static.africa-press.net\/cameroun\/sites\/57\/2022\/07\/img-62dacccbb9c26.jpg","contentUrl":"https:\/\/static.africa-press.net\/cameroun\/sites\/57\/2022\/07\/img-62dacccbb9c26.jpg","width":1256,"height":628,"caption":"Cameroun : Samuel Eto\u2019o, pr\u00e9sident sans filtre"},{"@type":"BreadcrumbList","@id":"https:\/\/www.africa-press.net\/cameroun\/dossiers\/cameroun-samuel-etoo-president-sans-filtre#breadcrumb","itemListElement":[{"@type":"ListItem","position":1,"name":"Accueil","item":"https:\/\/www.africa-press.net\/cameroun\/"},{"@type":"ListItem","position":2,"name":"Cameroun : Samuel Eto\u2019o, pr\u00e9sident sans filtre"}]},{"@type":"WebSite","@id":"https:\/\/www.africa-press.net\/cameroun\/#website","url":"https:\/\/www.africa-press.net\/cameroun\/","name":"Cameroun","description":"Just another Africa News Agency Sites site","potentialAction":[{"@type":"SearchAction","target":{"@type":"EntryPoint","urlTemplate":"https:\/\/www.africa-press.net\/cameroun\/?s={search_term_string}"},"query-input":{"@type":"PropertyValueSpecification","valueRequired":true,"valueName":"search_term_string"}}],"inLanguage":"fr-FR"},{"@type":"Person","@id":"https:\/\/www.africa-press.net\/cameroun\/#\/schema\/person\/2b1cf3cd81a31e3cd26889ca66d677f1","name":"cfeditorfr"}]}},"_links":{"self":[{"href":"https:\/\/www.africa-press.net\/cameroun\/wp-json\/wp\/v2\/posts\/23996","targetHints":{"allow":["GET"]}}],"collection":[{"href":"https:\/\/www.africa-press.net\/cameroun\/wp-json\/wp\/v2\/posts"}],"about":[{"href":"https:\/\/www.africa-press.net\/cameroun\/wp-json\/wp\/v2\/types\/post"}],"author":[{"embeddable":true,"href":"https:\/\/www.africa-press.net\/cameroun\/wp-json\/wp\/v2\/users\/82"}],"replies":[{"embeddable":true,"href":"https:\/\/www.africa-press.net\/cameroun\/wp-json\/wp\/v2\/comments?post=23996"}],"version-history":[{"count":0,"href":"https:\/\/www.africa-press.net\/cameroun\/wp-json\/wp\/v2\/posts\/23996\/revisions"}],"wp:featuredmedia":[{"embeddable":true,"href":"https:\/\/www.africa-press.net\/cameroun\/wp-json\/wp\/v2\/media\/23995"}],"wp:attachment":[{"href":"https:\/\/www.africa-press.net\/cameroun\/wp-json\/wp\/v2\/media?parent=23996"}],"wp:term":[{"taxonomy":"category","embeddable":true,"href":"https:\/\/www.africa-press.net\/cameroun\/wp-json\/wp\/v2\/categories?post=23996"},{"taxonomy":"post_tag","embeddable":true,"href":"https:\/\/www.africa-press.net\/cameroun\/wp-json\/wp\/v2\/tags?post=23996"}],"curies":[{"name":"wp","href":"https:\/\/api.w.org\/{rel}","templated":true}]}}