{"id":24002,"date":"2022-07-22T15:31:14","date_gmt":"2022-07-22T15:31:14","guid":{"rendered":"https:\/\/www.africa-press.net\/cameroun\/politique\/cameroun-les-pme-invitees-au-concours-franco-fil-2022"},"modified":"2022-07-22T16:15:28","modified_gmt":"2022-07-22T16:15:28","slug":"cameroun-les-pme-invitees-au-concours-franco-fil-2022","status":"publish","type":"post","link":"https:\/\/www.africa-press.net\/cameroun\/economie\/cameroun-les-pme-invitees-au-concours-franco-fil-2022","title":{"rendered":"Cameroun\u00a0: les PME invit\u00e9es au concours Franco-Fil 2022"},"content":{"rendered":"<p><span style=\"color: #ff6600\"><strong>Africa-Press &#8211; Cameroun. <\/strong><\/span>Dans un communiqu\u00e9, le ministre Camerounais des PME a invit\u00e9 les Petites et moyennes entreprises \u00e0 poser les candidatures \u00e0 cette comp\u00e9tition.<\/p>\n<p>L\u2019\u00e9dition 2022 du \u00ab\u2009Franco-Fil\u2009\u00bb est lanc\u00e9e. Ce concours vise \u00e0 encourager les porteurs de projets dont les solutions et les technologies contribuent \u00e0 la mise en \u0153uvre des objectifs de d\u00e9veloppement durable (ODD) des Nations unies.<\/p>\n<p>Pour cette ann\u00e9e, trois prix seront d\u00e9cern\u00e9s dans les domaines de la transition \u00e9nerg\u00e9tique, l\u2019agro\u00e9conomie et la mode durable. Les candidatures seront cl\u00f4tur\u00e9es au soir du 31 juillet 2022 tandis que les r\u00e9sultats seront connus en d\u00e9cembre prochain.<\/p>\n<p>\u00ab PME camerounaises, profitez de cet appel \u00e0 candidature pour le concours franco-fil 2022 lanc\u00e9 par la Conf\u00e9rence permanente des chambres consulaires africaines et francophones (Cpccaf) et la soci\u00e9t\u00e9 d\u2019encouragement pour l\u2019industrie nationale de paris. Postulez et saisissez votre chance \u00bb, a encourag\u00e9 le minist\u00e8re camerounais des PME.<\/p>\n<p>Les projets s\u00e9lectionn\u00e9s recevront chacun un prix d\u2019une valeur de 5\u2009000 euros. Ce sera en pr\u00e9sence de nombreux entrepreneurs et professionnels du secteur priv\u00e9, ainsi que des administrations publiques.<\/p>\n<p>Constitu\u00e9 de 3 cat\u00e9gories de prix cens\u00e9s \u00eatre remis en d\u00e9cembre prochain, le concours Franco-fil concerne trois secteurs industriels qui sont l\u2019Agro\u00e9conomie raisonn\u00e9e, la Transition \u00e9nerg\u00e9tique et la Mode\/Textile et accessoires durables.<\/p>\n<p>Un total de deux cents candidatures seront retenues de toutes celles qui seront d\u00e9pos\u00e9es avant la derni\u00e8re journ\u00e9e du mois en cours. Les cent premiers projets s\u00e9lectionn\u00e9s concerneront les candidats ressortissants de dix pays africains, \u00e0 savoir le B\u00e9nin, le Cameroun, le Congo, la C\u00f4te d\u2019Ivoire, Madagascar, le Maroc, la R\u00e9publique d\u00e9mocratique du Congo, le Rwanda, le S\u00e9n\u00e9gal ainsi que le Togo.<\/p>\n<p><strong>Pour plus d&rsquo;informations et d&rsquo;analyses sur la <a href=\"https:\/\/www.africa-press.net\/cameroun\">Cameroun<\/a>, suivez <a href=\"https:\/\/www.africa-press.net\/\">Africa-Press<\/a><\/strong><\/p>\n","protected":false},"excerpt":{"rendered":"<p>Africa-Press &#8211; Cameroun. Dans un communiqu\u00e9, le ministre Camerounais des PME a invit\u00e9 les Petites et moyennes entreprises \u00e0 poser les candidatures \u00e0 cette comp\u00e9tition. L\u2019\u00e9dition 2022 du \u00ab\u2009Franco-Fil\u2009\u00bb est lanc\u00e9e. Ce concours vise \u00e0 encourager les porteurs de projets dont les solutions et les technologies contribuent \u00e0 la mise en \u0153uvre des objectifs de [&hellip;]<\/p>\n","protected":false},"author":82,"featured_media":24001,"comment_status":"open","ping_status":"closed","sticky":false,"template":"","format":"standard","meta":{"footnotes":""},"categories":[3,11,10],"tags":[36,50,49],"class_list":["post-24002","post","type-post","status-publish","format-standard","has-post-thumbnail","hentry","category-economie","category-homepage-french","category-toutes-les-actualites","tag-africa-press","tag-africa-press-cameroun","tag-cameroun"],"yoast_head":"<!-- This site is optimized with the Yoast SEO Premium plugin v26.1 (Yoast SEO v27.0) - https:\/\/yoast.com\/product\/yoast-seo-premium-wordpress\/ -->\n<title>Cameroun\u00a0: les PME invit\u00e9es au concours Franco-Fil 2022 - Cameroun<\/title>\n<meta name=\"description\" content=\"Dans un communiqu\u00e9, le ministre Camerounais des PME a invit\u00e9 les Petites et moyennes entreprises \u00e0 poser les candidature ...\" \/>\n<meta name=\"robots\" content=\"index, follow, max-snippet:-1, max-image-preview:large, max-video-preview:-1\" \/>\n<link rel=\"canonical\" href=\"https:\/\/www.africa-press.net\/cameroun\/economie\/cameroun-les-pme-invitees-au-concours-franco-fil-2022\" \/>\n<meta property=\"og:locale\" content=\"fr_FR\" \/>\n<meta property=\"og:type\" content=\"article\" \/>\n<meta property=\"og:title\" content=\"Cameroun\u00a0: les PME invit\u00e9es au concours Franco-Fil 2022\" \/>\n<meta property=\"og:description\" content=\"Dans un communiqu\u00e9, le ministre Camerounais des PME a invit\u00e9 les Petites et moyennes entreprises \u00e0 poser les candidature ...\" \/>\n<meta property=\"og:url\" content=\"https:\/\/www.africa-press.net\/cameroun\/economie\/cameroun-les-pme-invitees-au-concours-franco-fil-2022\" \/>\n<meta property=\"og:site_name\" content=\"Cameroun\" \/>\n<meta property=\"article:published_time\" content=\"2022-07-22T15:31:14+00:00\" \/>\n<meta property=\"article:modified_time\" content=\"2022-07-22T16:15:28+00:00\" \/>\n<meta property=\"og:image\" content=\"https:\/\/static.africa-press.net\/cameroun\/sites\/57\/2022\/07\/img-62dacd091986e.jpg\" \/>\n\t<meta property=\"og:image:width\" content=\"1104\" \/>\n\t<meta property=\"og:image:height\" content=\"620\" \/>\n\t<meta property=\"og:image:type\" content=\"image\/jpeg\" \/>\n<meta name=\"author\" content=\"cfeditorfr\" \/>\n<meta name=\"twitter:card\" content=\"summary_large_image\" \/>\n<meta name=\"twitter:label1\" content=\"\u00c9crit par\" \/>\n\t<meta name=\"twitter:data1\" content=\"cfeditorfr\" \/>\n\t<meta name=\"twitter:label2\" content=\"Dur\u00e9e de lecture estim\u00e9e\" \/>\n\t<meta name=\"twitter:data2\" content=\"2 minutes\" \/>\n<script type=\"application\/ld+json\" class=\"yoast-schema-graph\">{\"@context\":\"https:\/\/schema.org\",\"@graph\":[{\"@type\":\"Article\",\"@id\":\"https:\/\/www.africa-press.net\/cameroun\/economie\/cameroun-les-pme-invitees-au-concours-franco-fil-2022#article\",\"isPartOf\":{\"@id\":\"https:\/\/www.africa-press.net\/cameroun\/economie\/cameroun-les-pme-invitees-au-concours-franco-fil-2022\"},\"author\":{\"name\":\"cfeditorfr\",\"@id\":\"https:\/\/www.africa-press.net\/cameroun\/#\/schema\/person\/2b1cf3cd81a31e3cd26889ca66d677f1\"},\"headline\":\"Cameroun\u00a0: les PME invit\u00e9es au concours Franco-Fil 2022\",\"datePublished\":\"2022-07-22T15:31:14+00:00\",\"dateModified\":\"2022-07-22T16:15:28+00:00\",\"mainEntityOfPage\":{\"@id\":\"https:\/\/www.africa-press.net\/cameroun\/economie\/cameroun-les-pme-invitees-au-concours-franco-fil-2022\"},\"wordCount\":320,\"commentCount\":0,\"image\":{\"@id\":\"https:\/\/www.africa-press.net\/cameroun\/economie\/cameroun-les-pme-invitees-au-concours-franco-fil-2022#primaryimage\"},\"thumbnailUrl\":\"https:\/\/static.africa-press.net\/cameroun\/sites\/57\/2022\/07\/img-62dacd091986e.jpg\",\"keywords\":[\"Africa Press\",\"Africa Press-Cameroun\",\"Cameroun\"],\"articleSection\":[\"\u00c9conomie\",\"homepage-french\",\"Toutes les actualit\u00e9s\"],\"inLanguage\":\"fr-FR\",\"potentialAction\":[{\"@type\":\"CommentAction\",\"name\":\"Comment\",\"target\":[\"https:\/\/www.africa-press.net\/cameroun\/economie\/cameroun-les-pme-invitees-au-concours-franco-fil-2022#respond\"]}]},{\"@type\":\"WebPage\",\"@id\":\"https:\/\/www.africa-press.net\/cameroun\/economie\/cameroun-les-pme-invitees-au-concours-franco-fil-2022\",\"url\":\"https:\/\/www.africa-press.net\/cameroun\/economie\/cameroun-les-pme-invitees-au-concours-franco-fil-2022\",\"name\":\"Cameroun\u00a0: les PME invit\u00e9es au concours Franco-Fil 2022 - Cameroun\",\"isPartOf\":{\"@id\":\"https:\/\/www.africa-press.net\/cameroun\/#website\"},\"primaryImageOfPage\":{\"@id\":\"https:\/\/www.africa-press.net\/cameroun\/economie\/cameroun-les-pme-invitees-au-concours-franco-fil-2022#primaryimage\"},\"image\":{\"@id\":\"https:\/\/www.africa-press.net\/cameroun\/economie\/cameroun-les-pme-invitees-au-concours-franco-fil-2022#primaryimage\"},\"thumbnailUrl\":\"https:\/\/static.africa-press.net\/cameroun\/sites\/57\/2022\/07\/img-62dacd091986e.jpg\",\"datePublished\":\"2022-07-22T15:31:14+00:00\",\"dateModified\":\"2022-07-22T16:15:28+00:00\",\"author\":{\"@id\":\"https:\/\/www.africa-press.net\/cameroun\/#\/schema\/person\/2b1cf3cd81a31e3cd26889ca66d677f1\"},\"description\":\"Dans un communiqu\u00e9, le ministre Camerounais des PME a invit\u00e9 les Petites et moyennes entreprises \u00e0 poser les candidature ...\",\"breadcrumb\":{\"@id\":\"https:\/\/www.africa-press.net\/cameroun\/economie\/cameroun-les-pme-invitees-au-concours-franco-fil-2022#breadcrumb\"},\"inLanguage\":\"fr-FR\",\"potentialAction\":[{\"@type\":\"ReadAction\",\"target\":[\"https:\/\/www.africa-press.net\/cameroun\/economie\/cameroun-les-pme-invitees-au-concours-franco-fil-2022\"]}]},{\"@type\":\"ImageObject\",\"inLanguage\":\"fr-FR\",\"@id\":\"https:\/\/www.africa-press.net\/cameroun\/economie\/cameroun-les-pme-invitees-au-concours-franco-fil-2022#primaryimage\",\"url\":\"https:\/\/static.africa-press.net\/cameroun\/sites\/57\/2022\/07\/img-62dacd091986e.jpg\",\"contentUrl\":\"https:\/\/static.africa-press.net\/cameroun\/sites\/57\/2022\/07\/img-62dacd091986e.jpg\",\"width\":1104,\"height\":620,\"caption\":\"Cameroun\u00a0: les PME invit\u00e9es au concours Franco-Fil 2022\"},{\"@type\":\"BreadcrumbList\",\"@id\":\"https:\/\/www.africa-press.net\/cameroun\/economie\/cameroun-les-pme-invitees-au-concours-franco-fil-2022#breadcrumb\",\"itemListElement\":[{\"@type\":\"ListItem\",\"position\":1,\"name\":\"Accueil\",\"item\":\"https:\/\/www.africa-press.net\/cameroun\/\"},{\"@type\":\"ListItem\",\"position\":2,\"name\":\"Cameroun\u00a0: les PME invit\u00e9es au concours Franco-Fil 2022\"}]},{\"@type\":\"WebSite\",\"@id\":\"https:\/\/www.africa-press.net\/cameroun\/#website\",\"url\":\"https:\/\/www.africa-press.net\/cameroun\/\",\"name\":\"Cameroun\",\"description\":\"Just another Africa News Agency Sites site\",\"potentialAction\":[{\"@type\":\"SearchAction\",\"target\":{\"@type\":\"EntryPoint\",\"urlTemplate\":\"https:\/\/www.africa-press.net\/cameroun\/?s={search_term_string}\"},\"query-input\":{\"@type\":\"PropertyValueSpecification\",\"valueRequired\":true,\"valueName\":\"search_term_string\"}}],\"inLanguage\":\"fr-FR\"},{\"@type\":\"Person\",\"@id\":\"https:\/\/www.africa-press.net\/cameroun\/#\/schema\/person\/2b1cf3cd81a31e3cd26889ca66d677f1\",\"name\":\"cfeditorfr\"}]}<\/script>\n<!-- \/ Yoast SEO Premium plugin. -->","yoast_head_json":{"title":"Cameroun\u00a0: les PME invit\u00e9es au concours Franco-Fil 2022 - Cameroun","description":"Dans un communiqu\u00e9, le ministre Camerounais des PME a invit\u00e9 les Petites et moyennes entreprises \u00e0 poser les candidature ...","robots":{"index":"index","follow":"follow","max-snippet":"max-snippet:-1","max-image-preview":"max-image-preview:large","max-video-preview":"max-video-preview:-1"},"canonical":"https:\/\/www.africa-press.net\/cameroun\/economie\/cameroun-les-pme-invitees-au-concours-franco-fil-2022","og_locale":"fr_FR","og_type":"article","og_title":"Cameroun\u00a0: les PME invit\u00e9es au concours Franco-Fil 2022","og_description":"Dans un communiqu\u00e9, le ministre Camerounais des PME a invit\u00e9 les Petites et moyennes entreprises \u00e0 poser les candidature ...","og_url":"https:\/\/www.africa-press.net\/cameroun\/economie\/cameroun-les-pme-invitees-au-concours-franco-fil-2022","og_site_name":"Cameroun","article_published_time":"2022-07-22T15:31:14+00:00","article_modified_time":"2022-07-22T16:15:28+00:00","og_image":[{"width":1104,"height":620,"url":"https:\/\/static.africa-press.net\/cameroun\/sites\/57\/2022\/07\/img-62dacd091986e.jpg","type":"image\/jpeg"}],"author":"cfeditorfr","twitter_card":"summary_large_image","twitter_misc":{"\u00c9crit par":"cfeditorfr","Dur\u00e9e de lecture estim\u00e9e":"2 minutes"},"schema":{"@context":"https:\/\/schema.org","@graph":[{"@type":"Article","@id":"https:\/\/www.africa-press.net\/cameroun\/economie\/cameroun-les-pme-invitees-au-concours-franco-fil-2022#article","isPartOf":{"@id":"https:\/\/www.africa-press.net\/cameroun\/economie\/cameroun-les-pme-invitees-au-concours-franco-fil-2022"},"author":{"name":"cfeditorfr","@id":"https:\/\/www.africa-press.net\/cameroun\/#\/schema\/person\/2b1cf3cd81a31e3cd26889ca66d677f1"},"headline":"Cameroun\u00a0: les PME invit\u00e9es au concours Franco-Fil 2022","datePublished":"2022-07-22T15:31:14+00:00","dateModified":"2022-07-22T16:15:28+00:00","mainEntityOfPage":{"@id":"https:\/\/www.africa-press.net\/cameroun\/economie\/cameroun-les-pme-invitees-au-concours-franco-fil-2022"},"wordCount":320,"commentCount":0,"image":{"@id":"https:\/\/www.africa-press.net\/cameroun\/economie\/cameroun-les-pme-invitees-au-concours-franco-fil-2022#primaryimage"},"thumbnailUrl":"https:\/\/static.africa-press.net\/cameroun\/sites\/57\/2022\/07\/img-62dacd091986e.jpg","keywords":["Africa Press","Africa Press-Cameroun","Cameroun"],"articleSection":["\u00c9conomie","homepage-french","Toutes les actualit\u00e9s"],"inLanguage":"fr-FR","potentialAction":[{"@type":"CommentAction","name":"Comment","target":["https:\/\/www.africa-press.net\/cameroun\/economie\/cameroun-les-pme-invitees-au-concours-franco-fil-2022#respond"]}]},{"@type":"WebPage","@id":"https:\/\/www.africa-press.net\/cameroun\/economie\/cameroun-les-pme-invitees-au-concours-franco-fil-2022","url":"https:\/\/www.africa-press.net\/cameroun\/economie\/cameroun-les-pme-invitees-au-concours-franco-fil-2022","name":"Cameroun\u00a0: les PME invit\u00e9es au concours Franco-Fil 2022 - Cameroun","isPartOf":{"@id":"https:\/\/www.africa-press.net\/cameroun\/#website"},"primaryImageOfPage":{"@id":"https:\/\/www.africa-press.net\/cameroun\/economie\/cameroun-les-pme-invitees-au-concours-franco-fil-2022#primaryimage"},"image":{"@id":"https:\/\/www.africa-press.net\/cameroun\/economie\/cameroun-les-pme-invitees-au-concours-franco-fil-2022#primaryimage"},"thumbnailUrl":"https:\/\/static.africa-press.net\/cameroun\/sites\/57\/2022\/07\/img-62dacd091986e.jpg","datePublished":"2022-07-22T15:31:14+00:00","dateModified":"2022-07-22T16:15:28+00:00","author":{"@id":"https:\/\/www.africa-press.net\/cameroun\/#\/schema\/person\/2b1cf3cd81a31e3cd26889ca66d677f1"},"description":"Dans un communiqu\u00e9, le ministre Camerounais des PME a invit\u00e9 les Petites et moyennes entreprises \u00e0 poser les candidature ...","breadcrumb":{"@id":"https:\/\/www.africa-press.net\/cameroun\/economie\/cameroun-les-pme-invitees-au-concours-franco-fil-2022#breadcrumb"},"inLanguage":"fr-FR","potentialAction":[{"@type":"ReadAction","target":["https:\/\/www.africa-press.net\/cameroun\/economie\/cameroun-les-pme-invitees-au-concours-franco-fil-2022"]}]},{"@type":"ImageObject","inLanguage":"fr-FR","@id":"https:\/\/www.africa-press.net\/cameroun\/economie\/cameroun-les-pme-invitees-au-concours-franco-fil-2022#primaryimage","url":"https:\/\/static.africa-press.net\/cameroun\/sites\/57\/2022\/07\/img-62dacd091986e.jpg","contentUrl":"https:\/\/static.africa-press.net\/cameroun\/sites\/57\/2022\/07\/img-62dacd091986e.jpg","width":1104,"height":620,"caption":"Cameroun\u00a0: les PME invit\u00e9es au concours Franco-Fil 2022"},{"@type":"BreadcrumbList","@id":"https:\/\/www.africa-press.net\/cameroun\/economie\/cameroun-les-pme-invitees-au-concours-franco-fil-2022#breadcrumb","itemListElement":[{"@type":"ListItem","position":1,"name":"Accueil","item":"https:\/\/www.africa-press.net\/cameroun\/"},{"@type":"ListItem","position":2,"name":"Cameroun\u00a0: les PME invit\u00e9es au concours Franco-Fil 2022"}]},{"@type":"WebSite","@id":"https:\/\/www.africa-press.net\/cameroun\/#website","url":"https:\/\/www.africa-press.net\/cameroun\/","name":"Cameroun","description":"Just another Africa News Agency Sites site","potentialAction":[{"@type":"SearchAction","target":{"@type":"EntryPoint","urlTemplate":"https:\/\/www.africa-press.net\/cameroun\/?s={search_term_string}"},"query-input":{"@type":"PropertyValueSpecification","valueRequired":true,"valueName":"search_term_string"}}],"inLanguage":"fr-FR"},{"@type":"Person","@id":"https:\/\/www.africa-press.net\/cameroun\/#\/schema\/person\/2b1cf3cd81a31e3cd26889ca66d677f1","name":"cfeditorfr"}]}},"_links":{"self":[{"href":"https:\/\/www.africa-press.net\/cameroun\/wp-json\/wp\/v2\/posts\/24002","targetHints":{"allow":["GET"]}}],"collection":[{"href":"https:\/\/www.africa-press.net\/cameroun\/wp-json\/wp\/v2\/posts"}],"about":[{"href":"https:\/\/www.africa-press.net\/cameroun\/wp-json\/wp\/v2\/types\/post"}],"author":[{"embeddable":true,"href":"https:\/\/www.africa-press.net\/cameroun\/wp-json\/wp\/v2\/users\/82"}],"replies":[{"embeddable":true,"href":"https:\/\/www.africa-press.net\/cameroun\/wp-json\/wp\/v2\/comments?post=24002"}],"version-history":[{"count":0,"href":"https:\/\/www.africa-press.net\/cameroun\/wp-json\/wp\/v2\/posts\/24002\/revisions"}],"wp:featuredmedia":[{"embeddable":true,"href":"https:\/\/www.africa-press.net\/cameroun\/wp-json\/wp\/v2\/media\/24001"}],"wp:attachment":[{"href":"https:\/\/www.africa-press.net\/cameroun\/wp-json\/wp\/v2\/media?parent=24002"}],"wp:term":[{"taxonomy":"category","embeddable":true,"href":"https:\/\/www.africa-press.net\/cameroun\/wp-json\/wp\/v2\/categories?post=24002"},{"taxonomy":"post_tag","embeddable":true,"href":"https:\/\/www.africa-press.net\/cameroun\/wp-json\/wp\/v2\/tags?post=24002"}],"curies":[{"name":"wp","href":"https:\/\/api.w.org\/{rel}","templated":true}]}}