{"id":24005,"date":"2022-07-22T15:36:43","date_gmt":"2022-07-22T15:36:43","guid":{"rendered":"https:\/\/www.africa-press.net\/cameroun\/politique\/cameroun-le-ministere-de-la-sante-publique-traque-les-centres-de-sante-clandestins"},"modified":"2022-07-22T16:15:54","modified_gmt":"2022-07-22T16:15:54","slug":"cameroun-le-ministere-de-la-sante-publique-traque-les-centres-de-sante-clandestins","status":"publish","type":"post","link":"https:\/\/www.africa-press.net\/cameroun\/toutes-les-actualites\/cameroun-le-ministere-de-la-sante-publique-traque-les-centres-de-sante-clandestins","title":{"rendered":"Cameroun : le minist\u00e8re de la Sant\u00e9 publique traque les centres de sant\u00e9 clandestins"},"content":{"rendered":"<p><span style=\"color: #ff6600\"><strong>Africa-Press &#8211; Cameroun. <\/strong><\/span>Dans un communiqu\u00e9 publi\u00e9 mercredi 20 juillet, le ministre de la Sant\u00e9 publique, Manaouda Malachie, a annonc\u00e9 le d\u00e9marrage, dans les prochains jours, d\u2019une \u00ab vaste campagne d\u2019assainissement de la carte sanitaire sur l\u2019ensemble du territoire national \u00bb.<\/p>\n<p>Cette op\u00e9ration, qui s\u2019accompagne de poursuites judiciaires contre les contrevenants aux lois et r\u00e8glements en la mati\u00e8re, vise \u00e0 traquer les centres de sant\u00e9 clandestins. Il s\u2019agit d\u2019\u00e9tablissements de sant\u00e9 g\u00e9r\u00e9s par des promoteurs priv\u00e9s qui sont accus\u00e9s d\u2019exercice ill\u00e9gal, ainsi que de \u00ab pratiques m\u00e9dicales dangereuses \u00bb et de \u00ab distribution ill\u00e9gale de produits pharmaceutiques \u00bb.<\/p>\n<p>Cette campagne fait suite \u00e0 une \u00ab r\u00e9surgence \u00bb de ces structures informelles constat\u00e9e par les services techniques comp\u00e9tents du Minsant\u00e9 dans les grands centres urbains du Cameroun, indique Manaouda Malachie. \u00ab Cette situation est d\u2019autant plus susceptible de compromettre gravement la sant\u00e9 de la population, qu\u2019elle entra\u00eene d\u2019une part un nombre important de d\u00e9c\u00e8s chez les femmes enceintes \u00e0 cause des r\u00e9f\u00e9rences tardives des formations sanitaires initiales, et d\u2019autre part, un afflux de cas de patients qui arrivent tr\u00e8s tard dans les formations sanitaires de r\u00e9f\u00e9rence, et pr\u00e9sentant des complications graves de mauvaises pratiques m\u00e9dicales \u00bb, \u00e9crit le membre du gouvernement.<\/p>\n<p>Il a \u00e9galement mis en garde la population contre le recours \u00e0 ces centres, dont les pratiques \u00ab contribuent \u00e0 augmenter la mortalit\u00e9 maternelle et le nombre de patientes en h\u00e9modialyse dans nos formations sanitaires, ainsi que de nombreuses autres cons\u00e9quences pour la sant\u00e9 \u00bb. Le Minsant\u00e9 pr\u00e9cise que cette campagne sera men\u00e9e en liaison avec les diff\u00e9rents ordres professionnels existants, auxquels il demande \u00ab de s\u2019investir pleinement dans cette op\u00e9ration de sauvegarde de la sant\u00e9 de la population camerounaise \u00bb.<\/p>\n<p>Ce n\u2019est pas la premi\u00e8re fois que les autorit\u00e9s camerounaises tentent d\u2019endiguer ce ph\u00e9nom\u00e8ne. Cependant, les centres de sant\u00e9 clandestins continuent de prosp\u00e9rer, notamment en raison des co\u00fbts \u00e9lev\u00e9s pratiqu\u00e9s dans les h\u00f4pitaux publics ou priv\u00e9s de bonne r\u00e9putation.<\/p>\n<p><strong>Pour plus d&rsquo;informations et d&rsquo;analyses sur la <a href=\"https:\/\/www.africa-press.net\/cameroun\">Cameroun<\/a>, suivez <a href=\"https:\/\/www.africa-press.net\/\">Africa-Press<\/a><\/strong><\/p>\n","protected":false},"excerpt":{"rendered":"<p>Africa-Press &#8211; Cameroun. Dans un communiqu\u00e9 publi\u00e9 mercredi 20 juillet, le ministre de la Sant\u00e9 publique, Manaouda Malachie, a annonc\u00e9 le d\u00e9marrage, dans les prochains jours, d\u2019une \u00ab vaste campagne d\u2019assainissement de la carte sanitaire sur l\u2019ensemble du territoire national \u00bb. Cette op\u00e9ration, qui s\u2019accompagne de poursuites judiciaires contre les contrevenants aux lois et r\u00e8glements [&hellip;]<\/p>\n","protected":false},"author":82,"featured_media":24004,"comment_status":"open","ping_status":"closed","sticky":false,"template":"","format":"standard","meta":{"footnotes":""},"categories":[21,11,10],"tags":[36,50,49],"class_list":["post-24005","post","type-post","status-publish","format-standard","has-post-thumbnail","hentry","category-communaute","category-homepage-french","category-toutes-les-actualites","tag-africa-press","tag-africa-press-cameroun","tag-cameroun"],"yoast_head":"<!-- This site is optimized with the Yoast SEO Premium plugin v26.1 (Yoast SEO v27.0) - https:\/\/yoast.com\/product\/yoast-seo-premium-wordpress\/ -->\n<title>Cameroun : le minist\u00e8re de la Sant\u00e9 publique traque les centres de sant\u00e9 clandestins - Cameroun<\/title>\n<meta name=\"description\" content=\"Dans un communiqu\u00e9 publi\u00e9 mercredi 20 juillet, le ministre de la Sant\u00e9 publique, Manaouda Malachie, a annonc\u00e9 le d\u00e9marra ...\" \/>\n<meta name=\"robots\" content=\"index, follow, max-snippet:-1, max-image-preview:large, max-video-preview:-1\" \/>\n<link rel=\"canonical\" href=\"https:\/\/www.africa-press.net\/cameroun\/toutes-les-actualites\/cameroun-le-ministere-de-la-sante-publique-traque-les-centres-de-sante-clandestins\" \/>\n<meta property=\"og:locale\" content=\"fr_FR\" \/>\n<meta property=\"og:type\" content=\"article\" \/>\n<meta property=\"og:title\" content=\"Cameroun : le minist\u00e8re de la Sant\u00e9 publique traque les centres de sant\u00e9 clandestins\" \/>\n<meta property=\"og:description\" content=\"Dans un communiqu\u00e9 publi\u00e9 mercredi 20 juillet, le ministre de la Sant\u00e9 publique, Manaouda Malachie, a annonc\u00e9 le d\u00e9marra ...\" \/>\n<meta property=\"og:url\" content=\"https:\/\/www.africa-press.net\/cameroun\/toutes-les-actualites\/cameroun-le-ministere-de-la-sante-publique-traque-les-centres-de-sante-clandestins\" \/>\n<meta property=\"og:site_name\" content=\"Cameroun\" \/>\n<meta property=\"article:published_time\" content=\"2022-07-22T15:36:43+00:00\" \/>\n<meta property=\"article:modified_time\" content=\"2022-07-22T16:15:54+00:00\" \/>\n<meta property=\"og:image\" content=\"https:\/\/static.africa-press.net\/cameroun\/sites\/57\/2022\/07\/img-62dacd26e4fa3.jpg\" \/>\n\t<meta property=\"og:image:width\" content=\"1068\" \/>\n\t<meta property=\"og:image:height\" content=\"712\" \/>\n\t<meta property=\"og:image:type\" content=\"image\/jpeg\" \/>\n<meta name=\"author\" content=\"cfeditorfr\" \/>\n<meta name=\"twitter:card\" content=\"summary_large_image\" \/>\n<meta name=\"twitter:label1\" content=\"\u00c9crit par\" \/>\n\t<meta name=\"twitter:data1\" content=\"cfeditorfr\" \/>\n\t<meta name=\"twitter:label2\" content=\"Dur\u00e9e de lecture estim\u00e9e\" \/>\n\t<meta name=\"twitter:data2\" content=\"2 minutes\" \/>\n<script type=\"application\/ld+json\" class=\"yoast-schema-graph\">{\"@context\":\"https:\/\/schema.org\",\"@graph\":[{\"@type\":\"Article\",\"@id\":\"https:\/\/www.africa-press.net\/cameroun\/toutes-les-actualites\/cameroun-le-ministere-de-la-sante-publique-traque-les-centres-de-sante-clandestins#article\",\"isPartOf\":{\"@id\":\"https:\/\/www.africa-press.net\/cameroun\/toutes-les-actualites\/cameroun-le-ministere-de-la-sante-publique-traque-les-centres-de-sante-clandestins\"},\"author\":{\"name\":\"cfeditorfr\",\"@id\":\"https:\/\/www.africa-press.net\/cameroun\/#\/schema\/person\/2b1cf3cd81a31e3cd26889ca66d677f1\"},\"headline\":\"Cameroun : le minist\u00e8re de la Sant\u00e9 publique traque les centres de sant\u00e9 clandestins\",\"datePublished\":\"2022-07-22T15:36:43+00:00\",\"dateModified\":\"2022-07-22T16:15:54+00:00\",\"mainEntityOfPage\":{\"@id\":\"https:\/\/www.africa-press.net\/cameroun\/toutes-les-actualites\/cameroun-le-ministere-de-la-sante-publique-traque-les-centres-de-sante-clandestins\"},\"wordCount\":381,\"commentCount\":0,\"image\":{\"@id\":\"https:\/\/www.africa-press.net\/cameroun\/toutes-les-actualites\/cameroun-le-ministere-de-la-sante-publique-traque-les-centres-de-sante-clandestins#primaryimage\"},\"thumbnailUrl\":\"https:\/\/static.africa-press.net\/cameroun\/sites\/57\/2022\/07\/img-62dacd26e4fa3.jpg\",\"keywords\":[\"Africa Press\",\"Africa Press-Cameroun\",\"Cameroun\"],\"articleSection\":[\"Communaut\u00e9\",\"homepage-french\",\"Toutes les actualit\u00e9s\"],\"inLanguage\":\"fr-FR\",\"potentialAction\":[{\"@type\":\"CommentAction\",\"name\":\"Comment\",\"target\":[\"https:\/\/www.africa-press.net\/cameroun\/toutes-les-actualites\/cameroun-le-ministere-de-la-sante-publique-traque-les-centres-de-sante-clandestins#respond\"]}]},{\"@type\":\"WebPage\",\"@id\":\"https:\/\/www.africa-press.net\/cameroun\/toutes-les-actualites\/cameroun-le-ministere-de-la-sante-publique-traque-les-centres-de-sante-clandestins\",\"url\":\"https:\/\/www.africa-press.net\/cameroun\/toutes-les-actualites\/cameroun-le-ministere-de-la-sante-publique-traque-les-centres-de-sante-clandestins\",\"name\":\"Cameroun : le minist\u00e8re de la Sant\u00e9 publique traque les centres de sant\u00e9 clandestins - Cameroun\",\"isPartOf\":{\"@id\":\"https:\/\/www.africa-press.net\/cameroun\/#website\"},\"primaryImageOfPage\":{\"@id\":\"https:\/\/www.africa-press.net\/cameroun\/toutes-les-actualites\/cameroun-le-ministere-de-la-sante-publique-traque-les-centres-de-sante-clandestins#primaryimage\"},\"image\":{\"@id\":\"https:\/\/www.africa-press.net\/cameroun\/toutes-les-actualites\/cameroun-le-ministere-de-la-sante-publique-traque-les-centres-de-sante-clandestins#primaryimage\"},\"thumbnailUrl\":\"https:\/\/static.africa-press.net\/cameroun\/sites\/57\/2022\/07\/img-62dacd26e4fa3.jpg\",\"datePublished\":\"2022-07-22T15:36:43+00:00\",\"dateModified\":\"2022-07-22T16:15:54+00:00\",\"author\":{\"@id\":\"https:\/\/www.africa-press.net\/cameroun\/#\/schema\/person\/2b1cf3cd81a31e3cd26889ca66d677f1\"},\"description\":\"Dans un communiqu\u00e9 publi\u00e9 mercredi 20 juillet, le ministre de la Sant\u00e9 publique, Manaouda Malachie, a annonc\u00e9 le d\u00e9marra ...\",\"breadcrumb\":{\"@id\":\"https:\/\/www.africa-press.net\/cameroun\/toutes-les-actualites\/cameroun-le-ministere-de-la-sante-publique-traque-les-centres-de-sante-clandestins#breadcrumb\"},\"inLanguage\":\"fr-FR\",\"potentialAction\":[{\"@type\":\"ReadAction\",\"target\":[\"https:\/\/www.africa-press.net\/cameroun\/toutes-les-actualites\/cameroun-le-ministere-de-la-sante-publique-traque-les-centres-de-sante-clandestins\"]}]},{\"@type\":\"ImageObject\",\"inLanguage\":\"fr-FR\",\"@id\":\"https:\/\/www.africa-press.net\/cameroun\/toutes-les-actualites\/cameroun-le-ministere-de-la-sante-publique-traque-les-centres-de-sante-clandestins#primaryimage\",\"url\":\"https:\/\/static.africa-press.net\/cameroun\/sites\/57\/2022\/07\/img-62dacd26e4fa3.jpg\",\"contentUrl\":\"https:\/\/static.africa-press.net\/cameroun\/sites\/57\/2022\/07\/img-62dacd26e4fa3.jpg\",\"width\":1068,\"height\":712,\"caption\":\"Cameroun : le minist\u00e8re de la Sant\u00e9 publique traque les centres de sant\u00e9 clandestins\"},{\"@type\":\"BreadcrumbList\",\"@id\":\"https:\/\/www.africa-press.net\/cameroun\/toutes-les-actualites\/cameroun-le-ministere-de-la-sante-publique-traque-les-centres-de-sante-clandestins#breadcrumb\",\"itemListElement\":[{\"@type\":\"ListItem\",\"position\":1,\"name\":\"Accueil\",\"item\":\"https:\/\/www.africa-press.net\/cameroun\/\"},{\"@type\":\"ListItem\",\"position\":2,\"name\":\"Cameroun : le minist\u00e8re de la Sant\u00e9 publique traque les centres de sant\u00e9 clandestins\"}]},{\"@type\":\"WebSite\",\"@id\":\"https:\/\/www.africa-press.net\/cameroun\/#website\",\"url\":\"https:\/\/www.africa-press.net\/cameroun\/\",\"name\":\"Cameroun\",\"description\":\"Just another Africa News Agency Sites site\",\"potentialAction\":[{\"@type\":\"SearchAction\",\"target\":{\"@type\":\"EntryPoint\",\"urlTemplate\":\"https:\/\/www.africa-press.net\/cameroun\/?s={search_term_string}\"},\"query-input\":{\"@type\":\"PropertyValueSpecification\",\"valueRequired\":true,\"valueName\":\"search_term_string\"}}],\"inLanguage\":\"fr-FR\"},{\"@type\":\"Person\",\"@id\":\"https:\/\/www.africa-press.net\/cameroun\/#\/schema\/person\/2b1cf3cd81a31e3cd26889ca66d677f1\",\"name\":\"cfeditorfr\"}]}<\/script>\n<!-- \/ Yoast SEO Premium plugin. -->","yoast_head_json":{"title":"Cameroun : le minist\u00e8re de la Sant\u00e9 publique traque les centres de sant\u00e9 clandestins - Cameroun","description":"Dans un communiqu\u00e9 publi\u00e9 mercredi 20 juillet, le ministre de la Sant\u00e9 publique, Manaouda Malachie, a annonc\u00e9 le d\u00e9marra ...","robots":{"index":"index","follow":"follow","max-snippet":"max-snippet:-1","max-image-preview":"max-image-preview:large","max-video-preview":"max-video-preview:-1"},"canonical":"https:\/\/www.africa-press.net\/cameroun\/toutes-les-actualites\/cameroun-le-ministere-de-la-sante-publique-traque-les-centres-de-sante-clandestins","og_locale":"fr_FR","og_type":"article","og_title":"Cameroun : le minist\u00e8re de la Sant\u00e9 publique traque les centres de sant\u00e9 clandestins","og_description":"Dans un communiqu\u00e9 publi\u00e9 mercredi 20 juillet, le ministre de la Sant\u00e9 publique, Manaouda Malachie, a annonc\u00e9 le d\u00e9marra ...","og_url":"https:\/\/www.africa-press.net\/cameroun\/toutes-les-actualites\/cameroun-le-ministere-de-la-sante-publique-traque-les-centres-de-sante-clandestins","og_site_name":"Cameroun","article_published_time":"2022-07-22T15:36:43+00:00","article_modified_time":"2022-07-22T16:15:54+00:00","og_image":[{"width":1068,"height":712,"url":"https:\/\/static.africa-press.net\/cameroun\/sites\/57\/2022\/07\/img-62dacd26e4fa3.jpg","type":"image\/jpeg"}],"author":"cfeditorfr","twitter_card":"summary_large_image","twitter_misc":{"\u00c9crit par":"cfeditorfr","Dur\u00e9e de lecture estim\u00e9e":"2 minutes"},"schema":{"@context":"https:\/\/schema.org","@graph":[{"@type":"Article","@id":"https:\/\/www.africa-press.net\/cameroun\/toutes-les-actualites\/cameroun-le-ministere-de-la-sante-publique-traque-les-centres-de-sante-clandestins#article","isPartOf":{"@id":"https:\/\/www.africa-press.net\/cameroun\/toutes-les-actualites\/cameroun-le-ministere-de-la-sante-publique-traque-les-centres-de-sante-clandestins"},"author":{"name":"cfeditorfr","@id":"https:\/\/www.africa-press.net\/cameroun\/#\/schema\/person\/2b1cf3cd81a31e3cd26889ca66d677f1"},"headline":"Cameroun : le minist\u00e8re de la Sant\u00e9 publique traque les centres de sant\u00e9 clandestins","datePublished":"2022-07-22T15:36:43+00:00","dateModified":"2022-07-22T16:15:54+00:00","mainEntityOfPage":{"@id":"https:\/\/www.africa-press.net\/cameroun\/toutes-les-actualites\/cameroun-le-ministere-de-la-sante-publique-traque-les-centres-de-sante-clandestins"},"wordCount":381,"commentCount":0,"image":{"@id":"https:\/\/www.africa-press.net\/cameroun\/toutes-les-actualites\/cameroun-le-ministere-de-la-sante-publique-traque-les-centres-de-sante-clandestins#primaryimage"},"thumbnailUrl":"https:\/\/static.africa-press.net\/cameroun\/sites\/57\/2022\/07\/img-62dacd26e4fa3.jpg","keywords":["Africa Press","Africa Press-Cameroun","Cameroun"],"articleSection":["Communaut\u00e9","homepage-french","Toutes les actualit\u00e9s"],"inLanguage":"fr-FR","potentialAction":[{"@type":"CommentAction","name":"Comment","target":["https:\/\/www.africa-press.net\/cameroun\/toutes-les-actualites\/cameroun-le-ministere-de-la-sante-publique-traque-les-centres-de-sante-clandestins#respond"]}]},{"@type":"WebPage","@id":"https:\/\/www.africa-press.net\/cameroun\/toutes-les-actualites\/cameroun-le-ministere-de-la-sante-publique-traque-les-centres-de-sante-clandestins","url":"https:\/\/www.africa-press.net\/cameroun\/toutes-les-actualites\/cameroun-le-ministere-de-la-sante-publique-traque-les-centres-de-sante-clandestins","name":"Cameroun : le minist\u00e8re de la Sant\u00e9 publique traque les centres de sant\u00e9 clandestins - Cameroun","isPartOf":{"@id":"https:\/\/www.africa-press.net\/cameroun\/#website"},"primaryImageOfPage":{"@id":"https:\/\/www.africa-press.net\/cameroun\/toutes-les-actualites\/cameroun-le-ministere-de-la-sante-publique-traque-les-centres-de-sante-clandestins#primaryimage"},"image":{"@id":"https:\/\/www.africa-press.net\/cameroun\/toutes-les-actualites\/cameroun-le-ministere-de-la-sante-publique-traque-les-centres-de-sante-clandestins#primaryimage"},"thumbnailUrl":"https:\/\/static.africa-press.net\/cameroun\/sites\/57\/2022\/07\/img-62dacd26e4fa3.jpg","datePublished":"2022-07-22T15:36:43+00:00","dateModified":"2022-07-22T16:15:54+00:00","author":{"@id":"https:\/\/www.africa-press.net\/cameroun\/#\/schema\/person\/2b1cf3cd81a31e3cd26889ca66d677f1"},"description":"Dans un communiqu\u00e9 publi\u00e9 mercredi 20 juillet, le ministre de la Sant\u00e9 publique, Manaouda Malachie, a annonc\u00e9 le d\u00e9marra ...","breadcrumb":{"@id":"https:\/\/www.africa-press.net\/cameroun\/toutes-les-actualites\/cameroun-le-ministere-de-la-sante-publique-traque-les-centres-de-sante-clandestins#breadcrumb"},"inLanguage":"fr-FR","potentialAction":[{"@type":"ReadAction","target":["https:\/\/www.africa-press.net\/cameroun\/toutes-les-actualites\/cameroun-le-ministere-de-la-sante-publique-traque-les-centres-de-sante-clandestins"]}]},{"@type":"ImageObject","inLanguage":"fr-FR","@id":"https:\/\/www.africa-press.net\/cameroun\/toutes-les-actualites\/cameroun-le-ministere-de-la-sante-publique-traque-les-centres-de-sante-clandestins#primaryimage","url":"https:\/\/static.africa-press.net\/cameroun\/sites\/57\/2022\/07\/img-62dacd26e4fa3.jpg","contentUrl":"https:\/\/static.africa-press.net\/cameroun\/sites\/57\/2022\/07\/img-62dacd26e4fa3.jpg","width":1068,"height":712,"caption":"Cameroun : le minist\u00e8re de la Sant\u00e9 publique traque les centres de sant\u00e9 clandestins"},{"@type":"BreadcrumbList","@id":"https:\/\/www.africa-press.net\/cameroun\/toutes-les-actualites\/cameroun-le-ministere-de-la-sante-publique-traque-les-centres-de-sante-clandestins#breadcrumb","itemListElement":[{"@type":"ListItem","position":1,"name":"Accueil","item":"https:\/\/www.africa-press.net\/cameroun\/"},{"@type":"ListItem","position":2,"name":"Cameroun : le minist\u00e8re de la Sant\u00e9 publique traque les centres de sant\u00e9 clandestins"}]},{"@type":"WebSite","@id":"https:\/\/www.africa-press.net\/cameroun\/#website","url":"https:\/\/www.africa-press.net\/cameroun\/","name":"Cameroun","description":"Just another Africa News Agency Sites site","potentialAction":[{"@type":"SearchAction","target":{"@type":"EntryPoint","urlTemplate":"https:\/\/www.africa-press.net\/cameroun\/?s={search_term_string}"},"query-input":{"@type":"PropertyValueSpecification","valueRequired":true,"valueName":"search_term_string"}}],"inLanguage":"fr-FR"},{"@type":"Person","@id":"https:\/\/www.africa-press.net\/cameroun\/#\/schema\/person\/2b1cf3cd81a31e3cd26889ca66d677f1","name":"cfeditorfr"}]}},"_links":{"self":[{"href":"https:\/\/www.africa-press.net\/cameroun\/wp-json\/wp\/v2\/posts\/24005","targetHints":{"allow":["GET"]}}],"collection":[{"href":"https:\/\/www.africa-press.net\/cameroun\/wp-json\/wp\/v2\/posts"}],"about":[{"href":"https:\/\/www.africa-press.net\/cameroun\/wp-json\/wp\/v2\/types\/post"}],"author":[{"embeddable":true,"href":"https:\/\/www.africa-press.net\/cameroun\/wp-json\/wp\/v2\/users\/82"}],"replies":[{"embeddable":true,"href":"https:\/\/www.africa-press.net\/cameroun\/wp-json\/wp\/v2\/comments?post=24005"}],"version-history":[{"count":0,"href":"https:\/\/www.africa-press.net\/cameroun\/wp-json\/wp\/v2\/posts\/24005\/revisions"}],"wp:featuredmedia":[{"embeddable":true,"href":"https:\/\/www.africa-press.net\/cameroun\/wp-json\/wp\/v2\/media\/24004"}],"wp:attachment":[{"href":"https:\/\/www.africa-press.net\/cameroun\/wp-json\/wp\/v2\/media?parent=24005"}],"wp:term":[{"taxonomy":"category","embeddable":true,"href":"https:\/\/www.africa-press.net\/cameroun\/wp-json\/wp\/v2\/categories?post=24005"},{"taxonomy":"post_tag","embeddable":true,"href":"https:\/\/www.africa-press.net\/cameroun\/wp-json\/wp\/v2\/tags?post=24005"}],"curies":[{"name":"wp","href":"https:\/\/api.w.org\/{rel}","templated":true}]}}