{"id":24008,"date":"2022-07-22T15:46:12","date_gmt":"2022-07-22T15:46:12","guid":{"rendered":"https:\/\/www.africa-press.net\/cameroun\/politique\/cameroun-complexe-dolembe-magil-annonce-larret-des-travaux"},"modified":"2022-07-22T16:16:24","modified_gmt":"2022-07-22T16:16:24","slug":"cameroun-complexe-dolembe-magil-annonce-larret-des-travaux","status":"publish","type":"post","link":"https:\/\/www.africa-press.net\/cameroun\/economie\/cameroun-complexe-dolembe-magil-annonce-larret-des-travaux","title":{"rendered":"Cameroun-complexe d\u2019Olembe : Magil annonce l\u2019arr\u00eat des travaux"},"content":{"rendered":"<p><span style=\"color: #ff6600\"><strong>Africa-Press &#8211; Cameroun. <\/strong><\/span>Dans un communiqu\u00e9 dat\u00e9 du 20 juillet 2020 l\u2019entreprise annonce la suspension des travaux pour une dur\u00e9e de 30 jours.<\/p>\n<p>L\u2019entreprise canadienne d\u00e9nonce le non-respect par le Minsep de ses obligations contractuelles, notamment, le non-paiement des d\u00e9comptes dans lesquels se trouvent les factures des sous-traitants et des fournisseurs, d\u2019un montant total de 12 milliards.<\/p>\n<p>Franck Mathi\u00e8re explique \u00e0 ses partenaires que cette situation fait suite au non-respect de ses obligations contractuelles par le ma\u00eetre d\u2019ouvrage du projet, le minist\u00e8re des Sports et de l\u2019Education physique (Minsep), en l\u2019occurrence.<\/p>\n<p>\u00ab A ce jour, et en d\u00e9pit des multiples relances faites au Minsep, ce dernier n\u2019est toujours pas en mesure de proc\u00e9der au r\u00e8glement des derniers d\u00e9comptes dans lesquels se trouvent les factures des sous-traitants qui ont \u0153uvr\u00e9 sans rel\u00e2che pour permettre l\u2019organisation de la Coupe d\u2019Afrique des nations \u00bb, \u00e9crit-il.<\/p>\n<p>\u00ab De plus, en d\u00e9pit de l\u2019existence d\u2019un march\u00e9 exon\u00e9r\u00e9 de taxes, le Mitre d\u2019ouvrage n\u2019a toujours pas produit les attestations de prise en charge de la TVA et des droits de douane, faisant peser un risque cons\u00e9quent sur tous les acteurs du projet \u00bb, ajoute-t-il.<\/p>\n<p>Magil qui a h\u00e9rit\u00e9 du chantier du complexe sportif d\u2019Olembe en d\u00e9cembre 2019 apr\u00e8s le constat par le ma\u00eetre d\u2019ouvrage de la d\u00e9faillance du premier adjudicataire, l\u2019italien Piccini, avait sign\u00e9 un contrat de 55 milliards Fcfa avec l\u2019Etat du Cameroun repr\u00e9sent\u00e9 par le Minsep.<\/p>\n<p>Les termes du contrat pr\u00e9voyaient, dans la premi\u00e8re phase, l\u2019ach\u00e8vement des travaux du stade principal de 60 000 places, des stades d\u2019entra\u00eenement, l\u2019am\u00e9nagement des parkings et des voiries, et m\u00eame la construction d\u2019un h\u00f4tel quatre \u00e9toiles qui reste attendu.<\/p>\n<p>La deuxi\u00e8me phase des travaux concerne la construction d\u2019une piscine olympique dans l\u2019enceinte du complexe, d\u2019un gymnase, d\u2019un centre commercial, du gymnase, de terrains de basketball et de volley-ball, de courts de tennis et de la cl\u00f4ture.<\/p>\n<p><strong>Pour plus d&rsquo;informations et d&rsquo;analyses sur la <a href=\"https:\/\/www.africa-press.net\/cameroun\">Cameroun<\/a>, suivez <a href=\"https:\/\/www.africa-press.net\/\">Africa-Press<\/a><\/strong><\/p>\n","protected":false},"excerpt":{"rendered":"<p>Africa-Press &#8211; Cameroun. Dans un communiqu\u00e9 dat\u00e9 du 20 juillet 2020 l\u2019entreprise annonce la suspension des travaux pour une dur\u00e9e de 30 jours. L\u2019entreprise canadienne d\u00e9nonce le non-respect par le Minsep de ses obligations contractuelles, notamment, le non-paiement des d\u00e9comptes dans lesquels se trouvent les factures des sous-traitants et des fournisseurs, d\u2019un montant total de [&hellip;]<\/p>\n","protected":false},"author":82,"featured_media":24007,"comment_status":"open","ping_status":"closed","sticky":false,"template":"","format":"standard","meta":{"footnotes":""},"categories":[3,11,10],"tags":[36,50,49],"class_list":["post-24008","post","type-post","status-publish","format-standard","has-post-thumbnail","hentry","category-economie","category-homepage-french","category-toutes-les-actualites","tag-africa-press","tag-africa-press-cameroun","tag-cameroun"],"yoast_head":"<!-- This site is optimized with the Yoast SEO Premium plugin v26.1 (Yoast SEO v27.0) - https:\/\/yoast.com\/product\/yoast-seo-premium-wordpress\/ -->\n<title>Cameroun-complexe d\u2019Olembe : Magil annonce l\u2019arr\u00eat des travaux - Cameroun<\/title>\n<meta name=\"description\" content=\"Dans un communiqu\u00e9 dat\u00e9 du 20 juillet 2020 l\u2019entreprise annonce la suspension des travaux pour une dur\u00e9e de 30 jours. L ...\" \/>\n<meta name=\"robots\" content=\"index, follow, max-snippet:-1, max-image-preview:large, max-video-preview:-1\" \/>\n<link rel=\"canonical\" href=\"https:\/\/www.africa-press.net\/cameroun\/economie\/cameroun-complexe-dolembe-magil-annonce-larret-des-travaux\" \/>\n<meta property=\"og:locale\" content=\"fr_FR\" \/>\n<meta property=\"og:type\" content=\"article\" \/>\n<meta property=\"og:title\" content=\"Cameroun-complexe d\u2019Olembe : Magil annonce l\u2019arr\u00eat des travaux\" \/>\n<meta property=\"og:description\" content=\"Dans un communiqu\u00e9 dat\u00e9 du 20 juillet 2020 l\u2019entreprise annonce la suspension des travaux pour une dur\u00e9e de 30 jours. L ...\" \/>\n<meta property=\"og:url\" content=\"https:\/\/www.africa-press.net\/cameroun\/economie\/cameroun-complexe-dolembe-magil-annonce-larret-des-travaux\" \/>\n<meta property=\"og:site_name\" content=\"Cameroun\" \/>\n<meta property=\"article:published_time\" content=\"2022-07-22T15:46:12+00:00\" \/>\n<meta property=\"article:modified_time\" content=\"2022-07-22T16:16:24+00:00\" \/>\n<meta property=\"og:image\" content=\"https:\/\/static.africa-press.net\/cameroun\/sites\/57\/2022\/07\/img-62dacd42e053e.jpg\" \/>\n\t<meta property=\"og:image:width\" content=\"1200\" \/>\n\t<meta property=\"og:image:height\" content=\"630\" \/>\n\t<meta property=\"og:image:type\" content=\"image\/jpeg\" \/>\n<meta name=\"author\" content=\"cfeditorfr\" \/>\n<meta name=\"twitter:card\" content=\"summary_large_image\" \/>\n<meta name=\"twitter:label1\" content=\"\u00c9crit par\" \/>\n\t<meta name=\"twitter:data1\" content=\"cfeditorfr\" \/>\n\t<meta name=\"twitter:label2\" content=\"Dur\u00e9e de lecture estim\u00e9e\" \/>\n\t<meta name=\"twitter:data2\" content=\"2 minutes\" \/>\n<script type=\"application\/ld+json\" class=\"yoast-schema-graph\">{\"@context\":\"https:\/\/schema.org\",\"@graph\":[{\"@type\":\"Article\",\"@id\":\"https:\/\/www.africa-press.net\/cameroun\/economie\/cameroun-complexe-dolembe-magil-annonce-larret-des-travaux#article\",\"isPartOf\":{\"@id\":\"https:\/\/www.africa-press.net\/cameroun\/economie\/cameroun-complexe-dolembe-magil-annonce-larret-des-travaux\"},\"author\":{\"name\":\"cfeditorfr\",\"@id\":\"https:\/\/www.africa-press.net\/cameroun\/#\/schema\/person\/2b1cf3cd81a31e3cd26889ca66d677f1\"},\"headline\":\"Cameroun-complexe d\u2019Olembe : Magil annonce l\u2019arr\u00eat des travaux\",\"datePublished\":\"2022-07-22T15:46:12+00:00\",\"dateModified\":\"2022-07-22T16:16:24+00:00\",\"mainEntityOfPage\":{\"@id\":\"https:\/\/www.africa-press.net\/cameroun\/economie\/cameroun-complexe-dolembe-magil-annonce-larret-des-travaux\"},\"wordCount\":371,\"commentCount\":0,\"image\":{\"@id\":\"https:\/\/www.africa-press.net\/cameroun\/economie\/cameroun-complexe-dolembe-magil-annonce-larret-des-travaux#primaryimage\"},\"thumbnailUrl\":\"https:\/\/static.africa-press.net\/cameroun\/sites\/57\/2022\/07\/img-62dacd42e053e.jpg\",\"keywords\":[\"Africa Press\",\"Africa Press-Cameroun\",\"Cameroun\"],\"articleSection\":[\"\u00c9conomie\",\"homepage-french\",\"Toutes les actualit\u00e9s\"],\"inLanguage\":\"fr-FR\",\"potentialAction\":[{\"@type\":\"CommentAction\",\"name\":\"Comment\",\"target\":[\"https:\/\/www.africa-press.net\/cameroun\/economie\/cameroun-complexe-dolembe-magil-annonce-larret-des-travaux#respond\"]}]},{\"@type\":\"WebPage\",\"@id\":\"https:\/\/www.africa-press.net\/cameroun\/economie\/cameroun-complexe-dolembe-magil-annonce-larret-des-travaux\",\"url\":\"https:\/\/www.africa-press.net\/cameroun\/economie\/cameroun-complexe-dolembe-magil-annonce-larret-des-travaux\",\"name\":\"Cameroun-complexe d\u2019Olembe : Magil annonce l\u2019arr\u00eat des travaux - Cameroun\",\"isPartOf\":{\"@id\":\"https:\/\/www.africa-press.net\/cameroun\/#website\"},\"primaryImageOfPage\":{\"@id\":\"https:\/\/www.africa-press.net\/cameroun\/economie\/cameroun-complexe-dolembe-magil-annonce-larret-des-travaux#primaryimage\"},\"image\":{\"@id\":\"https:\/\/www.africa-press.net\/cameroun\/economie\/cameroun-complexe-dolembe-magil-annonce-larret-des-travaux#primaryimage\"},\"thumbnailUrl\":\"https:\/\/static.africa-press.net\/cameroun\/sites\/57\/2022\/07\/img-62dacd42e053e.jpg\",\"datePublished\":\"2022-07-22T15:46:12+00:00\",\"dateModified\":\"2022-07-22T16:16:24+00:00\",\"author\":{\"@id\":\"https:\/\/www.africa-press.net\/cameroun\/#\/schema\/person\/2b1cf3cd81a31e3cd26889ca66d677f1\"},\"description\":\"Dans un communiqu\u00e9 dat\u00e9 du 20 juillet 2020 l\u2019entreprise annonce la suspension des travaux pour une dur\u00e9e de 30 jours. L ...\",\"breadcrumb\":{\"@id\":\"https:\/\/www.africa-press.net\/cameroun\/economie\/cameroun-complexe-dolembe-magil-annonce-larret-des-travaux#breadcrumb\"},\"inLanguage\":\"fr-FR\",\"potentialAction\":[{\"@type\":\"ReadAction\",\"target\":[\"https:\/\/www.africa-press.net\/cameroun\/economie\/cameroun-complexe-dolembe-magil-annonce-larret-des-travaux\"]}]},{\"@type\":\"ImageObject\",\"inLanguage\":\"fr-FR\",\"@id\":\"https:\/\/www.africa-press.net\/cameroun\/economie\/cameroun-complexe-dolembe-magil-annonce-larret-des-travaux#primaryimage\",\"url\":\"https:\/\/static.africa-press.net\/cameroun\/sites\/57\/2022\/07\/img-62dacd42e053e.jpg\",\"contentUrl\":\"https:\/\/static.africa-press.net\/cameroun\/sites\/57\/2022\/07\/img-62dacd42e053e.jpg\",\"width\":1200,\"height\":630,\"caption\":\"Cameroun-complexe d\u2019Olembe : Magil annonce l\u2019arr\u00eat des travaux\"},{\"@type\":\"BreadcrumbList\",\"@id\":\"https:\/\/www.africa-press.net\/cameroun\/economie\/cameroun-complexe-dolembe-magil-annonce-larret-des-travaux#breadcrumb\",\"itemListElement\":[{\"@type\":\"ListItem\",\"position\":1,\"name\":\"Accueil\",\"item\":\"https:\/\/www.africa-press.net\/cameroun\/\"},{\"@type\":\"ListItem\",\"position\":2,\"name\":\"Cameroun-complexe d\u2019Olembe : Magil annonce l\u2019arr\u00eat des travaux\"}]},{\"@type\":\"WebSite\",\"@id\":\"https:\/\/www.africa-press.net\/cameroun\/#website\",\"url\":\"https:\/\/www.africa-press.net\/cameroun\/\",\"name\":\"Cameroun\",\"description\":\"Just another Africa News Agency Sites site\",\"potentialAction\":[{\"@type\":\"SearchAction\",\"target\":{\"@type\":\"EntryPoint\",\"urlTemplate\":\"https:\/\/www.africa-press.net\/cameroun\/?s={search_term_string}\"},\"query-input\":{\"@type\":\"PropertyValueSpecification\",\"valueRequired\":true,\"valueName\":\"search_term_string\"}}],\"inLanguage\":\"fr-FR\"},{\"@type\":\"Person\",\"@id\":\"https:\/\/www.africa-press.net\/cameroun\/#\/schema\/person\/2b1cf3cd81a31e3cd26889ca66d677f1\",\"name\":\"cfeditorfr\"}]}<\/script>\n<!-- \/ Yoast SEO Premium plugin. -->","yoast_head_json":{"title":"Cameroun-complexe d\u2019Olembe : Magil annonce l\u2019arr\u00eat des travaux - Cameroun","description":"Dans un communiqu\u00e9 dat\u00e9 du 20 juillet 2020 l\u2019entreprise annonce la suspension des travaux pour une dur\u00e9e de 30 jours. L ...","robots":{"index":"index","follow":"follow","max-snippet":"max-snippet:-1","max-image-preview":"max-image-preview:large","max-video-preview":"max-video-preview:-1"},"canonical":"https:\/\/www.africa-press.net\/cameroun\/economie\/cameroun-complexe-dolembe-magil-annonce-larret-des-travaux","og_locale":"fr_FR","og_type":"article","og_title":"Cameroun-complexe d\u2019Olembe : Magil annonce l\u2019arr\u00eat des travaux","og_description":"Dans un communiqu\u00e9 dat\u00e9 du 20 juillet 2020 l\u2019entreprise annonce la suspension des travaux pour une dur\u00e9e de 30 jours. L ...","og_url":"https:\/\/www.africa-press.net\/cameroun\/economie\/cameroun-complexe-dolembe-magil-annonce-larret-des-travaux","og_site_name":"Cameroun","article_published_time":"2022-07-22T15:46:12+00:00","article_modified_time":"2022-07-22T16:16:24+00:00","og_image":[{"width":1200,"height":630,"url":"https:\/\/static.africa-press.net\/cameroun\/sites\/57\/2022\/07\/img-62dacd42e053e.jpg","type":"image\/jpeg"}],"author":"cfeditorfr","twitter_card":"summary_large_image","twitter_misc":{"\u00c9crit par":"cfeditorfr","Dur\u00e9e de lecture estim\u00e9e":"2 minutes"},"schema":{"@context":"https:\/\/schema.org","@graph":[{"@type":"Article","@id":"https:\/\/www.africa-press.net\/cameroun\/economie\/cameroun-complexe-dolembe-magil-annonce-larret-des-travaux#article","isPartOf":{"@id":"https:\/\/www.africa-press.net\/cameroun\/economie\/cameroun-complexe-dolembe-magil-annonce-larret-des-travaux"},"author":{"name":"cfeditorfr","@id":"https:\/\/www.africa-press.net\/cameroun\/#\/schema\/person\/2b1cf3cd81a31e3cd26889ca66d677f1"},"headline":"Cameroun-complexe d\u2019Olembe : Magil annonce l\u2019arr\u00eat des travaux","datePublished":"2022-07-22T15:46:12+00:00","dateModified":"2022-07-22T16:16:24+00:00","mainEntityOfPage":{"@id":"https:\/\/www.africa-press.net\/cameroun\/economie\/cameroun-complexe-dolembe-magil-annonce-larret-des-travaux"},"wordCount":371,"commentCount":0,"image":{"@id":"https:\/\/www.africa-press.net\/cameroun\/economie\/cameroun-complexe-dolembe-magil-annonce-larret-des-travaux#primaryimage"},"thumbnailUrl":"https:\/\/static.africa-press.net\/cameroun\/sites\/57\/2022\/07\/img-62dacd42e053e.jpg","keywords":["Africa Press","Africa Press-Cameroun","Cameroun"],"articleSection":["\u00c9conomie","homepage-french","Toutes les actualit\u00e9s"],"inLanguage":"fr-FR","potentialAction":[{"@type":"CommentAction","name":"Comment","target":["https:\/\/www.africa-press.net\/cameroun\/economie\/cameroun-complexe-dolembe-magil-annonce-larret-des-travaux#respond"]}]},{"@type":"WebPage","@id":"https:\/\/www.africa-press.net\/cameroun\/economie\/cameroun-complexe-dolembe-magil-annonce-larret-des-travaux","url":"https:\/\/www.africa-press.net\/cameroun\/economie\/cameroun-complexe-dolembe-magil-annonce-larret-des-travaux","name":"Cameroun-complexe d\u2019Olembe : Magil annonce l\u2019arr\u00eat des travaux - Cameroun","isPartOf":{"@id":"https:\/\/www.africa-press.net\/cameroun\/#website"},"primaryImageOfPage":{"@id":"https:\/\/www.africa-press.net\/cameroun\/economie\/cameroun-complexe-dolembe-magil-annonce-larret-des-travaux#primaryimage"},"image":{"@id":"https:\/\/www.africa-press.net\/cameroun\/economie\/cameroun-complexe-dolembe-magil-annonce-larret-des-travaux#primaryimage"},"thumbnailUrl":"https:\/\/static.africa-press.net\/cameroun\/sites\/57\/2022\/07\/img-62dacd42e053e.jpg","datePublished":"2022-07-22T15:46:12+00:00","dateModified":"2022-07-22T16:16:24+00:00","author":{"@id":"https:\/\/www.africa-press.net\/cameroun\/#\/schema\/person\/2b1cf3cd81a31e3cd26889ca66d677f1"},"description":"Dans un communiqu\u00e9 dat\u00e9 du 20 juillet 2020 l\u2019entreprise annonce la suspension des travaux pour une dur\u00e9e de 30 jours. L ...","breadcrumb":{"@id":"https:\/\/www.africa-press.net\/cameroun\/economie\/cameroun-complexe-dolembe-magil-annonce-larret-des-travaux#breadcrumb"},"inLanguage":"fr-FR","potentialAction":[{"@type":"ReadAction","target":["https:\/\/www.africa-press.net\/cameroun\/economie\/cameroun-complexe-dolembe-magil-annonce-larret-des-travaux"]}]},{"@type":"ImageObject","inLanguage":"fr-FR","@id":"https:\/\/www.africa-press.net\/cameroun\/economie\/cameroun-complexe-dolembe-magil-annonce-larret-des-travaux#primaryimage","url":"https:\/\/static.africa-press.net\/cameroun\/sites\/57\/2022\/07\/img-62dacd42e053e.jpg","contentUrl":"https:\/\/static.africa-press.net\/cameroun\/sites\/57\/2022\/07\/img-62dacd42e053e.jpg","width":1200,"height":630,"caption":"Cameroun-complexe d\u2019Olembe : Magil annonce l\u2019arr\u00eat des travaux"},{"@type":"BreadcrumbList","@id":"https:\/\/www.africa-press.net\/cameroun\/economie\/cameroun-complexe-dolembe-magil-annonce-larret-des-travaux#breadcrumb","itemListElement":[{"@type":"ListItem","position":1,"name":"Accueil","item":"https:\/\/www.africa-press.net\/cameroun\/"},{"@type":"ListItem","position":2,"name":"Cameroun-complexe d\u2019Olembe : Magil annonce l\u2019arr\u00eat des travaux"}]},{"@type":"WebSite","@id":"https:\/\/www.africa-press.net\/cameroun\/#website","url":"https:\/\/www.africa-press.net\/cameroun\/","name":"Cameroun","description":"Just another Africa News Agency Sites site","potentialAction":[{"@type":"SearchAction","target":{"@type":"EntryPoint","urlTemplate":"https:\/\/www.africa-press.net\/cameroun\/?s={search_term_string}"},"query-input":{"@type":"PropertyValueSpecification","valueRequired":true,"valueName":"search_term_string"}}],"inLanguage":"fr-FR"},{"@type":"Person","@id":"https:\/\/www.africa-press.net\/cameroun\/#\/schema\/person\/2b1cf3cd81a31e3cd26889ca66d677f1","name":"cfeditorfr"}]}},"_links":{"self":[{"href":"https:\/\/www.africa-press.net\/cameroun\/wp-json\/wp\/v2\/posts\/24008","targetHints":{"allow":["GET"]}}],"collection":[{"href":"https:\/\/www.africa-press.net\/cameroun\/wp-json\/wp\/v2\/posts"}],"about":[{"href":"https:\/\/www.africa-press.net\/cameroun\/wp-json\/wp\/v2\/types\/post"}],"author":[{"embeddable":true,"href":"https:\/\/www.africa-press.net\/cameroun\/wp-json\/wp\/v2\/users\/82"}],"replies":[{"embeddable":true,"href":"https:\/\/www.africa-press.net\/cameroun\/wp-json\/wp\/v2\/comments?post=24008"}],"version-history":[{"count":0,"href":"https:\/\/www.africa-press.net\/cameroun\/wp-json\/wp\/v2\/posts\/24008\/revisions"}],"wp:featuredmedia":[{"embeddable":true,"href":"https:\/\/www.africa-press.net\/cameroun\/wp-json\/wp\/v2\/media\/24007"}],"wp:attachment":[{"href":"https:\/\/www.africa-press.net\/cameroun\/wp-json\/wp\/v2\/media?parent=24008"}],"wp:term":[{"taxonomy":"category","embeddable":true,"href":"https:\/\/www.africa-press.net\/cameroun\/wp-json\/wp\/v2\/categories?post=24008"},{"taxonomy":"post_tag","embeddable":true,"href":"https:\/\/www.africa-press.net\/cameroun\/wp-json\/wp\/v2\/tags?post=24008"}],"curies":[{"name":"wp","href":"https:\/\/api.w.org\/{rel}","templated":true}]}}