{"id":24014,"date":"2022-07-22T16:02:05","date_gmt":"2022-07-22T16:02:05","guid":{"rendered":"https:\/\/www.africa-press.net\/cameroun\/politique\/cameroun-extreme-nord-lhotel-de-ville-de-tokembere-a-coute-600-millions-de-f"},"modified":"2022-07-22T16:17:17","modified_gmt":"2022-07-22T16:17:17","slug":"cameroun-extreme-nord-lhotel-de-ville-de-tokembere-a-coute-600-millions-de-f","status":"publish","type":"post","link":"https:\/\/www.africa-press.net\/cameroun\/economie\/cameroun-extreme-nord-lhotel-de-ville-de-tokembere-a-coute-600-millions-de-f","title":{"rendered":"Cameroun-Extr\u00eame-Nord : l\u2019h\u00f4tel de ville de Tokemb\u00e9r\u00e9 a co\u00fbt\u00e9 600 millions de F"},"content":{"rendered":"<p><span style=\"color: #ff6600\"><strong>Africa-Press &#8211; Cameroun. <\/strong><\/span>Le ministre de la D\u00e9centralisation et du d\u00e9veloppement local (Minddevel), Georges Elanga Obam a proc\u00e9d\u00e9 le 19 juillet 2022, \u00e0 la c\u00e9r\u00e9monie d\u2019inauguration de l\u2019h\u00f4tel de ville de Tokomb\u00e9r\u00e9, localit\u00e9 situ\u00e9e dans le d\u00e9partement du Mayo-Sava, r\u00e9gion de l\u2019Extr\u00eame-Nord.<\/p>\n<p>L\u2019h\u00f4tel de ville de Tokomb\u00e9r\u00e9 est construit sous financement Feicom \u00e0 600 millions de Fcfa, (construction et ameublement), rentre dans le cadre du programme de construction des h\u00f4tels de ville de cette structure gouvernementale.<\/p>\n<p>La nouvelle infrastructure est b\u00e2tie sur une emprise au sol de 1 134 m\u00e8tres carr\u00e9s et est compos\u00e9e entre autres d\u2019un espace pour l\u2019accueil, d\u2019une trentaine de bureaux, d\u2019une salle des actes, d\u2019une salle pour archives et statistiques, d\u2019une salle de r\u00e9union. Le financement comprend \u00e9galement des am\u00e9nagements ext\u00e9rieurs avec une cl\u00f4ture d\u2019enceinte avec 4 portails, une esplanade et des all\u00e9es pi\u00e9tonnes en pav\u00e9s autobloquants.<\/p>\n<p>Le Directeur g\u00e9n\u00e9ral du Feicom, Philippe Camille Akoa a profit\u00e9 de cette occasion pour dresser un bilan des activit\u00e9s de la structure qu\u2019il dirige dans cette partie du pays. Selon Philippe Camille Akoa, ce sont 35 h\u00f4tels de ville et mairies qui ont \u00e9t\u00e9 construits par le Feicom, sur les 47 communes et communaut\u00e9s urbaines que compte la r\u00e9gion de l\u2019Extr\u00eame-Nord.<\/p>\n<p>Ceci depuis 2007. De plus de 2007 \u00e0 nos jours, les communes du d\u00e9partement du Mayo-Sava \u00e0 l\u2019Extr\u00eame-Nord ont b\u00e9n\u00e9fici\u00e9 de 14,820 milliards de Fcfa vers\u00e9s au titre des Centimes additionnels communaux et autres imp\u00f4ts soumis \u00e0 p\u00e9r\u00e9quation de la part du Feicom.<\/p>\n<p><strong>Pour plus d&rsquo;informations et d&rsquo;analyses sur la <a href=\"https:\/\/www.africa-press.net\/cameroun\">Cameroun<\/a>, suivez <a href=\"https:\/\/www.africa-press.net\/\">Africa-Press<\/a><\/strong><\/p>\n","protected":false},"excerpt":{"rendered":"<p>Africa-Press &#8211; Cameroun. Le ministre de la D\u00e9centralisation et du d\u00e9veloppement local (Minddevel), Georges Elanga Obam a proc\u00e9d\u00e9 le 19 juillet 2022, \u00e0 la c\u00e9r\u00e9monie d\u2019inauguration de l\u2019h\u00f4tel de ville de Tokomb\u00e9r\u00e9, localit\u00e9 situ\u00e9e dans le d\u00e9partement du Mayo-Sava, r\u00e9gion de l\u2019Extr\u00eame-Nord. L\u2019h\u00f4tel de ville de Tokomb\u00e9r\u00e9 est construit sous financement Feicom \u00e0 600 millions [&hellip;]<\/p>\n","protected":false},"author":82,"featured_media":24013,"comment_status":"open","ping_status":"closed","sticky":false,"template":"","format":"standard","meta":{"footnotes":""},"categories":[3,11,10],"tags":[36,50,49],"class_list":["post-24014","post","type-post","status-publish","format-standard","has-post-thumbnail","hentry","category-economie","category-homepage-french","category-toutes-les-actualites","tag-africa-press","tag-africa-press-cameroun","tag-cameroun"],"yoast_head":"<!-- This site is optimized with the Yoast SEO Premium plugin v26.1 (Yoast SEO v27.0) - https:\/\/yoast.com\/product\/yoast-seo-premium-wordpress\/ -->\n<title>Cameroun-Extr\u00eame-Nord : l\u2019h\u00f4tel de ville de Tokemb\u00e9r\u00e9 a co\u00fbt\u00e9 600 millions de F - Cameroun<\/title>\n<meta name=\"description\" content=\"Le ministre de la D\u00e9centralisation et du d\u00e9veloppement local (Minddevel), Georges Elanga Obam a proc\u00e9d\u00e9 le 19 juillet 20 ...\" \/>\n<meta name=\"robots\" content=\"index, follow, max-snippet:-1, max-image-preview:large, max-video-preview:-1\" \/>\n<link rel=\"canonical\" href=\"https:\/\/www.africa-press.net\/cameroun\/economie\/cameroun-extreme-nord-lhotel-de-ville-de-tokembere-a-coute-600-millions-de-f\" \/>\n<meta property=\"og:locale\" content=\"fr_FR\" \/>\n<meta property=\"og:type\" content=\"article\" \/>\n<meta property=\"og:title\" content=\"Cameroun-Extr\u00eame-Nord : l\u2019h\u00f4tel de ville de Tokemb\u00e9r\u00e9 a co\u00fbt\u00e9 600 millions de F\" \/>\n<meta property=\"og:description\" content=\"Le ministre de la D\u00e9centralisation et du d\u00e9veloppement local (Minddevel), Georges Elanga Obam a proc\u00e9d\u00e9 le 19 juillet 20 ...\" \/>\n<meta property=\"og:url\" content=\"https:\/\/www.africa-press.net\/cameroun\/economie\/cameroun-extreme-nord-lhotel-de-ville-de-tokembere-a-coute-600-millions-de-f\" \/>\n<meta property=\"og:site_name\" content=\"Cameroun\" \/>\n<meta property=\"article:published_time\" content=\"2022-07-22T16:02:05+00:00\" \/>\n<meta property=\"article:modified_time\" content=\"2022-07-22T16:17:17+00:00\" \/>\n<meta property=\"og:image\" content=\"https:\/\/static.africa-press.net\/cameroun\/sites\/57\/2022\/07\/img-62dacd7952e7d.jpg\" \/>\n\t<meta property=\"og:image:width\" content=\"770\" \/>\n\t<meta property=\"og:image:height\" content=\"400\" \/>\n\t<meta property=\"og:image:type\" content=\"image\/jpeg\" \/>\n<meta name=\"author\" content=\"cfeditorfr\" \/>\n<meta name=\"twitter:card\" content=\"summary_large_image\" \/>\n<meta name=\"twitter:label1\" content=\"\u00c9crit par\" \/>\n\t<meta name=\"twitter:data1\" content=\"cfeditorfr\" \/>\n\t<meta name=\"twitter:label2\" content=\"Dur\u00e9e de lecture estim\u00e9e\" \/>\n\t<meta name=\"twitter:data2\" content=\"2 minutes\" \/>\n<script type=\"application\/ld+json\" class=\"yoast-schema-graph\">{\"@context\":\"https:\/\/schema.org\",\"@graph\":[{\"@type\":\"Article\",\"@id\":\"https:\/\/www.africa-press.net\/cameroun\/economie\/cameroun-extreme-nord-lhotel-de-ville-de-tokembere-a-coute-600-millions-de-f#article\",\"isPartOf\":{\"@id\":\"https:\/\/www.africa-press.net\/cameroun\/economie\/cameroun-extreme-nord-lhotel-de-ville-de-tokembere-a-coute-600-millions-de-f\"},\"author\":{\"name\":\"cfeditorfr\",\"@id\":\"https:\/\/www.africa-press.net\/cameroun\/#\/schema\/person\/2b1cf3cd81a31e3cd26889ca66d677f1\"},\"headline\":\"Cameroun-Extr\u00eame-Nord : l\u2019h\u00f4tel de ville de Tokemb\u00e9r\u00e9 a co\u00fbt\u00e9 600 millions de F\",\"datePublished\":\"2022-07-22T16:02:05+00:00\",\"dateModified\":\"2022-07-22T16:17:17+00:00\",\"mainEntityOfPage\":{\"@id\":\"https:\/\/www.africa-press.net\/cameroun\/economie\/cameroun-extreme-nord-lhotel-de-ville-de-tokembere-a-coute-600-millions-de-f\"},\"wordCount\":311,\"commentCount\":0,\"image\":{\"@id\":\"https:\/\/www.africa-press.net\/cameroun\/economie\/cameroun-extreme-nord-lhotel-de-ville-de-tokembere-a-coute-600-millions-de-f#primaryimage\"},\"thumbnailUrl\":\"https:\/\/static.africa-press.net\/cameroun\/sites\/57\/2022\/07\/img-62dacd7952e7d.jpg\",\"keywords\":[\"Africa Press\",\"Africa Press-Cameroun\",\"Cameroun\"],\"articleSection\":[\"\u00c9conomie\",\"homepage-french\",\"Toutes les actualit\u00e9s\"],\"inLanguage\":\"fr-FR\",\"potentialAction\":[{\"@type\":\"CommentAction\",\"name\":\"Comment\",\"target\":[\"https:\/\/www.africa-press.net\/cameroun\/economie\/cameroun-extreme-nord-lhotel-de-ville-de-tokembere-a-coute-600-millions-de-f#respond\"]}]},{\"@type\":\"WebPage\",\"@id\":\"https:\/\/www.africa-press.net\/cameroun\/economie\/cameroun-extreme-nord-lhotel-de-ville-de-tokembere-a-coute-600-millions-de-f\",\"url\":\"https:\/\/www.africa-press.net\/cameroun\/economie\/cameroun-extreme-nord-lhotel-de-ville-de-tokembere-a-coute-600-millions-de-f\",\"name\":\"Cameroun-Extr\u00eame-Nord : l\u2019h\u00f4tel de ville de Tokemb\u00e9r\u00e9 a co\u00fbt\u00e9 600 millions de F - Cameroun\",\"isPartOf\":{\"@id\":\"https:\/\/www.africa-press.net\/cameroun\/#website\"},\"primaryImageOfPage\":{\"@id\":\"https:\/\/www.africa-press.net\/cameroun\/economie\/cameroun-extreme-nord-lhotel-de-ville-de-tokembere-a-coute-600-millions-de-f#primaryimage\"},\"image\":{\"@id\":\"https:\/\/www.africa-press.net\/cameroun\/economie\/cameroun-extreme-nord-lhotel-de-ville-de-tokembere-a-coute-600-millions-de-f#primaryimage\"},\"thumbnailUrl\":\"https:\/\/static.africa-press.net\/cameroun\/sites\/57\/2022\/07\/img-62dacd7952e7d.jpg\",\"datePublished\":\"2022-07-22T16:02:05+00:00\",\"dateModified\":\"2022-07-22T16:17:17+00:00\",\"author\":{\"@id\":\"https:\/\/www.africa-press.net\/cameroun\/#\/schema\/person\/2b1cf3cd81a31e3cd26889ca66d677f1\"},\"description\":\"Le ministre de la D\u00e9centralisation et du d\u00e9veloppement local (Minddevel), Georges Elanga Obam a proc\u00e9d\u00e9 le 19 juillet 20 ...\",\"breadcrumb\":{\"@id\":\"https:\/\/www.africa-press.net\/cameroun\/economie\/cameroun-extreme-nord-lhotel-de-ville-de-tokembere-a-coute-600-millions-de-f#breadcrumb\"},\"inLanguage\":\"fr-FR\",\"potentialAction\":[{\"@type\":\"ReadAction\",\"target\":[\"https:\/\/www.africa-press.net\/cameroun\/economie\/cameroun-extreme-nord-lhotel-de-ville-de-tokembere-a-coute-600-millions-de-f\"]}]},{\"@type\":\"ImageObject\",\"inLanguage\":\"fr-FR\",\"@id\":\"https:\/\/www.africa-press.net\/cameroun\/economie\/cameroun-extreme-nord-lhotel-de-ville-de-tokembere-a-coute-600-millions-de-f#primaryimage\",\"url\":\"https:\/\/static.africa-press.net\/cameroun\/sites\/57\/2022\/07\/img-62dacd7952e7d.jpg\",\"contentUrl\":\"https:\/\/static.africa-press.net\/cameroun\/sites\/57\/2022\/07\/img-62dacd7952e7d.jpg\",\"width\":770,\"height\":400,\"caption\":\"Cameroun-Extr\u00eame-Nord : l\u2019h\u00f4tel de ville de Tokemb\u00e9r\u00e9 a co\u00fbt\u00e9 600 millions de F\"},{\"@type\":\"BreadcrumbList\",\"@id\":\"https:\/\/www.africa-press.net\/cameroun\/economie\/cameroun-extreme-nord-lhotel-de-ville-de-tokembere-a-coute-600-millions-de-f#breadcrumb\",\"itemListElement\":[{\"@type\":\"ListItem\",\"position\":1,\"name\":\"Accueil\",\"item\":\"https:\/\/www.africa-press.net\/cameroun\/\"},{\"@type\":\"ListItem\",\"position\":2,\"name\":\"Cameroun-Extr\u00eame-Nord : l\u2019h\u00f4tel de ville de Tokemb\u00e9r\u00e9 a co\u00fbt\u00e9 600 millions de F\"}]},{\"@type\":\"WebSite\",\"@id\":\"https:\/\/www.africa-press.net\/cameroun\/#website\",\"url\":\"https:\/\/www.africa-press.net\/cameroun\/\",\"name\":\"Cameroun\",\"description\":\"Just another Africa News Agency Sites site\",\"potentialAction\":[{\"@type\":\"SearchAction\",\"target\":{\"@type\":\"EntryPoint\",\"urlTemplate\":\"https:\/\/www.africa-press.net\/cameroun\/?s={search_term_string}\"},\"query-input\":{\"@type\":\"PropertyValueSpecification\",\"valueRequired\":true,\"valueName\":\"search_term_string\"}}],\"inLanguage\":\"fr-FR\"},{\"@type\":\"Person\",\"@id\":\"https:\/\/www.africa-press.net\/cameroun\/#\/schema\/person\/2b1cf3cd81a31e3cd26889ca66d677f1\",\"name\":\"cfeditorfr\"}]}<\/script>\n<!-- \/ Yoast SEO Premium plugin. -->","yoast_head_json":{"title":"Cameroun-Extr\u00eame-Nord : l\u2019h\u00f4tel de ville de Tokemb\u00e9r\u00e9 a co\u00fbt\u00e9 600 millions de F - Cameroun","description":"Le ministre de la D\u00e9centralisation et du d\u00e9veloppement local (Minddevel), Georges Elanga Obam a proc\u00e9d\u00e9 le 19 juillet 20 ...","robots":{"index":"index","follow":"follow","max-snippet":"max-snippet:-1","max-image-preview":"max-image-preview:large","max-video-preview":"max-video-preview:-1"},"canonical":"https:\/\/www.africa-press.net\/cameroun\/economie\/cameroun-extreme-nord-lhotel-de-ville-de-tokembere-a-coute-600-millions-de-f","og_locale":"fr_FR","og_type":"article","og_title":"Cameroun-Extr\u00eame-Nord : l\u2019h\u00f4tel de ville de Tokemb\u00e9r\u00e9 a co\u00fbt\u00e9 600 millions de F","og_description":"Le ministre de la D\u00e9centralisation et du d\u00e9veloppement local (Minddevel), Georges Elanga Obam a proc\u00e9d\u00e9 le 19 juillet 20 ...","og_url":"https:\/\/www.africa-press.net\/cameroun\/economie\/cameroun-extreme-nord-lhotel-de-ville-de-tokembere-a-coute-600-millions-de-f","og_site_name":"Cameroun","article_published_time":"2022-07-22T16:02:05+00:00","article_modified_time":"2022-07-22T16:17:17+00:00","og_image":[{"width":770,"height":400,"url":"https:\/\/static.africa-press.net\/cameroun\/sites\/57\/2022\/07\/img-62dacd7952e7d.jpg","type":"image\/jpeg"}],"author":"cfeditorfr","twitter_card":"summary_large_image","twitter_misc":{"\u00c9crit par":"cfeditorfr","Dur\u00e9e de lecture estim\u00e9e":"2 minutes"},"schema":{"@context":"https:\/\/schema.org","@graph":[{"@type":"Article","@id":"https:\/\/www.africa-press.net\/cameroun\/economie\/cameroun-extreme-nord-lhotel-de-ville-de-tokembere-a-coute-600-millions-de-f#article","isPartOf":{"@id":"https:\/\/www.africa-press.net\/cameroun\/economie\/cameroun-extreme-nord-lhotel-de-ville-de-tokembere-a-coute-600-millions-de-f"},"author":{"name":"cfeditorfr","@id":"https:\/\/www.africa-press.net\/cameroun\/#\/schema\/person\/2b1cf3cd81a31e3cd26889ca66d677f1"},"headline":"Cameroun-Extr\u00eame-Nord : l\u2019h\u00f4tel de ville de Tokemb\u00e9r\u00e9 a co\u00fbt\u00e9 600 millions de F","datePublished":"2022-07-22T16:02:05+00:00","dateModified":"2022-07-22T16:17:17+00:00","mainEntityOfPage":{"@id":"https:\/\/www.africa-press.net\/cameroun\/economie\/cameroun-extreme-nord-lhotel-de-ville-de-tokembere-a-coute-600-millions-de-f"},"wordCount":311,"commentCount":0,"image":{"@id":"https:\/\/www.africa-press.net\/cameroun\/economie\/cameroun-extreme-nord-lhotel-de-ville-de-tokembere-a-coute-600-millions-de-f#primaryimage"},"thumbnailUrl":"https:\/\/static.africa-press.net\/cameroun\/sites\/57\/2022\/07\/img-62dacd7952e7d.jpg","keywords":["Africa Press","Africa Press-Cameroun","Cameroun"],"articleSection":["\u00c9conomie","homepage-french","Toutes les actualit\u00e9s"],"inLanguage":"fr-FR","potentialAction":[{"@type":"CommentAction","name":"Comment","target":["https:\/\/www.africa-press.net\/cameroun\/economie\/cameroun-extreme-nord-lhotel-de-ville-de-tokembere-a-coute-600-millions-de-f#respond"]}]},{"@type":"WebPage","@id":"https:\/\/www.africa-press.net\/cameroun\/economie\/cameroun-extreme-nord-lhotel-de-ville-de-tokembere-a-coute-600-millions-de-f","url":"https:\/\/www.africa-press.net\/cameroun\/economie\/cameroun-extreme-nord-lhotel-de-ville-de-tokembere-a-coute-600-millions-de-f","name":"Cameroun-Extr\u00eame-Nord : l\u2019h\u00f4tel de ville de Tokemb\u00e9r\u00e9 a co\u00fbt\u00e9 600 millions de F - Cameroun","isPartOf":{"@id":"https:\/\/www.africa-press.net\/cameroun\/#website"},"primaryImageOfPage":{"@id":"https:\/\/www.africa-press.net\/cameroun\/economie\/cameroun-extreme-nord-lhotel-de-ville-de-tokembere-a-coute-600-millions-de-f#primaryimage"},"image":{"@id":"https:\/\/www.africa-press.net\/cameroun\/economie\/cameroun-extreme-nord-lhotel-de-ville-de-tokembere-a-coute-600-millions-de-f#primaryimage"},"thumbnailUrl":"https:\/\/static.africa-press.net\/cameroun\/sites\/57\/2022\/07\/img-62dacd7952e7d.jpg","datePublished":"2022-07-22T16:02:05+00:00","dateModified":"2022-07-22T16:17:17+00:00","author":{"@id":"https:\/\/www.africa-press.net\/cameroun\/#\/schema\/person\/2b1cf3cd81a31e3cd26889ca66d677f1"},"description":"Le ministre de la D\u00e9centralisation et du d\u00e9veloppement local (Minddevel), Georges Elanga Obam a proc\u00e9d\u00e9 le 19 juillet 20 ...","breadcrumb":{"@id":"https:\/\/www.africa-press.net\/cameroun\/economie\/cameroun-extreme-nord-lhotel-de-ville-de-tokembere-a-coute-600-millions-de-f#breadcrumb"},"inLanguage":"fr-FR","potentialAction":[{"@type":"ReadAction","target":["https:\/\/www.africa-press.net\/cameroun\/economie\/cameroun-extreme-nord-lhotel-de-ville-de-tokembere-a-coute-600-millions-de-f"]}]},{"@type":"ImageObject","inLanguage":"fr-FR","@id":"https:\/\/www.africa-press.net\/cameroun\/economie\/cameroun-extreme-nord-lhotel-de-ville-de-tokembere-a-coute-600-millions-de-f#primaryimage","url":"https:\/\/static.africa-press.net\/cameroun\/sites\/57\/2022\/07\/img-62dacd7952e7d.jpg","contentUrl":"https:\/\/static.africa-press.net\/cameroun\/sites\/57\/2022\/07\/img-62dacd7952e7d.jpg","width":770,"height":400,"caption":"Cameroun-Extr\u00eame-Nord : l\u2019h\u00f4tel de ville de Tokemb\u00e9r\u00e9 a co\u00fbt\u00e9 600 millions de F"},{"@type":"BreadcrumbList","@id":"https:\/\/www.africa-press.net\/cameroun\/economie\/cameroun-extreme-nord-lhotel-de-ville-de-tokembere-a-coute-600-millions-de-f#breadcrumb","itemListElement":[{"@type":"ListItem","position":1,"name":"Accueil","item":"https:\/\/www.africa-press.net\/cameroun\/"},{"@type":"ListItem","position":2,"name":"Cameroun-Extr\u00eame-Nord : l\u2019h\u00f4tel de ville de Tokemb\u00e9r\u00e9 a co\u00fbt\u00e9 600 millions de F"}]},{"@type":"WebSite","@id":"https:\/\/www.africa-press.net\/cameroun\/#website","url":"https:\/\/www.africa-press.net\/cameroun\/","name":"Cameroun","description":"Just another Africa News Agency Sites site","potentialAction":[{"@type":"SearchAction","target":{"@type":"EntryPoint","urlTemplate":"https:\/\/www.africa-press.net\/cameroun\/?s={search_term_string}"},"query-input":{"@type":"PropertyValueSpecification","valueRequired":true,"valueName":"search_term_string"}}],"inLanguage":"fr-FR"},{"@type":"Person","@id":"https:\/\/www.africa-press.net\/cameroun\/#\/schema\/person\/2b1cf3cd81a31e3cd26889ca66d677f1","name":"cfeditorfr"}]}},"_links":{"self":[{"href":"https:\/\/www.africa-press.net\/cameroun\/wp-json\/wp\/v2\/posts\/24014","targetHints":{"allow":["GET"]}}],"collection":[{"href":"https:\/\/www.africa-press.net\/cameroun\/wp-json\/wp\/v2\/posts"}],"about":[{"href":"https:\/\/www.africa-press.net\/cameroun\/wp-json\/wp\/v2\/types\/post"}],"author":[{"embeddable":true,"href":"https:\/\/www.africa-press.net\/cameroun\/wp-json\/wp\/v2\/users\/82"}],"replies":[{"embeddable":true,"href":"https:\/\/www.africa-press.net\/cameroun\/wp-json\/wp\/v2\/comments?post=24014"}],"version-history":[{"count":0,"href":"https:\/\/www.africa-press.net\/cameroun\/wp-json\/wp\/v2\/posts\/24014\/revisions"}],"wp:featuredmedia":[{"embeddable":true,"href":"https:\/\/www.africa-press.net\/cameroun\/wp-json\/wp\/v2\/media\/24013"}],"wp:attachment":[{"href":"https:\/\/www.africa-press.net\/cameroun\/wp-json\/wp\/v2\/media?parent=24014"}],"wp:term":[{"taxonomy":"category","embeddable":true,"href":"https:\/\/www.africa-press.net\/cameroun\/wp-json\/wp\/v2\/categories?post=24014"},{"taxonomy":"post_tag","embeddable":true,"href":"https:\/\/www.africa-press.net\/cameroun\/wp-json\/wp\/v2\/tags?post=24014"}],"curies":[{"name":"wp","href":"https:\/\/api.w.org\/{rel}","templated":true}]}}