{"id":24017,"date":"2022-07-22T16:06:31","date_gmt":"2022-07-22T16:06:31","guid":{"rendered":"https:\/\/www.africa-press.net\/cameroun\/politique\/cameroun-paul-biya-ratifie-quatre-conventions-internationales"},"modified":"2022-07-22T16:17:43","modified_gmt":"2022-07-22T16:17:43","slug":"cameroun-paul-biya-ratifie-quatre-conventions-internationales","status":"publish","type":"post","link":"https:\/\/www.africa-press.net\/cameroun\/politique\/cameroun-paul-biya-ratifie-quatre-conventions-internationales","title":{"rendered":"Cameroun : Paul Biya ratifie quatre conventions internationales"},"content":{"rendered":"<p><span style=\"color: #ff6600\"><strong>Africa-Press &#8211; Cameroun. <\/strong><\/span>Le chef de l\u2019Etat a pris une s\u00e9rie de d\u00e9crets mercredi le 20 juillet 2022 portant ratification de conventions internationales.<\/p>\n<p>Les quatre textes portent promulgation de quatre lois. Ce sont quatre des sept projets de lois adopt\u00e9s au cours de la session parlementaire de juin 2022. Les quatre d\u00e9crets sign\u00e9s du chef de l\u2019Etat Paul Biya le 20 juillet sont :<\/p>\n<p>le d\u00e9cret N\u00b02022\/310 du 20 juillet 2022 portant ratification de la constitution r\u00e9vis\u00e9e de la Commission de l\u2019Aviation civile (Cafac) adopt\u00e9e le 16 d\u00e9cembre 2009 \u00e0 Dakar au S\u00e9n\u00e9gal. Par cet acte, le pr\u00e9sident de la R\u00e9publique ratifie la constitution r\u00e9vis\u00e9e de la Commission de l\u2019Aviation civile adopt\u00e9e le 16 d\u00e9cembre 2009 \u00e0 Dakar au S\u00e9n\u00e9gal ;<\/p>\n<p>le d\u00e9cret N\u00b02022\/311 du 20 juillet 2022 portant ratification de la convention multilat\u00e9rale de s\u00e9curit\u00e9 sociale de la Conf\u00e9rence interafricaine de la pr\u00e9voyance sociale (Cipres) adopt\u00e9e le 27 f\u00e9vrier 2006 \u00e0 Dakar au S\u00e9n\u00e9gal. Aux termes de ce texte, le chef de l\u2019Etat a ratifi\u00e9e la convention multilat\u00e9rale de la s\u00e9curit\u00e9 sociale de la Conf\u00e9rence interafricaine de pr\u00e9voyance sociale Cipres adopt\u00e9e le 27 f\u00e9vrier 2006 \u00e0 Dakar au S\u00e9n\u00e9gal ;<\/p>\n<p>le d\u00e9cret N\u00b02022\/312 du 20 juillet 2022 portant ratification du protocole portant amendement de l\u2019article 50 (a) de la convention relative \u00e0 l\u2019aviation civile internationale sign\u00e9e le 06 octobre 2016 \u00e0 Montr\u00e9al au Canada. Via ce d\u00e9cret, Paul Biya ratifie le protocole portant amendement de l\u2019article 50 (a) de la convention relative \u00e0 l\u2019aviation civile internationale sign\u00e9 le 06 octobre 2016 \u00e0 Montr\u00e9al au Canada.<\/p>\n<p>le d\u00e9cret N\u00b02022\/3013 du 20 juillet 2022 portant ratification du protocole portant amendement de l\u2019article 56 (a) de la convention relative \u00e0 l\u2019aviation civile internationale sign\u00e9e le 06 octobre 2016 \u00e0 Montr\u00e9al au Canada.<\/p>\n<p><strong>Pour plus d&rsquo;informations et d&rsquo;analyses sur la <a href=\"https:\/\/www.africa-press.net\/cameroun\">Cameroun<\/a>, suivez <a href=\"https:\/\/www.africa-press.net\/\">Africa-Press<\/a><\/strong><\/p>\n","protected":false},"excerpt":{"rendered":"<p>Africa-Press &#8211; Cameroun. Le chef de l\u2019Etat a pris une s\u00e9rie de d\u00e9crets mercredi le 20 juillet 2022 portant ratification de conventions internationales. Les quatre textes portent promulgation de quatre lois. Ce sont quatre des sept projets de lois adopt\u00e9s au cours de la session parlementaire de juin 2022. Les quatre d\u00e9crets sign\u00e9s du chef [&hellip;]<\/p>\n","protected":false},"author":82,"featured_media":24016,"comment_status":"open","ping_status":"closed","sticky":false,"template":"","format":"standard","meta":{"footnotes":""},"categories":[11,2,10],"tags":[36,50,49],"class_list":["post-24017","post","type-post","status-publish","format-standard","has-post-thumbnail","hentry","category-homepage-french","category-politique","category-toutes-les-actualites","tag-africa-press","tag-africa-press-cameroun","tag-cameroun"],"yoast_head":"<!-- This site is optimized with the Yoast SEO Premium plugin v26.1 (Yoast SEO v27.0) - https:\/\/yoast.com\/product\/yoast-seo-premium-wordpress\/ -->\n<title>Cameroun : Paul Biya ratifie quatre conventions internationales - Cameroun<\/title>\n<meta name=\"description\" content=\"Le chef de l\u2019Etat a pris une s\u00e9rie de d\u00e9crets mercredi le 20 juillet 2022 portant ratification de conventions internatio ...\" \/>\n<meta name=\"robots\" content=\"index, follow, max-snippet:-1, max-image-preview:large, max-video-preview:-1\" \/>\n<link rel=\"canonical\" href=\"https:\/\/www.africa-press.net\/cameroun\/politique\/cameroun-paul-biya-ratifie-quatre-conventions-internationales\" \/>\n<meta property=\"og:locale\" content=\"fr_FR\" \/>\n<meta property=\"og:type\" content=\"article\" \/>\n<meta property=\"og:title\" content=\"Cameroun : Paul Biya ratifie quatre conventions internationales\" \/>\n<meta property=\"og:description\" content=\"Le chef de l\u2019Etat a pris une s\u00e9rie de d\u00e9crets mercredi le 20 juillet 2022 portant ratification de conventions internatio ...\" \/>\n<meta property=\"og:url\" content=\"https:\/\/www.africa-press.net\/cameroun\/politique\/cameroun-paul-biya-ratifie-quatre-conventions-internationales\" \/>\n<meta property=\"og:site_name\" content=\"Cameroun\" \/>\n<meta property=\"article:published_time\" content=\"2022-07-22T16:06:31+00:00\" \/>\n<meta property=\"article:modified_time\" content=\"2022-07-22T16:17:43+00:00\" \/>\n<meta property=\"og:image\" content=\"https:\/\/static.africa-press.net\/cameroun\/sites\/57\/2022\/07\/img-62dacd931177d.jpg\" \/>\n\t<meta property=\"og:image:width\" content=\"770\" \/>\n\t<meta property=\"og:image:height\" content=\"440\" \/>\n\t<meta property=\"og:image:type\" content=\"image\/jpeg\" \/>\n<meta name=\"author\" content=\"cfeditorfr\" \/>\n<meta name=\"twitter:card\" content=\"summary_large_image\" \/>\n<meta name=\"twitter:label1\" content=\"\u00c9crit par\" \/>\n\t<meta name=\"twitter:data1\" content=\"cfeditorfr\" \/>\n\t<meta name=\"twitter:label2\" content=\"Dur\u00e9e de lecture estim\u00e9e\" \/>\n\t<meta name=\"twitter:data2\" content=\"2 minutes\" \/>\n<script type=\"application\/ld+json\" class=\"yoast-schema-graph\">{\"@context\":\"https:\/\/schema.org\",\"@graph\":[{\"@type\":\"Article\",\"@id\":\"https:\/\/www.africa-press.net\/cameroun\/politique\/cameroun-paul-biya-ratifie-quatre-conventions-internationales#article\",\"isPartOf\":{\"@id\":\"https:\/\/www.africa-press.net\/cameroun\/politique\/cameroun-paul-biya-ratifie-quatre-conventions-internationales\"},\"author\":{\"name\":\"cfeditorfr\",\"@id\":\"https:\/\/www.africa-press.net\/cameroun\/#\/schema\/person\/2b1cf3cd81a31e3cd26889ca66d677f1\"},\"headline\":\"Cameroun : Paul Biya ratifie quatre conventions internationales\",\"datePublished\":\"2022-07-22T16:06:31+00:00\",\"dateModified\":\"2022-07-22T16:17:43+00:00\",\"mainEntityOfPage\":{\"@id\":\"https:\/\/www.africa-press.net\/cameroun\/politique\/cameroun-paul-biya-ratifie-quatre-conventions-internationales\"},\"wordCount\":324,\"commentCount\":0,\"image\":{\"@id\":\"https:\/\/www.africa-press.net\/cameroun\/politique\/cameroun-paul-biya-ratifie-quatre-conventions-internationales#primaryimage\"},\"thumbnailUrl\":\"https:\/\/static.africa-press.net\/cameroun\/sites\/57\/2022\/07\/img-62dacd931177d.jpg\",\"keywords\":[\"Africa Press\",\"Africa Press-Cameroun\",\"Cameroun\"],\"articleSection\":[\"homepage-french\",\"Politique\",\"Toutes les actualit\u00e9s\"],\"inLanguage\":\"fr-FR\",\"potentialAction\":[{\"@type\":\"CommentAction\",\"name\":\"Comment\",\"target\":[\"https:\/\/www.africa-press.net\/cameroun\/politique\/cameroun-paul-biya-ratifie-quatre-conventions-internationales#respond\"]}]},{\"@type\":\"WebPage\",\"@id\":\"https:\/\/www.africa-press.net\/cameroun\/politique\/cameroun-paul-biya-ratifie-quatre-conventions-internationales\",\"url\":\"https:\/\/www.africa-press.net\/cameroun\/politique\/cameroun-paul-biya-ratifie-quatre-conventions-internationales\",\"name\":\"Cameroun : Paul Biya ratifie quatre conventions internationales - Cameroun\",\"isPartOf\":{\"@id\":\"https:\/\/www.africa-press.net\/cameroun\/#website\"},\"primaryImageOfPage\":{\"@id\":\"https:\/\/www.africa-press.net\/cameroun\/politique\/cameroun-paul-biya-ratifie-quatre-conventions-internationales#primaryimage\"},\"image\":{\"@id\":\"https:\/\/www.africa-press.net\/cameroun\/politique\/cameroun-paul-biya-ratifie-quatre-conventions-internationales#primaryimage\"},\"thumbnailUrl\":\"https:\/\/static.africa-press.net\/cameroun\/sites\/57\/2022\/07\/img-62dacd931177d.jpg\",\"datePublished\":\"2022-07-22T16:06:31+00:00\",\"dateModified\":\"2022-07-22T16:17:43+00:00\",\"author\":{\"@id\":\"https:\/\/www.africa-press.net\/cameroun\/#\/schema\/person\/2b1cf3cd81a31e3cd26889ca66d677f1\"},\"description\":\"Le chef de l\u2019Etat a pris une s\u00e9rie de d\u00e9crets mercredi le 20 juillet 2022 portant ratification de conventions internatio ...\",\"breadcrumb\":{\"@id\":\"https:\/\/www.africa-press.net\/cameroun\/politique\/cameroun-paul-biya-ratifie-quatre-conventions-internationales#breadcrumb\"},\"inLanguage\":\"fr-FR\",\"potentialAction\":[{\"@type\":\"ReadAction\",\"target\":[\"https:\/\/www.africa-press.net\/cameroun\/politique\/cameroun-paul-biya-ratifie-quatre-conventions-internationales\"]}]},{\"@type\":\"ImageObject\",\"inLanguage\":\"fr-FR\",\"@id\":\"https:\/\/www.africa-press.net\/cameroun\/politique\/cameroun-paul-biya-ratifie-quatre-conventions-internationales#primaryimage\",\"url\":\"https:\/\/static.africa-press.net\/cameroun\/sites\/57\/2022\/07\/img-62dacd931177d.jpg\",\"contentUrl\":\"https:\/\/static.africa-press.net\/cameroun\/sites\/57\/2022\/07\/img-62dacd931177d.jpg\",\"width\":770,\"height\":440,\"caption\":\"Cameroun : Paul Biya ratifie quatre conventions internationales\"},{\"@type\":\"BreadcrumbList\",\"@id\":\"https:\/\/www.africa-press.net\/cameroun\/politique\/cameroun-paul-biya-ratifie-quatre-conventions-internationales#breadcrumb\",\"itemListElement\":[{\"@type\":\"ListItem\",\"position\":1,\"name\":\"Accueil\",\"item\":\"https:\/\/www.africa-press.net\/cameroun\/\"},{\"@type\":\"ListItem\",\"position\":2,\"name\":\"Cameroun : Paul Biya ratifie quatre conventions internationales\"}]},{\"@type\":\"WebSite\",\"@id\":\"https:\/\/www.africa-press.net\/cameroun\/#website\",\"url\":\"https:\/\/www.africa-press.net\/cameroun\/\",\"name\":\"Cameroun\",\"description\":\"Just another Africa News Agency Sites site\",\"potentialAction\":[{\"@type\":\"SearchAction\",\"target\":{\"@type\":\"EntryPoint\",\"urlTemplate\":\"https:\/\/www.africa-press.net\/cameroun\/?s={search_term_string}\"},\"query-input\":{\"@type\":\"PropertyValueSpecification\",\"valueRequired\":true,\"valueName\":\"search_term_string\"}}],\"inLanguage\":\"fr-FR\"},{\"@type\":\"Person\",\"@id\":\"https:\/\/www.africa-press.net\/cameroun\/#\/schema\/person\/2b1cf3cd81a31e3cd26889ca66d677f1\",\"name\":\"cfeditorfr\"}]}<\/script>\n<!-- \/ Yoast SEO Premium plugin. -->","yoast_head_json":{"title":"Cameroun : Paul Biya ratifie quatre conventions internationales - Cameroun","description":"Le chef de l\u2019Etat a pris une s\u00e9rie de d\u00e9crets mercredi le 20 juillet 2022 portant ratification de conventions internatio ...","robots":{"index":"index","follow":"follow","max-snippet":"max-snippet:-1","max-image-preview":"max-image-preview:large","max-video-preview":"max-video-preview:-1"},"canonical":"https:\/\/www.africa-press.net\/cameroun\/politique\/cameroun-paul-biya-ratifie-quatre-conventions-internationales","og_locale":"fr_FR","og_type":"article","og_title":"Cameroun : Paul Biya ratifie quatre conventions internationales","og_description":"Le chef de l\u2019Etat a pris une s\u00e9rie de d\u00e9crets mercredi le 20 juillet 2022 portant ratification de conventions internatio ...","og_url":"https:\/\/www.africa-press.net\/cameroun\/politique\/cameroun-paul-biya-ratifie-quatre-conventions-internationales","og_site_name":"Cameroun","article_published_time":"2022-07-22T16:06:31+00:00","article_modified_time":"2022-07-22T16:17:43+00:00","og_image":[{"width":770,"height":440,"url":"https:\/\/static.africa-press.net\/cameroun\/sites\/57\/2022\/07\/img-62dacd931177d.jpg","type":"image\/jpeg"}],"author":"cfeditorfr","twitter_card":"summary_large_image","twitter_misc":{"\u00c9crit par":"cfeditorfr","Dur\u00e9e de lecture estim\u00e9e":"2 minutes"},"schema":{"@context":"https:\/\/schema.org","@graph":[{"@type":"Article","@id":"https:\/\/www.africa-press.net\/cameroun\/politique\/cameroun-paul-biya-ratifie-quatre-conventions-internationales#article","isPartOf":{"@id":"https:\/\/www.africa-press.net\/cameroun\/politique\/cameroun-paul-biya-ratifie-quatre-conventions-internationales"},"author":{"name":"cfeditorfr","@id":"https:\/\/www.africa-press.net\/cameroun\/#\/schema\/person\/2b1cf3cd81a31e3cd26889ca66d677f1"},"headline":"Cameroun : Paul Biya ratifie quatre conventions internationales","datePublished":"2022-07-22T16:06:31+00:00","dateModified":"2022-07-22T16:17:43+00:00","mainEntityOfPage":{"@id":"https:\/\/www.africa-press.net\/cameroun\/politique\/cameroun-paul-biya-ratifie-quatre-conventions-internationales"},"wordCount":324,"commentCount":0,"image":{"@id":"https:\/\/www.africa-press.net\/cameroun\/politique\/cameroun-paul-biya-ratifie-quatre-conventions-internationales#primaryimage"},"thumbnailUrl":"https:\/\/static.africa-press.net\/cameroun\/sites\/57\/2022\/07\/img-62dacd931177d.jpg","keywords":["Africa Press","Africa Press-Cameroun","Cameroun"],"articleSection":["homepage-french","Politique","Toutes les actualit\u00e9s"],"inLanguage":"fr-FR","potentialAction":[{"@type":"CommentAction","name":"Comment","target":["https:\/\/www.africa-press.net\/cameroun\/politique\/cameroun-paul-biya-ratifie-quatre-conventions-internationales#respond"]}]},{"@type":"WebPage","@id":"https:\/\/www.africa-press.net\/cameroun\/politique\/cameroun-paul-biya-ratifie-quatre-conventions-internationales","url":"https:\/\/www.africa-press.net\/cameroun\/politique\/cameroun-paul-biya-ratifie-quatre-conventions-internationales","name":"Cameroun : Paul Biya ratifie quatre conventions internationales - Cameroun","isPartOf":{"@id":"https:\/\/www.africa-press.net\/cameroun\/#website"},"primaryImageOfPage":{"@id":"https:\/\/www.africa-press.net\/cameroun\/politique\/cameroun-paul-biya-ratifie-quatre-conventions-internationales#primaryimage"},"image":{"@id":"https:\/\/www.africa-press.net\/cameroun\/politique\/cameroun-paul-biya-ratifie-quatre-conventions-internationales#primaryimage"},"thumbnailUrl":"https:\/\/static.africa-press.net\/cameroun\/sites\/57\/2022\/07\/img-62dacd931177d.jpg","datePublished":"2022-07-22T16:06:31+00:00","dateModified":"2022-07-22T16:17:43+00:00","author":{"@id":"https:\/\/www.africa-press.net\/cameroun\/#\/schema\/person\/2b1cf3cd81a31e3cd26889ca66d677f1"},"description":"Le chef de l\u2019Etat a pris une s\u00e9rie de d\u00e9crets mercredi le 20 juillet 2022 portant ratification de conventions internatio ...","breadcrumb":{"@id":"https:\/\/www.africa-press.net\/cameroun\/politique\/cameroun-paul-biya-ratifie-quatre-conventions-internationales#breadcrumb"},"inLanguage":"fr-FR","potentialAction":[{"@type":"ReadAction","target":["https:\/\/www.africa-press.net\/cameroun\/politique\/cameroun-paul-biya-ratifie-quatre-conventions-internationales"]}]},{"@type":"ImageObject","inLanguage":"fr-FR","@id":"https:\/\/www.africa-press.net\/cameroun\/politique\/cameroun-paul-biya-ratifie-quatre-conventions-internationales#primaryimage","url":"https:\/\/static.africa-press.net\/cameroun\/sites\/57\/2022\/07\/img-62dacd931177d.jpg","contentUrl":"https:\/\/static.africa-press.net\/cameroun\/sites\/57\/2022\/07\/img-62dacd931177d.jpg","width":770,"height":440,"caption":"Cameroun : Paul Biya ratifie quatre conventions internationales"},{"@type":"BreadcrumbList","@id":"https:\/\/www.africa-press.net\/cameroun\/politique\/cameroun-paul-biya-ratifie-quatre-conventions-internationales#breadcrumb","itemListElement":[{"@type":"ListItem","position":1,"name":"Accueil","item":"https:\/\/www.africa-press.net\/cameroun\/"},{"@type":"ListItem","position":2,"name":"Cameroun : Paul Biya ratifie quatre conventions internationales"}]},{"@type":"WebSite","@id":"https:\/\/www.africa-press.net\/cameroun\/#website","url":"https:\/\/www.africa-press.net\/cameroun\/","name":"Cameroun","description":"Just another Africa News Agency Sites site","potentialAction":[{"@type":"SearchAction","target":{"@type":"EntryPoint","urlTemplate":"https:\/\/www.africa-press.net\/cameroun\/?s={search_term_string}"},"query-input":{"@type":"PropertyValueSpecification","valueRequired":true,"valueName":"search_term_string"}}],"inLanguage":"fr-FR"},{"@type":"Person","@id":"https:\/\/www.africa-press.net\/cameroun\/#\/schema\/person\/2b1cf3cd81a31e3cd26889ca66d677f1","name":"cfeditorfr"}]}},"_links":{"self":[{"href":"https:\/\/www.africa-press.net\/cameroun\/wp-json\/wp\/v2\/posts\/24017","targetHints":{"allow":["GET"]}}],"collection":[{"href":"https:\/\/www.africa-press.net\/cameroun\/wp-json\/wp\/v2\/posts"}],"about":[{"href":"https:\/\/www.africa-press.net\/cameroun\/wp-json\/wp\/v2\/types\/post"}],"author":[{"embeddable":true,"href":"https:\/\/www.africa-press.net\/cameroun\/wp-json\/wp\/v2\/users\/82"}],"replies":[{"embeddable":true,"href":"https:\/\/www.africa-press.net\/cameroun\/wp-json\/wp\/v2\/comments?post=24017"}],"version-history":[{"count":0,"href":"https:\/\/www.africa-press.net\/cameroun\/wp-json\/wp\/v2\/posts\/24017\/revisions"}],"wp:featuredmedia":[{"embeddable":true,"href":"https:\/\/www.africa-press.net\/cameroun\/wp-json\/wp\/v2\/media\/24016"}],"wp:attachment":[{"href":"https:\/\/www.africa-press.net\/cameroun\/wp-json\/wp\/v2\/media?parent=24017"}],"wp:term":[{"taxonomy":"category","embeddable":true,"href":"https:\/\/www.africa-press.net\/cameroun\/wp-json\/wp\/v2\/categories?post=24017"},{"taxonomy":"post_tag","embeddable":true,"href":"https:\/\/www.africa-press.net\/cameroun\/wp-json\/wp\/v2\/tags?post=24017"}],"curies":[{"name":"wp","href":"https:\/\/api.w.org\/{rel}","templated":true}]}}