{"id":24020,"date":"2022-07-22T16:17:57","date_gmt":"2022-07-22T16:17:57","guid":{"rendered":"https:\/\/www.africa-press.net\/cameroun\/politique\/cameroun-comment-moderniser-loutil-de-production-de-lentreprenariat"},"modified":"2022-07-22T16:18:09","modified_gmt":"2022-07-22T16:18:09","slug":"cameroun-comment-moderniser-loutil-de-production-de-lentreprenariat","status":"publish","type":"post","link":"https:\/\/www.africa-press.net\/cameroun\/economie\/cameroun-comment-moderniser-loutil-de-production-de-lentreprenariat","title":{"rendered":"Cameroun : comment moderniser l\u2019outil de production de l\u2019entreprenariat"},"content":{"rendered":"<p><span style=\"color: #ff6600\"><strong>Africa-Press &#8211; Cameroun. <\/strong><\/span>Le ministre des PME, Achille Bassilekin III, a re\u00e7u en audience le 19 juillet dernier, une mission de l\u2019Organisation des Nations Unies pour le d\u00e9veloppement industriel.<\/p>\n<p>Une d\u00e9l\u00e9gation de l\u2019Organisation des Nations Unies pour le d\u00e9veloppement industriel (ONUDI) a \u00e9t\u00e9 re\u00e7ue le 19 juillet dernier \u00e0 Yaound\u00e9 par Achille Bassilekin III, ministre des Petites et moyennes entreprises, de l\u2019Economie Sociale et de l\u2019Artisanat (MINPMEESA). L\u2019\u00e9quipe de l\u2019ONUDI \u00e9tait conduite par Ridah Ben Mosbah, ancien ministre tunisien de l\u2019industrie et des PME.<\/p>\n<p>Cette s\u00e9ance de travail s\u2019inscrivait dans la poursuite du processus de mise en \u0153uvre des projets de coop\u00e9ration engag\u00e9s par le MINPMEESA avec l\u2019appui de cette organisation onusienne. Lors des \u00e9changes, il a \u00e9t\u00e9 question de pr\u00e9senter au ministre les conclusions de l\u2019\u00e9tude sur d\u00e9veloppement institutionnel du Bureau de Mise \u00e0 Niveau des entreprises camerounaises (BMN).<\/p>\n<p>\u00ab nous avons formuler un certain nombre de recommandations pour l\u2019\u00e9volution de cette structure afin d\u2019am\u00e9liorer sa performance et la qualit\u00e9 des services qu\u2019elle rend aux entreprises et mieux dans l\u2019\u00e9cosyst\u00e8me des institutions d\u2019appui au secteur priv\u00e9 de mani\u00e8re \u00e0 \u00eatre r\u00e9ellement un acteur majeur dans la strat\u00e9gie faiti\u00e8re de la transformation structurelle \u00bb, a d\u00e9clar\u00e9 Ridah Ben Mosbah. Ledit pilier ambitionne de moderniser l\u2019outil de production, capter la valeur ajout\u00e9e, valoriser les ressources naturelles.<\/p>\n<p>A en croire Cameroon tribune, la collaboration entre le minist\u00e8re des PME et l\u2019ONUDI, a d\u00e9j\u00e0 la r\u00e9alisation de certains projets, notamment financement de l\u2019\u00e9tude que la gestion des pertes post-et r\u00e9coltes qui a conduit \u00e0 la construction des centres de transformation agroalimentaire ; l\u2019accompagnement de la Bourse de sous-traitance et de partenariat dans sa phase de d\u00e9marrage avec la mise \u00e0 disposition d\u2019experts dans la p\u00e9riode 2012-2016 pour le partage des bonnes pratiques. Il y a aussi la mise en place du Centre de la petite hydro\u00e9lectricit\u00e9 de l\u2019Ecole nationale polytechnique de Yaound\u00e9.<\/p>\n<p><strong>Pour plus d&rsquo;informations et d&rsquo;analyses sur la <a href=\"https:\/\/www.africa-press.net\/cameroun\">Cameroun<\/a>, suivez <a href=\"https:\/\/www.africa-press.net\/\">Africa-Press<\/a><\/strong><\/p>\n","protected":false},"excerpt":{"rendered":"<p>Africa-Press &#8211; Cameroun. Le ministre des PME, Achille Bassilekin III, a re\u00e7u en audience le 19 juillet dernier, une mission de l\u2019Organisation des Nations Unies pour le d\u00e9veloppement industriel. Une d\u00e9l\u00e9gation de l\u2019Organisation des Nations Unies pour le d\u00e9veloppement industriel (ONUDI) a \u00e9t\u00e9 re\u00e7ue le 19 juillet dernier \u00e0 Yaound\u00e9 par Achille Bassilekin III, ministre [&hellip;]<\/p>\n","protected":false},"author":82,"featured_media":24019,"comment_status":"open","ping_status":"closed","sticky":false,"template":"","format":"standard","meta":{"footnotes":""},"categories":[3,11,10],"tags":[36,50,49],"class_list":["post-24020","post","type-post","status-publish","format-standard","has-post-thumbnail","hentry","category-economie","category-homepage-french","category-toutes-les-actualites","tag-africa-press","tag-africa-press-cameroun","tag-cameroun"],"yoast_head":"<!-- This site is optimized with the Yoast SEO Premium plugin v26.1 (Yoast SEO v27.0) - https:\/\/yoast.com\/product\/yoast-seo-premium-wordpress\/ -->\n<title>Cameroun : comment moderniser l\u2019outil de production de l\u2019entreprenariat - Cameroun<\/title>\n<meta name=\"description\" content=\"Le ministre des PME, Achille Bassilekin III, a re\u00e7u en audience le 19 juillet dernier, une mission de l\u2019Organisation des ...\" \/>\n<meta name=\"robots\" content=\"index, follow, max-snippet:-1, max-image-preview:large, max-video-preview:-1\" \/>\n<link rel=\"canonical\" href=\"https:\/\/www.africa-press.net\/cameroun\/economie\/cameroun-comment-moderniser-loutil-de-production-de-lentreprenariat\" \/>\n<meta property=\"og:locale\" content=\"fr_FR\" \/>\n<meta property=\"og:type\" content=\"article\" \/>\n<meta property=\"og:title\" content=\"Cameroun : comment moderniser l\u2019outil de production de l\u2019entreprenariat\" \/>\n<meta property=\"og:description\" content=\"Le ministre des PME, Achille Bassilekin III, a re\u00e7u en audience le 19 juillet dernier, une mission de l\u2019Organisation des ...\" \/>\n<meta property=\"og:url\" content=\"https:\/\/www.africa-press.net\/cameroun\/economie\/cameroun-comment-moderniser-loutil-de-production-de-lentreprenariat\" \/>\n<meta property=\"og:site_name\" content=\"Cameroun\" \/>\n<meta property=\"article:published_time\" content=\"2022-07-22T16:17:57+00:00\" \/>\n<meta property=\"article:modified_time\" content=\"2022-07-22T16:18:09+00:00\" \/>\n<meta property=\"og:image\" content=\"https:\/\/static.africa-press.net\/cameroun\/sites\/57\/2022\/07\/img-62dacdae9f9a3.jpg\" \/>\n\t<meta property=\"og:image:width\" content=\"720\" \/>\n\t<meta property=\"og:image:height\" content=\"343\" \/>\n\t<meta property=\"og:image:type\" content=\"image\/jpeg\" \/>\n<meta name=\"author\" content=\"cfeditorfr\" \/>\n<meta name=\"twitter:card\" content=\"summary_large_image\" \/>\n<meta name=\"twitter:label1\" content=\"\u00c9crit par\" \/>\n\t<meta name=\"twitter:data1\" content=\"cfeditorfr\" \/>\n\t<meta name=\"twitter:label2\" content=\"Dur\u00e9e de lecture estim\u00e9e\" \/>\n\t<meta name=\"twitter:data2\" content=\"2 minutes\" \/>\n<script type=\"application\/ld+json\" class=\"yoast-schema-graph\">{\"@context\":\"https:\/\/schema.org\",\"@graph\":[{\"@type\":\"Article\",\"@id\":\"https:\/\/www.africa-press.net\/cameroun\/economie\/cameroun-comment-moderniser-loutil-de-production-de-lentreprenariat#article\",\"isPartOf\":{\"@id\":\"https:\/\/www.africa-press.net\/cameroun\/economie\/cameroun-comment-moderniser-loutil-de-production-de-lentreprenariat\"},\"author\":{\"name\":\"cfeditorfr\",\"@id\":\"https:\/\/www.africa-press.net\/cameroun\/#\/schema\/person\/2b1cf3cd81a31e3cd26889ca66d677f1\"},\"headline\":\"Cameroun : comment moderniser l\u2019outil de production de l\u2019entreprenariat\",\"datePublished\":\"2022-07-22T16:17:57+00:00\",\"dateModified\":\"2022-07-22T16:18:09+00:00\",\"mainEntityOfPage\":{\"@id\":\"https:\/\/www.africa-press.net\/cameroun\/economie\/cameroun-comment-moderniser-loutil-de-production-de-lentreprenariat\"},\"wordCount\":368,\"commentCount\":0,\"image\":{\"@id\":\"https:\/\/www.africa-press.net\/cameroun\/economie\/cameroun-comment-moderniser-loutil-de-production-de-lentreprenariat#primaryimage\"},\"thumbnailUrl\":\"https:\/\/static.africa-press.net\/cameroun\/sites\/57\/2022\/07\/img-62dacdae9f9a3.jpg\",\"keywords\":[\"Africa Press\",\"Africa Press-Cameroun\",\"Cameroun\"],\"articleSection\":[\"\u00c9conomie\",\"homepage-french\",\"Toutes les actualit\u00e9s\"],\"inLanguage\":\"fr-FR\",\"potentialAction\":[{\"@type\":\"CommentAction\",\"name\":\"Comment\",\"target\":[\"https:\/\/www.africa-press.net\/cameroun\/economie\/cameroun-comment-moderniser-loutil-de-production-de-lentreprenariat#respond\"]}]},{\"@type\":\"WebPage\",\"@id\":\"https:\/\/www.africa-press.net\/cameroun\/economie\/cameroun-comment-moderniser-loutil-de-production-de-lentreprenariat\",\"url\":\"https:\/\/www.africa-press.net\/cameroun\/economie\/cameroun-comment-moderniser-loutil-de-production-de-lentreprenariat\",\"name\":\"Cameroun : comment moderniser l\u2019outil de production de l\u2019entreprenariat - Cameroun\",\"isPartOf\":{\"@id\":\"https:\/\/www.africa-press.net\/cameroun\/#website\"},\"primaryImageOfPage\":{\"@id\":\"https:\/\/www.africa-press.net\/cameroun\/economie\/cameroun-comment-moderniser-loutil-de-production-de-lentreprenariat#primaryimage\"},\"image\":{\"@id\":\"https:\/\/www.africa-press.net\/cameroun\/economie\/cameroun-comment-moderniser-loutil-de-production-de-lentreprenariat#primaryimage\"},\"thumbnailUrl\":\"https:\/\/static.africa-press.net\/cameroun\/sites\/57\/2022\/07\/img-62dacdae9f9a3.jpg\",\"datePublished\":\"2022-07-22T16:17:57+00:00\",\"dateModified\":\"2022-07-22T16:18:09+00:00\",\"author\":{\"@id\":\"https:\/\/www.africa-press.net\/cameroun\/#\/schema\/person\/2b1cf3cd81a31e3cd26889ca66d677f1\"},\"description\":\"Le ministre des PME, Achille Bassilekin III, a re\u00e7u en audience le 19 juillet dernier, une mission de l\u2019Organisation des ...\",\"breadcrumb\":{\"@id\":\"https:\/\/www.africa-press.net\/cameroun\/economie\/cameroun-comment-moderniser-loutil-de-production-de-lentreprenariat#breadcrumb\"},\"inLanguage\":\"fr-FR\",\"potentialAction\":[{\"@type\":\"ReadAction\",\"target\":[\"https:\/\/www.africa-press.net\/cameroun\/economie\/cameroun-comment-moderniser-loutil-de-production-de-lentreprenariat\"]}]},{\"@type\":\"ImageObject\",\"inLanguage\":\"fr-FR\",\"@id\":\"https:\/\/www.africa-press.net\/cameroun\/economie\/cameroun-comment-moderniser-loutil-de-production-de-lentreprenariat#primaryimage\",\"url\":\"https:\/\/static.africa-press.net\/cameroun\/sites\/57\/2022\/07\/img-62dacdae9f9a3.jpg\",\"contentUrl\":\"https:\/\/static.africa-press.net\/cameroun\/sites\/57\/2022\/07\/img-62dacdae9f9a3.jpg\",\"width\":720,\"height\":343,\"caption\":\"Cameroun : comment moderniser l\u2019outil de production de l\u2019entreprenariat\"},{\"@type\":\"BreadcrumbList\",\"@id\":\"https:\/\/www.africa-press.net\/cameroun\/economie\/cameroun-comment-moderniser-loutil-de-production-de-lentreprenariat#breadcrumb\",\"itemListElement\":[{\"@type\":\"ListItem\",\"position\":1,\"name\":\"Accueil\",\"item\":\"https:\/\/www.africa-press.net\/cameroun\/\"},{\"@type\":\"ListItem\",\"position\":2,\"name\":\"Cameroun : comment moderniser l\u2019outil de production de l\u2019entreprenariat\"}]},{\"@type\":\"WebSite\",\"@id\":\"https:\/\/www.africa-press.net\/cameroun\/#website\",\"url\":\"https:\/\/www.africa-press.net\/cameroun\/\",\"name\":\"Cameroun\",\"description\":\"Just another Africa News Agency Sites site\",\"potentialAction\":[{\"@type\":\"SearchAction\",\"target\":{\"@type\":\"EntryPoint\",\"urlTemplate\":\"https:\/\/www.africa-press.net\/cameroun\/?s={search_term_string}\"},\"query-input\":{\"@type\":\"PropertyValueSpecification\",\"valueRequired\":true,\"valueName\":\"search_term_string\"}}],\"inLanguage\":\"fr-FR\"},{\"@type\":\"Person\",\"@id\":\"https:\/\/www.africa-press.net\/cameroun\/#\/schema\/person\/2b1cf3cd81a31e3cd26889ca66d677f1\",\"name\":\"cfeditorfr\"}]}<\/script>\n<!-- \/ Yoast SEO Premium plugin. -->","yoast_head_json":{"title":"Cameroun : comment moderniser l\u2019outil de production de l\u2019entreprenariat - Cameroun","description":"Le ministre des PME, Achille Bassilekin III, a re\u00e7u en audience le 19 juillet dernier, une mission de l\u2019Organisation des ...","robots":{"index":"index","follow":"follow","max-snippet":"max-snippet:-1","max-image-preview":"max-image-preview:large","max-video-preview":"max-video-preview:-1"},"canonical":"https:\/\/www.africa-press.net\/cameroun\/economie\/cameroun-comment-moderniser-loutil-de-production-de-lentreprenariat","og_locale":"fr_FR","og_type":"article","og_title":"Cameroun : comment moderniser l\u2019outil de production de l\u2019entreprenariat","og_description":"Le ministre des PME, Achille Bassilekin III, a re\u00e7u en audience le 19 juillet dernier, une mission de l\u2019Organisation des ...","og_url":"https:\/\/www.africa-press.net\/cameroun\/economie\/cameroun-comment-moderniser-loutil-de-production-de-lentreprenariat","og_site_name":"Cameroun","article_published_time":"2022-07-22T16:17:57+00:00","article_modified_time":"2022-07-22T16:18:09+00:00","og_image":[{"width":720,"height":343,"url":"https:\/\/static.africa-press.net\/cameroun\/sites\/57\/2022\/07\/img-62dacdae9f9a3.jpg","type":"image\/jpeg"}],"author":"cfeditorfr","twitter_card":"summary_large_image","twitter_misc":{"\u00c9crit par":"cfeditorfr","Dur\u00e9e de lecture estim\u00e9e":"2 minutes"},"schema":{"@context":"https:\/\/schema.org","@graph":[{"@type":"Article","@id":"https:\/\/www.africa-press.net\/cameroun\/economie\/cameroun-comment-moderniser-loutil-de-production-de-lentreprenariat#article","isPartOf":{"@id":"https:\/\/www.africa-press.net\/cameroun\/economie\/cameroun-comment-moderniser-loutil-de-production-de-lentreprenariat"},"author":{"name":"cfeditorfr","@id":"https:\/\/www.africa-press.net\/cameroun\/#\/schema\/person\/2b1cf3cd81a31e3cd26889ca66d677f1"},"headline":"Cameroun : comment moderniser l\u2019outil de production de l\u2019entreprenariat","datePublished":"2022-07-22T16:17:57+00:00","dateModified":"2022-07-22T16:18:09+00:00","mainEntityOfPage":{"@id":"https:\/\/www.africa-press.net\/cameroun\/economie\/cameroun-comment-moderniser-loutil-de-production-de-lentreprenariat"},"wordCount":368,"commentCount":0,"image":{"@id":"https:\/\/www.africa-press.net\/cameroun\/economie\/cameroun-comment-moderniser-loutil-de-production-de-lentreprenariat#primaryimage"},"thumbnailUrl":"https:\/\/static.africa-press.net\/cameroun\/sites\/57\/2022\/07\/img-62dacdae9f9a3.jpg","keywords":["Africa Press","Africa Press-Cameroun","Cameroun"],"articleSection":["\u00c9conomie","homepage-french","Toutes les actualit\u00e9s"],"inLanguage":"fr-FR","potentialAction":[{"@type":"CommentAction","name":"Comment","target":["https:\/\/www.africa-press.net\/cameroun\/economie\/cameroun-comment-moderniser-loutil-de-production-de-lentreprenariat#respond"]}]},{"@type":"WebPage","@id":"https:\/\/www.africa-press.net\/cameroun\/economie\/cameroun-comment-moderniser-loutil-de-production-de-lentreprenariat","url":"https:\/\/www.africa-press.net\/cameroun\/economie\/cameroun-comment-moderniser-loutil-de-production-de-lentreprenariat","name":"Cameroun : comment moderniser l\u2019outil de production de l\u2019entreprenariat - Cameroun","isPartOf":{"@id":"https:\/\/www.africa-press.net\/cameroun\/#website"},"primaryImageOfPage":{"@id":"https:\/\/www.africa-press.net\/cameroun\/economie\/cameroun-comment-moderniser-loutil-de-production-de-lentreprenariat#primaryimage"},"image":{"@id":"https:\/\/www.africa-press.net\/cameroun\/economie\/cameroun-comment-moderniser-loutil-de-production-de-lentreprenariat#primaryimage"},"thumbnailUrl":"https:\/\/static.africa-press.net\/cameroun\/sites\/57\/2022\/07\/img-62dacdae9f9a3.jpg","datePublished":"2022-07-22T16:17:57+00:00","dateModified":"2022-07-22T16:18:09+00:00","author":{"@id":"https:\/\/www.africa-press.net\/cameroun\/#\/schema\/person\/2b1cf3cd81a31e3cd26889ca66d677f1"},"description":"Le ministre des PME, Achille Bassilekin III, a re\u00e7u en audience le 19 juillet dernier, une mission de l\u2019Organisation des ...","breadcrumb":{"@id":"https:\/\/www.africa-press.net\/cameroun\/economie\/cameroun-comment-moderniser-loutil-de-production-de-lentreprenariat#breadcrumb"},"inLanguage":"fr-FR","potentialAction":[{"@type":"ReadAction","target":["https:\/\/www.africa-press.net\/cameroun\/economie\/cameroun-comment-moderniser-loutil-de-production-de-lentreprenariat"]}]},{"@type":"ImageObject","inLanguage":"fr-FR","@id":"https:\/\/www.africa-press.net\/cameroun\/economie\/cameroun-comment-moderniser-loutil-de-production-de-lentreprenariat#primaryimage","url":"https:\/\/static.africa-press.net\/cameroun\/sites\/57\/2022\/07\/img-62dacdae9f9a3.jpg","contentUrl":"https:\/\/static.africa-press.net\/cameroun\/sites\/57\/2022\/07\/img-62dacdae9f9a3.jpg","width":720,"height":343,"caption":"Cameroun : comment moderniser l\u2019outil de production de l\u2019entreprenariat"},{"@type":"BreadcrumbList","@id":"https:\/\/www.africa-press.net\/cameroun\/economie\/cameroun-comment-moderniser-loutil-de-production-de-lentreprenariat#breadcrumb","itemListElement":[{"@type":"ListItem","position":1,"name":"Accueil","item":"https:\/\/www.africa-press.net\/cameroun\/"},{"@type":"ListItem","position":2,"name":"Cameroun : comment moderniser l\u2019outil de production de l\u2019entreprenariat"}]},{"@type":"WebSite","@id":"https:\/\/www.africa-press.net\/cameroun\/#website","url":"https:\/\/www.africa-press.net\/cameroun\/","name":"Cameroun","description":"Just another Africa News Agency Sites site","potentialAction":[{"@type":"SearchAction","target":{"@type":"EntryPoint","urlTemplate":"https:\/\/www.africa-press.net\/cameroun\/?s={search_term_string}"},"query-input":{"@type":"PropertyValueSpecification","valueRequired":true,"valueName":"search_term_string"}}],"inLanguage":"fr-FR"},{"@type":"Person","@id":"https:\/\/www.africa-press.net\/cameroun\/#\/schema\/person\/2b1cf3cd81a31e3cd26889ca66d677f1","name":"cfeditorfr"}]}},"_links":{"self":[{"href":"https:\/\/www.africa-press.net\/cameroun\/wp-json\/wp\/v2\/posts\/24020","targetHints":{"allow":["GET"]}}],"collection":[{"href":"https:\/\/www.africa-press.net\/cameroun\/wp-json\/wp\/v2\/posts"}],"about":[{"href":"https:\/\/www.africa-press.net\/cameroun\/wp-json\/wp\/v2\/types\/post"}],"author":[{"embeddable":true,"href":"https:\/\/www.africa-press.net\/cameroun\/wp-json\/wp\/v2\/users\/82"}],"replies":[{"embeddable":true,"href":"https:\/\/www.africa-press.net\/cameroun\/wp-json\/wp\/v2\/comments?post=24020"}],"version-history":[{"count":0,"href":"https:\/\/www.africa-press.net\/cameroun\/wp-json\/wp\/v2\/posts\/24020\/revisions"}],"wp:featuredmedia":[{"embeddable":true,"href":"https:\/\/www.africa-press.net\/cameroun\/wp-json\/wp\/v2\/media\/24019"}],"wp:attachment":[{"href":"https:\/\/www.africa-press.net\/cameroun\/wp-json\/wp\/v2\/media?parent=24020"}],"wp:term":[{"taxonomy":"category","embeddable":true,"href":"https:\/\/www.africa-press.net\/cameroun\/wp-json\/wp\/v2\/categories?post=24020"},{"taxonomy":"post_tag","embeddable":true,"href":"https:\/\/www.africa-press.net\/cameroun\/wp-json\/wp\/v2\/tags?post=24020"}],"curies":[{"name":"wp","href":"https:\/\/api.w.org\/{rel}","templated":true}]}}