{"id":2404,"date":"2021-04-24T15:24:01","date_gmt":"2021-04-24T15:24:01","guid":{"rendered":"https:\/\/www.africa-press.net\/cameroun\/?p=2404"},"modified":"2021-04-26T02:03:23","modified_gmt":"2021-04-26T02:03:23","slug":"cameroun-obseques-en-images-lhommage-emouvant-des-populations-de-yaounde-a-gervais-mendo-ze","status":"publish","type":"post","link":"https:\/\/www.africa-press.net\/cameroun\/toutes-les-actualites\/cameroun-obseques-en-images-lhommage-emouvant-des-populations-de-yaounde-a-gervais-mendo-ze","title":{"rendered":"Cameroun &#8211; Obs\u00e8ques: En images, l\u2019hommage \u00e9mouvant des populations de Yaound\u00e9 \u00e0 Gervais Mendo Ze"},"content":{"rendered":"<p><span style=\"color: #ff6600\"><strong><a href=\"https:\/\/www.africa-press.net\/\">Africa-Press<\/a> &#8211; <a href=\"https:\/\/www.africa-press.net\/cameroun\">Cameroun<\/a>. <\/strong><\/span><b>Gervais Mendo Ze <\/b>sera inhum\u00e9 ce samedi 24 avril 2021 dans son village natal, Otoakam, situ\u00e9 dans la ville de Sangmelima, dans la r\u00e9gion du Sud. Son inhumation sera pr\u00e9c\u00e9d\u00e9e par un dernier office religieux qui sera dit par Monseigneur Christophe Zoa, \u00e9v\u00eaque du dioc\u00e8se de Sangmelima.<\/p>\n<p>D\u00e9c\u00e9d\u00e9 le 9 avril dernier, l\u2019ancien directeur g\u00e9n\u00e9ral de la cha\u00eene publique, la CRTV, a entam\u00e9 vendredi son dernier voyage terrestre. Apr\u00e8s la lev\u00e9e de corps \u00e0 l\u2019h\u00f4pital central de Yaound\u00e9, la d\u00e9pouille a \u00e9t\u00e9 conduite \u00e0 la cath\u00e9drale Notre-Dame-des-Victoires pour une messe de requiem, pr\u00e9sid\u00e9e par l\u2019archev\u00eaque m\u00e9tropolitain de la capitale camerounaise, Monseigneur Jean Mbarga.<\/p>\n<p>A cette occasion, des dizaines de personnes, dont des parents du d\u00e9funt, ses connaissances et autres anonymes, se sont rassembl\u00e9es en nombre devant la maison de Dieu, autour du corbillard, pour saluer la m\u00e9moire d\u2019un homme qui a marqu\u00e9 la vie publique au Cameroun entre le milieu des ann\u00e9es 80 et le d\u00e9but des ann\u00e9es 2000.<\/p>\n<p>Un hommage \u00e9mouvant marqu\u00e9 par la reprise en c\u0153ur par la foule de \u00abAsimba\u00bb, le titre \u00e0 succ\u00e8s qu\u2019il a produit via la c\u00e9l\u00e8bre chorale La Voix du C\u00e9nacle, qu\u2019il avait cr\u00e9\u00e9e.<\/p>\n<p>DG de la CRTV pendant 18 ans (1988-2004), M. Mendo Ze, enseignant de lettres, avait \u00e9t\u00e9 nomm\u00e9 ministre d\u00e9l\u00e9gu\u00e9 aupr\u00e8s du ministre de la Communication en 2004. Un poste qu\u2019il va occuper jusqu\u2019en 2014. Il sera ensuite arr\u00eat\u00e9 et \u00e9crou\u00e9 en prison en 2014, puis condamn\u00e9 en 2019 \u00e0 20 ans de prison pour d\u00e9tournement de deniers publics.<\/p>\n","protected":false},"excerpt":{"rendered":"<p>Africa-Press &#8211; Cameroun. Gervais Mendo Ze sera inhum\u00e9 ce samedi 24 avril 2021 dans son village natal, Otoakam, situ\u00e9 dans la ville de Sangmelima, dans la r\u00e9gion du Sud. Son inhumation sera pr\u00e9c\u00e9d\u00e9e par un dernier office religieux qui sera dit par Monseigneur Christophe Zoa, \u00e9v\u00eaque du dioc\u00e8se de Sangmelima. D\u00e9c\u00e9d\u00e9 le 9 avril dernier, [&hellip;]<\/p>\n","protected":false},"author":82,"featured_media":2403,"comment_status":"open","ping_status":"closed","sticky":false,"template":"","format":"standard","meta":{"footnotes":""},"categories":[21,11,10],"tags":[36,50,49],"class_list":["post-2404","post","type-post","status-publish","format-standard","has-post-thumbnail","hentry","category-communaute","category-homepage-french","category-toutes-les-actualites","tag-africa-press","tag-africa-press-cameroun","tag-cameroun"],"yoast_head":"<!-- This site is optimized with the Yoast SEO Premium plugin v26.1 (Yoast SEO v27.0) - https:\/\/yoast.com\/product\/yoast-seo-premium-wordpress\/ -->\n<title>Cameroun - Obs\u00e8ques: En images, l\u2019hommage \u00e9mouvant des populations de Yaound\u00e9 \u00e0 Gervais Mendo Ze - Cameroun<\/title>\n<meta name=\"description\" content=\"Gervais Mendo Ze sera inhum\u00e9 ce samedi 24 avril 2021 dans son village natal, Otoakam, situ\u00e9 dans la ville de San ...\" \/>\n<meta name=\"robots\" content=\"index, follow, max-snippet:-1, max-image-preview:large, max-video-preview:-1\" \/>\n<link rel=\"canonical\" href=\"https:\/\/www.africa-press.net\/cameroun\/toutes-les-actualites\/cameroun-obseques-en-images-lhommage-emouvant-des-populations-de-yaounde-a-gervais-mendo-ze\" \/>\n<meta property=\"og:locale\" content=\"fr_FR\" \/>\n<meta property=\"og:type\" content=\"article\" \/>\n<meta property=\"og:title\" content=\"Cameroun - Obs\u00e8ques: En images, l\u2019hommage \u00e9mouvant des populations de Yaound\u00e9 \u00e0 Gervais Mendo Ze\" \/>\n<meta property=\"og:description\" content=\"Gervais Mendo Ze sera inhum\u00e9 ce samedi 24 avril 2021 dans son village natal, Otoakam, situ\u00e9 dans la ville de San ...\" \/>\n<meta property=\"og:url\" content=\"https:\/\/www.africa-press.net\/cameroun\/toutes-les-actualites\/cameroun-obseques-en-images-lhommage-emouvant-des-populations-de-yaounde-a-gervais-mendo-ze\" \/>\n<meta property=\"og:site_name\" content=\"Cameroun\" \/>\n<meta property=\"article:published_time\" content=\"2021-04-24T15:24:01+00:00\" \/>\n<meta property=\"article:modified_time\" content=\"2021-04-26T02:03:23+00:00\" \/>\n<meta property=\"og:image\" content=\"https:\/\/static.africa-press.net\/cameroun\/sites\/57\/2021\/04\/img-608454d6c543b.jpg\" \/>\n\t<meta property=\"og:image:width\" content=\"800\" \/>\n\t<meta property=\"og:image:height\" content=\"753\" \/>\n\t<meta property=\"og:image:type\" content=\"image\/jpeg\" \/>\n<meta name=\"author\" content=\"cfeditorfr\" \/>\n<meta name=\"twitter:card\" content=\"summary_large_image\" \/>\n<meta name=\"twitter:label1\" content=\"\u00c9crit par\" \/>\n\t<meta name=\"twitter:data1\" content=\"cfeditorfr\" \/>\n\t<meta name=\"twitter:label2\" content=\"Dur\u00e9e de lecture estim\u00e9e\" \/>\n\t<meta name=\"twitter:data2\" content=\"2 minutes\" \/>\n<script type=\"application\/ld+json\" class=\"yoast-schema-graph\">{\"@context\":\"https:\/\/schema.org\",\"@graph\":[{\"@type\":\"Article\",\"@id\":\"https:\/\/www.africa-press.net\/cameroun\/toutes-les-actualites\/cameroun-obseques-en-images-lhommage-emouvant-des-populations-de-yaounde-a-gervais-mendo-ze#article\",\"isPartOf\":{\"@id\":\"https:\/\/www.africa-press.net\/cameroun\/toutes-les-actualites\/cameroun-obseques-en-images-lhommage-emouvant-des-populations-de-yaounde-a-gervais-mendo-ze\"},\"author\":{\"name\":\"cfeditorfr\",\"@id\":\"https:\/\/www.africa-press.net\/cameroun\/#\/schema\/person\/2b1cf3cd81a31e3cd26889ca66d677f1\"},\"headline\":\"Cameroun &#8211; Obs\u00e8ques: En images, l\u2019hommage \u00e9mouvant des populations de Yaound\u00e9 \u00e0 Gervais Mendo Ze\",\"datePublished\":\"2021-04-24T15:24:01+00:00\",\"dateModified\":\"2021-04-26T02:03:23+00:00\",\"mainEntityOfPage\":{\"@id\":\"https:\/\/www.africa-press.net\/cameroun\/toutes-les-actualites\/cameroun-obseques-en-images-lhommage-emouvant-des-populations-de-yaounde-a-gervais-mendo-ze\"},\"wordCount\":298,\"commentCount\":0,\"image\":{\"@id\":\"https:\/\/www.africa-press.net\/cameroun\/toutes-les-actualites\/cameroun-obseques-en-images-lhommage-emouvant-des-populations-de-yaounde-a-gervais-mendo-ze#primaryimage\"},\"thumbnailUrl\":\"https:\/\/static.africa-press.net\/cameroun\/sites\/57\/2021\/04\/img-608454d6c543b.jpg\",\"keywords\":[\"Africa Press\",\"Africa Press-Cameroun\",\"Cameroun\"],\"articleSection\":[\"Communaut\u00e9\",\"homepage-french\",\"Toutes les actualit\u00e9s\"],\"inLanguage\":\"fr-FR\",\"potentialAction\":[{\"@type\":\"CommentAction\",\"name\":\"Comment\",\"target\":[\"https:\/\/www.africa-press.net\/cameroun\/toutes-les-actualites\/cameroun-obseques-en-images-lhommage-emouvant-des-populations-de-yaounde-a-gervais-mendo-ze#respond\"]}]},{\"@type\":\"WebPage\",\"@id\":\"https:\/\/www.africa-press.net\/cameroun\/toutes-les-actualites\/cameroun-obseques-en-images-lhommage-emouvant-des-populations-de-yaounde-a-gervais-mendo-ze\",\"url\":\"https:\/\/www.africa-press.net\/cameroun\/toutes-les-actualites\/cameroun-obseques-en-images-lhommage-emouvant-des-populations-de-yaounde-a-gervais-mendo-ze\",\"name\":\"Cameroun - Obs\u00e8ques: En images, l\u2019hommage \u00e9mouvant des populations de Yaound\u00e9 \u00e0 Gervais Mendo Ze - Cameroun\",\"isPartOf\":{\"@id\":\"https:\/\/www.africa-press.net\/cameroun\/#website\"},\"primaryImageOfPage\":{\"@id\":\"https:\/\/www.africa-press.net\/cameroun\/toutes-les-actualites\/cameroun-obseques-en-images-lhommage-emouvant-des-populations-de-yaounde-a-gervais-mendo-ze#primaryimage\"},\"image\":{\"@id\":\"https:\/\/www.africa-press.net\/cameroun\/toutes-les-actualites\/cameroun-obseques-en-images-lhommage-emouvant-des-populations-de-yaounde-a-gervais-mendo-ze#primaryimage\"},\"thumbnailUrl\":\"https:\/\/static.africa-press.net\/cameroun\/sites\/57\/2021\/04\/img-608454d6c543b.jpg\",\"datePublished\":\"2021-04-24T15:24:01+00:00\",\"dateModified\":\"2021-04-26T02:03:23+00:00\",\"author\":{\"@id\":\"https:\/\/www.africa-press.net\/cameroun\/#\/schema\/person\/2b1cf3cd81a31e3cd26889ca66d677f1\"},\"description\":\"Gervais Mendo Ze sera inhum\u00e9 ce samedi 24 avril 2021 dans son village natal, Otoakam, situ\u00e9 dans la ville de San ...\",\"breadcrumb\":{\"@id\":\"https:\/\/www.africa-press.net\/cameroun\/toutes-les-actualites\/cameroun-obseques-en-images-lhommage-emouvant-des-populations-de-yaounde-a-gervais-mendo-ze#breadcrumb\"},\"inLanguage\":\"fr-FR\",\"potentialAction\":[{\"@type\":\"ReadAction\",\"target\":[\"https:\/\/www.africa-press.net\/cameroun\/toutes-les-actualites\/cameroun-obseques-en-images-lhommage-emouvant-des-populations-de-yaounde-a-gervais-mendo-ze\"]}]},{\"@type\":\"ImageObject\",\"inLanguage\":\"fr-FR\",\"@id\":\"https:\/\/www.africa-press.net\/cameroun\/toutes-les-actualites\/cameroun-obseques-en-images-lhommage-emouvant-des-populations-de-yaounde-a-gervais-mendo-ze#primaryimage\",\"url\":\"https:\/\/static.africa-press.net\/cameroun\/sites\/57\/2021\/04\/img-608454d6c543b.jpg\",\"contentUrl\":\"https:\/\/static.africa-press.net\/cameroun\/sites\/57\/2021\/04\/img-608454d6c543b.jpg\",\"width\":800,\"height\":753,\"caption\":\"Cameroun - Obs\u00e8ques: En images, l\u2019hommage \u00e9mouvant des populations de Yaound\u00e9 \u00e0 Gervais Mendo Ze\"},{\"@type\":\"BreadcrumbList\",\"@id\":\"https:\/\/www.africa-press.net\/cameroun\/toutes-les-actualites\/cameroun-obseques-en-images-lhommage-emouvant-des-populations-de-yaounde-a-gervais-mendo-ze#breadcrumb\",\"itemListElement\":[{\"@type\":\"ListItem\",\"position\":1,\"name\":\"Accueil\",\"item\":\"https:\/\/www.africa-press.net\/cameroun\/\"},{\"@type\":\"ListItem\",\"position\":2,\"name\":\"Cameroun &#8211; Obs\u00e8ques: En images, l\u2019hommage \u00e9mouvant des populations de Yaound\u00e9 \u00e0 Gervais Mendo Ze\"}]},{\"@type\":\"WebSite\",\"@id\":\"https:\/\/www.africa-press.net\/cameroun\/#website\",\"url\":\"https:\/\/www.africa-press.net\/cameroun\/\",\"name\":\"Cameroun\",\"description\":\"Just another Africa News Agency Sites site\",\"potentialAction\":[{\"@type\":\"SearchAction\",\"target\":{\"@type\":\"EntryPoint\",\"urlTemplate\":\"https:\/\/www.africa-press.net\/cameroun\/?s={search_term_string}\"},\"query-input\":{\"@type\":\"PropertyValueSpecification\",\"valueRequired\":true,\"valueName\":\"search_term_string\"}}],\"inLanguage\":\"fr-FR\"},{\"@type\":\"Person\",\"@id\":\"https:\/\/www.africa-press.net\/cameroun\/#\/schema\/person\/2b1cf3cd81a31e3cd26889ca66d677f1\",\"name\":\"cfeditorfr\"}]}<\/script>\n<!-- \/ Yoast SEO Premium plugin. -->","yoast_head_json":{"title":"Cameroun - Obs\u00e8ques: En images, l\u2019hommage \u00e9mouvant des populations de Yaound\u00e9 \u00e0 Gervais Mendo Ze - Cameroun","description":"Gervais Mendo Ze sera inhum\u00e9 ce samedi 24 avril 2021 dans son village natal, Otoakam, situ\u00e9 dans la ville de San ...","robots":{"index":"index","follow":"follow","max-snippet":"max-snippet:-1","max-image-preview":"max-image-preview:large","max-video-preview":"max-video-preview:-1"},"canonical":"https:\/\/www.africa-press.net\/cameroun\/toutes-les-actualites\/cameroun-obseques-en-images-lhommage-emouvant-des-populations-de-yaounde-a-gervais-mendo-ze","og_locale":"fr_FR","og_type":"article","og_title":"Cameroun - Obs\u00e8ques: En images, l\u2019hommage \u00e9mouvant des populations de Yaound\u00e9 \u00e0 Gervais Mendo Ze","og_description":"Gervais Mendo Ze sera inhum\u00e9 ce samedi 24 avril 2021 dans son village natal, Otoakam, situ\u00e9 dans la ville de San ...","og_url":"https:\/\/www.africa-press.net\/cameroun\/toutes-les-actualites\/cameroun-obseques-en-images-lhommage-emouvant-des-populations-de-yaounde-a-gervais-mendo-ze","og_site_name":"Cameroun","article_published_time":"2021-04-24T15:24:01+00:00","article_modified_time":"2021-04-26T02:03:23+00:00","og_image":[{"width":800,"height":753,"url":"https:\/\/static.africa-press.net\/cameroun\/sites\/57\/2021\/04\/img-608454d6c543b.jpg","type":"image\/jpeg"}],"author":"cfeditorfr","twitter_card":"summary_large_image","twitter_misc":{"\u00c9crit par":"cfeditorfr","Dur\u00e9e de lecture estim\u00e9e":"2 minutes"},"schema":{"@context":"https:\/\/schema.org","@graph":[{"@type":"Article","@id":"https:\/\/www.africa-press.net\/cameroun\/toutes-les-actualites\/cameroun-obseques-en-images-lhommage-emouvant-des-populations-de-yaounde-a-gervais-mendo-ze#article","isPartOf":{"@id":"https:\/\/www.africa-press.net\/cameroun\/toutes-les-actualites\/cameroun-obseques-en-images-lhommage-emouvant-des-populations-de-yaounde-a-gervais-mendo-ze"},"author":{"name":"cfeditorfr","@id":"https:\/\/www.africa-press.net\/cameroun\/#\/schema\/person\/2b1cf3cd81a31e3cd26889ca66d677f1"},"headline":"Cameroun &#8211; Obs\u00e8ques: En images, l\u2019hommage \u00e9mouvant des populations de Yaound\u00e9 \u00e0 Gervais Mendo Ze","datePublished":"2021-04-24T15:24:01+00:00","dateModified":"2021-04-26T02:03:23+00:00","mainEntityOfPage":{"@id":"https:\/\/www.africa-press.net\/cameroun\/toutes-les-actualites\/cameroun-obseques-en-images-lhommage-emouvant-des-populations-de-yaounde-a-gervais-mendo-ze"},"wordCount":298,"commentCount":0,"image":{"@id":"https:\/\/www.africa-press.net\/cameroun\/toutes-les-actualites\/cameroun-obseques-en-images-lhommage-emouvant-des-populations-de-yaounde-a-gervais-mendo-ze#primaryimage"},"thumbnailUrl":"https:\/\/static.africa-press.net\/cameroun\/sites\/57\/2021\/04\/img-608454d6c543b.jpg","keywords":["Africa Press","Africa Press-Cameroun","Cameroun"],"articleSection":["Communaut\u00e9","homepage-french","Toutes les actualit\u00e9s"],"inLanguage":"fr-FR","potentialAction":[{"@type":"CommentAction","name":"Comment","target":["https:\/\/www.africa-press.net\/cameroun\/toutes-les-actualites\/cameroun-obseques-en-images-lhommage-emouvant-des-populations-de-yaounde-a-gervais-mendo-ze#respond"]}]},{"@type":"WebPage","@id":"https:\/\/www.africa-press.net\/cameroun\/toutes-les-actualites\/cameroun-obseques-en-images-lhommage-emouvant-des-populations-de-yaounde-a-gervais-mendo-ze","url":"https:\/\/www.africa-press.net\/cameroun\/toutes-les-actualites\/cameroun-obseques-en-images-lhommage-emouvant-des-populations-de-yaounde-a-gervais-mendo-ze","name":"Cameroun - Obs\u00e8ques: En images, l\u2019hommage \u00e9mouvant des populations de Yaound\u00e9 \u00e0 Gervais Mendo Ze - Cameroun","isPartOf":{"@id":"https:\/\/www.africa-press.net\/cameroun\/#website"},"primaryImageOfPage":{"@id":"https:\/\/www.africa-press.net\/cameroun\/toutes-les-actualites\/cameroun-obseques-en-images-lhommage-emouvant-des-populations-de-yaounde-a-gervais-mendo-ze#primaryimage"},"image":{"@id":"https:\/\/www.africa-press.net\/cameroun\/toutes-les-actualites\/cameroun-obseques-en-images-lhommage-emouvant-des-populations-de-yaounde-a-gervais-mendo-ze#primaryimage"},"thumbnailUrl":"https:\/\/static.africa-press.net\/cameroun\/sites\/57\/2021\/04\/img-608454d6c543b.jpg","datePublished":"2021-04-24T15:24:01+00:00","dateModified":"2021-04-26T02:03:23+00:00","author":{"@id":"https:\/\/www.africa-press.net\/cameroun\/#\/schema\/person\/2b1cf3cd81a31e3cd26889ca66d677f1"},"description":"Gervais Mendo Ze sera inhum\u00e9 ce samedi 24 avril 2021 dans son village natal, Otoakam, situ\u00e9 dans la ville de San ...","breadcrumb":{"@id":"https:\/\/www.africa-press.net\/cameroun\/toutes-les-actualites\/cameroun-obseques-en-images-lhommage-emouvant-des-populations-de-yaounde-a-gervais-mendo-ze#breadcrumb"},"inLanguage":"fr-FR","potentialAction":[{"@type":"ReadAction","target":["https:\/\/www.africa-press.net\/cameroun\/toutes-les-actualites\/cameroun-obseques-en-images-lhommage-emouvant-des-populations-de-yaounde-a-gervais-mendo-ze"]}]},{"@type":"ImageObject","inLanguage":"fr-FR","@id":"https:\/\/www.africa-press.net\/cameroun\/toutes-les-actualites\/cameroun-obseques-en-images-lhommage-emouvant-des-populations-de-yaounde-a-gervais-mendo-ze#primaryimage","url":"https:\/\/static.africa-press.net\/cameroun\/sites\/57\/2021\/04\/img-608454d6c543b.jpg","contentUrl":"https:\/\/static.africa-press.net\/cameroun\/sites\/57\/2021\/04\/img-608454d6c543b.jpg","width":800,"height":753,"caption":"Cameroun - Obs\u00e8ques: En images, l\u2019hommage \u00e9mouvant des populations de Yaound\u00e9 \u00e0 Gervais Mendo Ze"},{"@type":"BreadcrumbList","@id":"https:\/\/www.africa-press.net\/cameroun\/toutes-les-actualites\/cameroun-obseques-en-images-lhommage-emouvant-des-populations-de-yaounde-a-gervais-mendo-ze#breadcrumb","itemListElement":[{"@type":"ListItem","position":1,"name":"Accueil","item":"https:\/\/www.africa-press.net\/cameroun\/"},{"@type":"ListItem","position":2,"name":"Cameroun &#8211; Obs\u00e8ques: En images, l\u2019hommage \u00e9mouvant des populations de Yaound\u00e9 \u00e0 Gervais Mendo Ze"}]},{"@type":"WebSite","@id":"https:\/\/www.africa-press.net\/cameroun\/#website","url":"https:\/\/www.africa-press.net\/cameroun\/","name":"Cameroun","description":"Just another Africa News Agency Sites site","potentialAction":[{"@type":"SearchAction","target":{"@type":"EntryPoint","urlTemplate":"https:\/\/www.africa-press.net\/cameroun\/?s={search_term_string}"},"query-input":{"@type":"PropertyValueSpecification","valueRequired":true,"valueName":"search_term_string"}}],"inLanguage":"fr-FR"},{"@type":"Person","@id":"https:\/\/www.africa-press.net\/cameroun\/#\/schema\/person\/2b1cf3cd81a31e3cd26889ca66d677f1","name":"cfeditorfr"}]}},"_links":{"self":[{"href":"https:\/\/www.africa-press.net\/cameroun\/wp-json\/wp\/v2\/posts\/2404","targetHints":{"allow":["GET"]}}],"collection":[{"href":"https:\/\/www.africa-press.net\/cameroun\/wp-json\/wp\/v2\/posts"}],"about":[{"href":"https:\/\/www.africa-press.net\/cameroun\/wp-json\/wp\/v2\/types\/post"}],"author":[{"embeddable":true,"href":"https:\/\/www.africa-press.net\/cameroun\/wp-json\/wp\/v2\/users\/82"}],"replies":[{"embeddable":true,"href":"https:\/\/www.africa-press.net\/cameroun\/wp-json\/wp\/v2\/comments?post=2404"}],"version-history":[{"count":0,"href":"https:\/\/www.africa-press.net\/cameroun\/wp-json\/wp\/v2\/posts\/2404\/revisions"}],"wp:featuredmedia":[{"embeddable":true,"href":"https:\/\/www.africa-press.net\/cameroun\/wp-json\/wp\/v2\/media\/2403"}],"wp:attachment":[{"href":"https:\/\/www.africa-press.net\/cameroun\/wp-json\/wp\/v2\/media?parent=2404"}],"wp:term":[{"taxonomy":"category","embeddable":true,"href":"https:\/\/www.africa-press.net\/cameroun\/wp-json\/wp\/v2\/categories?post=2404"},{"taxonomy":"post_tag","embeddable":true,"href":"https:\/\/www.africa-press.net\/cameroun\/wp-json\/wp\/v2\/tags?post=2404"}],"curies":[{"name":"wp","href":"https:\/\/api.w.org\/{rel}","templated":true}]}}