{"id":24071,"date":"2022-07-23T13:01:35","date_gmt":"2022-07-23T13:01:35","guid":{"rendered":"https:\/\/www.africa-press.net\/cameroun\/politique\/visite-du-president-francais-des-acteurs-politiques-opposes-a-la-venue-demmanuel-macron"},"modified":"2022-07-23T15:46:02","modified_gmt":"2022-07-23T15:46:02","slug":"visite-du-president-francais-des-acteurs-politiques-opposes-a-la-venue-demmanuel-macron","status":"publish","type":"post","link":"https:\/\/www.africa-press.net\/cameroun\/politique\/visite-du-president-francais-des-acteurs-politiques-opposes-a-la-venue-demmanuel-macron","title":{"rendered":"Visite du pr\u00e9sident fran\u00e7ais:   Des acteurs politiques oppos\u00e9s \u00e0 la venue d\u2019Emmanuel Macron"},"content":{"rendered":"<p><span style=\"color: #ff6600\"><strong>Africa-Press &#8211; Cameroun. <\/strong><\/span>La prochaine visite du pr\u00e9sident fran\u00e7ais Emmanuel Macron au Cameroun n\u2019est pas toujours vue d\u2019un bon \u0153il. Des politiques ont entrepris de signifier au dirigeant hexagonal leur hostilit\u00e9. Serge Espoir Matomba, leader du parti d\u2019opposition Peuple Uni pour la R\u00e9novation Sociale (PURS) et le collectif \u00ab Meki M\u2019Afrika \u00bb constitu\u00e9 notamment d\u2019 Henriette Ekwe, Djeukam Tchameni, Anicet Ekane viennent de publier des textes qui sonnent comme un r\u00e9quisitoire contre la France.<\/p>\n<p>Dans sa \u00ab d\u00e9claration \u00bb Serge Espoir Matomba qui dit parler en son nom personnel et celui de son parti, clame son opposition au voyage du pr\u00e9sident Macron d\u00e8s le deuxi\u00e8me paragraphe de son texte. \u00ab Je suis fermement oppos\u00e9 \u00e0 cette visite annonc\u00e9e que je rejette cat\u00e9goriquement, visite dans laquelle le Cameroun ne trouve aucun int\u00e9r\u00eat d\u2019aucune sorte et qui s\u2019apparente davantage \u00e0 la recherche par M. Macron d\u2019un positionnement g\u00e9opolitique et \u00e9conomique au profit exclusif de la France en perte manifeste de vitesse \u00bb, \u00e9crit le jeune homme politique.<\/p>\n<p>Serge Espoir Matomba d\u00e9nonce \u00ab les d\u00e9clarations infantilisantes et m\u00e9prisantes du pr\u00e9sident fran\u00e7ais \u00e0 l\u2019endroit de notre pays et de nos institutions \u00bb. Il exige de Macron des excuses officielles pour cela \u00ab au cas o\u00f9 il persisterait \u00e0 venir au Cameroun o\u00f9 il n\u2019est pas le bienvenu\u00bb.<\/p>\n<p>La reconnaissance des crimes commis par la France au Cameroun pendant la colonisation et apr\u00e8s l\u2019ind\u00e9pendance, la restitution de tous les biens culturels \u00ab vol\u00e9s \u00bb par la France et ramen\u00e9s sur son territoire ainsi que la r\u00e9paration des \u00ab crimes et pr\u00e9judices \u00e9conomiques graves caus\u00e9s au Cameroun pendant la colonisation voire au-del\u00e0 \u00bb constituent les autres revendications du leader du PURS. Le contenu de la d\u00e9claration collectif \u00ab Meki M\u2019Afrika \u00bb est en grande partie similaire au sien.<\/p>\n<p><b>Le voici dans son int\u00e9gralit\u00e9<\/b><\/p>\n<p><b>D\u00c9CLARATION DU COLLECTIF MEKI M&rsquo;AFRIKA<\/b><\/p>\n<p>Kamerunaises, Kamerunais,<\/p>\n<p>Le 26 juillet 2022 Emmanuel MACRON, Pr\u00e9sident de la r\u00e9publique de France arrive en visite officielle.<\/p>\n<p>Que vient faire MACRON au Kamerun?<\/p>\n<p>Une visite officielle n&rsquo;a jamais chang\u00e9 l&rsquo;avenir d&rsquo;un pays.<\/p>\n<p>Surtout s&rsquo;il s&rsquo;agit de la visite d&rsquo;une puissance coloniale et n\u00e9o coloniale dans une ancienne colonie.<\/p>\n<p>Le Kamerun n&rsquo;est donc pas demandeur d&rsquo;une telle visite.<\/p>\n<p>En effet, MACRON vient pour s&rsquo;assurer que la vague de contestation anti-fran\u00e7aise est encore maitrisable au Kamerun.<\/p>\n<p>La France est pr\u00e9occup\u00e9e par la succession politique dans notre pays, qui doit<\/p>\n<p>d&rsquo;apr\u00e8s elle, rester sous son contr\u00f4le.<\/p>\n<p>Kamerunaises, Kamerunais, Chers compatriotes,<\/p>\n<p>L&rsquo;avenir de notre continent et sp\u00e9cialement de notre pays doit rester entre nos mains.<\/p>\n<p>LA FRANCE NE FAIT PAS PARTIE DE LA SOLUTION. ELLE EST LE PROBL\u00c8ME.<\/p>\n<p>Les relations entre le Kamerun et la France ne seront pas un long fleuve tranquille tant que le contentieux historique (dont la crise anglophone est une des cons\u00e9quences dramatiques) ne sera pas r\u00e9solu<\/p>\n<p>&#8211; les accords n\u00e9ocoloniaux entre la France et le Kamerun.<\/p>\n<p>&#8211; la fin de la tutelle malfaisante du Franc CFA.<\/p>\n<p>&#8211; la repentance et la r\u00e9paration des exactions de la France coloniale lors de la lutte pour la r\u00e9unification et l&rsquo;ind\u00e9pendance du Kamerun&#8230;<\/p>\n<p>La France a grand int\u00e9r\u00eat \u00e0 prendre en compte s\u00e9rieusement ces revendications fondamentales pour l&rsquo;avenir de nos relations.<\/p>\n<p>La vague du tsunami pour la fin de l&rsquo;h\u00e9g\u00e9monie fran\u00e7aise en Afrique est sur nos rivages.<\/p>\n<p>L&rsquo;union sacr\u00e9e pour la souverainet\u00e9 politique, \u00e9conomique, mon\u00e9taire, culturelle&#8230;etc est une n\u00e9cessit\u00e9 imp\u00e9rieuse du moment.<\/p>\n<p>Malgr\u00e9 nos divergences politiques, malgr\u00e9 nos ambitions l\u00e9gitimes, il ne faut laisser aucune place \u00e0 la compromission vis-\u00e0-vis de la France.<\/p>\n<p>Une large mobilisation d\u00e9termin\u00e9e des peuples africains nous lib\u00e9rera des chaines de la domination fran\u00e7aise.<\/p>\n<p>Seule la lutte paie.<\/p>\n<p>Yaound\u00e9, le 21 Juillet 2022<\/p>\n<p>*Henriette EKWE<\/p>\n<p>*DJEUKAM TCHAMENI<\/p>\n<p>* SIMO NDE<\/p>\n<p>*Hilaire HAMEKOUE<\/p>\n<p>*BONG Th\u00e9ophile<\/p>\n<p>*Parfait Patient NDOM<\/p>\n<p>*Anicet EKANE<\/p>\n<p>*Paul ELA<\/p>\n<p>*Valentin DONGMO Fils<\/p>\n<p><strong>Pour plus d&rsquo;informations et d&rsquo;analyses sur la <a href=\"https:\/\/www.africa-press.net\/cameroun\">Cameroun<\/a>, suivez <a href=\"https:\/\/www.africa-press.net\/\">Africa-Press<\/a><\/strong><\/p>\n","protected":false},"excerpt":{"rendered":"<p>Africa-Press &#8211; Cameroun. La prochaine visite du pr\u00e9sident fran\u00e7ais Emmanuel Macron au Cameroun n\u2019est pas toujours vue d\u2019un bon \u0153il. Des politiques ont entrepris de signifier au dirigeant hexagonal leur hostilit\u00e9. Serge Espoir Matomba, leader du parti d\u2019opposition Peuple Uni pour la R\u00e9novation Sociale (PURS) et le collectif \u00ab Meki M\u2019Afrika \u00bb constitu\u00e9 notamment d\u2019 [&hellip;]<\/p>\n","protected":false},"author":82,"featured_media":24070,"comment_status":"open","ping_status":"closed","sticky":false,"template":"","format":"standard","meta":{"footnotes":""},"categories":[11,2,10],"tags":[36,50,49],"class_list":["post-24071","post","type-post","status-publish","format-standard","has-post-thumbnail","hentry","category-homepage-french","category-politique","category-toutes-les-actualites","tag-africa-press","tag-africa-press-cameroun","tag-cameroun"],"yoast_head":"<!-- This site is optimized with the Yoast SEO Premium plugin v26.1 (Yoast SEO v27.0) - https:\/\/yoast.com\/product\/yoast-seo-premium-wordpress\/ -->\n<title>Visite du pr\u00e9sident fran\u00e7ais:  Des acteurs politiques oppos\u00e9s \u00e0 la venue d\u2019Emmanuel Macron - Cameroun<\/title>\n<meta name=\"description\" content=\"La prochaine visite du pr\u00e9sident fran\u00e7ais Emmanuel Macron au Cameroun n\u2019est pas toujours vue d\u2019un bon \u0153il. Des politique ...\" \/>\n<meta name=\"robots\" content=\"index, follow, max-snippet:-1, max-image-preview:large, max-video-preview:-1\" \/>\n<link rel=\"canonical\" href=\"https:\/\/www.africa-press.net\/cameroun\/politique\/visite-du-president-francais-des-acteurs-politiques-opposes-a-la-venue-demmanuel-macron\" \/>\n<meta property=\"og:locale\" content=\"fr_FR\" \/>\n<meta property=\"og:type\" content=\"article\" \/>\n<meta property=\"og:title\" content=\"Visite du pr\u00e9sident fran\u00e7ais:  Des acteurs politiques oppos\u00e9s \u00e0 la venue d\u2019Emmanuel Macron\" \/>\n<meta property=\"og:description\" content=\"La prochaine visite du pr\u00e9sident fran\u00e7ais Emmanuel Macron au Cameroun n\u2019est pas toujours vue d\u2019un bon \u0153il. Des politique ...\" \/>\n<meta property=\"og:url\" content=\"https:\/\/www.africa-press.net\/cameroun\/politique\/visite-du-president-francais-des-acteurs-politiques-opposes-a-la-venue-demmanuel-macron\" \/>\n<meta property=\"og:site_name\" content=\"Cameroun\" \/>\n<meta property=\"article:published_time\" content=\"2022-07-23T13:01:35+00:00\" \/>\n<meta property=\"article:modified_time\" content=\"2022-07-23T15:46:02+00:00\" \/>\n<meta property=\"og:image\" content=\"https:\/\/static.africa-press.net\/cameroun\/sites\/57\/2022\/07\/img-62dc17978b6ac.jpg\" \/>\n\t<meta property=\"og:image:width\" content=\"800\" \/>\n\t<meta property=\"og:image:height\" content=\"470\" \/>\n\t<meta property=\"og:image:type\" content=\"image\/jpeg\" \/>\n<meta name=\"author\" content=\"cfeditorfr\" \/>\n<meta name=\"twitter:card\" content=\"summary_large_image\" \/>\n<meta name=\"twitter:label1\" content=\"\u00c9crit par\" \/>\n\t<meta name=\"twitter:data1\" content=\"cfeditorfr\" \/>\n\t<meta name=\"twitter:label2\" content=\"Dur\u00e9e de lecture estim\u00e9e\" \/>\n\t<meta name=\"twitter:data2\" content=\"4 minutes\" \/>\n<script type=\"application\/ld+json\" class=\"yoast-schema-graph\">{\"@context\":\"https:\/\/schema.org\",\"@graph\":[{\"@type\":\"Article\",\"@id\":\"https:\/\/www.africa-press.net\/cameroun\/politique\/visite-du-president-francais-des-acteurs-politiques-opposes-a-la-venue-demmanuel-macron#article\",\"isPartOf\":{\"@id\":\"https:\/\/www.africa-press.net\/cameroun\/politique\/visite-du-president-francais-des-acteurs-politiques-opposes-a-la-venue-demmanuel-macron\"},\"author\":{\"name\":\"cfeditorfr\",\"@id\":\"https:\/\/www.africa-press.net\/cameroun\/#\/schema\/person\/2b1cf3cd81a31e3cd26889ca66d677f1\"},\"headline\":\"Visite du pr\u00e9sident fran\u00e7ais: Des acteurs politiques oppos\u00e9s \u00e0 la venue d\u2019Emmanuel Macron\",\"datePublished\":\"2022-07-23T13:01:35+00:00\",\"dateModified\":\"2022-07-23T15:46:02+00:00\",\"mainEntityOfPage\":{\"@id\":\"https:\/\/www.africa-press.net\/cameroun\/politique\/visite-du-president-francais-des-acteurs-politiques-opposes-a-la-venue-demmanuel-macron\"},\"wordCount\":709,\"commentCount\":0,\"image\":{\"@id\":\"https:\/\/www.africa-press.net\/cameroun\/politique\/visite-du-president-francais-des-acteurs-politiques-opposes-a-la-venue-demmanuel-macron#primaryimage\"},\"thumbnailUrl\":\"https:\/\/static.africa-press.net\/cameroun\/sites\/57\/2022\/07\/img-62dc17978b6ac.jpg\",\"keywords\":[\"Africa Press\",\"Africa Press-Cameroun\",\"Cameroun\"],\"articleSection\":[\"homepage-french\",\"Politique\",\"Toutes les actualit\u00e9s\"],\"inLanguage\":\"fr-FR\",\"potentialAction\":[{\"@type\":\"CommentAction\",\"name\":\"Comment\",\"target\":[\"https:\/\/www.africa-press.net\/cameroun\/politique\/visite-du-president-francais-des-acteurs-politiques-opposes-a-la-venue-demmanuel-macron#respond\"]}]},{\"@type\":\"WebPage\",\"@id\":\"https:\/\/www.africa-press.net\/cameroun\/politique\/visite-du-president-francais-des-acteurs-politiques-opposes-a-la-venue-demmanuel-macron\",\"url\":\"https:\/\/www.africa-press.net\/cameroun\/politique\/visite-du-president-francais-des-acteurs-politiques-opposes-a-la-venue-demmanuel-macron\",\"name\":\"Visite du pr\u00e9sident fran\u00e7ais: Des acteurs politiques oppos\u00e9s \u00e0 la venue d\u2019Emmanuel Macron - Cameroun\",\"isPartOf\":{\"@id\":\"https:\/\/www.africa-press.net\/cameroun\/#website\"},\"primaryImageOfPage\":{\"@id\":\"https:\/\/www.africa-press.net\/cameroun\/politique\/visite-du-president-francais-des-acteurs-politiques-opposes-a-la-venue-demmanuel-macron#primaryimage\"},\"image\":{\"@id\":\"https:\/\/www.africa-press.net\/cameroun\/politique\/visite-du-president-francais-des-acteurs-politiques-opposes-a-la-venue-demmanuel-macron#primaryimage\"},\"thumbnailUrl\":\"https:\/\/static.africa-press.net\/cameroun\/sites\/57\/2022\/07\/img-62dc17978b6ac.jpg\",\"datePublished\":\"2022-07-23T13:01:35+00:00\",\"dateModified\":\"2022-07-23T15:46:02+00:00\",\"author\":{\"@id\":\"https:\/\/www.africa-press.net\/cameroun\/#\/schema\/person\/2b1cf3cd81a31e3cd26889ca66d677f1\"},\"description\":\"La prochaine visite du pr\u00e9sident fran\u00e7ais Emmanuel Macron au Cameroun n\u2019est pas toujours vue d\u2019un bon \u0153il. Des politique ...\",\"breadcrumb\":{\"@id\":\"https:\/\/www.africa-press.net\/cameroun\/politique\/visite-du-president-francais-des-acteurs-politiques-opposes-a-la-venue-demmanuel-macron#breadcrumb\"},\"inLanguage\":\"fr-FR\",\"potentialAction\":[{\"@type\":\"ReadAction\",\"target\":[\"https:\/\/www.africa-press.net\/cameroun\/politique\/visite-du-president-francais-des-acteurs-politiques-opposes-a-la-venue-demmanuel-macron\"]}]},{\"@type\":\"ImageObject\",\"inLanguage\":\"fr-FR\",\"@id\":\"https:\/\/www.africa-press.net\/cameroun\/politique\/visite-du-president-francais-des-acteurs-politiques-opposes-a-la-venue-demmanuel-macron#primaryimage\",\"url\":\"https:\/\/static.africa-press.net\/cameroun\/sites\/57\/2022\/07\/img-62dc17978b6ac.jpg\",\"contentUrl\":\"https:\/\/static.africa-press.net\/cameroun\/sites\/57\/2022\/07\/img-62dc17978b6ac.jpg\",\"width\":800,\"height\":470,\"caption\":\"Visite du pr\u00e9sident fran\u00e7ais: Des acteurs politiques oppos\u00e9s \u00e0 la venue d\u2019Emmanuel Macron\"},{\"@type\":\"BreadcrumbList\",\"@id\":\"https:\/\/www.africa-press.net\/cameroun\/politique\/visite-du-president-francais-des-acteurs-politiques-opposes-a-la-venue-demmanuel-macron#breadcrumb\",\"itemListElement\":[{\"@type\":\"ListItem\",\"position\":1,\"name\":\"Accueil\",\"item\":\"https:\/\/www.africa-press.net\/cameroun\/\"},{\"@type\":\"ListItem\",\"position\":2,\"name\":\"Visite du pr\u00e9sident fran\u00e7ais: Des acteurs politiques oppos\u00e9s \u00e0 la venue d\u2019Emmanuel Macron\"}]},{\"@type\":\"WebSite\",\"@id\":\"https:\/\/www.africa-press.net\/cameroun\/#website\",\"url\":\"https:\/\/www.africa-press.net\/cameroun\/\",\"name\":\"Cameroun\",\"description\":\"Just another Africa News Agency Sites site\",\"potentialAction\":[{\"@type\":\"SearchAction\",\"target\":{\"@type\":\"EntryPoint\",\"urlTemplate\":\"https:\/\/www.africa-press.net\/cameroun\/?s={search_term_string}\"},\"query-input\":{\"@type\":\"PropertyValueSpecification\",\"valueRequired\":true,\"valueName\":\"search_term_string\"}}],\"inLanguage\":\"fr-FR\"},{\"@type\":\"Person\",\"@id\":\"https:\/\/www.africa-press.net\/cameroun\/#\/schema\/person\/2b1cf3cd81a31e3cd26889ca66d677f1\",\"name\":\"cfeditorfr\"}]}<\/script>\n<!-- \/ Yoast SEO Premium plugin. -->","yoast_head_json":{"title":"Visite du pr\u00e9sident fran\u00e7ais:  Des acteurs politiques oppos\u00e9s \u00e0 la venue d\u2019Emmanuel Macron - Cameroun","description":"La prochaine visite du pr\u00e9sident fran\u00e7ais Emmanuel Macron au Cameroun n\u2019est pas toujours vue d\u2019un bon \u0153il. Des politique ...","robots":{"index":"index","follow":"follow","max-snippet":"max-snippet:-1","max-image-preview":"max-image-preview:large","max-video-preview":"max-video-preview:-1"},"canonical":"https:\/\/www.africa-press.net\/cameroun\/politique\/visite-du-president-francais-des-acteurs-politiques-opposes-a-la-venue-demmanuel-macron","og_locale":"fr_FR","og_type":"article","og_title":"Visite du pr\u00e9sident fran\u00e7ais:  Des acteurs politiques oppos\u00e9s \u00e0 la venue d\u2019Emmanuel Macron","og_description":"La prochaine visite du pr\u00e9sident fran\u00e7ais Emmanuel Macron au Cameroun n\u2019est pas toujours vue d\u2019un bon \u0153il. Des politique ...","og_url":"https:\/\/www.africa-press.net\/cameroun\/politique\/visite-du-president-francais-des-acteurs-politiques-opposes-a-la-venue-demmanuel-macron","og_site_name":"Cameroun","article_published_time":"2022-07-23T13:01:35+00:00","article_modified_time":"2022-07-23T15:46:02+00:00","og_image":[{"width":800,"height":470,"url":"https:\/\/static.africa-press.net\/cameroun\/sites\/57\/2022\/07\/img-62dc17978b6ac.jpg","type":"image\/jpeg"}],"author":"cfeditorfr","twitter_card":"summary_large_image","twitter_misc":{"\u00c9crit par":"cfeditorfr","Dur\u00e9e de lecture estim\u00e9e":"4 minutes"},"schema":{"@context":"https:\/\/schema.org","@graph":[{"@type":"Article","@id":"https:\/\/www.africa-press.net\/cameroun\/politique\/visite-du-president-francais-des-acteurs-politiques-opposes-a-la-venue-demmanuel-macron#article","isPartOf":{"@id":"https:\/\/www.africa-press.net\/cameroun\/politique\/visite-du-president-francais-des-acteurs-politiques-opposes-a-la-venue-demmanuel-macron"},"author":{"name":"cfeditorfr","@id":"https:\/\/www.africa-press.net\/cameroun\/#\/schema\/person\/2b1cf3cd81a31e3cd26889ca66d677f1"},"headline":"Visite du pr\u00e9sident fran\u00e7ais: Des acteurs politiques oppos\u00e9s \u00e0 la venue d\u2019Emmanuel Macron","datePublished":"2022-07-23T13:01:35+00:00","dateModified":"2022-07-23T15:46:02+00:00","mainEntityOfPage":{"@id":"https:\/\/www.africa-press.net\/cameroun\/politique\/visite-du-president-francais-des-acteurs-politiques-opposes-a-la-venue-demmanuel-macron"},"wordCount":709,"commentCount":0,"image":{"@id":"https:\/\/www.africa-press.net\/cameroun\/politique\/visite-du-president-francais-des-acteurs-politiques-opposes-a-la-venue-demmanuel-macron#primaryimage"},"thumbnailUrl":"https:\/\/static.africa-press.net\/cameroun\/sites\/57\/2022\/07\/img-62dc17978b6ac.jpg","keywords":["Africa Press","Africa Press-Cameroun","Cameroun"],"articleSection":["homepage-french","Politique","Toutes les actualit\u00e9s"],"inLanguage":"fr-FR","potentialAction":[{"@type":"CommentAction","name":"Comment","target":["https:\/\/www.africa-press.net\/cameroun\/politique\/visite-du-president-francais-des-acteurs-politiques-opposes-a-la-venue-demmanuel-macron#respond"]}]},{"@type":"WebPage","@id":"https:\/\/www.africa-press.net\/cameroun\/politique\/visite-du-president-francais-des-acteurs-politiques-opposes-a-la-venue-demmanuel-macron","url":"https:\/\/www.africa-press.net\/cameroun\/politique\/visite-du-president-francais-des-acteurs-politiques-opposes-a-la-venue-demmanuel-macron","name":"Visite du pr\u00e9sident fran\u00e7ais: Des acteurs politiques oppos\u00e9s \u00e0 la venue d\u2019Emmanuel Macron - Cameroun","isPartOf":{"@id":"https:\/\/www.africa-press.net\/cameroun\/#website"},"primaryImageOfPage":{"@id":"https:\/\/www.africa-press.net\/cameroun\/politique\/visite-du-president-francais-des-acteurs-politiques-opposes-a-la-venue-demmanuel-macron#primaryimage"},"image":{"@id":"https:\/\/www.africa-press.net\/cameroun\/politique\/visite-du-president-francais-des-acteurs-politiques-opposes-a-la-venue-demmanuel-macron#primaryimage"},"thumbnailUrl":"https:\/\/static.africa-press.net\/cameroun\/sites\/57\/2022\/07\/img-62dc17978b6ac.jpg","datePublished":"2022-07-23T13:01:35+00:00","dateModified":"2022-07-23T15:46:02+00:00","author":{"@id":"https:\/\/www.africa-press.net\/cameroun\/#\/schema\/person\/2b1cf3cd81a31e3cd26889ca66d677f1"},"description":"La prochaine visite du pr\u00e9sident fran\u00e7ais Emmanuel Macron au Cameroun n\u2019est pas toujours vue d\u2019un bon \u0153il. Des politique ...","breadcrumb":{"@id":"https:\/\/www.africa-press.net\/cameroun\/politique\/visite-du-president-francais-des-acteurs-politiques-opposes-a-la-venue-demmanuel-macron#breadcrumb"},"inLanguage":"fr-FR","potentialAction":[{"@type":"ReadAction","target":["https:\/\/www.africa-press.net\/cameroun\/politique\/visite-du-president-francais-des-acteurs-politiques-opposes-a-la-venue-demmanuel-macron"]}]},{"@type":"ImageObject","inLanguage":"fr-FR","@id":"https:\/\/www.africa-press.net\/cameroun\/politique\/visite-du-president-francais-des-acteurs-politiques-opposes-a-la-venue-demmanuel-macron#primaryimage","url":"https:\/\/static.africa-press.net\/cameroun\/sites\/57\/2022\/07\/img-62dc17978b6ac.jpg","contentUrl":"https:\/\/static.africa-press.net\/cameroun\/sites\/57\/2022\/07\/img-62dc17978b6ac.jpg","width":800,"height":470,"caption":"Visite du pr\u00e9sident fran\u00e7ais: Des acteurs politiques oppos\u00e9s \u00e0 la venue d\u2019Emmanuel Macron"},{"@type":"BreadcrumbList","@id":"https:\/\/www.africa-press.net\/cameroun\/politique\/visite-du-president-francais-des-acteurs-politiques-opposes-a-la-venue-demmanuel-macron#breadcrumb","itemListElement":[{"@type":"ListItem","position":1,"name":"Accueil","item":"https:\/\/www.africa-press.net\/cameroun\/"},{"@type":"ListItem","position":2,"name":"Visite du pr\u00e9sident fran\u00e7ais: Des acteurs politiques oppos\u00e9s \u00e0 la venue d\u2019Emmanuel Macron"}]},{"@type":"WebSite","@id":"https:\/\/www.africa-press.net\/cameroun\/#website","url":"https:\/\/www.africa-press.net\/cameroun\/","name":"Cameroun","description":"Just another Africa News Agency Sites site","potentialAction":[{"@type":"SearchAction","target":{"@type":"EntryPoint","urlTemplate":"https:\/\/www.africa-press.net\/cameroun\/?s={search_term_string}"},"query-input":{"@type":"PropertyValueSpecification","valueRequired":true,"valueName":"search_term_string"}}],"inLanguage":"fr-FR"},{"@type":"Person","@id":"https:\/\/www.africa-press.net\/cameroun\/#\/schema\/person\/2b1cf3cd81a31e3cd26889ca66d677f1","name":"cfeditorfr"}]}},"_links":{"self":[{"href":"https:\/\/www.africa-press.net\/cameroun\/wp-json\/wp\/v2\/posts\/24071","targetHints":{"allow":["GET"]}}],"collection":[{"href":"https:\/\/www.africa-press.net\/cameroun\/wp-json\/wp\/v2\/posts"}],"about":[{"href":"https:\/\/www.africa-press.net\/cameroun\/wp-json\/wp\/v2\/types\/post"}],"author":[{"embeddable":true,"href":"https:\/\/www.africa-press.net\/cameroun\/wp-json\/wp\/v2\/users\/82"}],"replies":[{"embeddable":true,"href":"https:\/\/www.africa-press.net\/cameroun\/wp-json\/wp\/v2\/comments?post=24071"}],"version-history":[{"count":0,"href":"https:\/\/www.africa-press.net\/cameroun\/wp-json\/wp\/v2\/posts\/24071\/revisions"}],"wp:featuredmedia":[{"embeddable":true,"href":"https:\/\/www.africa-press.net\/cameroun\/wp-json\/wp\/v2\/media\/24070"}],"wp:attachment":[{"href":"https:\/\/www.africa-press.net\/cameroun\/wp-json\/wp\/v2\/media?parent=24071"}],"wp:term":[{"taxonomy":"category","embeddable":true,"href":"https:\/\/www.africa-press.net\/cameroun\/wp-json\/wp\/v2\/categories?post=24071"},{"taxonomy":"post_tag","embeddable":true,"href":"https:\/\/www.africa-press.net\/cameroun\/wp-json\/wp\/v2\/tags?post=24071"}],"curies":[{"name":"wp","href":"https:\/\/api.w.org\/{rel}","templated":true}]}}