{"id":24074,"date":"2022-07-23T13:10:23","date_gmt":"2022-07-23T13:10:23","guid":{"rendered":"https:\/\/www.africa-press.net\/cameroun\/politique\/visite-demmanuel-macron-les-militants-du-rdpc-contribuent-105-millions-de-fcfa-pour-laccueil-du-president-francais"},"modified":"2022-07-23T15:46:53","modified_gmt":"2022-07-23T15:46:53","slug":"visite-demmanuel-macron-les-militants-du-rdpc-contribuent-105-millions-de-fcfa-pour-laccueil-du-president-francais","status":"publish","type":"post","link":"https:\/\/www.africa-press.net\/cameroun\/politique\/visite-demmanuel-macron-les-militants-du-rdpc-contribuent-105-millions-de-fcfa-pour-laccueil-du-president-francais","title":{"rendered":"Visite d\u2019Emmanuel Macron: Les militants du RDPC contribuent 10,5 millions de FCFA pour l\u2019accueil du pr\u00e9sident fran\u00e7ais"},"content":{"rendered":"<p><span style=\"color: #ff6600\"><strong>Africa-Press &#8211; Cameroun. <\/strong><\/span>L\u2019arriv\u00e9e du pr\u00e9sident Fran\u00e7ais Emmanuel Macron, en visite officielle au Cameroun du 25 au 27 juillet 2022, est un \u00e9v\u00e9nement grandiose pour les militants du Rassemblement D\u00e9mocratique du Peuple Camerounais (RDPC). Un moment in\u00e9dit. Et \u00e0 circonstance particuli\u00e8re, dispositions particuli\u00e8res. Pour ce faire, les militants du parti au pouvoir, en l\u2019occurrence ceux des sept sections du Mfoundi, ont d\u00e9cid\u00e9 de lever des contributions financi\u00e8res pour r\u00e9server un accueil chaleureux au pr\u00e9sident fran\u00e7ais.<\/p>\n<p>L\u2019ensemble des sections, sous l\u2019\u00e9gide du tr\u00e9sorier g\u00e9n\u00e9ral, Gilbert Tsimi Evouna, pr\u00e9sident du Conseil r\u00e9gional du Centre, ont cotis\u00e9 la somme de 10,5 millions de FCFA, \u00e0 raison de 400 000 FCFA par section (Mfoundi I, II, III, IV, V, VI, VII). Le document consult\u00e9 par Cameroon-info.net pr\u00e9sente juste l\u2019\u00e9tat g\u00e9n\u00e9ral desdites contributions, et ne donne pas de d\u00e9tails sur l\u2019utilisation qui en sera faite.<\/p>\n<p>Cette enveloppe devrait vraisemblablement servir \u00e0 mobiliser les militants de la base, pour un accueil d\u2019Emmanuel Macron \u00e0 l\u2019a\u00e9roport international de Yaound\u00e9-Nsimalen, et \u00e0 tous les endroits o\u00f9 il s\u00e9journera jusqu\u2019\u00e0 son d\u00e9part le 27 juillet. Une partie est naturellement r\u00e9serv\u00e9e aux r\u00e9jouissances et agapes, comme il est de coutume dans le parti de Paul Biya.<\/p>\n<p>En dehors des politiciens, l\u2019\u00e9lite administrative s\u2019active \u00e9galement pour r\u00e9server un accueil chaleureux \u00e0 Macron. Le tr\u00e8s discret maire de la ville de Yaound\u00e9, Luc Messi Atangana, a commis un communiqu\u00e9 cette fin de semaine pour demander aux populations de se mobiliser le long de l\u2019itin\u00e9raire du cort\u00e8ge pr\u00e9sidentiel pour accueillir le pr\u00e9sident fran\u00e7ais, par des acclamations et des youyous.<\/p>\n<p><strong>Pour plus d&rsquo;informations et d&rsquo;analyses sur la <a href=\"https:\/\/www.africa-press.net\/cameroun\">Cameroun<\/a>, suivez <a href=\"https:\/\/www.africa-press.net\/\">Africa-Press<\/a><\/strong><\/p>\n","protected":false},"excerpt":{"rendered":"<p>Africa-Press &#8211; Cameroun. L\u2019arriv\u00e9e du pr\u00e9sident Fran\u00e7ais Emmanuel Macron, en visite officielle au Cameroun du 25 au 27 juillet 2022, est un \u00e9v\u00e9nement grandiose pour les militants du Rassemblement D\u00e9mocratique du Peuple Camerounais (RDPC). Un moment in\u00e9dit. Et \u00e0 circonstance particuli\u00e8re, dispositions particuli\u00e8res. Pour ce faire, les militants du parti au pouvoir, en l\u2019occurrence ceux [&hellip;]<\/p>\n","protected":false},"author":82,"featured_media":24073,"comment_status":"open","ping_status":"closed","sticky":false,"template":"","format":"standard","meta":{"footnotes":""},"categories":[11,2,20,10],"tags":[36,50,49],"class_list":["post-24074","post","type-post","status-publish","format-standard","has-post-thumbnail","hentry","category-homepage-french","category-politique","category-top-nouvelles","category-toutes-les-actualites","tag-africa-press","tag-africa-press-cameroun","tag-cameroun"],"yoast_head":"<!-- This site is optimized with the Yoast SEO Premium plugin v26.1 (Yoast SEO v27.0) - https:\/\/yoast.com\/product\/yoast-seo-premium-wordpress\/ -->\n<title>Visite d\u2019Emmanuel Macron: Les militants du RDPC contribuent 10,5 millions de FCFA pour l\u2019accueil du pr\u00e9sident fran\u00e7ais - Cameroun<\/title>\n<meta name=\"description\" content=\"L\u2019arriv\u00e9e du pr\u00e9sident Fran\u00e7ais Emmanuel Macron, en visite officielle au Cameroun du 25 au 27 juillet 2022, est un \u00e9v\u00e9ne ...\" \/>\n<meta name=\"robots\" content=\"index, follow, max-snippet:-1, max-image-preview:large, max-video-preview:-1\" \/>\n<link rel=\"canonical\" href=\"https:\/\/www.africa-press.net\/cameroun\/politique\/visite-demmanuel-macron-les-militants-du-rdpc-contribuent-105-millions-de-fcfa-pour-laccueil-du-president-francais\" \/>\n<meta property=\"og:locale\" content=\"fr_FR\" \/>\n<meta property=\"og:type\" content=\"article\" \/>\n<meta property=\"og:title\" content=\"Visite d\u2019Emmanuel Macron: Les militants du RDPC contribuent 10,5 millions de FCFA pour l\u2019accueil du pr\u00e9sident fran\u00e7ais\" \/>\n<meta property=\"og:description\" content=\"L\u2019arriv\u00e9e du pr\u00e9sident Fran\u00e7ais Emmanuel Macron, en visite officielle au Cameroun du 25 au 27 juillet 2022, est un \u00e9v\u00e9ne ...\" \/>\n<meta property=\"og:url\" content=\"https:\/\/www.africa-press.net\/cameroun\/politique\/visite-demmanuel-macron-les-militants-du-rdpc-contribuent-105-millions-de-fcfa-pour-laccueil-du-president-francais\" \/>\n<meta property=\"og:site_name\" content=\"Cameroun\" \/>\n<meta property=\"article:published_time\" content=\"2022-07-23T13:10:23+00:00\" \/>\n<meta property=\"article:modified_time\" content=\"2022-07-23T15:46:53+00:00\" \/>\n<meta property=\"og:image\" content=\"https:\/\/static.africa-press.net\/cameroun\/sites\/57\/2022\/07\/img-62dc17c5d4155.jpg\" \/>\n\t<meta property=\"og:image:width\" content=\"800\" \/>\n\t<meta property=\"og:image:height\" content=\"533\" \/>\n\t<meta property=\"og:image:type\" content=\"image\/jpeg\" \/>\n<meta name=\"author\" content=\"cfeditorfr\" \/>\n<meta name=\"twitter:card\" content=\"summary_large_image\" \/>\n<meta name=\"twitter:label1\" content=\"\u00c9crit par\" \/>\n\t<meta name=\"twitter:data1\" content=\"cfeditorfr\" \/>\n\t<meta name=\"twitter:label2\" content=\"Dur\u00e9e de lecture estim\u00e9e\" \/>\n\t<meta name=\"twitter:data2\" content=\"2 minutes\" \/>\n<script type=\"application\/ld+json\" class=\"yoast-schema-graph\">{\"@context\":\"https:\/\/schema.org\",\"@graph\":[{\"@type\":\"Article\",\"@id\":\"https:\/\/www.africa-press.net\/cameroun\/politique\/visite-demmanuel-macron-les-militants-du-rdpc-contribuent-105-millions-de-fcfa-pour-laccueil-du-president-francais#article\",\"isPartOf\":{\"@id\":\"https:\/\/www.africa-press.net\/cameroun\/politique\/visite-demmanuel-macron-les-militants-du-rdpc-contribuent-105-millions-de-fcfa-pour-laccueil-du-president-francais\"},\"author\":{\"name\":\"cfeditorfr\",\"@id\":\"https:\/\/www.africa-press.net\/cameroun\/#\/schema\/person\/2b1cf3cd81a31e3cd26889ca66d677f1\"},\"headline\":\"Visite d\u2019Emmanuel Macron: Les militants du RDPC contribuent 10,5 millions de FCFA pour l\u2019accueil du pr\u00e9sident fran\u00e7ais\",\"datePublished\":\"2022-07-23T13:10:23+00:00\",\"dateModified\":\"2022-07-23T15:46:53+00:00\",\"mainEntityOfPage\":{\"@id\":\"https:\/\/www.africa-press.net\/cameroun\/politique\/visite-demmanuel-macron-les-militants-du-rdpc-contribuent-105-millions-de-fcfa-pour-laccueil-du-president-francais\"},\"wordCount\":323,\"commentCount\":0,\"image\":{\"@id\":\"https:\/\/www.africa-press.net\/cameroun\/politique\/visite-demmanuel-macron-les-militants-du-rdpc-contribuent-105-millions-de-fcfa-pour-laccueil-du-president-francais#primaryimage\"},\"thumbnailUrl\":\"https:\/\/static.africa-press.net\/cameroun\/sites\/57\/2022\/07\/img-62dc17c5d4155.jpg\",\"keywords\":[\"Africa Press\",\"Africa Press-Cameroun\",\"Cameroun\"],\"articleSection\":[\"homepage-french\",\"Politique\",\"Top Nouvelles\",\"Toutes les actualit\u00e9s\"],\"inLanguage\":\"fr-FR\",\"potentialAction\":[{\"@type\":\"CommentAction\",\"name\":\"Comment\",\"target\":[\"https:\/\/www.africa-press.net\/cameroun\/politique\/visite-demmanuel-macron-les-militants-du-rdpc-contribuent-105-millions-de-fcfa-pour-laccueil-du-president-francais#respond\"]}]},{\"@type\":\"WebPage\",\"@id\":\"https:\/\/www.africa-press.net\/cameroun\/politique\/visite-demmanuel-macron-les-militants-du-rdpc-contribuent-105-millions-de-fcfa-pour-laccueil-du-president-francais\",\"url\":\"https:\/\/www.africa-press.net\/cameroun\/politique\/visite-demmanuel-macron-les-militants-du-rdpc-contribuent-105-millions-de-fcfa-pour-laccueil-du-president-francais\",\"name\":\"Visite d\u2019Emmanuel Macron: Les militants du RDPC contribuent 10,5 millions de FCFA pour l\u2019accueil du pr\u00e9sident fran\u00e7ais - Cameroun\",\"isPartOf\":{\"@id\":\"https:\/\/www.africa-press.net\/cameroun\/#website\"},\"primaryImageOfPage\":{\"@id\":\"https:\/\/www.africa-press.net\/cameroun\/politique\/visite-demmanuel-macron-les-militants-du-rdpc-contribuent-105-millions-de-fcfa-pour-laccueil-du-president-francais#primaryimage\"},\"image\":{\"@id\":\"https:\/\/www.africa-press.net\/cameroun\/politique\/visite-demmanuel-macron-les-militants-du-rdpc-contribuent-105-millions-de-fcfa-pour-laccueil-du-president-francais#primaryimage\"},\"thumbnailUrl\":\"https:\/\/static.africa-press.net\/cameroun\/sites\/57\/2022\/07\/img-62dc17c5d4155.jpg\",\"datePublished\":\"2022-07-23T13:10:23+00:00\",\"dateModified\":\"2022-07-23T15:46:53+00:00\",\"author\":{\"@id\":\"https:\/\/www.africa-press.net\/cameroun\/#\/schema\/person\/2b1cf3cd81a31e3cd26889ca66d677f1\"},\"description\":\"L\u2019arriv\u00e9e du pr\u00e9sident Fran\u00e7ais Emmanuel Macron, en visite officielle au Cameroun du 25 au 27 juillet 2022, est un \u00e9v\u00e9ne ...\",\"breadcrumb\":{\"@id\":\"https:\/\/www.africa-press.net\/cameroun\/politique\/visite-demmanuel-macron-les-militants-du-rdpc-contribuent-105-millions-de-fcfa-pour-laccueil-du-president-francais#breadcrumb\"},\"inLanguage\":\"fr-FR\",\"potentialAction\":[{\"@type\":\"ReadAction\",\"target\":[\"https:\/\/www.africa-press.net\/cameroun\/politique\/visite-demmanuel-macron-les-militants-du-rdpc-contribuent-105-millions-de-fcfa-pour-laccueil-du-president-francais\"]}]},{\"@type\":\"ImageObject\",\"inLanguage\":\"fr-FR\",\"@id\":\"https:\/\/www.africa-press.net\/cameroun\/politique\/visite-demmanuel-macron-les-militants-du-rdpc-contribuent-105-millions-de-fcfa-pour-laccueil-du-president-francais#primaryimage\",\"url\":\"https:\/\/static.africa-press.net\/cameroun\/sites\/57\/2022\/07\/img-62dc17c5d4155.jpg\",\"contentUrl\":\"https:\/\/static.africa-press.net\/cameroun\/sites\/57\/2022\/07\/img-62dc17c5d4155.jpg\",\"width\":800,\"height\":533,\"caption\":\"Visite d\u2019Emmanuel Macron: Les militants du RDPC contribuent 10,5 millions de FCFA pour l\u2019accueil du pr\u00e9sident fran\u00e7ais\"},{\"@type\":\"BreadcrumbList\",\"@id\":\"https:\/\/www.africa-press.net\/cameroun\/politique\/visite-demmanuel-macron-les-militants-du-rdpc-contribuent-105-millions-de-fcfa-pour-laccueil-du-president-francais#breadcrumb\",\"itemListElement\":[{\"@type\":\"ListItem\",\"position\":1,\"name\":\"Accueil\",\"item\":\"https:\/\/www.africa-press.net\/cameroun\/\"},{\"@type\":\"ListItem\",\"position\":2,\"name\":\"Visite d\u2019Emmanuel Macron: Les militants du RDPC contribuent 10,5 millions de FCFA pour l\u2019accueil du pr\u00e9sident fran\u00e7ais\"}]},{\"@type\":\"WebSite\",\"@id\":\"https:\/\/www.africa-press.net\/cameroun\/#website\",\"url\":\"https:\/\/www.africa-press.net\/cameroun\/\",\"name\":\"Cameroun\",\"description\":\"Just another Africa News Agency Sites site\",\"potentialAction\":[{\"@type\":\"SearchAction\",\"target\":{\"@type\":\"EntryPoint\",\"urlTemplate\":\"https:\/\/www.africa-press.net\/cameroun\/?s={search_term_string}\"},\"query-input\":{\"@type\":\"PropertyValueSpecification\",\"valueRequired\":true,\"valueName\":\"search_term_string\"}}],\"inLanguage\":\"fr-FR\"},{\"@type\":\"Person\",\"@id\":\"https:\/\/www.africa-press.net\/cameroun\/#\/schema\/person\/2b1cf3cd81a31e3cd26889ca66d677f1\",\"name\":\"cfeditorfr\"}]}<\/script>\n<!-- \/ Yoast SEO Premium plugin. -->","yoast_head_json":{"title":"Visite d\u2019Emmanuel Macron: Les militants du RDPC contribuent 10,5 millions de FCFA pour l\u2019accueil du pr\u00e9sident fran\u00e7ais - Cameroun","description":"L\u2019arriv\u00e9e du pr\u00e9sident Fran\u00e7ais Emmanuel Macron, en visite officielle au Cameroun du 25 au 27 juillet 2022, est un \u00e9v\u00e9ne ...","robots":{"index":"index","follow":"follow","max-snippet":"max-snippet:-1","max-image-preview":"max-image-preview:large","max-video-preview":"max-video-preview:-1"},"canonical":"https:\/\/www.africa-press.net\/cameroun\/politique\/visite-demmanuel-macron-les-militants-du-rdpc-contribuent-105-millions-de-fcfa-pour-laccueil-du-president-francais","og_locale":"fr_FR","og_type":"article","og_title":"Visite d\u2019Emmanuel Macron: Les militants du RDPC contribuent 10,5 millions de FCFA pour l\u2019accueil du pr\u00e9sident fran\u00e7ais","og_description":"L\u2019arriv\u00e9e du pr\u00e9sident Fran\u00e7ais Emmanuel Macron, en visite officielle au Cameroun du 25 au 27 juillet 2022, est un \u00e9v\u00e9ne ...","og_url":"https:\/\/www.africa-press.net\/cameroun\/politique\/visite-demmanuel-macron-les-militants-du-rdpc-contribuent-105-millions-de-fcfa-pour-laccueil-du-president-francais","og_site_name":"Cameroun","article_published_time":"2022-07-23T13:10:23+00:00","article_modified_time":"2022-07-23T15:46:53+00:00","og_image":[{"width":800,"height":533,"url":"https:\/\/static.africa-press.net\/cameroun\/sites\/57\/2022\/07\/img-62dc17c5d4155.jpg","type":"image\/jpeg"}],"author":"cfeditorfr","twitter_card":"summary_large_image","twitter_misc":{"\u00c9crit par":"cfeditorfr","Dur\u00e9e de lecture estim\u00e9e":"2 minutes"},"schema":{"@context":"https:\/\/schema.org","@graph":[{"@type":"Article","@id":"https:\/\/www.africa-press.net\/cameroun\/politique\/visite-demmanuel-macron-les-militants-du-rdpc-contribuent-105-millions-de-fcfa-pour-laccueil-du-president-francais#article","isPartOf":{"@id":"https:\/\/www.africa-press.net\/cameroun\/politique\/visite-demmanuel-macron-les-militants-du-rdpc-contribuent-105-millions-de-fcfa-pour-laccueil-du-president-francais"},"author":{"name":"cfeditorfr","@id":"https:\/\/www.africa-press.net\/cameroun\/#\/schema\/person\/2b1cf3cd81a31e3cd26889ca66d677f1"},"headline":"Visite d\u2019Emmanuel Macron: Les militants du RDPC contribuent 10,5 millions de FCFA pour l\u2019accueil du pr\u00e9sident fran\u00e7ais","datePublished":"2022-07-23T13:10:23+00:00","dateModified":"2022-07-23T15:46:53+00:00","mainEntityOfPage":{"@id":"https:\/\/www.africa-press.net\/cameroun\/politique\/visite-demmanuel-macron-les-militants-du-rdpc-contribuent-105-millions-de-fcfa-pour-laccueil-du-president-francais"},"wordCount":323,"commentCount":0,"image":{"@id":"https:\/\/www.africa-press.net\/cameroun\/politique\/visite-demmanuel-macron-les-militants-du-rdpc-contribuent-105-millions-de-fcfa-pour-laccueil-du-president-francais#primaryimage"},"thumbnailUrl":"https:\/\/static.africa-press.net\/cameroun\/sites\/57\/2022\/07\/img-62dc17c5d4155.jpg","keywords":["Africa Press","Africa Press-Cameroun","Cameroun"],"articleSection":["homepage-french","Politique","Top Nouvelles","Toutes les actualit\u00e9s"],"inLanguage":"fr-FR","potentialAction":[{"@type":"CommentAction","name":"Comment","target":["https:\/\/www.africa-press.net\/cameroun\/politique\/visite-demmanuel-macron-les-militants-du-rdpc-contribuent-105-millions-de-fcfa-pour-laccueil-du-president-francais#respond"]}]},{"@type":"WebPage","@id":"https:\/\/www.africa-press.net\/cameroun\/politique\/visite-demmanuel-macron-les-militants-du-rdpc-contribuent-105-millions-de-fcfa-pour-laccueil-du-president-francais","url":"https:\/\/www.africa-press.net\/cameroun\/politique\/visite-demmanuel-macron-les-militants-du-rdpc-contribuent-105-millions-de-fcfa-pour-laccueil-du-president-francais","name":"Visite d\u2019Emmanuel Macron: Les militants du RDPC contribuent 10,5 millions de FCFA pour l\u2019accueil du pr\u00e9sident fran\u00e7ais - Cameroun","isPartOf":{"@id":"https:\/\/www.africa-press.net\/cameroun\/#website"},"primaryImageOfPage":{"@id":"https:\/\/www.africa-press.net\/cameroun\/politique\/visite-demmanuel-macron-les-militants-du-rdpc-contribuent-105-millions-de-fcfa-pour-laccueil-du-president-francais#primaryimage"},"image":{"@id":"https:\/\/www.africa-press.net\/cameroun\/politique\/visite-demmanuel-macron-les-militants-du-rdpc-contribuent-105-millions-de-fcfa-pour-laccueil-du-president-francais#primaryimage"},"thumbnailUrl":"https:\/\/static.africa-press.net\/cameroun\/sites\/57\/2022\/07\/img-62dc17c5d4155.jpg","datePublished":"2022-07-23T13:10:23+00:00","dateModified":"2022-07-23T15:46:53+00:00","author":{"@id":"https:\/\/www.africa-press.net\/cameroun\/#\/schema\/person\/2b1cf3cd81a31e3cd26889ca66d677f1"},"description":"L\u2019arriv\u00e9e du pr\u00e9sident Fran\u00e7ais Emmanuel Macron, en visite officielle au Cameroun du 25 au 27 juillet 2022, est un \u00e9v\u00e9ne ...","breadcrumb":{"@id":"https:\/\/www.africa-press.net\/cameroun\/politique\/visite-demmanuel-macron-les-militants-du-rdpc-contribuent-105-millions-de-fcfa-pour-laccueil-du-president-francais#breadcrumb"},"inLanguage":"fr-FR","potentialAction":[{"@type":"ReadAction","target":["https:\/\/www.africa-press.net\/cameroun\/politique\/visite-demmanuel-macron-les-militants-du-rdpc-contribuent-105-millions-de-fcfa-pour-laccueil-du-president-francais"]}]},{"@type":"ImageObject","inLanguage":"fr-FR","@id":"https:\/\/www.africa-press.net\/cameroun\/politique\/visite-demmanuel-macron-les-militants-du-rdpc-contribuent-105-millions-de-fcfa-pour-laccueil-du-president-francais#primaryimage","url":"https:\/\/static.africa-press.net\/cameroun\/sites\/57\/2022\/07\/img-62dc17c5d4155.jpg","contentUrl":"https:\/\/static.africa-press.net\/cameroun\/sites\/57\/2022\/07\/img-62dc17c5d4155.jpg","width":800,"height":533,"caption":"Visite d\u2019Emmanuel Macron: Les militants du RDPC contribuent 10,5 millions de FCFA pour l\u2019accueil du pr\u00e9sident fran\u00e7ais"},{"@type":"BreadcrumbList","@id":"https:\/\/www.africa-press.net\/cameroun\/politique\/visite-demmanuel-macron-les-militants-du-rdpc-contribuent-105-millions-de-fcfa-pour-laccueil-du-president-francais#breadcrumb","itemListElement":[{"@type":"ListItem","position":1,"name":"Accueil","item":"https:\/\/www.africa-press.net\/cameroun\/"},{"@type":"ListItem","position":2,"name":"Visite d\u2019Emmanuel Macron: Les militants du RDPC contribuent 10,5 millions de FCFA pour l\u2019accueil du pr\u00e9sident fran\u00e7ais"}]},{"@type":"WebSite","@id":"https:\/\/www.africa-press.net\/cameroun\/#website","url":"https:\/\/www.africa-press.net\/cameroun\/","name":"Cameroun","description":"Just another Africa News Agency Sites site","potentialAction":[{"@type":"SearchAction","target":{"@type":"EntryPoint","urlTemplate":"https:\/\/www.africa-press.net\/cameroun\/?s={search_term_string}"},"query-input":{"@type":"PropertyValueSpecification","valueRequired":true,"valueName":"search_term_string"}}],"inLanguage":"fr-FR"},{"@type":"Person","@id":"https:\/\/www.africa-press.net\/cameroun\/#\/schema\/person\/2b1cf3cd81a31e3cd26889ca66d677f1","name":"cfeditorfr"}]}},"_links":{"self":[{"href":"https:\/\/www.africa-press.net\/cameroun\/wp-json\/wp\/v2\/posts\/24074","targetHints":{"allow":["GET"]}}],"collection":[{"href":"https:\/\/www.africa-press.net\/cameroun\/wp-json\/wp\/v2\/posts"}],"about":[{"href":"https:\/\/www.africa-press.net\/cameroun\/wp-json\/wp\/v2\/types\/post"}],"author":[{"embeddable":true,"href":"https:\/\/www.africa-press.net\/cameroun\/wp-json\/wp\/v2\/users\/82"}],"replies":[{"embeddable":true,"href":"https:\/\/www.africa-press.net\/cameroun\/wp-json\/wp\/v2\/comments?post=24074"}],"version-history":[{"count":0,"href":"https:\/\/www.africa-press.net\/cameroun\/wp-json\/wp\/v2\/posts\/24074\/revisions"}],"wp:featuredmedia":[{"embeddable":true,"href":"https:\/\/www.africa-press.net\/cameroun\/wp-json\/wp\/v2\/media\/24073"}],"wp:attachment":[{"href":"https:\/\/www.africa-press.net\/cameroun\/wp-json\/wp\/v2\/media?parent=24074"}],"wp:term":[{"taxonomy":"category","embeddable":true,"href":"https:\/\/www.africa-press.net\/cameroun\/wp-json\/wp\/v2\/categories?post=24074"},{"taxonomy":"post_tag","embeddable":true,"href":"https:\/\/www.africa-press.net\/cameroun\/wp-json\/wp\/v2\/tags?post=24074"}],"curies":[{"name":"wp","href":"https:\/\/api.w.org\/{rel}","templated":true}]}}