{"id":24080,"date":"2022-07-23T13:26:55","date_gmt":"2022-07-23T13:26:55","guid":{"rendered":"https:\/\/www.africa-press.net\/cameroun\/politique\/diplomatie-cabral-libii-president-du-pcrn-arretons-les-enfantillages-devant-macron"},"modified":"2022-07-23T15:48:21","modified_gmt":"2022-07-23T15:48:21","slug":"diplomatie-cabral-libii-president-du-pcrn-arretons-les-enfantillages-devant-macron","status":"publish","type":"post","link":"https:\/\/www.africa-press.net\/cameroun\/politique\/diplomatie-cabral-libii-president-du-pcrn-arretons-les-enfantillages-devant-macron","title":{"rendered":"Diplomatie\/Cabral Libii (pr\u00e9sident du PCRN): \u00abArr\u00eatons les enfantillages devant Macron\u00bb"},"content":{"rendered":"<p><span style=\"color: #ff6600\"><strong>Africa-Press &#8211; Cameroun. <\/strong><\/span>Apr\u00e8s les obs\u00e8ques de son g\u00e9niteur le week-end, le pr\u00e9sident du Parti Camerounais pour la R\u00e9conciliation Nationale (PCRN), Cabral Libii, est de retour dans le d\u00e9bat public. Il ne s&rsquo;est pas gard\u00e9 de r\u00e9agir \u00e0 l&rsquo;actualit\u00e9 br\u00fblante autour de la visite du pr\u00e9sident fran\u00e7ais Emmanuel Macron au Cameroun, du 25 au 27 juillet 2022. Cabral Libii d\u00e9plore les flonflons organis\u00e9s autour de cette visite, avec notamment certains politiciens et acteurs de la soci\u00e9t\u00e9 civile qui rivalisent d&rsquo;arguments pour tenter d&rsquo;imploser un agenda au chef de l&rsquo;\u00c9tat fran\u00e7ais.<\/p>\n<p>\u00ab\u00a0Arr\u00eatons avec des suppliques et des chapelets de dol\u00e9ances \u00e0 l&rsquo;adresse du Chef d&rsquo;Etat fran\u00e7ais. Cela rend le Cameroun m\u00e9prisable aux yeux du monde et conforte l&rsquo;impuissance apprise. Emmanuel MACRON vient d\u00e9fendre les int\u00e9r\u00eats fran\u00e7ais \u00e0 l&rsquo;invitation du Pr\u00e9sident camerounais, il ne porte pas un confessionnal!\u00a0\u00bb, a exprim\u00e9 Cabral Libii dans un message publi\u00e9 vendredi soir sur son compte Facebook.<\/p>\n<p>Il regrette cependant que durant son s\u00e9jour, Macron n&rsquo;ait pas pr\u00e9vu une rencontre avec les leaders de l\u2019opposition camerounaise, ce qui leur aurait sans doute permis d\u2019\u00e9changer sur la r\u00e9forme du code \u00e9lectoral. \u00ab Les propositions de l&rsquo;opposition en mati\u00e8re \u00e9lectorale sont rest\u00e9es lettre-morte et le tissu productif demeure globalement m\u00e9diocre. Il n&rsquo;a donc pas grand-chose \u00e0 vendre, si ce n&rsquo;est une vieille recette d&rsquo;adoubement \u00bb, argumente-t-il.<\/p>\n<p>Voici le message de Cabral Libii :<\/p>\n<p><b>Arr\u00eatons les enfantillages devant MACRON!<\/b><\/p>\n<p>Arr\u00eatons avec des suppliques et des chapelets de dol\u00e9ances \u00e0 l&rsquo;adresse du Chef d&rsquo;Etat fran\u00e7ais. Cela rend le Cameroun m\u00e9prisable aux yeux du monde et conforte l&rsquo;impuissance apprise. Emmanuel MACRON vient d\u00e9fendre les int\u00e9r\u00eats fran\u00e7ais \u00e0 l&rsquo;invitation du Pr\u00e9sident camerounais, il ne porte pas un confessionnal!<\/p>\n<p>La France est une grande puissance avec laquelle nous devons strictement discuter des int\u00e9r\u00eats \u00e9tatiques mutuels sous le prisme rigoureux du paradigme gagnant-gagnant. Esp\u00e9rons que c&rsquo;est dans cette perspective que l&rsquo;invitation a \u00e9t\u00e9 adress\u00e9e par le Cameroun.<\/p>\n<p>Sur le principe le Pr\u00e9sident Paul Biya devrait porter la voix de l&rsquo;attractivit\u00e9 du Cameroun sur les aspects d\u00e9mocratiques et commerciaux. H\u00e9las, les propositions de l&rsquo;opposition en mati\u00e8re \u00e9lectorale sont rest\u00e9es lettre-morte et le tissu productif demeure globalement m\u00e9diocre. Il n&rsquo;a donc pas grand-chose \u00e0 vendre, si ce n&rsquo;est une vieille recette d&rsquo;adoubement&#8230;<\/p>\n<p>Il ne reste plus qu&rsquo;\u00e0 esp\u00e9rer que Paul Biya \u00e9voque, pour faire \u0153uvre utile pour les camerounais qu&rsquo;il repr\u00e9sente, au moins les r\u00e9formes mon\u00e9taires&#8230;<\/p>\n<p>CL<\/p>\n<p><strong>Pour plus d&rsquo;informations et d&rsquo;analyses sur la <a href=\"https:\/\/www.africa-press.net\/cameroun\">Cameroun<\/a>, suivez <a href=\"https:\/\/www.africa-press.net\/\">Africa-Press<\/a><\/strong><\/p>\n","protected":false},"excerpt":{"rendered":"<p>Africa-Press &#8211; Cameroun. Apr\u00e8s les obs\u00e8ques de son g\u00e9niteur le week-end, le pr\u00e9sident du Parti Camerounais pour la R\u00e9conciliation Nationale (PCRN), Cabral Libii, est de retour dans le d\u00e9bat public. Il ne s&rsquo;est pas gard\u00e9 de r\u00e9agir \u00e0 l&rsquo;actualit\u00e9 br\u00fblante autour de la visite du pr\u00e9sident fran\u00e7ais Emmanuel Macron au Cameroun, du 25 au 27 [&hellip;]<\/p>\n","protected":false},"author":82,"featured_media":24079,"comment_status":"open","ping_status":"closed","sticky":false,"template":"","format":"standard","meta":{"footnotes":""},"categories":[11,2,10],"tags":[36,50,49],"class_list":["post-24080","post","type-post","status-publish","format-standard","has-post-thumbnail","hentry","category-homepage-french","category-politique","category-toutes-les-actualites","tag-africa-press","tag-africa-press-cameroun","tag-cameroun"],"yoast_head":"<!-- This site is optimized with the Yoast SEO Premium plugin v26.1 (Yoast SEO v27.0) - https:\/\/yoast.com\/product\/yoast-seo-premium-wordpress\/ -->\n<title>Diplomatie\/Cabral Libii (pr\u00e9sident du PCRN): \u00abArr\u00eatons les enfantillages devant Macron\u00bb - Cameroun<\/title>\n<meta name=\"description\" content=\"Apr\u00e8s les obs\u00e8ques de son g\u00e9niteur le week-end, le pr\u00e9sident du Parti Camerounais pour la R\u00e9conciliation Nationale (PCRN ...\" \/>\n<meta name=\"robots\" content=\"index, follow, max-snippet:-1, max-image-preview:large, max-video-preview:-1\" \/>\n<link rel=\"canonical\" href=\"https:\/\/www.africa-press.net\/cameroun\/politique\/diplomatie-cabral-libii-president-du-pcrn-arretons-les-enfantillages-devant-macron\" \/>\n<meta property=\"og:locale\" content=\"fr_FR\" \/>\n<meta property=\"og:type\" content=\"article\" \/>\n<meta property=\"og:title\" content=\"Diplomatie\/Cabral Libii (pr\u00e9sident du PCRN): \u00abArr\u00eatons les enfantillages devant Macron\u00bb\" \/>\n<meta property=\"og:description\" content=\"Apr\u00e8s les obs\u00e8ques de son g\u00e9niteur le week-end, le pr\u00e9sident du Parti Camerounais pour la R\u00e9conciliation Nationale (PCRN ...\" \/>\n<meta property=\"og:url\" content=\"https:\/\/www.africa-press.net\/cameroun\/politique\/diplomatie-cabral-libii-president-du-pcrn-arretons-les-enfantillages-devant-macron\" \/>\n<meta property=\"og:site_name\" content=\"Cameroun\" \/>\n<meta property=\"article:published_time\" content=\"2022-07-23T13:26:55+00:00\" \/>\n<meta property=\"article:modified_time\" content=\"2022-07-23T15:48:21+00:00\" \/>\n<meta property=\"og:image\" content=\"https:\/\/static.africa-press.net\/cameroun\/sites\/57\/2022\/07\/img-62dc1820b4dd3.jpg\" \/>\n\t<meta property=\"og:image:width\" content=\"800\" \/>\n\t<meta property=\"og:image:height\" content=\"612\" \/>\n\t<meta property=\"og:image:type\" content=\"image\/jpeg\" \/>\n<meta name=\"author\" content=\"cfeditorfr\" \/>\n<meta name=\"twitter:card\" content=\"summary_large_image\" \/>\n<meta name=\"twitter:label1\" content=\"\u00c9crit par\" \/>\n\t<meta name=\"twitter:data1\" content=\"cfeditorfr\" \/>\n\t<meta name=\"twitter:label2\" content=\"Dur\u00e9e de lecture estim\u00e9e\" \/>\n\t<meta name=\"twitter:data2\" content=\"3 minutes\" \/>\n<script type=\"application\/ld+json\" class=\"yoast-schema-graph\">{\"@context\":\"https:\/\/schema.org\",\"@graph\":[{\"@type\":\"Article\",\"@id\":\"https:\/\/www.africa-press.net\/cameroun\/politique\/diplomatie-cabral-libii-president-du-pcrn-arretons-les-enfantillages-devant-macron#article\",\"isPartOf\":{\"@id\":\"https:\/\/www.africa-press.net\/cameroun\/politique\/diplomatie-cabral-libii-president-du-pcrn-arretons-les-enfantillages-devant-macron\"},\"author\":{\"name\":\"cfeditorfr\",\"@id\":\"https:\/\/www.africa-press.net\/cameroun\/#\/schema\/person\/2b1cf3cd81a31e3cd26889ca66d677f1\"},\"headline\":\"Diplomatie\/Cabral Libii (pr\u00e9sident du PCRN): \u00abArr\u00eatons les enfantillages devant Macron\u00bb\",\"datePublished\":\"2022-07-23T13:26:55+00:00\",\"dateModified\":\"2022-07-23T15:48:21+00:00\",\"mainEntityOfPage\":{\"@id\":\"https:\/\/www.africa-press.net\/cameroun\/politique\/diplomatie-cabral-libii-president-du-pcrn-arretons-les-enfantillages-devant-macron\"},\"wordCount\":483,\"commentCount\":0,\"image\":{\"@id\":\"https:\/\/www.africa-press.net\/cameroun\/politique\/diplomatie-cabral-libii-president-du-pcrn-arretons-les-enfantillages-devant-macron#primaryimage\"},\"thumbnailUrl\":\"https:\/\/static.africa-press.net\/cameroun\/sites\/57\/2022\/07\/img-62dc1820b4dd3.jpg\",\"keywords\":[\"Africa Press\",\"Africa Press-Cameroun\",\"Cameroun\"],\"articleSection\":[\"homepage-french\",\"Politique\",\"Toutes les actualit\u00e9s\"],\"inLanguage\":\"fr-FR\",\"potentialAction\":[{\"@type\":\"CommentAction\",\"name\":\"Comment\",\"target\":[\"https:\/\/www.africa-press.net\/cameroun\/politique\/diplomatie-cabral-libii-president-du-pcrn-arretons-les-enfantillages-devant-macron#respond\"]}]},{\"@type\":\"WebPage\",\"@id\":\"https:\/\/www.africa-press.net\/cameroun\/politique\/diplomatie-cabral-libii-president-du-pcrn-arretons-les-enfantillages-devant-macron\",\"url\":\"https:\/\/www.africa-press.net\/cameroun\/politique\/diplomatie-cabral-libii-president-du-pcrn-arretons-les-enfantillages-devant-macron\",\"name\":\"Diplomatie\/Cabral Libii (pr\u00e9sident du PCRN): \u00abArr\u00eatons les enfantillages devant Macron\u00bb - Cameroun\",\"isPartOf\":{\"@id\":\"https:\/\/www.africa-press.net\/cameroun\/#website\"},\"primaryImageOfPage\":{\"@id\":\"https:\/\/www.africa-press.net\/cameroun\/politique\/diplomatie-cabral-libii-president-du-pcrn-arretons-les-enfantillages-devant-macron#primaryimage\"},\"image\":{\"@id\":\"https:\/\/www.africa-press.net\/cameroun\/politique\/diplomatie-cabral-libii-president-du-pcrn-arretons-les-enfantillages-devant-macron#primaryimage\"},\"thumbnailUrl\":\"https:\/\/static.africa-press.net\/cameroun\/sites\/57\/2022\/07\/img-62dc1820b4dd3.jpg\",\"datePublished\":\"2022-07-23T13:26:55+00:00\",\"dateModified\":\"2022-07-23T15:48:21+00:00\",\"author\":{\"@id\":\"https:\/\/www.africa-press.net\/cameroun\/#\/schema\/person\/2b1cf3cd81a31e3cd26889ca66d677f1\"},\"description\":\"Apr\u00e8s les obs\u00e8ques de son g\u00e9niteur le week-end, le pr\u00e9sident du Parti Camerounais pour la R\u00e9conciliation Nationale (PCRN ...\",\"breadcrumb\":{\"@id\":\"https:\/\/www.africa-press.net\/cameroun\/politique\/diplomatie-cabral-libii-president-du-pcrn-arretons-les-enfantillages-devant-macron#breadcrumb\"},\"inLanguage\":\"fr-FR\",\"potentialAction\":[{\"@type\":\"ReadAction\",\"target\":[\"https:\/\/www.africa-press.net\/cameroun\/politique\/diplomatie-cabral-libii-president-du-pcrn-arretons-les-enfantillages-devant-macron\"]}]},{\"@type\":\"ImageObject\",\"inLanguage\":\"fr-FR\",\"@id\":\"https:\/\/www.africa-press.net\/cameroun\/politique\/diplomatie-cabral-libii-president-du-pcrn-arretons-les-enfantillages-devant-macron#primaryimage\",\"url\":\"https:\/\/static.africa-press.net\/cameroun\/sites\/57\/2022\/07\/img-62dc1820b4dd3.jpg\",\"contentUrl\":\"https:\/\/static.africa-press.net\/cameroun\/sites\/57\/2022\/07\/img-62dc1820b4dd3.jpg\",\"width\":800,\"height\":612,\"caption\":\"Diplomatie\/Cabral Libii (pr\u00e9sident du PCRN): \u00abArr\u00eatons les enfantillages devant Macron\u00bb\"},{\"@type\":\"BreadcrumbList\",\"@id\":\"https:\/\/www.africa-press.net\/cameroun\/politique\/diplomatie-cabral-libii-president-du-pcrn-arretons-les-enfantillages-devant-macron#breadcrumb\",\"itemListElement\":[{\"@type\":\"ListItem\",\"position\":1,\"name\":\"Accueil\",\"item\":\"https:\/\/www.africa-press.net\/cameroun\/\"},{\"@type\":\"ListItem\",\"position\":2,\"name\":\"Diplomatie\/Cabral Libii (pr\u00e9sident du PCRN): \u00abArr\u00eatons les enfantillages devant Macron\u00bb\"}]},{\"@type\":\"WebSite\",\"@id\":\"https:\/\/www.africa-press.net\/cameroun\/#website\",\"url\":\"https:\/\/www.africa-press.net\/cameroun\/\",\"name\":\"Cameroun\",\"description\":\"Just another Africa News Agency Sites site\",\"potentialAction\":[{\"@type\":\"SearchAction\",\"target\":{\"@type\":\"EntryPoint\",\"urlTemplate\":\"https:\/\/www.africa-press.net\/cameroun\/?s={search_term_string}\"},\"query-input\":{\"@type\":\"PropertyValueSpecification\",\"valueRequired\":true,\"valueName\":\"search_term_string\"}}],\"inLanguage\":\"fr-FR\"},{\"@type\":\"Person\",\"@id\":\"https:\/\/www.africa-press.net\/cameroun\/#\/schema\/person\/2b1cf3cd81a31e3cd26889ca66d677f1\",\"name\":\"cfeditorfr\"}]}<\/script>\n<!-- \/ Yoast SEO Premium plugin. -->","yoast_head_json":{"title":"Diplomatie\/Cabral Libii (pr\u00e9sident du PCRN): \u00abArr\u00eatons les enfantillages devant Macron\u00bb - Cameroun","description":"Apr\u00e8s les obs\u00e8ques de son g\u00e9niteur le week-end, le pr\u00e9sident du Parti Camerounais pour la R\u00e9conciliation Nationale (PCRN ...","robots":{"index":"index","follow":"follow","max-snippet":"max-snippet:-1","max-image-preview":"max-image-preview:large","max-video-preview":"max-video-preview:-1"},"canonical":"https:\/\/www.africa-press.net\/cameroun\/politique\/diplomatie-cabral-libii-president-du-pcrn-arretons-les-enfantillages-devant-macron","og_locale":"fr_FR","og_type":"article","og_title":"Diplomatie\/Cabral Libii (pr\u00e9sident du PCRN): \u00abArr\u00eatons les enfantillages devant Macron\u00bb","og_description":"Apr\u00e8s les obs\u00e8ques de son g\u00e9niteur le week-end, le pr\u00e9sident du Parti Camerounais pour la R\u00e9conciliation Nationale (PCRN ...","og_url":"https:\/\/www.africa-press.net\/cameroun\/politique\/diplomatie-cabral-libii-president-du-pcrn-arretons-les-enfantillages-devant-macron","og_site_name":"Cameroun","article_published_time":"2022-07-23T13:26:55+00:00","article_modified_time":"2022-07-23T15:48:21+00:00","og_image":[{"width":800,"height":612,"url":"https:\/\/static.africa-press.net\/cameroun\/sites\/57\/2022\/07\/img-62dc1820b4dd3.jpg","type":"image\/jpeg"}],"author":"cfeditorfr","twitter_card":"summary_large_image","twitter_misc":{"\u00c9crit par":"cfeditorfr","Dur\u00e9e de lecture estim\u00e9e":"3 minutes"},"schema":{"@context":"https:\/\/schema.org","@graph":[{"@type":"Article","@id":"https:\/\/www.africa-press.net\/cameroun\/politique\/diplomatie-cabral-libii-president-du-pcrn-arretons-les-enfantillages-devant-macron#article","isPartOf":{"@id":"https:\/\/www.africa-press.net\/cameroun\/politique\/diplomatie-cabral-libii-president-du-pcrn-arretons-les-enfantillages-devant-macron"},"author":{"name":"cfeditorfr","@id":"https:\/\/www.africa-press.net\/cameroun\/#\/schema\/person\/2b1cf3cd81a31e3cd26889ca66d677f1"},"headline":"Diplomatie\/Cabral Libii (pr\u00e9sident du PCRN): \u00abArr\u00eatons les enfantillages devant Macron\u00bb","datePublished":"2022-07-23T13:26:55+00:00","dateModified":"2022-07-23T15:48:21+00:00","mainEntityOfPage":{"@id":"https:\/\/www.africa-press.net\/cameroun\/politique\/diplomatie-cabral-libii-president-du-pcrn-arretons-les-enfantillages-devant-macron"},"wordCount":483,"commentCount":0,"image":{"@id":"https:\/\/www.africa-press.net\/cameroun\/politique\/diplomatie-cabral-libii-president-du-pcrn-arretons-les-enfantillages-devant-macron#primaryimage"},"thumbnailUrl":"https:\/\/static.africa-press.net\/cameroun\/sites\/57\/2022\/07\/img-62dc1820b4dd3.jpg","keywords":["Africa Press","Africa Press-Cameroun","Cameroun"],"articleSection":["homepage-french","Politique","Toutes les actualit\u00e9s"],"inLanguage":"fr-FR","potentialAction":[{"@type":"CommentAction","name":"Comment","target":["https:\/\/www.africa-press.net\/cameroun\/politique\/diplomatie-cabral-libii-president-du-pcrn-arretons-les-enfantillages-devant-macron#respond"]}]},{"@type":"WebPage","@id":"https:\/\/www.africa-press.net\/cameroun\/politique\/diplomatie-cabral-libii-president-du-pcrn-arretons-les-enfantillages-devant-macron","url":"https:\/\/www.africa-press.net\/cameroun\/politique\/diplomatie-cabral-libii-president-du-pcrn-arretons-les-enfantillages-devant-macron","name":"Diplomatie\/Cabral Libii (pr\u00e9sident du PCRN): \u00abArr\u00eatons les enfantillages devant Macron\u00bb - Cameroun","isPartOf":{"@id":"https:\/\/www.africa-press.net\/cameroun\/#website"},"primaryImageOfPage":{"@id":"https:\/\/www.africa-press.net\/cameroun\/politique\/diplomatie-cabral-libii-president-du-pcrn-arretons-les-enfantillages-devant-macron#primaryimage"},"image":{"@id":"https:\/\/www.africa-press.net\/cameroun\/politique\/diplomatie-cabral-libii-president-du-pcrn-arretons-les-enfantillages-devant-macron#primaryimage"},"thumbnailUrl":"https:\/\/static.africa-press.net\/cameroun\/sites\/57\/2022\/07\/img-62dc1820b4dd3.jpg","datePublished":"2022-07-23T13:26:55+00:00","dateModified":"2022-07-23T15:48:21+00:00","author":{"@id":"https:\/\/www.africa-press.net\/cameroun\/#\/schema\/person\/2b1cf3cd81a31e3cd26889ca66d677f1"},"description":"Apr\u00e8s les obs\u00e8ques de son g\u00e9niteur le week-end, le pr\u00e9sident du Parti Camerounais pour la R\u00e9conciliation Nationale (PCRN ...","breadcrumb":{"@id":"https:\/\/www.africa-press.net\/cameroun\/politique\/diplomatie-cabral-libii-president-du-pcrn-arretons-les-enfantillages-devant-macron#breadcrumb"},"inLanguage":"fr-FR","potentialAction":[{"@type":"ReadAction","target":["https:\/\/www.africa-press.net\/cameroun\/politique\/diplomatie-cabral-libii-president-du-pcrn-arretons-les-enfantillages-devant-macron"]}]},{"@type":"ImageObject","inLanguage":"fr-FR","@id":"https:\/\/www.africa-press.net\/cameroun\/politique\/diplomatie-cabral-libii-president-du-pcrn-arretons-les-enfantillages-devant-macron#primaryimage","url":"https:\/\/static.africa-press.net\/cameroun\/sites\/57\/2022\/07\/img-62dc1820b4dd3.jpg","contentUrl":"https:\/\/static.africa-press.net\/cameroun\/sites\/57\/2022\/07\/img-62dc1820b4dd3.jpg","width":800,"height":612,"caption":"Diplomatie\/Cabral Libii (pr\u00e9sident du PCRN): \u00abArr\u00eatons les enfantillages devant Macron\u00bb"},{"@type":"BreadcrumbList","@id":"https:\/\/www.africa-press.net\/cameroun\/politique\/diplomatie-cabral-libii-president-du-pcrn-arretons-les-enfantillages-devant-macron#breadcrumb","itemListElement":[{"@type":"ListItem","position":1,"name":"Accueil","item":"https:\/\/www.africa-press.net\/cameroun\/"},{"@type":"ListItem","position":2,"name":"Diplomatie\/Cabral Libii (pr\u00e9sident du PCRN): \u00abArr\u00eatons les enfantillages devant Macron\u00bb"}]},{"@type":"WebSite","@id":"https:\/\/www.africa-press.net\/cameroun\/#website","url":"https:\/\/www.africa-press.net\/cameroun\/","name":"Cameroun","description":"Just another Africa News Agency Sites site","potentialAction":[{"@type":"SearchAction","target":{"@type":"EntryPoint","urlTemplate":"https:\/\/www.africa-press.net\/cameroun\/?s={search_term_string}"},"query-input":{"@type":"PropertyValueSpecification","valueRequired":true,"valueName":"search_term_string"}}],"inLanguage":"fr-FR"},{"@type":"Person","@id":"https:\/\/www.africa-press.net\/cameroun\/#\/schema\/person\/2b1cf3cd81a31e3cd26889ca66d677f1","name":"cfeditorfr"}]}},"_links":{"self":[{"href":"https:\/\/www.africa-press.net\/cameroun\/wp-json\/wp\/v2\/posts\/24080","targetHints":{"allow":["GET"]}}],"collection":[{"href":"https:\/\/www.africa-press.net\/cameroun\/wp-json\/wp\/v2\/posts"}],"about":[{"href":"https:\/\/www.africa-press.net\/cameroun\/wp-json\/wp\/v2\/types\/post"}],"author":[{"embeddable":true,"href":"https:\/\/www.africa-press.net\/cameroun\/wp-json\/wp\/v2\/users\/82"}],"replies":[{"embeddable":true,"href":"https:\/\/www.africa-press.net\/cameroun\/wp-json\/wp\/v2\/comments?post=24080"}],"version-history":[{"count":0,"href":"https:\/\/www.africa-press.net\/cameroun\/wp-json\/wp\/v2\/posts\/24080\/revisions"}],"wp:featuredmedia":[{"embeddable":true,"href":"https:\/\/www.africa-press.net\/cameroun\/wp-json\/wp\/v2\/media\/24079"}],"wp:attachment":[{"href":"https:\/\/www.africa-press.net\/cameroun\/wp-json\/wp\/v2\/media?parent=24080"}],"wp:term":[{"taxonomy":"category","embeddable":true,"href":"https:\/\/www.africa-press.net\/cameroun\/wp-json\/wp\/v2\/categories?post=24080"},{"taxonomy":"post_tag","embeddable":true,"href":"https:\/\/www.africa-press.net\/cameroun\/wp-json\/wp\/v2\/tags?post=24080"}],"curies":[{"name":"wp","href":"https:\/\/api.w.org\/{rel}","templated":true}]}}