{"id":24083,"date":"2022-07-23T13:33:39","date_gmt":"2022-07-23T13:33:39","guid":{"rendered":"https:\/\/www.africa-press.net\/cameroun\/politique\/visite-demmanuel-macron-calixthe-beyala-accuse-achille-mbembe-de-trahison"},"modified":"2022-07-23T15:49:06","modified_gmt":"2022-07-23T15:49:06","slug":"visite-demmanuel-macron-calixthe-beyala-accuse-achille-mbembe-de-trahison","status":"publish","type":"post","link":"https:\/\/www.africa-press.net\/cameroun\/dossiers\/visite-demmanuel-macron-calixthe-beyala-accuse-achille-mbembe-de-trahison","title":{"rendered":"Visite d\u2019Emmanuel Macron: Calixthe Beyala accuse Achille Mbembe de trahison"},"content":{"rendered":"<p><span style=\"color: #ff6600\"><strong>Africa-Press &#8211; Cameroun. <\/strong><\/span>On le sait depuis un bon moment d\u00e9j\u00e0, Calixthe Beyala n\u2019appr\u00e9cie pas la collaboration entre le pr\u00e9sident fran\u00e7ais Macron et son compatriote Achille Mbembe. L\u2019\u00e9crivaine a vu d\u2019un tr\u00e8s mauvais \u0153il son implication dans le sommet franco-africain de l\u2019an pass\u00e9 \u00e0 Montpellier. Aujourd\u2019hui, l\u2019annonce de la pr\u00e9sence de l\u2019universitaire dans les bagages d\u2019Emmanuel Macron \u00e0 la faveur de sa visite dans son pays met litt\u00e9ralement l\u2019ic\u00f4ne de la litt\u00e9rature francophone hors d\u2019elle.<\/p>\n<p><b>\u00ab Macron arrive au Cameroun avec des artistes fran\u00e7africains, des journalistes fran\u00e7africains et dans son sous-sol l\u2019atout majeur de la Fran\u00e7afrique : Achille Mbembe. Achille Mbembe le fran\u00e7africain est celui qui a aid\u00e9 Macron a organis\u00e9 le cirque de Montpellier o\u00f9 ils ont tent\u00e9 de corrompre la jeunesse africaine. Il est aussi celui qui essaie de convaincre les occidentaux de mener une guerre r\u00e9elle contre le Cameroun et d\u2019autres pays, pour chasser dit-il, les dictateurs. Nous savons ce que ces interventions ont fait de la Libye ou de l\u2019Irak. Non, merci\u2026 Nous sommes assez matures pour trouver d\u2019autres solutions \u00bb<\/b><\/p>\n<p>, affirmela romanci\u00e8re franco-camerounaise dans une publication post\u00e9e ce 23 Juillet 2022 sur son compte Facebook.<\/p>\n<p>Achille Mbembe est accus\u00e9 d\u2019\u00eatre \u00ab le chantre de la recolonisation du continent \u00bb. Beyala pense qu\u2019il est de ceux qui aid\u00e8rent dans le pass\u00e9, les Occidentaux \u00e0 \u00ab esclavagiser et coloniser l\u2019Afrique \u00bb. \u00ab Ce fut fait avec la collaboration de ses propres enfants, une infime minorit\u00e9 certes, mais ce fut r\u00e9el \u00bb. La romanci\u00e8re ne loupe pas les responsables du RDPC qu\u2019elle \u00e9gratigne au passage. \u00ab Je trouve inadmissible qu\u2019\u00e0 l\u2019heure o\u00f9 le peuple camerounais a faim, le RDPC puisse d\u00e9bloquer 10 millions de nos malheureux francs pour aller accueillir un chef d\u2019\u00e9tat ! La France a-t-elle d\u00e9j\u00e0 mis des hommes le long du chemin pour accueillir un dirigeant africain ? Nous donnons nous-m\u00eames aux autres les occasions de nous m\u00e9priser\u2026 Un bouquet de fleurs et quelques motards suffisent ! \u00bb, reproche-telle.<\/p>\n<p><b>Voici dans l\u2019int\u00e9gralit\u00e9 son texte au vitriol<\/b><\/p>\n<p>France-Afrique, l\u2019impossible reconqu\u00eate<\/p>\n<p>Macron arrive au Cameroun avec des artistes fran\u00e7africains, des journalistes fran\u00e7africains et dans son sous-sol l\u2019atout majeur de la Fran\u00e7afrique : Achille Mbembe.<\/p>\n<p>Achille Mbembe le fran\u00e7africain est celui qui a aid\u00e9 Macron a organis\u00e9 le cirque de Montpellier o\u00f9 ils ont tent\u00e9 de corrompre la jeunesse africaine. Il est aussi celui qui essaie de convaincre les occidentaux de mener une guerre r\u00e9elle contre le Cameroun et d\u2019autres pays, pour chasser dit-il, les dictateurs. Nous savons ce que ces interventions ont fait de la Libye ou de l\u2019Irak. Non, merci\u2026 Nous sommes assez matures pour trouver d\u2019autres solutions<\/p>\n<p>La France tente de p\u00e9n\u00e9trer nos soci\u00e9t\u00e9s en utilisant des visages rassurants mais non moins inqui\u00e9tants pour le devenir du continent. Ainsi, nous sommes tous invit\u00e9s \u00e0 aller le rencontrer au Club Noah, financ\u00e9 par qui ? Ceci para\u00eet bien sympathique, s\u2019il ne cachait les objectifs d\u2019une pr\u00e9sence pas seulement \u00e9conomique \u2013 ce dont je m\u2019en fiche, pourquoi plus la Chine que la France ? \u2013 mais militaire.<\/p>\n<p>La France veut nous p\u00e9n\u00e9trer par la soci\u00e9t\u00e9 civile, et c\u2019est impossible car en d\u00e9pit de la corruption, les fran\u00e7africains sont moins nombreux que les panafricains. Nul ne saurait arr\u00eater la marche d\u2019un monde diversifi\u00e9 qui induit la pluralit\u00e9 des partenaires pour l\u2019Afrique.<\/p>\n<p>En observant de plus pr\u00e8s le comportement d\u2019Achille Mbembe, le chantre de la recolonisation du continent, on comprend mieux comment les Occidentaux ont fait pour esclavagiser et coloniser l\u2019Afrique. Ce fut fait avec la collaboration de ses propres enfants, une infime minorit\u00e9 certes, mais ce fut r\u00e9el.<\/p>\n<p>Quant aux autres camerounais accompagnant de Macron, il ne s\u2019agit l\u00e0 que de quelques affam\u00e9s, de quelques assoiff\u00e9s d\u2019une gloire qui leur \u00e9chappe dans l\u2019exercice de leur m\u00e9tier.<\/p>\n<p>Je trouve inadmissible qu\u2019\u00e0 l\u2019heure o\u00f9 le peuple camerounais a faim, le RDPC puisse d\u00e9bloquer 10 millions de nos malheureux francs pour aller accueillir un chef d\u2019\u00e9tat ! La France a-t-elle d\u00e9j\u00e0 mis des hommes le long du chemin pour accueillir un dirigeant africain ? Nous donnons nous-m\u00eames aux autres les occasions de nous m\u00e9priser\u2026 Un bouquet de fleurs et quelques motards suffisent !<\/p>\n<p><b>Calixthe Beyala<\/b><\/p>\n<p><strong>Pour plus d&rsquo;informations et d&rsquo;analyses sur la <a href=\"https:\/\/www.africa-press.net\/cameroun\">Cameroun<\/a>, suivez <a href=\"https:\/\/www.africa-press.net\/\">Africa-Press<\/a><\/strong><\/p>\n","protected":false},"excerpt":{"rendered":"<p>Africa-Press &#8211; Cameroun. On le sait depuis un bon moment d\u00e9j\u00e0, Calixthe Beyala n\u2019appr\u00e9cie pas la collaboration entre le pr\u00e9sident fran\u00e7ais Macron et son compatriote Achille Mbembe. L\u2019\u00e9crivaine a vu d\u2019un tr\u00e8s mauvais \u0153il son implication dans le sommet franco-africain de l\u2019an pass\u00e9 \u00e0 Montpellier. Aujourd\u2019hui, l\u2019annonce de la pr\u00e9sence de l\u2019universitaire dans les bagages [&hellip;]<\/p>\n","protected":false},"author":82,"featured_media":24082,"comment_status":"open","ping_status":"closed","sticky":false,"template":"","format":"standard","meta":{"footnotes":""},"categories":[7,11,10],"tags":[36,50,49],"class_list":["post-24083","post","type-post","status-publish","format-standard","has-post-thumbnail","hentry","category-dossiers","category-homepage-french","category-toutes-les-actualites","tag-africa-press","tag-africa-press-cameroun","tag-cameroun"],"yoast_head":"<!-- This site is optimized with the Yoast SEO Premium plugin v26.1 (Yoast SEO v27.0) - https:\/\/yoast.com\/product\/yoast-seo-premium-wordpress\/ -->\n<title>Visite d\u2019Emmanuel Macron: Calixthe Beyala accuse Achille Mbembe de trahison - Cameroun<\/title>\n<meta name=\"description\" content=\"On le sait depuis un bon moment d\u00e9j\u00e0, Calixthe Beyala n\u2019appr\u00e9cie pas la collaboration entre le pr\u00e9sident fran\u00e7ais Macron ...\" \/>\n<meta name=\"robots\" content=\"index, follow, max-snippet:-1, max-image-preview:large, max-video-preview:-1\" \/>\n<link rel=\"canonical\" href=\"https:\/\/www.africa-press.net\/cameroun\/dossiers\/visite-demmanuel-macron-calixthe-beyala-accuse-achille-mbembe-de-trahison\" \/>\n<meta property=\"og:locale\" content=\"fr_FR\" \/>\n<meta property=\"og:type\" content=\"article\" \/>\n<meta property=\"og:title\" content=\"Visite d\u2019Emmanuel Macron: Calixthe Beyala accuse Achille Mbembe de trahison\" \/>\n<meta property=\"og:description\" content=\"On le sait depuis un bon moment d\u00e9j\u00e0, Calixthe Beyala n\u2019appr\u00e9cie pas la collaboration entre le pr\u00e9sident fran\u00e7ais Macron ...\" \/>\n<meta property=\"og:url\" content=\"https:\/\/www.africa-press.net\/cameroun\/dossiers\/visite-demmanuel-macron-calixthe-beyala-accuse-achille-mbembe-de-trahison\" \/>\n<meta property=\"og:site_name\" content=\"Cameroun\" \/>\n<meta property=\"article:published_time\" content=\"2022-07-23T13:33:39+00:00\" \/>\n<meta property=\"article:modified_time\" content=\"2022-07-23T15:49:06+00:00\" \/>\n<meta property=\"og:image\" content=\"https:\/\/static.africa-press.net\/cameroun\/sites\/57\/2022\/07\/img-62dc184f50095.jpg\" \/>\n\t<meta property=\"og:image:width\" content=\"800\" \/>\n\t<meta property=\"og:image:height\" content=\"600\" \/>\n\t<meta property=\"og:image:type\" content=\"image\/jpeg\" \/>\n<meta name=\"author\" content=\"cfeditorfr\" \/>\n<meta name=\"twitter:card\" content=\"summary_large_image\" \/>\n<meta name=\"twitter:label1\" content=\"\u00c9crit par\" \/>\n\t<meta name=\"twitter:data1\" content=\"cfeditorfr\" \/>\n\t<meta name=\"twitter:label2\" content=\"Dur\u00e9e de lecture estim\u00e9e\" \/>\n\t<meta name=\"twitter:data2\" content=\"4 minutes\" \/>\n<script type=\"application\/ld+json\" class=\"yoast-schema-graph\">{\"@context\":\"https:\/\/schema.org\",\"@graph\":[{\"@type\":\"Article\",\"@id\":\"https:\/\/www.africa-press.net\/cameroun\/dossiers\/visite-demmanuel-macron-calixthe-beyala-accuse-achille-mbembe-de-trahison#article\",\"isPartOf\":{\"@id\":\"https:\/\/www.africa-press.net\/cameroun\/dossiers\/visite-demmanuel-macron-calixthe-beyala-accuse-achille-mbembe-de-trahison\"},\"author\":{\"name\":\"cfeditorfr\",\"@id\":\"https:\/\/www.africa-press.net\/cameroun\/#\/schema\/person\/2b1cf3cd81a31e3cd26889ca66d677f1\"},\"headline\":\"Visite d\u2019Emmanuel Macron: Calixthe Beyala accuse Achille Mbembe de trahison\",\"datePublished\":\"2022-07-23T13:33:39+00:00\",\"dateModified\":\"2022-07-23T15:49:06+00:00\",\"mainEntityOfPage\":{\"@id\":\"https:\/\/www.africa-press.net\/cameroun\/dossiers\/visite-demmanuel-macron-calixthe-beyala-accuse-achille-mbembe-de-trahison\"},\"wordCount\":769,\"commentCount\":0,\"image\":{\"@id\":\"https:\/\/www.africa-press.net\/cameroun\/dossiers\/visite-demmanuel-macron-calixthe-beyala-accuse-achille-mbembe-de-trahison#primaryimage\"},\"thumbnailUrl\":\"https:\/\/static.africa-press.net\/cameroun\/sites\/57\/2022\/07\/img-62dc184f50095.jpg\",\"keywords\":[\"Africa Press\",\"Africa Press-Cameroun\",\"Cameroun\"],\"articleSection\":[\"Dossiers\",\"homepage-french\",\"Toutes les actualit\u00e9s\"],\"inLanguage\":\"fr-FR\",\"potentialAction\":[{\"@type\":\"CommentAction\",\"name\":\"Comment\",\"target\":[\"https:\/\/www.africa-press.net\/cameroun\/dossiers\/visite-demmanuel-macron-calixthe-beyala-accuse-achille-mbembe-de-trahison#respond\"]}]},{\"@type\":\"WebPage\",\"@id\":\"https:\/\/www.africa-press.net\/cameroun\/dossiers\/visite-demmanuel-macron-calixthe-beyala-accuse-achille-mbembe-de-trahison\",\"url\":\"https:\/\/www.africa-press.net\/cameroun\/dossiers\/visite-demmanuel-macron-calixthe-beyala-accuse-achille-mbembe-de-trahison\",\"name\":\"Visite d\u2019Emmanuel Macron: Calixthe Beyala accuse Achille Mbembe de trahison - Cameroun\",\"isPartOf\":{\"@id\":\"https:\/\/www.africa-press.net\/cameroun\/#website\"},\"primaryImageOfPage\":{\"@id\":\"https:\/\/www.africa-press.net\/cameroun\/dossiers\/visite-demmanuel-macron-calixthe-beyala-accuse-achille-mbembe-de-trahison#primaryimage\"},\"image\":{\"@id\":\"https:\/\/www.africa-press.net\/cameroun\/dossiers\/visite-demmanuel-macron-calixthe-beyala-accuse-achille-mbembe-de-trahison#primaryimage\"},\"thumbnailUrl\":\"https:\/\/static.africa-press.net\/cameroun\/sites\/57\/2022\/07\/img-62dc184f50095.jpg\",\"datePublished\":\"2022-07-23T13:33:39+00:00\",\"dateModified\":\"2022-07-23T15:49:06+00:00\",\"author\":{\"@id\":\"https:\/\/www.africa-press.net\/cameroun\/#\/schema\/person\/2b1cf3cd81a31e3cd26889ca66d677f1\"},\"description\":\"On le sait depuis un bon moment d\u00e9j\u00e0, Calixthe Beyala n\u2019appr\u00e9cie pas la collaboration entre le pr\u00e9sident fran\u00e7ais Macron ...\",\"breadcrumb\":{\"@id\":\"https:\/\/www.africa-press.net\/cameroun\/dossiers\/visite-demmanuel-macron-calixthe-beyala-accuse-achille-mbembe-de-trahison#breadcrumb\"},\"inLanguage\":\"fr-FR\",\"potentialAction\":[{\"@type\":\"ReadAction\",\"target\":[\"https:\/\/www.africa-press.net\/cameroun\/dossiers\/visite-demmanuel-macron-calixthe-beyala-accuse-achille-mbembe-de-trahison\"]}]},{\"@type\":\"ImageObject\",\"inLanguage\":\"fr-FR\",\"@id\":\"https:\/\/www.africa-press.net\/cameroun\/dossiers\/visite-demmanuel-macron-calixthe-beyala-accuse-achille-mbembe-de-trahison#primaryimage\",\"url\":\"https:\/\/static.africa-press.net\/cameroun\/sites\/57\/2022\/07\/img-62dc184f50095.jpg\",\"contentUrl\":\"https:\/\/static.africa-press.net\/cameroun\/sites\/57\/2022\/07\/img-62dc184f50095.jpg\",\"width\":800,\"height\":600,\"caption\":\"Visite d\u2019Emmanuel Macron: Calixthe Beyala accuse Achille Mbembe de trahison\"},{\"@type\":\"BreadcrumbList\",\"@id\":\"https:\/\/www.africa-press.net\/cameroun\/dossiers\/visite-demmanuel-macron-calixthe-beyala-accuse-achille-mbembe-de-trahison#breadcrumb\",\"itemListElement\":[{\"@type\":\"ListItem\",\"position\":1,\"name\":\"Accueil\",\"item\":\"https:\/\/www.africa-press.net\/cameroun\/\"},{\"@type\":\"ListItem\",\"position\":2,\"name\":\"Visite d\u2019Emmanuel Macron: Calixthe Beyala accuse Achille Mbembe de trahison\"}]},{\"@type\":\"WebSite\",\"@id\":\"https:\/\/www.africa-press.net\/cameroun\/#website\",\"url\":\"https:\/\/www.africa-press.net\/cameroun\/\",\"name\":\"Cameroun\",\"description\":\"Just another Africa News Agency Sites site\",\"potentialAction\":[{\"@type\":\"SearchAction\",\"target\":{\"@type\":\"EntryPoint\",\"urlTemplate\":\"https:\/\/www.africa-press.net\/cameroun\/?s={search_term_string}\"},\"query-input\":{\"@type\":\"PropertyValueSpecification\",\"valueRequired\":true,\"valueName\":\"search_term_string\"}}],\"inLanguage\":\"fr-FR\"},{\"@type\":\"Person\",\"@id\":\"https:\/\/www.africa-press.net\/cameroun\/#\/schema\/person\/2b1cf3cd81a31e3cd26889ca66d677f1\",\"name\":\"cfeditorfr\"}]}<\/script>\n<!-- \/ Yoast SEO Premium plugin. -->","yoast_head_json":{"title":"Visite d\u2019Emmanuel Macron: Calixthe Beyala accuse Achille Mbembe de trahison - Cameroun","description":"On le sait depuis un bon moment d\u00e9j\u00e0, Calixthe Beyala n\u2019appr\u00e9cie pas la collaboration entre le pr\u00e9sident fran\u00e7ais Macron ...","robots":{"index":"index","follow":"follow","max-snippet":"max-snippet:-1","max-image-preview":"max-image-preview:large","max-video-preview":"max-video-preview:-1"},"canonical":"https:\/\/www.africa-press.net\/cameroun\/dossiers\/visite-demmanuel-macron-calixthe-beyala-accuse-achille-mbembe-de-trahison","og_locale":"fr_FR","og_type":"article","og_title":"Visite d\u2019Emmanuel Macron: Calixthe Beyala accuse Achille Mbembe de trahison","og_description":"On le sait depuis un bon moment d\u00e9j\u00e0, Calixthe Beyala n\u2019appr\u00e9cie pas la collaboration entre le pr\u00e9sident fran\u00e7ais Macron ...","og_url":"https:\/\/www.africa-press.net\/cameroun\/dossiers\/visite-demmanuel-macron-calixthe-beyala-accuse-achille-mbembe-de-trahison","og_site_name":"Cameroun","article_published_time":"2022-07-23T13:33:39+00:00","article_modified_time":"2022-07-23T15:49:06+00:00","og_image":[{"width":800,"height":600,"url":"https:\/\/static.africa-press.net\/cameroun\/sites\/57\/2022\/07\/img-62dc184f50095.jpg","type":"image\/jpeg"}],"author":"cfeditorfr","twitter_card":"summary_large_image","twitter_misc":{"\u00c9crit par":"cfeditorfr","Dur\u00e9e de lecture estim\u00e9e":"4 minutes"},"schema":{"@context":"https:\/\/schema.org","@graph":[{"@type":"Article","@id":"https:\/\/www.africa-press.net\/cameroun\/dossiers\/visite-demmanuel-macron-calixthe-beyala-accuse-achille-mbembe-de-trahison#article","isPartOf":{"@id":"https:\/\/www.africa-press.net\/cameroun\/dossiers\/visite-demmanuel-macron-calixthe-beyala-accuse-achille-mbembe-de-trahison"},"author":{"name":"cfeditorfr","@id":"https:\/\/www.africa-press.net\/cameroun\/#\/schema\/person\/2b1cf3cd81a31e3cd26889ca66d677f1"},"headline":"Visite d\u2019Emmanuel Macron: Calixthe Beyala accuse Achille Mbembe de trahison","datePublished":"2022-07-23T13:33:39+00:00","dateModified":"2022-07-23T15:49:06+00:00","mainEntityOfPage":{"@id":"https:\/\/www.africa-press.net\/cameroun\/dossiers\/visite-demmanuel-macron-calixthe-beyala-accuse-achille-mbembe-de-trahison"},"wordCount":769,"commentCount":0,"image":{"@id":"https:\/\/www.africa-press.net\/cameroun\/dossiers\/visite-demmanuel-macron-calixthe-beyala-accuse-achille-mbembe-de-trahison#primaryimage"},"thumbnailUrl":"https:\/\/static.africa-press.net\/cameroun\/sites\/57\/2022\/07\/img-62dc184f50095.jpg","keywords":["Africa Press","Africa Press-Cameroun","Cameroun"],"articleSection":["Dossiers","homepage-french","Toutes les actualit\u00e9s"],"inLanguage":"fr-FR","potentialAction":[{"@type":"CommentAction","name":"Comment","target":["https:\/\/www.africa-press.net\/cameroun\/dossiers\/visite-demmanuel-macron-calixthe-beyala-accuse-achille-mbembe-de-trahison#respond"]}]},{"@type":"WebPage","@id":"https:\/\/www.africa-press.net\/cameroun\/dossiers\/visite-demmanuel-macron-calixthe-beyala-accuse-achille-mbembe-de-trahison","url":"https:\/\/www.africa-press.net\/cameroun\/dossiers\/visite-demmanuel-macron-calixthe-beyala-accuse-achille-mbembe-de-trahison","name":"Visite d\u2019Emmanuel Macron: Calixthe Beyala accuse Achille Mbembe de trahison - Cameroun","isPartOf":{"@id":"https:\/\/www.africa-press.net\/cameroun\/#website"},"primaryImageOfPage":{"@id":"https:\/\/www.africa-press.net\/cameroun\/dossiers\/visite-demmanuel-macron-calixthe-beyala-accuse-achille-mbembe-de-trahison#primaryimage"},"image":{"@id":"https:\/\/www.africa-press.net\/cameroun\/dossiers\/visite-demmanuel-macron-calixthe-beyala-accuse-achille-mbembe-de-trahison#primaryimage"},"thumbnailUrl":"https:\/\/static.africa-press.net\/cameroun\/sites\/57\/2022\/07\/img-62dc184f50095.jpg","datePublished":"2022-07-23T13:33:39+00:00","dateModified":"2022-07-23T15:49:06+00:00","author":{"@id":"https:\/\/www.africa-press.net\/cameroun\/#\/schema\/person\/2b1cf3cd81a31e3cd26889ca66d677f1"},"description":"On le sait depuis un bon moment d\u00e9j\u00e0, Calixthe Beyala n\u2019appr\u00e9cie pas la collaboration entre le pr\u00e9sident fran\u00e7ais Macron ...","breadcrumb":{"@id":"https:\/\/www.africa-press.net\/cameroun\/dossiers\/visite-demmanuel-macron-calixthe-beyala-accuse-achille-mbembe-de-trahison#breadcrumb"},"inLanguage":"fr-FR","potentialAction":[{"@type":"ReadAction","target":["https:\/\/www.africa-press.net\/cameroun\/dossiers\/visite-demmanuel-macron-calixthe-beyala-accuse-achille-mbembe-de-trahison"]}]},{"@type":"ImageObject","inLanguage":"fr-FR","@id":"https:\/\/www.africa-press.net\/cameroun\/dossiers\/visite-demmanuel-macron-calixthe-beyala-accuse-achille-mbembe-de-trahison#primaryimage","url":"https:\/\/static.africa-press.net\/cameroun\/sites\/57\/2022\/07\/img-62dc184f50095.jpg","contentUrl":"https:\/\/static.africa-press.net\/cameroun\/sites\/57\/2022\/07\/img-62dc184f50095.jpg","width":800,"height":600,"caption":"Visite d\u2019Emmanuel Macron: Calixthe Beyala accuse Achille Mbembe de trahison"},{"@type":"BreadcrumbList","@id":"https:\/\/www.africa-press.net\/cameroun\/dossiers\/visite-demmanuel-macron-calixthe-beyala-accuse-achille-mbembe-de-trahison#breadcrumb","itemListElement":[{"@type":"ListItem","position":1,"name":"Accueil","item":"https:\/\/www.africa-press.net\/cameroun\/"},{"@type":"ListItem","position":2,"name":"Visite d\u2019Emmanuel Macron: Calixthe Beyala accuse Achille Mbembe de trahison"}]},{"@type":"WebSite","@id":"https:\/\/www.africa-press.net\/cameroun\/#website","url":"https:\/\/www.africa-press.net\/cameroun\/","name":"Cameroun","description":"Just another Africa News Agency Sites site","potentialAction":[{"@type":"SearchAction","target":{"@type":"EntryPoint","urlTemplate":"https:\/\/www.africa-press.net\/cameroun\/?s={search_term_string}"},"query-input":{"@type":"PropertyValueSpecification","valueRequired":true,"valueName":"search_term_string"}}],"inLanguage":"fr-FR"},{"@type":"Person","@id":"https:\/\/www.africa-press.net\/cameroun\/#\/schema\/person\/2b1cf3cd81a31e3cd26889ca66d677f1","name":"cfeditorfr"}]}},"_links":{"self":[{"href":"https:\/\/www.africa-press.net\/cameroun\/wp-json\/wp\/v2\/posts\/24083","targetHints":{"allow":["GET"]}}],"collection":[{"href":"https:\/\/www.africa-press.net\/cameroun\/wp-json\/wp\/v2\/posts"}],"about":[{"href":"https:\/\/www.africa-press.net\/cameroun\/wp-json\/wp\/v2\/types\/post"}],"author":[{"embeddable":true,"href":"https:\/\/www.africa-press.net\/cameroun\/wp-json\/wp\/v2\/users\/82"}],"replies":[{"embeddable":true,"href":"https:\/\/www.africa-press.net\/cameroun\/wp-json\/wp\/v2\/comments?post=24083"}],"version-history":[{"count":0,"href":"https:\/\/www.africa-press.net\/cameroun\/wp-json\/wp\/v2\/posts\/24083\/revisions"}],"wp:featuredmedia":[{"embeddable":true,"href":"https:\/\/www.africa-press.net\/cameroun\/wp-json\/wp\/v2\/media\/24082"}],"wp:attachment":[{"href":"https:\/\/www.africa-press.net\/cameroun\/wp-json\/wp\/v2\/media?parent=24083"}],"wp:term":[{"taxonomy":"category","embeddable":true,"href":"https:\/\/www.africa-press.net\/cameroun\/wp-json\/wp\/v2\/categories?post=24083"},{"taxonomy":"post_tag","embeddable":true,"href":"https:\/\/www.africa-press.net\/cameroun\/wp-json\/wp\/v2\/tags?post=24083"}],"curies":[{"name":"wp","href":"https:\/\/api.w.org\/{rel}","templated":true}]}}